{"id":11861,"date":"2025-09-14T10:24:39","date_gmt":"2025-09-14T08:24:39","guid":{"rendered":"https:\/\/veritasinfo.org\/?p=11861"},"modified":"2025-09-14T10:24:39","modified_gmt":"2025-09-14T08:24:39","slug":"komandant-kfor-a-barduani-kosovo-mirno-ali-tenzije-mogu-porasti-iznenada","status":"publish","type":"post","link":"https:\/\/veritasinfo.org\/?p=11861&lang=sr","title":{"rendered":"Komandant KFOR-a Barduani: Kosovo mirno, ali tenzije mogu porasti iznenada"},"content":{"rendered":"<p><strong>Gra\u0107anica, 14 septembar 2025<\/strong><\/p>\n<p>\u201eBezbednosna situacija \u0161irom Kosova je mirna, ali ostaje podlo\u017ena iznenadnim porastima tenzija usled vi\u0161e uzroka\u201c, rekao je intervjuu za mediju na srpskom jeziku &#8220;Radio Kim&#8221; iz Gracani\u0107e, odlaze\u0107i 29. po redu komandant KFOR-a general major Enriko Barduani. On je dodao da za problem Kosova ne postoji vojno, ve\u0107 samo politi\u010dko re\u0161enje i kazao da nema neoborivih dokaza da na severu Kosova deluje Civilna za\u0161tita ili neka druga sli\u010dna grupa.<\/p>\n<p>Vojska Srbije i nadzor KFOR-aUticaj zapaljive retorike i konstruktivan dijalog<\/p>\n<p>\u201ePrema Vojno-tehni\u010dkom sporazumu iz 1999. godine (Kumanovski sporazum), Vojska Srbije ima jasnu obavezu da nas trajno obave\u0161tava o svim svojim raspore\u0111ivanjima i operativnim aktivnostima u blizini administrativne linije, unutar pet kilometara \u0161irokog pojasa koji nazivamo \u2019biv\u0161a kopnena zona bezbednosti\u2018. Ovo poma\u017ee u spre\u010davanju nesporazuma koji bi mogli da uti\u010du na bezbednosnu situaciju. Ukupno gledano, ovaj okvir i dalje efikasno funkcioni\u0161e\u201c, kazao je on.<\/p>\n<p>Upitan da li je KFOR u skorije vreme primetio neke promene u aktivnostima Vojske Srbije, komandant Barduani je odgovorio odre\u010dno.<\/p>\n<p>\u201eMoram priznati da KFOR nije primetio nikakve zna\u010dajne promene u aktivnostima ili op\u0161tem dr\u017eanju Vojske Srbije du\u017e srpske strane administrativno-grani\u010dne linije. Kao \u0161to sam rekao, na\u0161e interakcije su redovne i uvek profesionalno vo\u0111ene. Zahvaljuju\u0107i doslednoj komunikaciji i aktivnostima nadgledanja, u stanju smo da, kao KFOR, o\u010duvamo jasnu sliku situacije i da pravovremeno i odgovorno reagujemo na sve relevantne bezbednosne doga\u0111aje koji bi mogli da uti\u010du na bezbednost na Kosovu i stabilnost u regionu\u201c, naveo je.<\/p>\n<p>Odgovaraju\u0107i na novinarsko pitanje u vezi sa \u010destim tvrdnjama o prisustvu Civilne za\u0161tite i drugih sli\u010dnih grupa na severu Kosova, general je dao vrlo jasan odgovor.<\/p>\n<p>\u201eDo sada nisam dobio nikakve potvr\u0111ene informacije niti neoborive dokaze o aktivnom prisustvu takvih organizacija na terenu. Smatram da je najbolji na\u010din da KFOR odvrati mogu\u0107e negativne aktivnosti zlonamernih aktera svakodnevno sprovo\u0111enje nadzornih aktivnosti \u2013 uklju\u010duju\u0107i patrole i kontakte sa lokalnim zajednicama\u201c, rekao je Barduani.<\/p>\n<p>Svestan je da zapaljiva retorika, bez obzira odakle dolazi, ne poma\u017ee.<\/p>\n","protected":false},"excerpt":{"rendered":"<p>Gra\u0107anica, 14 septembar 2025 \u201eBezbednosna situacija \u0161irom Kosova je mirna, ali ostaje podlo\u017ena iznenadnim porastima tenzija usled vi\u0161e uzroka\u201c, rekao je intervjuu za mediju na<\/p>\n","protected":false},"author":2,"featured_media":11859,"comment_status":"open","ping_status":"open","sticky":false,"template":"","format":"standard","meta":{"footnotes":""},"categories":[28],"tags":[],"class_list":["post-11861","post","type-post","status-publish","format-standard","has-post-thumbnail","hentry","category-politika"],"yoast_head":"<!-- This site is optimized with the Yoast SEO plugin v25.3.1 - https:\/\/yoast.com\/wordpress\/plugins\/seo\/ -->\n<title>Komandant KFOR-a Barduani: Kosovo mirno, ali tenzije mogu porasti iznenada -<\/title>\n<meta name=\"robots\" content=\"index, follow, max-snippet:-1, max-image-preview:large, max-video-preview:-1\" \/>\n<link rel=\"canonical\" href=\"https:\/\/veritasinfo.org\/?p=11861&lang=sr\" \/>\n<meta property=\"og:locale\" content=\"en_US\" \/>\n<meta property=\"og:type\" content=\"article\" \/>\n<meta property=\"og:title\" content=\"Komandant KFOR-a Barduani: Kosovo mirno, ali tenzije mogu porasti iznenada -\" \/>\n<meta property=\"og:description\" content=\"Gra\u0107anica, 14 septembar 2025 \u201eBezbednosna situacija \u0161irom Kosova je mirna, ali ostaje podlo\u017ena iznenadnim porastima tenzija usled vi\u0161e uzroka\u201c, rekao je intervjuu za mediju na\" \/>\n<meta property=\"og:url\" content=\"https:\/\/veritasinfo.org\/?p=11861&amp;lang=sr\" \/>\n<meta property=\"article:published_time\" content=\"2025-09-14T08:24:39+00:00\" \/>\n<meta property=\"og:image\" content=\"https:\/\/veritasinfo.org\/wp-content\/uploads\/2025\/09\/enriko_barduani.jpg\" \/>\n\t<meta property=\"og:image:width\" content=\"343\" \/>\n\t<meta property=\"og:image:height\" content=\"193\" \/>\n\t<meta property=\"og:image:type\" content=\"image\/jpeg\" \/>\n<meta name=\"author\" content=\"US1\" \/>\n<meta name=\"twitter:card\" content=\"summary_large_image\" \/>\n<meta name=\"twitter:label1\" content=\"Written by\" \/>\n\t<meta name=\"twitter:data1\" content=\"US1\" \/>\n\t<meta name=\"twitter:label2\" content=\"Est. reading time\" \/>\n\t<meta name=\"twitter:data2\" content=\"2 minutes\" \/>\n<script type=\"application\/ld+json\" class=\"yoast-schema-graph\">{\"@context\":\"https:\/\/schema.org\",\"@graph\":[{\"@type\":\"WebPage\",\"@id\":\"https:\/\/veritasinfo.org\/?p=11861&lang=sr\",\"url\":\"https:\/\/veritasinfo.org\/?p=11861&lang=sr\",\"name\":\"Komandant KFOR-a Barduani: Kosovo mirno, ali tenzije mogu porasti iznenada -\",\"isPartOf\":{\"@id\":\"https:\/\/veritasinfo.org\/#website\"},\"primaryImageOfPage\":{\"@id\":\"https:\/\/veritasinfo.org\/?p=11861&lang=sr#primaryimage\"},\"image\":{\"@id\":\"https:\/\/veritasinfo.org\/?p=11861&lang=sr#primaryimage\"},\"thumbnailUrl\":\"https:\/\/veritasinfo.org\/wp-content\/uploads\/2025\/09\/enriko_barduani.jpg\",\"datePublished\":\"2025-09-14T08:24:39+00:00\",\"author\":{\"@id\":\"https:\/\/veritasinfo.org\/#\/schema\/person\/c2b8be262ea994d0995addca692c5e98\"},\"breadcrumb\":{\"@id\":\"https:\/\/veritasinfo.org\/?p=11861&lang=sr#breadcrumb\"},\"inLanguage\":\"en-US\",\"potentialAction\":[{\"@type\":\"ReadAction\",\"target\":[\"https:\/\/veritasinfo.org\/?p=11861&lang=sr\"]}]},{\"@type\":\"ImageObject\",\"inLanguage\":\"en-US\",\"@id\":\"https:\/\/veritasinfo.org\/?p=11861&lang=sr#primaryimage\",\"url\":\"https:\/\/veritasinfo.org\/wp-content\/uploads\/2025\/09\/enriko_barduani.jpg\",\"contentUrl\":\"https:\/\/veritasinfo.org\/wp-content\/uploads\/2025\/09\/enriko_barduani.jpg\",\"width\":343,\"height\":193},{\"@type\":\"BreadcrumbList\",\"@id\":\"https:\/\/veritasinfo.org\/?p=11861&lang=sr#breadcrumb\",\"itemListElement\":[{\"@type\":\"ListItem\",\"position\":1,\"name\":\"Home\",\"item\":\"https:\/\/veritasinfo.org\/\"},{\"@type\":\"ListItem\",\"position\":2,\"name\":\"Komandant KFOR-a Barduani: Kosovo mirno, ali tenzije mogu porasti iznenada\"}]},{\"@type\":\"WebSite\",\"@id\":\"https:\/\/veritasinfo.org\/#website\",\"url\":\"https:\/\/veritasinfo.org\/\",\"name\":\"\",\"description\":\"\",\"potentialAction\":[{\"@type\":\"SearchAction\",\"target\":{\"@type\":\"EntryPoint\",\"urlTemplate\":\"https:\/\/veritasinfo.org\/?s={search_term_string}\"},\"query-input\":{\"@type\":\"PropertyValueSpecification\",\"valueRequired\":true,\"valueName\":\"search_term_string\"}}],\"inLanguage\":\"en-US\"},{\"@type\":\"Person\",\"@id\":\"https:\/\/veritasinfo.org\/#\/schema\/person\/c2b8be262ea994d0995addca692c5e98\",\"name\":\"US1\",\"image\":{\"@type\":\"ImageObject\",\"inLanguage\":\"en-US\",\"@id\":\"https:\/\/veritasinfo.org\/#\/schema\/person\/image\/\",\"url\":\"https:\/\/secure.gravatar.com\/avatar\/4e96a59bd256abf9956eb9963ac891a47461ffb364d47b0e9aab113328fdb75b?s=96&d=mm&r=g\",\"contentUrl\":\"https:\/\/secure.gravatar.com\/avatar\/4e96a59bd256abf9956eb9963ac891a47461ffb364d47b0e9aab113328fdb75b?s=96&d=mm&r=g\",\"caption\":\"US1\"},\"url\":\"https:\/\/veritasinfo.org\/?author=2\"}]}<\/script>\n<!-- \/ Yoast SEO plugin. -->","yoast_head_json":{"title":"Komandant KFOR-a Barduani: Kosovo mirno, ali tenzije mogu porasti iznenada -","robots":{"index":"index","follow":"follow","max-snippet":"max-snippet:-1","max-image-preview":"max-image-preview:large","max-video-preview":"max-video-preview:-1"},"canonical":"https:\/\/veritasinfo.org\/?p=11861&lang=sr","og_locale":"en_US","og_type":"article","og_title":"Komandant KFOR-a Barduani: Kosovo mirno, ali tenzije mogu porasti iznenada -","og_description":"Gra\u0107anica, 14 septembar 2025 \u201eBezbednosna situacija \u0161irom Kosova je mirna, ali ostaje podlo\u017ena iznenadnim porastima tenzija usled vi\u0161e uzroka\u201c, rekao je intervjuu za mediju na","og_url":"https:\/\/veritasinfo.org\/?p=11861&lang=sr","article_published_time":"2025-09-14T08:24:39+00:00","og_image":[{"width":343,"height":193,"url":"https:\/\/veritasinfo.org\/wp-content\/uploads\/2025\/09\/enriko_barduani.jpg","type":"image\/jpeg"}],"author":"US1","twitter_card":"summary_large_image","twitter_misc":{"Written by":"US1","Est. reading time":"2 minutes"},"schema":{"@context":"https:\/\/schema.org","@graph":[{"@type":"WebPage","@id":"https:\/\/veritasinfo.org\/?p=11861&lang=sr","url":"https:\/\/veritasinfo.org\/?p=11861&lang=sr","name":"Komandant KFOR-a Barduani: Kosovo mirno, ali tenzije mogu porasti iznenada -","isPartOf":{"@id":"https:\/\/veritasinfo.org\/#website"},"primaryImageOfPage":{"@id":"https:\/\/veritasinfo.org\/?p=11861&lang=sr#primaryimage"},"image":{"@id":"https:\/\/veritasinfo.org\/?p=11861&lang=sr#primaryimage"},"thumbnailUrl":"https:\/\/veritasinfo.org\/wp-content\/uploads\/2025\/09\/enriko_barduani.jpg","datePublished":"2025-09-14T08:24:39+00:00","author":{"@id":"https:\/\/veritasinfo.org\/#\/schema\/person\/c2b8be262ea994d0995addca692c5e98"},"breadcrumb":{"@id":"https:\/\/veritasinfo.org\/?p=11861&lang=sr#breadcrumb"},"inLanguage":"en-US","potentialAction":[{"@type":"ReadAction","target":["https:\/\/veritasinfo.org\/?p=11861&lang=sr"]}]},{"@type":"ImageObject","inLanguage":"en-US","@id":"https:\/\/veritasinfo.org\/?p=11861&lang=sr#primaryimage","url":"https:\/\/veritasinfo.org\/wp-content\/uploads\/2025\/09\/enriko_barduani.jpg","contentUrl":"https:\/\/veritasinfo.org\/wp-content\/uploads\/2025\/09\/enriko_barduani.jpg","width":343,"height":193},{"@type":"BreadcrumbList","@id":"https:\/\/veritasinfo.org\/?p=11861&lang=sr#breadcrumb","itemListElement":[{"@type":"ListItem","position":1,"name":"Home","item":"https:\/\/veritasinfo.org\/"},{"@type":"ListItem","position":2,"name":"Komandant KFOR-a Barduani: Kosovo mirno, ali tenzije mogu porasti iznenada"}]},{"@type":"WebSite","@id":"https:\/\/veritasinfo.org\/#website","url":"https:\/\/veritasinfo.org\/","name":"","description":"","potentialAction":[{"@type":"SearchAction","target":{"@type":"EntryPoint","urlTemplate":"https:\/\/veritasinfo.org\/?s={search_term_string}"},"query-input":{"@type":"PropertyValueSpecification","valueRequired":true,"valueName":"search_term_string"}}],"inLanguage":"en-US"},{"@type":"Person","@id":"https:\/\/veritasinfo.org\/#\/schema\/person\/c2b8be262ea994d0995addca692c5e98","name":"US1","image":{"@type":"ImageObject","inLanguage":"en-US","@id":"https:\/\/veritasinfo.org\/#\/schema\/person\/image\/","url":"https:\/\/secure.gravatar.com\/avatar\/4e96a59bd256abf9956eb9963ac891a47461ffb364d47b0e9aab113328fdb75b?s=96&d=mm&r=g","contentUrl":"https:\/\/secure.gravatar.com\/avatar\/4e96a59bd256abf9956eb9963ac891a47461ffb364d47b0e9aab113328fdb75b?s=96&d=mm&r=g","caption":"US1"},"url":"https:\/\/veritasinfo.org\/?author=2"}]}},"featured_image_urls":{"full":["https:\/\/veritasinfo.org\/wp-content\/uploads\/2025\/09\/enriko_barduani.jpg",343,193,false],"thumbnail":["https:\/\/veritasinfo.org\/wp-content\/uploads\/2025\/09\/enriko_barduani-150x150.jpg",150,150,true],"medium":["https:\/\/veritasinfo.org\/wp-content\/uploads\/2025\/09\/enriko_barduani-300x169.jpg",300,169,true],"medium_large":["https:\/\/veritasinfo.org\/wp-content\/uploads\/2025\/09\/enriko_barduani.jpg",343,193,false],"large":["https:\/\/veritasinfo.org\/wp-content\/uploads\/2025\/09\/enriko_barduani.jpg",343,193,false],"1536x1536":["https:\/\/veritasinfo.org\/wp-content\/uploads\/2025\/09\/enriko_barduani.jpg",343,193,false],"2048x2048":["https:\/\/veritasinfo.org\/wp-content\/uploads\/2025\/09\/enriko_barduani.jpg",343,193,false],"kreeti-slider-full":["https:\/\/veritasinfo.org\/wp-content\/uploads\/2025\/09\/enriko_barduani.jpg",343,193,false],"kreeti-featured":["https:\/\/veritasinfo.org\/wp-content\/uploads\/2025\/09\/enriko_barduani.jpg",343,193,false],"kreeti-medium":["https:\/\/veritasinfo.org\/wp-content\/uploads\/2025\/09\/enriko_barduani.jpg",343,193,false],"kreeti-medium-square":["https:\/\/veritasinfo.org\/wp-content\/uploads\/2025\/09\/enriko_barduani.jpg",343,193,false]},"author_info":{"info":["US1"]},"category_info":"<a href=\"https:\/\/veritasinfo.org\/?cat=28&#038;lang=sr\" rel=\"category\">Politika<\/a>","tag_info":"Politika","comment_count":"0","_links":{"self":[{"href":"https:\/\/veritasinfo.org\/index.php?rest_route=\/wp\/v2\/posts\/11861","targetHints":{"allow":["GET"]}}],"collection":[{"href":"https:\/\/veritasinfo.org\/index.php?rest_route=\/wp\/v2\/posts"}],"about":[{"href":"https:\/\/veritasinfo.org\/index.php?rest_route=\/wp\/v2\/types\/post"}],"author":[{"embeddable":true,"href":"https:\/\/veritasinfo.org\/index.php?rest_route=\/wp\/v2\/users\/2"}],"replies":[{"embeddable":true,"href":"https:\/\/veritasinfo.org\/index.php?rest_route=%2Fwp%2Fv2%2Fcomments&post=11861"}],"version-history":[{"count":1,"href":"https:\/\/veritasinfo.org\/index.php?rest_route=\/wp\/v2\/posts\/11861\/revisions"}],"predecessor-version":[{"id":11862,"href":"https:\/\/veritasinfo.org\/index.php?rest_route=\/wp\/v2\/posts\/11861\/revisions\/11862"}],"wp:featuredmedia":[{"embeddable":true,"href":"https:\/\/veritasinfo.org\/index.php?rest_route=\/wp\/v2\/media\/11859"}],"wp:attachment":[{"href":"https:\/\/veritasinfo.org\/index.php?rest_route=%2Fwp%2Fv2%2Fmedia&parent=11861"}],"wp:term":[{"taxonomy":"category","embeddable":true,"href":"https:\/\/veritasinfo.org\/index.php?rest_route=%2Fwp%2Fv2%2Fcategories&post=11861"},{"taxonomy":"post_tag","embeddable":true,"href":"https:\/\/veritasinfo.org\/index.php?rest_route=%2Fwp%2Fv2%2Ftags&post=11861"}],"curies":[{"name":"wp","href":"https:\/\/api.w.org\/{rel}","templated":true}]}}