{"id":11840,"date":"2025-09-14T08:42:20","date_gmt":"2025-09-14T06:42:20","guid":{"rendered":"https:\/\/veritasinfo.org\/?p=11840"},"modified":"2025-09-14T08:42:20","modified_gmt":"2025-09-14T06:42:20","slug":"mekuli-srpska-lista-velica-teroristu-radoicica-medjunarodna-zajednica-cuti","status":"publish","type":"post","link":"https:\/\/veritasinfo.org\/?p=11840&lang=sr","title":{"rendered":"Mekuli: Srpska lista veli\u010da teroristu Radoi\u010di\u0107a, me\u0111unarodna zajednica \u0107uti"},"content":{"rendered":"<p>Pristina 14.Septembar.2025<\/p>\n<p>Novinar Gezim Mekuli reagovao je na slogan Srpske liste \u201eSvi za brata Milana\u201c, nazvav\u0161i to veli\u010danjem glavnog teroriste Milana Radoi\u010di\u0107a.<\/p>\n<p>Ovo je slogan Srpske liste na lokalnim izborima na Kosovu. Stranke koja je obuzdala veliki glavni terorista Milana Radoi\u0107i\u0107a, koja je sa 300 srpskih vojnika iz Beograda u\u0161la na Kosovo, preko planine i brda, pravo pod nos KFOR-a, da bi rastrgao i ubio Kosovo.<\/p>\n<p>Moje pitanje je jednostavno: treba li formirati vladu sa takvom strankom?<\/p>\n<p data-start=\"138\" data-end=\"264\" data-is-last-node=\"\" data-is-only-node=\"\">\u201eAko se ova budala\u0161tina naziva normalizacijom, onda je to normalizacija izdaje i poni\u017eenja pred Beogradom\u201c, napisao je Mekuli.<\/p>\n<p data-start=\"138\" data-end=\"264\" data-is-last-node=\"\" data-is-only-node=\"\">\u201eSvi za brata Milana.\u201c<\/p>\n<article class=\"text-token-text-primary w-full focus:outline-none scroll-mt-[calc(var(--header-height)+min(200px,max(70px,20svh)))]\" dir=\"auto\" tabindex=\"-1\" data-turn-id=\"request-WEB:a8d92208-7470-4332-a4ce-e41feaf99a8d-5\" data-testid=\"conversation-turn-12\" data-scroll-anchor=\"true\" data-turn=\"assistant\">\n<div class=\"text-base my-auto mx-auto pb-10 [--thread-content-margin:--spacing(4)] thread-sm:[--thread-content-margin:--spacing(6)] thread-lg:[--thread-content-margin:--spacing(16)] px-(--thread-content-margin)\">\n<div class=\"[--thread-content-max-width:40rem] thread-sm:[--thread-content-max-width:40rem] thread-lg:[--thread-content-max-width:48rem] mx-auto max-w-(--thread-content-max-width) flex-1 group\/turn-messages focus-visible:outline-hidden relative flex w-full min-w-0 flex-col agent-turn\" tabindex=\"-1\">\n<div class=\"mt-3 w-full empty:hidden\">\n<div class=\"text-center\">\n<p>Ovo je slogan Srpske liste na lokalnim izborima na Kosovu. Stranke koja otvoreno veli\u010da glavnog teroristu Milana Radoi\u0107i\u0107a, \u010dovjeka koji je sa 300 srpskih vojnika iz Beograda u\u0161ao na Kosovo, preko planina i brda, pravo pod nos KFOR-a, da bi rastrgao i ubio Kosovo.<\/p>\n<p>Moje pitanje je jednostavno: treba li formirati vladu sa takvom strankom?<\/p>\n<\/div>\n<\/div>\n<\/div>\n<\/div>\n<\/article>\n<div class=\"pointer-events-none h-px w-px\" aria-hidden=\"true\" data-edge=\"true\"><\/div>\n","protected":false},"excerpt":{"rendered":"<p>Pristina 14.Septembar.2025 Novinar Gezim Mekuli reagovao je na slogan Srpske liste \u201eSvi za brata Milana\u201c, nazvav\u0161i to veli\u010danjem glavnog teroriste Milana Radoi\u010di\u0107a. Ovo je slogan<\/p>\n","protected":false},"author":6,"featured_media":11838,"comment_status":"open","ping_status":"open","sticky":false,"template":"","format":"standard","meta":{"footnotes":""},"categories":[28],"tags":[],"class_list":["post-11840","post","type-post","status-publish","format-standard","has-post-thumbnail","hentry","category-politika"],"yoast_head":"<!-- This site is optimized with the Yoast SEO plugin v25.3.1 - https:\/\/yoast.com\/wordpress\/plugins\/seo\/ -->\n<title>Mekuli: Srpska lista veli\u010da teroristu Radoi\u010di\u0107a, me\u0111unarodna zajednica \u0107uti -<\/title>\n<meta name=\"robots\" content=\"index, follow, max-snippet:-1, max-image-preview:large, max-video-preview:-1\" \/>\n<link rel=\"canonical\" href=\"https:\/\/veritasinfo.org\/?p=11840&lang=sr\" \/>\n<meta property=\"og:locale\" content=\"en_US\" \/>\n<meta property=\"og:type\" content=\"article\" \/>\n<meta property=\"og:title\" content=\"Mekuli: Srpska lista veli\u010da teroristu Radoi\u010di\u0107a, me\u0111unarodna zajednica \u0107uti -\" \/>\n<meta property=\"og:description\" content=\"Pristina 14.Septembar.2025 Novinar Gezim Mekuli reagovao je na slogan Srpske liste \u201eSvi za brata Milana\u201c, nazvav\u0161i to veli\u010danjem glavnog teroriste Milana Radoi\u010di\u0107a. Ovo je slogan\" \/>\n<meta property=\"og:url\" content=\"https:\/\/veritasinfo.org\/?p=11840&amp;lang=sr\" \/>\n<meta property=\"article:published_time\" content=\"2025-09-14T06:42:20+00:00\" \/>\n<meta property=\"og:image\" content=\"https:\/\/veritasinfo.org\/wp-content\/uploads\/2025\/09\/sr.jpg\" \/>\n\t<meta property=\"og:image:width\" content=\"850\" \/>\n\t<meta property=\"og:image:height\" content=\"316\" \/>\n\t<meta property=\"og:image:type\" content=\"image\/jpeg\" \/>\n<meta name=\"author\" content=\"US5\" \/>\n<meta name=\"twitter:card\" content=\"summary_large_image\" \/>\n<meta name=\"twitter:label1\" content=\"Written by\" \/>\n\t<meta name=\"twitter:data1\" content=\"US5\" \/>\n\t<meta name=\"twitter:label2\" content=\"Est. reading time\" \/>\n\t<meta name=\"twitter:data2\" content=\"1 minute\" \/>\n<script type=\"application\/ld+json\" class=\"yoast-schema-graph\">{\"@context\":\"https:\/\/schema.org\",\"@graph\":[{\"@type\":\"WebPage\",\"@id\":\"https:\/\/veritasinfo.org\/?p=11840&lang=sr\",\"url\":\"https:\/\/veritasinfo.org\/?p=11840&lang=sr\",\"name\":\"Mekuli: Srpska lista veli\u010da teroristu Radoi\u010di\u0107a, me\u0111unarodna zajednica \u0107uti -\",\"isPartOf\":{\"@id\":\"https:\/\/veritasinfo.org\/#website\"},\"primaryImageOfPage\":{\"@id\":\"https:\/\/veritasinfo.org\/?p=11840&lang=sr#primaryimage\"},\"image\":{\"@id\":\"https:\/\/veritasinfo.org\/?p=11840&lang=sr#primaryimage\"},\"thumbnailUrl\":\"https:\/\/veritasinfo.org\/wp-content\/uploads\/2025\/09\/sr.jpg\",\"datePublished\":\"2025-09-14T06:42:20+00:00\",\"author\":{\"@id\":\"https:\/\/veritasinfo.org\/#\/schema\/person\/bc442336e35414d04494ab8fb45db4c6\"},\"breadcrumb\":{\"@id\":\"https:\/\/veritasinfo.org\/?p=11840&lang=sr#breadcrumb\"},\"inLanguage\":\"en-US\",\"potentialAction\":[{\"@type\":\"ReadAction\",\"target\":[\"https:\/\/veritasinfo.org\/?p=11840&lang=sr\"]}]},{\"@type\":\"ImageObject\",\"inLanguage\":\"en-US\",\"@id\":\"https:\/\/veritasinfo.org\/?p=11840&lang=sr#primaryimage\",\"url\":\"https:\/\/veritasinfo.org\/wp-content\/uploads\/2025\/09\/sr.jpg\",\"contentUrl\":\"https:\/\/veritasinfo.org\/wp-content\/uploads\/2025\/09\/sr.jpg\",\"width\":850,\"height\":316},{\"@type\":\"BreadcrumbList\",\"@id\":\"https:\/\/veritasinfo.org\/?p=11840&lang=sr#breadcrumb\",\"itemListElement\":[{\"@type\":\"ListItem\",\"position\":1,\"name\":\"Home\",\"item\":\"https:\/\/veritasinfo.org\/\"},{\"@type\":\"ListItem\",\"position\":2,\"name\":\"Mekuli: Srpska lista veli\u010da teroristu Radoi\u010di\u0107a, me\u0111unarodna zajednica \u0107uti\"}]},{\"@type\":\"WebSite\",\"@id\":\"https:\/\/veritasinfo.org\/#website\",\"url\":\"https:\/\/veritasinfo.org\/\",\"name\":\"\",\"description\":\"\",\"potentialAction\":[{\"@type\":\"SearchAction\",\"target\":{\"@type\":\"EntryPoint\",\"urlTemplate\":\"https:\/\/veritasinfo.org\/?s={search_term_string}\"},\"query-input\":{\"@type\":\"PropertyValueSpecification\",\"valueRequired\":true,\"valueName\":\"search_term_string\"}}],\"inLanguage\":\"en-US\"},{\"@type\":\"Person\",\"@id\":\"https:\/\/veritasinfo.org\/#\/schema\/person\/bc442336e35414d04494ab8fb45db4c6\",\"name\":\"US5\",\"image\":{\"@type\":\"ImageObject\",\"inLanguage\":\"en-US\",\"@id\":\"https:\/\/veritasinfo.org\/#\/schema\/person\/image\/\",\"url\":\"https:\/\/secure.gravatar.com\/avatar\/16a61e7272a0c5d001121ebb9e60e925d5816e4ac1e443ed3e640d9a6ae55d0c?s=96&d=mm&r=g\",\"contentUrl\":\"https:\/\/secure.gravatar.com\/avatar\/16a61e7272a0c5d001121ebb9e60e925d5816e4ac1e443ed3e640d9a6ae55d0c?s=96&d=mm&r=g\",\"caption\":\"US5\"},\"url\":\"https:\/\/veritasinfo.org\/?author=6\"}]}<\/script>\n<!-- \/ Yoast SEO plugin. -->","yoast_head_json":{"title":"Mekuli: Srpska lista veli\u010da teroristu Radoi\u010di\u0107a, me\u0111unarodna zajednica \u0107uti -","robots":{"index":"index","follow":"follow","max-snippet":"max-snippet:-1","max-image-preview":"max-image-preview:large","max-video-preview":"max-video-preview:-1"},"canonical":"https:\/\/veritasinfo.org\/?p=11840&lang=sr","og_locale":"en_US","og_type":"article","og_title":"Mekuli: Srpska lista veli\u010da teroristu Radoi\u010di\u0107a, me\u0111unarodna zajednica \u0107uti -","og_description":"Pristina 14.Septembar.2025 Novinar Gezim Mekuli reagovao je na slogan Srpske liste \u201eSvi za brata Milana\u201c, nazvav\u0161i to veli\u010danjem glavnog teroriste Milana Radoi\u010di\u0107a. Ovo je slogan","og_url":"https:\/\/veritasinfo.org\/?p=11840&lang=sr","article_published_time":"2025-09-14T06:42:20+00:00","og_image":[{"width":850,"height":316,"url":"https:\/\/veritasinfo.org\/wp-content\/uploads\/2025\/09\/sr.jpg","type":"image\/jpeg"}],"author":"US5","twitter_card":"summary_large_image","twitter_misc":{"Written by":"US5","Est. reading time":"1 minute"},"schema":{"@context":"https:\/\/schema.org","@graph":[{"@type":"WebPage","@id":"https:\/\/veritasinfo.org\/?p=11840&lang=sr","url":"https:\/\/veritasinfo.org\/?p=11840&lang=sr","name":"Mekuli: Srpska lista veli\u010da teroristu Radoi\u010di\u0107a, me\u0111unarodna zajednica \u0107uti -","isPartOf":{"@id":"https:\/\/veritasinfo.org\/#website"},"primaryImageOfPage":{"@id":"https:\/\/veritasinfo.org\/?p=11840&lang=sr#primaryimage"},"image":{"@id":"https:\/\/veritasinfo.org\/?p=11840&lang=sr#primaryimage"},"thumbnailUrl":"https:\/\/veritasinfo.org\/wp-content\/uploads\/2025\/09\/sr.jpg","datePublished":"2025-09-14T06:42:20+00:00","author":{"@id":"https:\/\/veritasinfo.org\/#\/schema\/person\/bc442336e35414d04494ab8fb45db4c6"},"breadcrumb":{"@id":"https:\/\/veritasinfo.org\/?p=11840&lang=sr#breadcrumb"},"inLanguage":"en-US","potentialAction":[{"@type":"ReadAction","target":["https:\/\/veritasinfo.org\/?p=11840&lang=sr"]}]},{"@type":"ImageObject","inLanguage":"en-US","@id":"https:\/\/veritasinfo.org\/?p=11840&lang=sr#primaryimage","url":"https:\/\/veritasinfo.org\/wp-content\/uploads\/2025\/09\/sr.jpg","contentUrl":"https:\/\/veritasinfo.org\/wp-content\/uploads\/2025\/09\/sr.jpg","width":850,"height":316},{"@type":"BreadcrumbList","@id":"https:\/\/veritasinfo.org\/?p=11840&lang=sr#breadcrumb","itemListElement":[{"@type":"ListItem","position":1,"name":"Home","item":"https:\/\/veritasinfo.org\/"},{"@type":"ListItem","position":2,"name":"Mekuli: Srpska lista veli\u010da teroristu Radoi\u010di\u0107a, me\u0111unarodna zajednica \u0107uti"}]},{"@type":"WebSite","@id":"https:\/\/veritasinfo.org\/#website","url":"https:\/\/veritasinfo.org\/","name":"","description":"","potentialAction":[{"@type":"SearchAction","target":{"@type":"EntryPoint","urlTemplate":"https:\/\/veritasinfo.org\/?s={search_term_string}"},"query-input":{"@type":"PropertyValueSpecification","valueRequired":true,"valueName":"search_term_string"}}],"inLanguage":"en-US"},{"@type":"Person","@id":"https:\/\/veritasinfo.org\/#\/schema\/person\/bc442336e35414d04494ab8fb45db4c6","name":"US5","image":{"@type":"ImageObject","inLanguage":"en-US","@id":"https:\/\/veritasinfo.org\/#\/schema\/person\/image\/","url":"https:\/\/secure.gravatar.com\/avatar\/16a61e7272a0c5d001121ebb9e60e925d5816e4ac1e443ed3e640d9a6ae55d0c?s=96&d=mm&r=g","contentUrl":"https:\/\/secure.gravatar.com\/avatar\/16a61e7272a0c5d001121ebb9e60e925d5816e4ac1e443ed3e640d9a6ae55d0c?s=96&d=mm&r=g","caption":"US5"},"url":"https:\/\/veritasinfo.org\/?author=6"}]}},"featured_image_urls":{"full":["https:\/\/veritasinfo.org\/wp-content\/uploads\/2025\/09\/sr.jpg",850,316,false],"thumbnail":["https:\/\/veritasinfo.org\/wp-content\/uploads\/2025\/09\/sr-150x150.jpg",150,150,true],"medium":["https:\/\/veritasinfo.org\/wp-content\/uploads\/2025\/09\/sr-300x112.jpg",300,112,true],"medium_large":["https:\/\/veritasinfo.org\/wp-content\/uploads\/2025\/09\/sr-768x286.jpg",640,238,true],"large":["https:\/\/veritasinfo.org\/wp-content\/uploads\/2025\/09\/sr.jpg",640,238,false],"1536x1536":["https:\/\/veritasinfo.org\/wp-content\/uploads\/2025\/09\/sr.jpg",850,316,false],"2048x2048":["https:\/\/veritasinfo.org\/wp-content\/uploads\/2025\/09\/sr.jpg",850,316,false],"kreeti-slider-full":["https:\/\/veritasinfo.org\/wp-content\/uploads\/2025\/09\/sr.jpg",850,316,false],"kreeti-featured":["https:\/\/veritasinfo.org\/wp-content\/uploads\/2025\/09\/sr.jpg",850,316,false],"kreeti-medium":["https:\/\/veritasinfo.org\/wp-content\/uploads\/2025\/09\/sr.jpg",720,268,false],"kreeti-medium-square":["https:\/\/veritasinfo.org\/wp-content\/uploads\/2025\/09\/sr.jpg",350,130,false]},"author_info":{"info":["US5"]},"category_info":"<a href=\"https:\/\/veritasinfo.org\/?cat=28&#038;lang=sr\" rel=\"category\">Politika<\/a>","tag_info":"Politika","comment_count":"0","_links":{"self":[{"href":"https:\/\/veritasinfo.org\/index.php?rest_route=\/wp\/v2\/posts\/11840","targetHints":{"allow":["GET"]}}],"collection":[{"href":"https:\/\/veritasinfo.org\/index.php?rest_route=\/wp\/v2\/posts"}],"about":[{"href":"https:\/\/veritasinfo.org\/index.php?rest_route=\/wp\/v2\/types\/post"}],"author":[{"embeddable":true,"href":"https:\/\/veritasinfo.org\/index.php?rest_route=\/wp\/v2\/users\/6"}],"replies":[{"embeddable":true,"href":"https:\/\/veritasinfo.org\/index.php?rest_route=%2Fwp%2Fv2%2Fcomments&post=11840"}],"version-history":[{"count":1,"href":"https:\/\/veritasinfo.org\/index.php?rest_route=\/wp\/v2\/posts\/11840\/revisions"}],"predecessor-version":[{"id":11841,"href":"https:\/\/veritasinfo.org\/index.php?rest_route=\/wp\/v2\/posts\/11840\/revisions\/11841"}],"wp:featuredmedia":[{"embeddable":true,"href":"https:\/\/veritasinfo.org\/index.php?rest_route=\/wp\/v2\/media\/11838"}],"wp:attachment":[{"href":"https:\/\/veritasinfo.org\/index.php?rest_route=%2Fwp%2Fv2%2Fmedia&parent=11840"}],"wp:term":[{"taxonomy":"category","embeddable":true,"href":"https:\/\/veritasinfo.org\/index.php?rest_route=%2Fwp%2Fv2%2Fcategories&post=11840"},{"taxonomy":"post_tag","embeddable":true,"href":"https:\/\/veritasinfo.org\/index.php?rest_route=%2Fwp%2Fv2%2Ftags&post=11840"}],"curies":[{"name":"wp","href":"https:\/\/api.w.org\/{rel}","templated":true}]}}