{"id":11817,"date":"2025-09-13T20:42:07","date_gmt":"2025-09-13T18:42:07","guid":{"rendered":"https:\/\/veritasinfo.org\/?p=11817"},"modified":"2025-09-13T20:42:07","modified_gmt":"2025-09-13T18:42:07","slug":"rasic-ucinicemo-sve-da-tranzicija-prosvete-i-zdravstva-u-kosovski-sistem-bude-bezbolna","status":"publish","type":"post","link":"https:\/\/veritasinfo.org\/?p=11817&lang=sr","title":{"rendered":"Ra\u0161i\u0107: U\u010dini\u0107emo sve da tranzicija prosvete i zdravstva u kosovski sistem bude bezbolna"},"content":{"rendered":"<p>Gracanica 13 Septembar 2025<\/p>\n<p><strong>\u201cGra\u0111ani ne treba da se pla\u0161e, ni u jednoj instituciji zdravstva ili prosvete, jer \u0107emo s na\u0161e strane u\u010diniti sve da proces tranzicije bude apsolutno bezbolan\u201d, poru\u010duje vr\u0161ilac du\u017enosti ministra za zajednice i povratak u privremenoj kosovskoj vladi, Nenad Ra\u0161i\u0107.<\/strong><\/p>\n<p>Ra\u0161i\u0107 je na ovaj na\u010din odgovorio na zabrinutosti gra\u0111ana srpske nacionalnosti kojima su prosveta i zdravstvo iz sistema Republike Srbije najva\u017enije i jedine preostale institucije.<\/p>\n<p>\u201c\u017delimo da budemo spremni na sve, a oni koji su uklju\u010deni treba da znaju da \u0107e biti u sigurnim rukama, jer ne\u0107emo dozvoliti da se izgubi desetine ili stotine radnika iz tog sektora. U\u010dini\u0107emo sve da, jo\u0161 jednom ponavljam, taj transfer bude apsolutno bezbolan\u201d, kazao je Nenad Ra\u0161i\u0107 na po\u010detku kampanje za lokalne izbore, javlja\u00a0<em>Kim.<\/em><\/p>\n<p>Da je integracija srpskog zdravstva i \u0161kolstva u kosovski sistem neophodna nedavno je u izjavi za vi\u0161e srpskih medija aktuelizovala otpravnica poslova Ameri\u010dke ambasade u Pri\u0161tini Ana Pratipati.<\/p>\n<p>Da \u0107e do integracije do\u0107i, Ra\u0161i\u0107 podse\u0107a da je i sam ukazivao pre par godina.<\/p>\n","protected":false},"excerpt":{"rendered":"<p>Gracanica 13 Septembar 2025 \u201cGra\u0111ani ne treba da se pla\u0161e, ni u jednoj instituciji zdravstva ili prosvete, jer \u0107emo s na\u0161e strane u\u010diniti sve da<\/p>\n","protected":false},"author":6,"featured_media":11815,"comment_status":"open","ping_status":"open","sticky":false,"template":"","format":"standard","meta":{"footnotes":""},"categories":[28],"tags":[],"class_list":["post-11817","post","type-post","status-publish","format-standard","has-post-thumbnail","hentry","category-politika"],"yoast_head":"<!-- This site is optimized with the Yoast SEO plugin v25.3.1 - https:\/\/yoast.com\/wordpress\/plugins\/seo\/ -->\n<title>Ra\u0161i\u0107: U\u010dini\u0107emo sve da tranzicija prosvete i zdravstva u kosovski sistem bude bezbolna -<\/title>\n<meta name=\"robots\" content=\"index, follow, max-snippet:-1, max-image-preview:large, max-video-preview:-1\" \/>\n<link rel=\"canonical\" href=\"https:\/\/veritasinfo.org\/?p=11817&lang=sr\" \/>\n<meta property=\"og:locale\" content=\"en_US\" \/>\n<meta property=\"og:type\" content=\"article\" \/>\n<meta property=\"og:title\" content=\"Ra\u0161i\u0107: U\u010dini\u0107emo sve da tranzicija prosvete i zdravstva u kosovski sistem bude bezbolna -\" \/>\n<meta property=\"og:description\" content=\"Gracanica 13 Septembar 2025 \u201cGra\u0111ani ne treba da se pla\u0161e, ni u jednoj instituciji zdravstva ili prosvete, jer \u0107emo s na\u0161e strane u\u010diniti sve da\" \/>\n<meta property=\"og:url\" content=\"https:\/\/veritasinfo.org\/?p=11817&amp;lang=sr\" \/>\n<meta property=\"article:published_time\" content=\"2025-09-13T18:42:07+00:00\" \/>\n<meta property=\"og:image\" content=\"https:\/\/veritasinfo.org\/wp-content\/uploads\/2025\/09\/nn.jpg\" \/>\n\t<meta property=\"og:image:width\" content=\"1192\" \/>\n\t<meta property=\"og:image:height\" content=\"692\" \/>\n\t<meta property=\"og:image:type\" content=\"image\/jpeg\" \/>\n<meta name=\"author\" content=\"US5\" \/>\n<meta name=\"twitter:card\" content=\"summary_large_image\" \/>\n<meta name=\"twitter:label1\" content=\"Written by\" \/>\n\t<meta name=\"twitter:data1\" content=\"US5\" \/>\n\t<meta name=\"twitter:label2\" content=\"Est. reading time\" \/>\n\t<meta name=\"twitter:data2\" content=\"1 minute\" \/>\n<script type=\"application\/ld+json\" class=\"yoast-schema-graph\">{\"@context\":\"https:\/\/schema.org\",\"@graph\":[{\"@type\":\"WebPage\",\"@id\":\"https:\/\/veritasinfo.org\/?p=11817&lang=sr\",\"url\":\"https:\/\/veritasinfo.org\/?p=11817&lang=sr\",\"name\":\"Ra\u0161i\u0107: U\u010dini\u0107emo sve da tranzicija prosvete i zdravstva u kosovski sistem bude bezbolna -\",\"isPartOf\":{\"@id\":\"https:\/\/veritasinfo.org\/#website\"},\"primaryImageOfPage\":{\"@id\":\"https:\/\/veritasinfo.org\/?p=11817&lang=sr#primaryimage\"},\"image\":{\"@id\":\"https:\/\/veritasinfo.org\/?p=11817&lang=sr#primaryimage\"},\"thumbnailUrl\":\"https:\/\/veritasinfo.org\/wp-content\/uploads\/2025\/09\/nn.jpg\",\"datePublished\":\"2025-09-13T18:42:07+00:00\",\"author\":{\"@id\":\"https:\/\/veritasinfo.org\/#\/schema\/person\/bc442336e35414d04494ab8fb45db4c6\"},\"breadcrumb\":{\"@id\":\"https:\/\/veritasinfo.org\/?p=11817&lang=sr#breadcrumb\"},\"inLanguage\":\"en-US\",\"potentialAction\":[{\"@type\":\"ReadAction\",\"target\":[\"https:\/\/veritasinfo.org\/?p=11817&lang=sr\"]}]},{\"@type\":\"ImageObject\",\"inLanguage\":\"en-US\",\"@id\":\"https:\/\/veritasinfo.org\/?p=11817&lang=sr#primaryimage\",\"url\":\"https:\/\/veritasinfo.org\/wp-content\/uploads\/2025\/09\/nn.jpg\",\"contentUrl\":\"https:\/\/veritasinfo.org\/wp-content\/uploads\/2025\/09\/nn.jpg\",\"width\":1192,\"height\":692},{\"@type\":\"BreadcrumbList\",\"@id\":\"https:\/\/veritasinfo.org\/?p=11817&lang=sr#breadcrumb\",\"itemListElement\":[{\"@type\":\"ListItem\",\"position\":1,\"name\":\"Home\",\"item\":\"https:\/\/veritasinfo.org\/\"},{\"@type\":\"ListItem\",\"position\":2,\"name\":\"Ra\u0161i\u0107: U\u010dini\u0107emo sve da tranzicija prosvete i zdravstva u kosovski sistem bude bezbolna\"}]},{\"@type\":\"WebSite\",\"@id\":\"https:\/\/veritasinfo.org\/#website\",\"url\":\"https:\/\/veritasinfo.org\/\",\"name\":\"\",\"description\":\"\",\"potentialAction\":[{\"@type\":\"SearchAction\",\"target\":{\"@type\":\"EntryPoint\",\"urlTemplate\":\"https:\/\/veritasinfo.org\/?s={search_term_string}\"},\"query-input\":{\"@type\":\"PropertyValueSpecification\",\"valueRequired\":true,\"valueName\":\"search_term_string\"}}],\"inLanguage\":\"en-US\"},{\"@type\":\"Person\",\"@id\":\"https:\/\/veritasinfo.org\/#\/schema\/person\/bc442336e35414d04494ab8fb45db4c6\",\"name\":\"US5\",\"image\":{\"@type\":\"ImageObject\",\"inLanguage\":\"en-US\",\"@id\":\"https:\/\/veritasinfo.org\/#\/schema\/person\/image\/\",\"url\":\"https:\/\/secure.gravatar.com\/avatar\/16a61e7272a0c5d001121ebb9e60e925d5816e4ac1e443ed3e640d9a6ae55d0c?s=96&d=mm&r=g\",\"contentUrl\":\"https:\/\/secure.gravatar.com\/avatar\/16a61e7272a0c5d001121ebb9e60e925d5816e4ac1e443ed3e640d9a6ae55d0c?s=96&d=mm&r=g\",\"caption\":\"US5\"},\"url\":\"https:\/\/veritasinfo.org\/?author=6\"}]}<\/script>\n<!-- \/ Yoast SEO plugin. -->","yoast_head_json":{"title":"Ra\u0161i\u0107: U\u010dini\u0107emo sve da tranzicija prosvete i zdravstva u kosovski sistem bude bezbolna -","robots":{"index":"index","follow":"follow","max-snippet":"max-snippet:-1","max-image-preview":"max-image-preview:large","max-video-preview":"max-video-preview:-1"},"canonical":"https:\/\/veritasinfo.org\/?p=11817&lang=sr","og_locale":"en_US","og_type":"article","og_title":"Ra\u0161i\u0107: U\u010dini\u0107emo sve da tranzicija prosvete i zdravstva u kosovski sistem bude bezbolna -","og_description":"Gracanica 13 Septembar 2025 \u201cGra\u0111ani ne treba da se pla\u0161e, ni u jednoj instituciji zdravstva ili prosvete, jer \u0107emo s na\u0161e strane u\u010diniti sve da","og_url":"https:\/\/veritasinfo.org\/?p=11817&lang=sr","article_published_time":"2025-09-13T18:42:07+00:00","og_image":[{"width":1192,"height":692,"url":"https:\/\/veritasinfo.org\/wp-content\/uploads\/2025\/09\/nn.jpg","type":"image\/jpeg"}],"author":"US5","twitter_card":"summary_large_image","twitter_misc":{"Written by":"US5","Est. reading time":"1 minute"},"schema":{"@context":"https:\/\/schema.org","@graph":[{"@type":"WebPage","@id":"https:\/\/veritasinfo.org\/?p=11817&lang=sr","url":"https:\/\/veritasinfo.org\/?p=11817&lang=sr","name":"Ra\u0161i\u0107: U\u010dini\u0107emo sve da tranzicija prosvete i zdravstva u kosovski sistem bude bezbolna -","isPartOf":{"@id":"https:\/\/veritasinfo.org\/#website"},"primaryImageOfPage":{"@id":"https:\/\/veritasinfo.org\/?p=11817&lang=sr#primaryimage"},"image":{"@id":"https:\/\/veritasinfo.org\/?p=11817&lang=sr#primaryimage"},"thumbnailUrl":"https:\/\/veritasinfo.org\/wp-content\/uploads\/2025\/09\/nn.jpg","datePublished":"2025-09-13T18:42:07+00:00","author":{"@id":"https:\/\/veritasinfo.org\/#\/schema\/person\/bc442336e35414d04494ab8fb45db4c6"},"breadcrumb":{"@id":"https:\/\/veritasinfo.org\/?p=11817&lang=sr#breadcrumb"},"inLanguage":"en-US","potentialAction":[{"@type":"ReadAction","target":["https:\/\/veritasinfo.org\/?p=11817&lang=sr"]}]},{"@type":"ImageObject","inLanguage":"en-US","@id":"https:\/\/veritasinfo.org\/?p=11817&lang=sr#primaryimage","url":"https:\/\/veritasinfo.org\/wp-content\/uploads\/2025\/09\/nn.jpg","contentUrl":"https:\/\/veritasinfo.org\/wp-content\/uploads\/2025\/09\/nn.jpg","width":1192,"height":692},{"@type":"BreadcrumbList","@id":"https:\/\/veritasinfo.org\/?p=11817&lang=sr#breadcrumb","itemListElement":[{"@type":"ListItem","position":1,"name":"Home","item":"https:\/\/veritasinfo.org\/"},{"@type":"ListItem","position":2,"name":"Ra\u0161i\u0107: U\u010dini\u0107emo sve da tranzicija prosvete i zdravstva u kosovski sistem bude bezbolna"}]},{"@type":"WebSite","@id":"https:\/\/veritasinfo.org\/#website","url":"https:\/\/veritasinfo.org\/","name":"","description":"","potentialAction":[{"@type":"SearchAction","target":{"@type":"EntryPoint","urlTemplate":"https:\/\/veritasinfo.org\/?s={search_term_string}"},"query-input":{"@type":"PropertyValueSpecification","valueRequired":true,"valueName":"search_term_string"}}],"inLanguage":"en-US"},{"@type":"Person","@id":"https:\/\/veritasinfo.org\/#\/schema\/person\/bc442336e35414d04494ab8fb45db4c6","name":"US5","image":{"@type":"ImageObject","inLanguage":"en-US","@id":"https:\/\/veritasinfo.org\/#\/schema\/person\/image\/","url":"https:\/\/secure.gravatar.com\/avatar\/16a61e7272a0c5d001121ebb9e60e925d5816e4ac1e443ed3e640d9a6ae55d0c?s=96&d=mm&r=g","contentUrl":"https:\/\/secure.gravatar.com\/avatar\/16a61e7272a0c5d001121ebb9e60e925d5816e4ac1e443ed3e640d9a6ae55d0c?s=96&d=mm&r=g","caption":"US5"},"url":"https:\/\/veritasinfo.org\/?author=6"}]}},"featured_image_urls":{"full":["https:\/\/veritasinfo.org\/wp-content\/uploads\/2025\/09\/nn.jpg",1192,692,false],"thumbnail":["https:\/\/veritasinfo.org\/wp-content\/uploads\/2025\/09\/nn-150x150.jpg",150,150,true],"medium":["https:\/\/veritasinfo.org\/wp-content\/uploads\/2025\/09\/nn-300x174.jpg",300,174,true],"medium_large":["https:\/\/veritasinfo.org\/wp-content\/uploads\/2025\/09\/nn-768x446.jpg",640,372,true],"large":["https:\/\/veritasinfo.org\/wp-content\/uploads\/2025\/09\/nn-1024x594.jpg",640,371,true],"1536x1536":["https:\/\/veritasinfo.org\/wp-content\/uploads\/2025\/09\/nn.jpg",1192,692,false],"2048x2048":["https:\/\/veritasinfo.org\/wp-content\/uploads\/2025\/09\/nn.jpg",1192,692,false],"kreeti-slider-full":["https:\/\/veritasinfo.org\/wp-content\/uploads\/2025\/09\/nn.jpg",1192,692,false],"kreeti-featured":["https:\/\/veritasinfo.org\/wp-content\/uploads\/2025\/09\/nn.jpg",1024,594,false],"kreeti-medium":["https:\/\/veritasinfo.org\/wp-content\/uploads\/2025\/09\/nn.jpg",720,418,false],"kreeti-medium-square":["https:\/\/veritasinfo.org\/wp-content\/uploads\/2025\/09\/nn.jpg",350,203,false]},"author_info":{"info":["US5"]},"category_info":"<a href=\"https:\/\/veritasinfo.org\/?cat=28&#038;lang=sr\" rel=\"category\">Politika<\/a>","tag_info":"Politika","comment_count":"0","_links":{"self":[{"href":"https:\/\/veritasinfo.org\/index.php?rest_route=\/wp\/v2\/posts\/11817","targetHints":{"allow":["GET"]}}],"collection":[{"href":"https:\/\/veritasinfo.org\/index.php?rest_route=\/wp\/v2\/posts"}],"about":[{"href":"https:\/\/veritasinfo.org\/index.php?rest_route=\/wp\/v2\/types\/post"}],"author":[{"embeddable":true,"href":"https:\/\/veritasinfo.org\/index.php?rest_route=\/wp\/v2\/users\/6"}],"replies":[{"embeddable":true,"href":"https:\/\/veritasinfo.org\/index.php?rest_route=%2Fwp%2Fv2%2Fcomments&post=11817"}],"version-history":[{"count":1,"href":"https:\/\/veritasinfo.org\/index.php?rest_route=\/wp\/v2\/posts\/11817\/revisions"}],"predecessor-version":[{"id":11818,"href":"https:\/\/veritasinfo.org\/index.php?rest_route=\/wp\/v2\/posts\/11817\/revisions\/11818"}],"wp:featuredmedia":[{"embeddable":true,"href":"https:\/\/veritasinfo.org\/index.php?rest_route=\/wp\/v2\/media\/11815"}],"wp:attachment":[{"href":"https:\/\/veritasinfo.org\/index.php?rest_route=%2Fwp%2Fv2%2Fmedia&parent=11817"}],"wp:term":[{"taxonomy":"category","embeddable":true,"href":"https:\/\/veritasinfo.org\/index.php?rest_route=%2Fwp%2Fv2%2Fcategories&post=11817"},{"taxonomy":"post_tag","embeddable":true,"href":"https:\/\/veritasinfo.org\/index.php?rest_route=%2Fwp%2Fv2%2Ftags&post=11817"}],"curies":[{"name":"wp","href":"https:\/\/api.w.org\/{rel}","templated":true}]}}