{"id":11799,"date":"2025-09-13T19:54:04","date_gmt":"2025-09-13T17:54:04","guid":{"rendered":"https:\/\/veritasinfo.org\/?p=11799"},"modified":"2025-09-13T19:54:04","modified_gmt":"2025-09-13T17:54:04","slug":"limaj-nga-hapja-e-fushates-perkushtimi-yne-ne-vendlindje-tregon-sa-e-duam-kosoven","status":"publish","type":"post","link":"https:\/\/veritasinfo.org\/?p=11799","title":{"rendered":"Limaj nga hapja e fushat\u00ebs: P\u00ebrkushtimi yn\u00eb n\u00eb vendlindje tregon sa e duam Kosov\u00ebn"},"content":{"rendered":"<p>Prishtin\u00eb 13 shtator 2025<\/p>\n<p>Kryetari i Nism\u00ebs Socialdemokrate, Fatmir Limaj n\u00eb hapjen e fushat\u00ebs zgjedhore p\u00ebr zgjedhjet lokale ka deklaruar se fokusimi dhe p\u00ebrkushtimi p\u00ebr vendlindje tregon se sa e don\u00eb Kosov\u00ebn.<\/p>\n<p>N\u00eb fjalimin e tij Limaj u shpreh se dashuria e tij p\u00ebr Kosov\u00ebn \u00ebsht\u00eb aty ku \u00ebsht\u00eb rritur dhe formuar.<\/p>\n<p>\u201cFokusimi dhe p\u00ebrkushtimi yn\u00eb n\u00eb baz\u00eb, n\u00eb b\u00ebrtham\u00eb, p\u00ebrcakton dhe tregon, p\u00ebrcaktimin ton\u00eb se sa e duam vendlindjen ton\u00eb, aty ku jemi rritur, aty ku jemi formuar, aty ku rrisim f\u00ebmij\u00ebt tan\u00eb, nip\u00ebrit dhe mbesat tona. Kjo \u00ebsht\u00eb qasja ndaj atdheut, qasja ndaj komun\u00ebs, qasja ndaj vendlindjes. Ta doni dhe ta vler\u00ebsoni shum\u00eb vendlindjen tuaj, t\u00eb punoni fort\u201d, u shpreh Limaj.<\/p>\n","protected":false},"excerpt":{"rendered":"<p>Prishtin\u00eb 13 shtator 2025 Kryetari i Nism\u00ebs Socialdemokrate, Fatmir Limaj n\u00eb hapjen e fushat\u00ebs zgjedhore p\u00ebr zgjedhjet lokale ka deklaruar se fokusimi dhe p\u00ebrkushtimi p\u00ebr<\/p>\n","protected":false},"author":7,"featured_media":11800,"comment_status":"open","ping_status":"open","sticky":false,"template":"","format":"standard","meta":{"footnotes":""},"categories":[8],"tags":[],"class_list":["post-11799","post","type-post","status-publish","format-standard","has-post-thumbnail","hentry","category-blog-sq"],"yoast_head":"<!-- This site is optimized with the Yoast SEO plugin v25.3.1 - https:\/\/yoast.com\/wordpress\/plugins\/seo\/ -->\n<title>Limaj nga hapja e fushat\u00ebs: P\u00ebrkushtimi yn\u00eb n\u00eb vendlindje tregon sa e duam Kosov\u00ebn -<\/title>\n<meta name=\"robots\" content=\"index, follow, max-snippet:-1, max-image-preview:large, max-video-preview:-1\" \/>\n<link rel=\"canonical\" href=\"https:\/\/veritasinfo.org\/?p=11799\" \/>\n<meta property=\"og:locale\" content=\"en_US\" \/>\n<meta property=\"og:type\" content=\"article\" \/>\n<meta property=\"og:title\" content=\"Limaj nga hapja e fushat\u00ebs: P\u00ebrkushtimi yn\u00eb n\u00eb vendlindje tregon sa e duam Kosov\u00ebn -\" \/>\n<meta property=\"og:description\" content=\"Prishtin\u00eb 13 shtator 2025 Kryetari i Nism\u00ebs Socialdemokrate, Fatmir Limaj n\u00eb hapjen e fushat\u00ebs zgjedhore p\u00ebr zgjedhjet lokale ka deklaruar se fokusimi dhe p\u00ebrkushtimi p\u00ebr\" \/>\n<meta property=\"og:url\" content=\"https:\/\/veritasinfo.org\/?p=11799\" \/>\n<meta property=\"article:published_time\" content=\"2025-09-13T17:54:04+00:00\" \/>\n<meta property=\"og:image\" content=\"https:\/\/veritasinfo.org\/wp-content\/uploads\/2025\/09\/1-21.jpg\" \/>\n\t<meta property=\"og:image:width\" content=\"1364\" \/>\n\t<meta property=\"og:image:height\" content=\"823\" \/>\n\t<meta property=\"og:image:type\" content=\"image\/jpeg\" \/>\n<meta name=\"author\" content=\"US6\" \/>\n<meta name=\"twitter:card\" content=\"summary_large_image\" \/>\n<meta name=\"twitter:label1\" content=\"Written by\" \/>\n\t<meta name=\"twitter:data1\" content=\"US6\" \/>\n\t<meta name=\"twitter:label2\" content=\"Est. reading time\" \/>\n\t<meta name=\"twitter:data2\" content=\"1 minute\" \/>\n<script type=\"application\/ld+json\" class=\"yoast-schema-graph\">{\"@context\":\"https:\/\/schema.org\",\"@graph\":[{\"@type\":\"WebPage\",\"@id\":\"https:\/\/veritasinfo.org\/?p=11799\",\"url\":\"https:\/\/veritasinfo.org\/?p=11799\",\"name\":\"Limaj nga hapja e fushat\u00ebs: P\u00ebrkushtimi yn\u00eb n\u00eb vendlindje tregon sa e duam Kosov\u00ebn -\",\"isPartOf\":{\"@id\":\"https:\/\/veritasinfo.org\/#website\"},\"primaryImageOfPage\":{\"@id\":\"https:\/\/veritasinfo.org\/?p=11799#primaryimage\"},\"image\":{\"@id\":\"https:\/\/veritasinfo.org\/?p=11799#primaryimage\"},\"thumbnailUrl\":\"https:\/\/veritasinfo.org\/wp-content\/uploads\/2025\/09\/1-21.jpg\",\"datePublished\":\"2025-09-13T17:54:04+00:00\",\"author\":{\"@id\":\"https:\/\/veritasinfo.org\/#\/schema\/person\/fe199eede04c3937362892b7444747cc\"},\"breadcrumb\":{\"@id\":\"https:\/\/veritasinfo.org\/?p=11799#breadcrumb\"},\"inLanguage\":\"en-US\",\"potentialAction\":[{\"@type\":\"ReadAction\",\"target\":[\"https:\/\/veritasinfo.org\/?p=11799\"]}]},{\"@type\":\"ImageObject\",\"inLanguage\":\"en-US\",\"@id\":\"https:\/\/veritasinfo.org\/?p=11799#primaryimage\",\"url\":\"https:\/\/veritasinfo.org\/wp-content\/uploads\/2025\/09\/1-21.jpg\",\"contentUrl\":\"https:\/\/veritasinfo.org\/wp-content\/uploads\/2025\/09\/1-21.jpg\",\"width\":1364,\"height\":823},{\"@type\":\"BreadcrumbList\",\"@id\":\"https:\/\/veritasinfo.org\/?p=11799#breadcrumb\",\"itemListElement\":[{\"@type\":\"ListItem\",\"position\":1,\"name\":\"Home\",\"item\":\"https:\/\/veritasinfo.org\/\"},{\"@type\":\"ListItem\",\"position\":2,\"name\":\"Limaj nga hapja e fushat\u00ebs: P\u00ebrkushtimi yn\u00eb n\u00eb vendlindje tregon sa e duam Kosov\u00ebn\"}]},{\"@type\":\"WebSite\",\"@id\":\"https:\/\/veritasinfo.org\/#website\",\"url\":\"https:\/\/veritasinfo.org\/\",\"name\":\"\",\"description\":\"\",\"potentialAction\":[{\"@type\":\"SearchAction\",\"target\":{\"@type\":\"EntryPoint\",\"urlTemplate\":\"https:\/\/veritasinfo.org\/?s={search_term_string}\"},\"query-input\":{\"@type\":\"PropertyValueSpecification\",\"valueRequired\":true,\"valueName\":\"search_term_string\"}}],\"inLanguage\":\"en-US\"},{\"@type\":\"Person\",\"@id\":\"https:\/\/veritasinfo.org\/#\/schema\/person\/fe199eede04c3937362892b7444747cc\",\"name\":\"US6\",\"image\":{\"@type\":\"ImageObject\",\"inLanguage\":\"en-US\",\"@id\":\"https:\/\/veritasinfo.org\/#\/schema\/person\/image\/\",\"url\":\"https:\/\/secure.gravatar.com\/avatar\/cb16c3c31c9d23b9b8c705964598220b3014e42ff51eb540ff23cefa3ae8c15f?s=96&d=mm&r=g\",\"contentUrl\":\"https:\/\/secure.gravatar.com\/avatar\/cb16c3c31c9d23b9b8c705964598220b3014e42ff51eb540ff23cefa3ae8c15f?s=96&d=mm&r=g\",\"caption\":\"US6\"},\"url\":\"https:\/\/veritasinfo.org\/?author=7\"}]}<\/script>\n<!-- \/ Yoast SEO plugin. -->","yoast_head_json":{"title":"Limaj nga hapja e fushat\u00ebs: P\u00ebrkushtimi yn\u00eb n\u00eb vendlindje tregon sa e duam Kosov\u00ebn -","robots":{"index":"index","follow":"follow","max-snippet":"max-snippet:-1","max-image-preview":"max-image-preview:large","max-video-preview":"max-video-preview:-1"},"canonical":"https:\/\/veritasinfo.org\/?p=11799","og_locale":"en_US","og_type":"article","og_title":"Limaj nga hapja e fushat\u00ebs: P\u00ebrkushtimi yn\u00eb n\u00eb vendlindje tregon sa e duam Kosov\u00ebn -","og_description":"Prishtin\u00eb 13 shtator 2025 Kryetari i Nism\u00ebs Socialdemokrate, Fatmir Limaj n\u00eb hapjen e fushat\u00ebs zgjedhore p\u00ebr zgjedhjet lokale ka deklaruar se fokusimi dhe p\u00ebrkushtimi p\u00ebr","og_url":"https:\/\/veritasinfo.org\/?p=11799","article_published_time":"2025-09-13T17:54:04+00:00","og_image":[{"width":1364,"height":823,"url":"https:\/\/veritasinfo.org\/wp-content\/uploads\/2025\/09\/1-21.jpg","type":"image\/jpeg"}],"author":"US6","twitter_card":"summary_large_image","twitter_misc":{"Written by":"US6","Est. reading time":"1 minute"},"schema":{"@context":"https:\/\/schema.org","@graph":[{"@type":"WebPage","@id":"https:\/\/veritasinfo.org\/?p=11799","url":"https:\/\/veritasinfo.org\/?p=11799","name":"Limaj nga hapja e fushat\u00ebs: P\u00ebrkushtimi yn\u00eb n\u00eb vendlindje tregon sa e duam Kosov\u00ebn -","isPartOf":{"@id":"https:\/\/veritasinfo.org\/#website"},"primaryImageOfPage":{"@id":"https:\/\/veritasinfo.org\/?p=11799#primaryimage"},"image":{"@id":"https:\/\/veritasinfo.org\/?p=11799#primaryimage"},"thumbnailUrl":"https:\/\/veritasinfo.org\/wp-content\/uploads\/2025\/09\/1-21.jpg","datePublished":"2025-09-13T17:54:04+00:00","author":{"@id":"https:\/\/veritasinfo.org\/#\/schema\/person\/fe199eede04c3937362892b7444747cc"},"breadcrumb":{"@id":"https:\/\/veritasinfo.org\/?p=11799#breadcrumb"},"inLanguage":"en-US","potentialAction":[{"@type":"ReadAction","target":["https:\/\/veritasinfo.org\/?p=11799"]}]},{"@type":"ImageObject","inLanguage":"en-US","@id":"https:\/\/veritasinfo.org\/?p=11799#primaryimage","url":"https:\/\/veritasinfo.org\/wp-content\/uploads\/2025\/09\/1-21.jpg","contentUrl":"https:\/\/veritasinfo.org\/wp-content\/uploads\/2025\/09\/1-21.jpg","width":1364,"height":823},{"@type":"BreadcrumbList","@id":"https:\/\/veritasinfo.org\/?p=11799#breadcrumb","itemListElement":[{"@type":"ListItem","position":1,"name":"Home","item":"https:\/\/veritasinfo.org\/"},{"@type":"ListItem","position":2,"name":"Limaj nga hapja e fushat\u00ebs: P\u00ebrkushtimi yn\u00eb n\u00eb vendlindje tregon sa e duam Kosov\u00ebn"}]},{"@type":"WebSite","@id":"https:\/\/veritasinfo.org\/#website","url":"https:\/\/veritasinfo.org\/","name":"","description":"","potentialAction":[{"@type":"SearchAction","target":{"@type":"EntryPoint","urlTemplate":"https:\/\/veritasinfo.org\/?s={search_term_string}"},"query-input":{"@type":"PropertyValueSpecification","valueRequired":true,"valueName":"search_term_string"}}],"inLanguage":"en-US"},{"@type":"Person","@id":"https:\/\/veritasinfo.org\/#\/schema\/person\/fe199eede04c3937362892b7444747cc","name":"US6","image":{"@type":"ImageObject","inLanguage":"en-US","@id":"https:\/\/veritasinfo.org\/#\/schema\/person\/image\/","url":"https:\/\/secure.gravatar.com\/avatar\/cb16c3c31c9d23b9b8c705964598220b3014e42ff51eb540ff23cefa3ae8c15f?s=96&d=mm&r=g","contentUrl":"https:\/\/secure.gravatar.com\/avatar\/cb16c3c31c9d23b9b8c705964598220b3014e42ff51eb540ff23cefa3ae8c15f?s=96&d=mm&r=g","caption":"US6"},"url":"https:\/\/veritasinfo.org\/?author=7"}]}},"featured_image_urls":{"full":["https:\/\/veritasinfo.org\/wp-content\/uploads\/2025\/09\/1-21.jpg",1364,823,false],"thumbnail":["https:\/\/veritasinfo.org\/wp-content\/uploads\/2025\/09\/1-21-150x150.jpg",150,150,true],"medium":["https:\/\/veritasinfo.org\/wp-content\/uploads\/2025\/09\/1-21-300x181.jpg",300,181,true],"medium_large":["https:\/\/veritasinfo.org\/wp-content\/uploads\/2025\/09\/1-21-768x463.jpg",640,386,true],"large":["https:\/\/veritasinfo.org\/wp-content\/uploads\/2025\/09\/1-21-1024x618.jpg",640,386,true],"1536x1536":["https:\/\/veritasinfo.org\/wp-content\/uploads\/2025\/09\/1-21.jpg",1364,823,false],"2048x2048":["https:\/\/veritasinfo.org\/wp-content\/uploads\/2025\/09\/1-21.jpg",1364,823,false],"kreeti-slider-full":["https:\/\/veritasinfo.org\/wp-content\/uploads\/2025\/09\/1-21.jpg",1193,720,false],"kreeti-featured":["https:\/\/veritasinfo.org\/wp-content\/uploads\/2025\/09\/1-21.jpg",1024,618,false],"kreeti-medium":["https:\/\/veritasinfo.org\/wp-content\/uploads\/2025\/09\/1-21.jpg",720,434,false],"kreeti-medium-square":["https:\/\/veritasinfo.org\/wp-content\/uploads\/2025\/09\/1-21.jpg",350,211,false]},"author_info":{"info":["US6"]},"category_info":"<a href=\"https:\/\/veritasinfo.org\/?cat=8\" rel=\"category\">Zgjedhjet parlamentare 2025<\/a>","tag_info":"Zgjedhjet parlamentare 2025","comment_count":"0","_links":{"self":[{"href":"https:\/\/veritasinfo.org\/index.php?rest_route=\/wp\/v2\/posts\/11799","targetHints":{"allow":["GET"]}}],"collection":[{"href":"https:\/\/veritasinfo.org\/index.php?rest_route=\/wp\/v2\/posts"}],"about":[{"href":"https:\/\/veritasinfo.org\/index.php?rest_route=\/wp\/v2\/types\/post"}],"author":[{"embeddable":true,"href":"https:\/\/veritasinfo.org\/index.php?rest_route=\/wp\/v2\/users\/7"}],"replies":[{"embeddable":true,"href":"https:\/\/veritasinfo.org\/index.php?rest_route=%2Fwp%2Fv2%2Fcomments&post=11799"}],"version-history":[{"count":1,"href":"https:\/\/veritasinfo.org\/index.php?rest_route=\/wp\/v2\/posts\/11799\/revisions"}],"predecessor-version":[{"id":11801,"href":"https:\/\/veritasinfo.org\/index.php?rest_route=\/wp\/v2\/posts\/11799\/revisions\/11801"}],"wp:featuredmedia":[{"embeddable":true,"href":"https:\/\/veritasinfo.org\/index.php?rest_route=\/wp\/v2\/media\/11800"}],"wp:attachment":[{"href":"https:\/\/veritasinfo.org\/index.php?rest_route=%2Fwp%2Fv2%2Fmedia&parent=11799"}],"wp:term":[{"taxonomy":"category","embeddable":true,"href":"https:\/\/veritasinfo.org\/index.php?rest_route=%2Fwp%2Fv2%2Fcategories&post=11799"},{"taxonomy":"post_tag","embeddable":true,"href":"https:\/\/veritasinfo.org\/index.php?rest_route=%2Fwp%2Fv2%2Ftags&post=11799"}],"curies":[{"name":"wp","href":"https:\/\/api.w.org\/{rel}","templated":true}]}}