{"id":11794,"date":"2025-09-13T19:48:11","date_gmt":"2025-09-13T17:48:11","guid":{"rendered":"https:\/\/veritasinfo.org\/?p=11794"},"modified":"2025-09-13T19:48:11","modified_gmt":"2025-09-13T17:48:11","slug":"ldk-nis-garen-per-zgjedhjet-lokale-me-thirrje-per-nje-rrugetim-te-ri","status":"publish","type":"post","link":"https:\/\/veritasinfo.org\/?p=11794","title":{"rendered":"LDK nis gar\u00ebn p\u00ebr zgjedhjet lokale me thirrje p\u00ebr nj\u00eb rrug\u00ebtim t\u00eb ri"},"content":{"rendered":"<p>Prishtin\u00eb, 13 shtator<\/p>\n<p>Lidhja Demokratike e Kosov\u00ebs (LDK) ka hapur sot fushat\u00ebn p\u00ebr zgjedhjet lokale t\u00eb 12 tetorit me nj\u00eb tubim qendror n\u00eb Prishtin\u00eb.<\/p>\n<p>Kryetari i k\u00ebsaj partie, Lumir Abdixhiku, tha se nisja e gar\u00ebs zgjedhore sh\u00ebnon nj\u00eb kapitull t\u00eb ri p\u00ebr LDK-n\u00eb.<\/p>\n<p>N\u00eb fjal\u00ebn e tij, Abdixhiku theksoi se kryetar\u00ebt e komunave nga radh\u00ebt e LDK-s\u00eb gjat\u00eb mandatit t\u00eb kaluar jan\u00eb p\u00ebrballur me pengesa t\u00eb shumta nga pushteti qendror, por pavar\u00ebsisht k\u00ebsaj, sipas tij, nuk jan\u00eb ndalur n\u00eb pun\u00ebn e tyre.<\/p>\n<p>Duke folur p\u00ebr p\u00ebrballjen e LDK-s\u00eb me sfida, ai shtoi: \u201cAta i kan\u00eb penguar, por k\u00ebta nuk jan\u00eb ndalur. Ata i kan\u00eb bllokuar, por k\u00ebta ia kan\u00eb dal\u00eb\u201d.<\/p>\n<p>Kryetari i LDK-s\u00eb n\u00ebnvizoi gjithashtu se kjo parti nuk lidhet pas interesave t\u00eb ngushta politike.<\/p>\n<p>&nbsp;<\/p>\n","protected":false},"excerpt":{"rendered":"<p>Prishtin\u00eb, 13 shtator Lidhja Demokratike e Kosov\u00ebs (LDK) ka hapur sot fushat\u00ebn p\u00ebr zgjedhjet lokale t\u00eb 12 tetorit me nj\u00eb tubim qendror n\u00eb Prishtin\u00eb. Kryetari<\/p>\n","protected":false},"author":7,"featured_media":11795,"comment_status":"open","ping_status":"open","sticky":false,"template":"","format":"standard","meta":{"footnotes":""},"categories":[8],"tags":[],"class_list":["post-11794","post","type-post","status-publish","format-standard","has-post-thumbnail","hentry","category-blog-sq"],"yoast_head":"<!-- This site is optimized with the Yoast SEO plugin v25.3.1 - https:\/\/yoast.com\/wordpress\/plugins\/seo\/ -->\n<title>LDK nis gar\u00ebn p\u00ebr zgjedhjet lokale me thirrje p\u00ebr nj\u00eb rrug\u00ebtim t\u00eb ri -<\/title>\n<meta name=\"robots\" content=\"index, follow, max-snippet:-1, max-image-preview:large, max-video-preview:-1\" \/>\n<link rel=\"canonical\" href=\"https:\/\/veritasinfo.org\/?p=11794\" \/>\n<meta property=\"og:locale\" content=\"en_US\" \/>\n<meta property=\"og:type\" content=\"article\" \/>\n<meta property=\"og:title\" content=\"LDK nis gar\u00ebn p\u00ebr zgjedhjet lokale me thirrje p\u00ebr nj\u00eb rrug\u00ebtim t\u00eb ri -\" \/>\n<meta property=\"og:description\" content=\"Prishtin\u00eb, 13 shtator Lidhja Demokratike e Kosov\u00ebs (LDK) ka hapur sot fushat\u00ebn p\u00ebr zgjedhjet lokale t\u00eb 12 tetorit me nj\u00eb tubim qendror n\u00eb Prishtin\u00eb. Kryetari\" \/>\n<meta property=\"og:url\" content=\"https:\/\/veritasinfo.org\/?p=11794\" \/>\n<meta property=\"article:published_time\" content=\"2025-09-13T17:48:11+00:00\" \/>\n<meta property=\"og:image\" content=\"https:\/\/veritasinfo.org\/wp-content\/uploads\/2025\/09\/Screenshot-2025-09-13-194625.jpg\" \/>\n\t<meta property=\"og:image:width\" content=\"1225\" \/>\n\t<meta property=\"og:image:height\" content=\"774\" \/>\n\t<meta property=\"og:image:type\" content=\"image\/jpeg\" \/>\n<meta name=\"author\" content=\"US6\" \/>\n<meta name=\"twitter:card\" content=\"summary_large_image\" \/>\n<meta name=\"twitter:label1\" content=\"Written by\" \/>\n\t<meta name=\"twitter:data1\" content=\"US6\" \/>\n\t<meta name=\"twitter:label2\" content=\"Est. reading time\" \/>\n\t<meta name=\"twitter:data2\" content=\"1 minute\" \/>\n<script type=\"application\/ld+json\" class=\"yoast-schema-graph\">{\"@context\":\"https:\/\/schema.org\",\"@graph\":[{\"@type\":\"WebPage\",\"@id\":\"https:\/\/veritasinfo.org\/?p=11794\",\"url\":\"https:\/\/veritasinfo.org\/?p=11794\",\"name\":\"LDK nis gar\u00ebn p\u00ebr zgjedhjet lokale me thirrje p\u00ebr nj\u00eb rrug\u00ebtim t\u00eb ri -\",\"isPartOf\":{\"@id\":\"https:\/\/veritasinfo.org\/#website\"},\"primaryImageOfPage\":{\"@id\":\"https:\/\/veritasinfo.org\/?p=11794#primaryimage\"},\"image\":{\"@id\":\"https:\/\/veritasinfo.org\/?p=11794#primaryimage\"},\"thumbnailUrl\":\"https:\/\/veritasinfo.org\/wp-content\/uploads\/2025\/09\/Screenshot-2025-09-13-194625.jpg\",\"datePublished\":\"2025-09-13T17:48:11+00:00\",\"author\":{\"@id\":\"https:\/\/veritasinfo.org\/#\/schema\/person\/fe199eede04c3937362892b7444747cc\"},\"breadcrumb\":{\"@id\":\"https:\/\/veritasinfo.org\/?p=11794#breadcrumb\"},\"inLanguage\":\"en-US\",\"potentialAction\":[{\"@type\":\"ReadAction\",\"target\":[\"https:\/\/veritasinfo.org\/?p=11794\"]}]},{\"@type\":\"ImageObject\",\"inLanguage\":\"en-US\",\"@id\":\"https:\/\/veritasinfo.org\/?p=11794#primaryimage\",\"url\":\"https:\/\/veritasinfo.org\/wp-content\/uploads\/2025\/09\/Screenshot-2025-09-13-194625.jpg\",\"contentUrl\":\"https:\/\/veritasinfo.org\/wp-content\/uploads\/2025\/09\/Screenshot-2025-09-13-194625.jpg\",\"width\":1225,\"height\":774},{\"@type\":\"BreadcrumbList\",\"@id\":\"https:\/\/veritasinfo.org\/?p=11794#breadcrumb\",\"itemListElement\":[{\"@type\":\"ListItem\",\"position\":1,\"name\":\"Home\",\"item\":\"https:\/\/veritasinfo.org\/\"},{\"@type\":\"ListItem\",\"position\":2,\"name\":\"LDK nis gar\u00ebn p\u00ebr zgjedhjet lokale me thirrje p\u00ebr nj\u00eb rrug\u00ebtim t\u00eb ri\"}]},{\"@type\":\"WebSite\",\"@id\":\"https:\/\/veritasinfo.org\/#website\",\"url\":\"https:\/\/veritasinfo.org\/\",\"name\":\"\",\"description\":\"\",\"potentialAction\":[{\"@type\":\"SearchAction\",\"target\":{\"@type\":\"EntryPoint\",\"urlTemplate\":\"https:\/\/veritasinfo.org\/?s={search_term_string}\"},\"query-input\":{\"@type\":\"PropertyValueSpecification\",\"valueRequired\":true,\"valueName\":\"search_term_string\"}}],\"inLanguage\":\"en-US\"},{\"@type\":\"Person\",\"@id\":\"https:\/\/veritasinfo.org\/#\/schema\/person\/fe199eede04c3937362892b7444747cc\",\"name\":\"US6\",\"image\":{\"@type\":\"ImageObject\",\"inLanguage\":\"en-US\",\"@id\":\"https:\/\/veritasinfo.org\/#\/schema\/person\/image\/\",\"url\":\"https:\/\/secure.gravatar.com\/avatar\/cb16c3c31c9d23b9b8c705964598220b3014e42ff51eb540ff23cefa3ae8c15f?s=96&d=mm&r=g\",\"contentUrl\":\"https:\/\/secure.gravatar.com\/avatar\/cb16c3c31c9d23b9b8c705964598220b3014e42ff51eb540ff23cefa3ae8c15f?s=96&d=mm&r=g\",\"caption\":\"US6\"},\"url\":\"https:\/\/veritasinfo.org\/?author=7\"}]}<\/script>\n<!-- \/ Yoast SEO plugin. -->","yoast_head_json":{"title":"LDK nis gar\u00ebn p\u00ebr zgjedhjet lokale me thirrje p\u00ebr nj\u00eb rrug\u00ebtim t\u00eb ri -","robots":{"index":"index","follow":"follow","max-snippet":"max-snippet:-1","max-image-preview":"max-image-preview:large","max-video-preview":"max-video-preview:-1"},"canonical":"https:\/\/veritasinfo.org\/?p=11794","og_locale":"en_US","og_type":"article","og_title":"LDK nis gar\u00ebn p\u00ebr zgjedhjet lokale me thirrje p\u00ebr nj\u00eb rrug\u00ebtim t\u00eb ri -","og_description":"Prishtin\u00eb, 13 shtator Lidhja Demokratike e Kosov\u00ebs (LDK) ka hapur sot fushat\u00ebn p\u00ebr zgjedhjet lokale t\u00eb 12 tetorit me nj\u00eb tubim qendror n\u00eb Prishtin\u00eb. Kryetari","og_url":"https:\/\/veritasinfo.org\/?p=11794","article_published_time":"2025-09-13T17:48:11+00:00","og_image":[{"width":1225,"height":774,"url":"https:\/\/veritasinfo.org\/wp-content\/uploads\/2025\/09\/Screenshot-2025-09-13-194625.jpg","type":"image\/jpeg"}],"author":"US6","twitter_card":"summary_large_image","twitter_misc":{"Written by":"US6","Est. reading time":"1 minute"},"schema":{"@context":"https:\/\/schema.org","@graph":[{"@type":"WebPage","@id":"https:\/\/veritasinfo.org\/?p=11794","url":"https:\/\/veritasinfo.org\/?p=11794","name":"LDK nis gar\u00ebn p\u00ebr zgjedhjet lokale me thirrje p\u00ebr nj\u00eb rrug\u00ebtim t\u00eb ri -","isPartOf":{"@id":"https:\/\/veritasinfo.org\/#website"},"primaryImageOfPage":{"@id":"https:\/\/veritasinfo.org\/?p=11794#primaryimage"},"image":{"@id":"https:\/\/veritasinfo.org\/?p=11794#primaryimage"},"thumbnailUrl":"https:\/\/veritasinfo.org\/wp-content\/uploads\/2025\/09\/Screenshot-2025-09-13-194625.jpg","datePublished":"2025-09-13T17:48:11+00:00","author":{"@id":"https:\/\/veritasinfo.org\/#\/schema\/person\/fe199eede04c3937362892b7444747cc"},"breadcrumb":{"@id":"https:\/\/veritasinfo.org\/?p=11794#breadcrumb"},"inLanguage":"en-US","potentialAction":[{"@type":"ReadAction","target":["https:\/\/veritasinfo.org\/?p=11794"]}]},{"@type":"ImageObject","inLanguage":"en-US","@id":"https:\/\/veritasinfo.org\/?p=11794#primaryimage","url":"https:\/\/veritasinfo.org\/wp-content\/uploads\/2025\/09\/Screenshot-2025-09-13-194625.jpg","contentUrl":"https:\/\/veritasinfo.org\/wp-content\/uploads\/2025\/09\/Screenshot-2025-09-13-194625.jpg","width":1225,"height":774},{"@type":"BreadcrumbList","@id":"https:\/\/veritasinfo.org\/?p=11794#breadcrumb","itemListElement":[{"@type":"ListItem","position":1,"name":"Home","item":"https:\/\/veritasinfo.org\/"},{"@type":"ListItem","position":2,"name":"LDK nis gar\u00ebn p\u00ebr zgjedhjet lokale me thirrje p\u00ebr nj\u00eb rrug\u00ebtim t\u00eb ri"}]},{"@type":"WebSite","@id":"https:\/\/veritasinfo.org\/#website","url":"https:\/\/veritasinfo.org\/","name":"","description":"","potentialAction":[{"@type":"SearchAction","target":{"@type":"EntryPoint","urlTemplate":"https:\/\/veritasinfo.org\/?s={search_term_string}"},"query-input":{"@type":"PropertyValueSpecification","valueRequired":true,"valueName":"search_term_string"}}],"inLanguage":"en-US"},{"@type":"Person","@id":"https:\/\/veritasinfo.org\/#\/schema\/person\/fe199eede04c3937362892b7444747cc","name":"US6","image":{"@type":"ImageObject","inLanguage":"en-US","@id":"https:\/\/veritasinfo.org\/#\/schema\/person\/image\/","url":"https:\/\/secure.gravatar.com\/avatar\/cb16c3c31c9d23b9b8c705964598220b3014e42ff51eb540ff23cefa3ae8c15f?s=96&d=mm&r=g","contentUrl":"https:\/\/secure.gravatar.com\/avatar\/cb16c3c31c9d23b9b8c705964598220b3014e42ff51eb540ff23cefa3ae8c15f?s=96&d=mm&r=g","caption":"US6"},"url":"https:\/\/veritasinfo.org\/?author=7"}]}},"featured_image_urls":{"full":["https:\/\/veritasinfo.org\/wp-content\/uploads\/2025\/09\/Screenshot-2025-09-13-194625.jpg",1225,774,false],"thumbnail":["https:\/\/veritasinfo.org\/wp-content\/uploads\/2025\/09\/Screenshot-2025-09-13-194625-150x150.jpg",150,150,true],"medium":["https:\/\/veritasinfo.org\/wp-content\/uploads\/2025\/09\/Screenshot-2025-09-13-194625-300x190.jpg",300,190,true],"medium_large":["https:\/\/veritasinfo.org\/wp-content\/uploads\/2025\/09\/Screenshot-2025-09-13-194625-768x485.jpg",640,404,true],"large":["https:\/\/veritasinfo.org\/wp-content\/uploads\/2025\/09\/Screenshot-2025-09-13-194625-1024x647.jpg",640,404,true],"1536x1536":["https:\/\/veritasinfo.org\/wp-content\/uploads\/2025\/09\/Screenshot-2025-09-13-194625.jpg",1225,774,false],"2048x2048":["https:\/\/veritasinfo.org\/wp-content\/uploads\/2025\/09\/Screenshot-2025-09-13-194625.jpg",1225,774,false],"kreeti-slider-full":["https:\/\/veritasinfo.org\/wp-content\/uploads\/2025\/09\/Screenshot-2025-09-13-194625.jpg",1140,720,false],"kreeti-featured":["https:\/\/veritasinfo.org\/wp-content\/uploads\/2025\/09\/Screenshot-2025-09-13-194625.jpg",1024,647,false],"kreeti-medium":["https:\/\/veritasinfo.org\/wp-content\/uploads\/2025\/09\/Screenshot-2025-09-13-194625.jpg",720,455,false],"kreeti-medium-square":["https:\/\/veritasinfo.org\/wp-content\/uploads\/2025\/09\/Screenshot-2025-09-13-194625.jpg",350,221,false]},"author_info":{"info":["US6"]},"category_info":"<a href=\"https:\/\/veritasinfo.org\/?cat=8\" rel=\"category\">Zgjedhjet parlamentare 2025<\/a>","tag_info":"Zgjedhjet parlamentare 2025","comment_count":"0","_links":{"self":[{"href":"https:\/\/veritasinfo.org\/index.php?rest_route=\/wp\/v2\/posts\/11794","targetHints":{"allow":["GET"]}}],"collection":[{"href":"https:\/\/veritasinfo.org\/index.php?rest_route=\/wp\/v2\/posts"}],"about":[{"href":"https:\/\/veritasinfo.org\/index.php?rest_route=\/wp\/v2\/types\/post"}],"author":[{"embeddable":true,"href":"https:\/\/veritasinfo.org\/index.php?rest_route=\/wp\/v2\/users\/7"}],"replies":[{"embeddable":true,"href":"https:\/\/veritasinfo.org\/index.php?rest_route=%2Fwp%2Fv2%2Fcomments&post=11794"}],"version-history":[{"count":1,"href":"https:\/\/veritasinfo.org\/index.php?rest_route=\/wp\/v2\/posts\/11794\/revisions"}],"predecessor-version":[{"id":11796,"href":"https:\/\/veritasinfo.org\/index.php?rest_route=\/wp\/v2\/posts\/11794\/revisions\/11796"}],"wp:featuredmedia":[{"embeddable":true,"href":"https:\/\/veritasinfo.org\/index.php?rest_route=\/wp\/v2\/media\/11795"}],"wp:attachment":[{"href":"https:\/\/veritasinfo.org\/index.php?rest_route=%2Fwp%2Fv2%2Fmedia&parent=11794"}],"wp:term":[{"taxonomy":"category","embeddable":true,"href":"https:\/\/veritasinfo.org\/index.php?rest_route=%2Fwp%2Fv2%2Fcategories&post=11794"},{"taxonomy":"post_tag","embeddable":true,"href":"https:\/\/veritasinfo.org\/index.php?rest_route=%2Fwp%2Fv2%2Ftags&post=11794"}],"curies":[{"name":"wp","href":"https:\/\/api.w.org\/{rel}","templated":true}]}}