{"id":11755,"date":"2025-09-13T17:23:19","date_gmt":"2025-09-13T15:23:19","guid":{"rendered":"https:\/\/veritasinfo.org\/?p=11755"},"modified":"2025-09-13T17:23:19","modified_gmt":"2025-09-13T15:23:19","slug":"hari-bajraktari-ne-gurajte-kosovo-da-postane-nova-bosna","status":"publish","type":"post","link":"https:\/\/veritasinfo.org\/?p=11755&lang=sr","title":{"rendered":"Hari Bajraktari: Ne gurajte Kosovo da postane nova Bosna"},"content":{"rendered":"<p data-start=\"137\" data-end=\"164\"><strong data-start=\"137\" data-end=\"164\">Pri\u0161tina, 13. septembar<\/strong><\/p>\n<p data-start=\"166\" data-end=\"325\">Ne treba Balkanu jo\u0161 jedna nefunkcionalna dr\u017eava \u2013 Sjedinjene Ameri\u010dke Dr\u017eave su u pravu u principu, ali ne bi trebalo da kazne Kosovo, koje je verni saveznik.<\/p>\n<p data-start=\"327\" data-end=\"564\">Ne treba jo\u0161 jedna nefunkcionalna dr\u017eava na Balkanu \u2013 SAD su u pravu kada izra\u017eavaju zabrinutost, ali ne bi trebalo da kazne Kosovo, koje ostaje dosledan i lojalan saveznik, dok favorizuju Srbiju koja se otvoreno svrstala uz Kinu i Iran.<\/p>\n<p data-start=\"566\" data-end=\"592\">Vest da su Sjedinjene Ameri\u010dke Dr\u017eave suspendovale Strate\u0161ki dijalog na neodre\u0111eno vreme je lo\u0161a za Kosovo.<br data-start=\"701\" data-end=\"704\" \/>Narod Kosova to sigurno ne zaslu\u017euje. To je najproameri\u010dkiji narod na svetu, sa nepokolebljivom posve\u0107eno\u0161\u0107u miru, stabilnosti i demokratiji.<\/p>\n<p data-start=\"849\" data-end=\"1180\">Gra\u0111ani su jasno izrazili svoju volju na poslednjim nacionalnim izborima i s pravom su o\u010dekivali da izabrani poslanici preuzmu odgovornost \u2013 da formiraju novu vladu i fokusiraju se na svoj najva\u017eniji zadatak: da slu\u017ee Kosovu. Na\u017ealost, izgubljeni su meseci u besmislenim politi\u010dkim ritualima umesto da se donesu prakti\u010dne odluke.<\/p>\n<p data-start=\"1182\" data-end=\"1417\">Odgovornost za ovaj neuspeh snose sve politi\u010dke partije. SAD imaju pravo da izraze zabrinutost zbog trenutnih de\u0161avanja. Ipak, bojim se da, uprkos dobrim namerama, Va\u0161ington rizikuje da gurne Kosovo ka situaciji sli\u010dnoj onoj u Bosni.<\/p>\n<p data-start=\"1419\" data-end=\"1760\">Na prvi pogled, zahtevi Srpske liste mogu delovati kao legitimno predstavljanje ose\u0107anja srpske zajednice. U stvarnosti, oni dominiraju srpskim glasovima koriste\u0107i zastra\u0161ivanje i nepo\u0161ten pritisak. Njihov poslednji zahtev Ustavnom sudu vi\u0161e izgleda kao poku\u0161aj da se stvori dodatna nefunkcionalnost na Kosovu koriste\u0107i pravne tehnikalije.<\/p>\n<p data-start=\"1762\" data-end=\"2082\">Na Balkanu ve\u0107 imamo nefunkcionalnu dr\u017eavu \u2013 Bosnu i Hercegovinu, zbog entiteta Republika Srpska koji podr\u017eava Beograd. Dozvoljavanje Srpskoj listi da blokira kosovske institucije ne\u0107e pobolj\u0161ati uslove za srpsku zajednicu \u2013 samo \u0107e dati predsedniku Vu\u010di\u0107u jo\u0161 jedan kanal za me\u0161anje i stvaranje dodatne nestabilnosti.<\/p>\n<p data-start=\"2084\" data-end=\"2413\">Kosovo ima svoje probleme i njegova vlada mora biti otvorenija i spremnija da sara\u0111uje sa svojim najve\u0107im saveznikom, ali nema sumnje gde le\u017ei njena lojalnost. Privremeni premijer Albin Kurti i sve politi\u010dke partije na Kosovu podr\u017eale su napad predsednika Donalda Trampa na Iran i pozdravile njegovu politiku \u201emira kroz snagu\u201c.<\/p>\n<p data-start=\"2415\" data-end=\"2587\">Isto se ne mo\u017ee re\u0107i za predsednika Vu\u010di\u0107a i Srbiju. Trampova odluka je javno kritikovana u Beogradu, dok je Srbija ponovo istakla svoje prijateljstvo sa re\u017eimom u Iranu.<\/p>\n<p data-start=\"2589\" data-end=\"2851\">Vu\u010di\u0107 se upravo vratio iz Kine, gde se pridru\u017eio diktatorima Siju, Putinu, Kimu i drugim svetskim liderima u politi\u010dkom performansu protiv uloge Amerike u svetu. Srbija je \u010dak sprovela i zajedni\u010dke vojne ve\u017ebe sa Kinom, \u0161alju\u0107i signal o sve bli\u017eem partnerstvu.<\/p>\n<p data-start=\"2853\" data-end=\"3021\">Srpska lista je potpuno pod Vu\u010di\u0107evom kontrolom i bez obzira koliko me\u0111unarodna zajednica i Kosovo budu ispunjavali njihove zahteve, oni \u0107e uvek na\u0107i razlog za \u017ealbu.<\/p>\n<p data-start=\"3023\" data-end=\"3289\">Pre pet godina, predsednik Vu\u010di\u0107 je potpisao sporazum sa predsednikom Trampom u Ovalnoj kancelariji i od tada je prekr\u0161io gotovo svaku ta\u010dku i obe\u0107anje iz tog sporazuma. Ipak, Ambasada SAD u Beogradu nikada nije uputila ni najmanju kritiku zbog njegovih postupaka.<\/p>\n<p data-start=\"3291\" data-end=\"3501\">U tom kontekstu, suspenzija Strate\u0161kog dijaloga sa Kosovom \u2013 dok se planira otvaranje takvog dijaloga sa Srbijom do kraja godine \u2013 deluje veoma neuravnote\u017eeno i ne ide u prilog ameri\u010dkim interesima u regionu.<\/p>\n<p data-start=\"3503\" data-end=\"3743\">Pozdravljam reakciju predsednice Vjose Osmani i nadam se da \u0107e SAD i Kosovo \u2013 bilo pod ovom ili nekom budu\u0107om vladom \u2013 preduzeti neophodne korake za ponovno pokretanje Strate\u0161kog dijaloga u interesu mira i stabilnosti na Balkanu i u Evropi.<\/p>\n<p>&nbsp;<\/p>\n","protected":false},"excerpt":{"rendered":"<p>Pri\u0161tina, 13. septembar Ne treba Balkanu jo\u0161 jedna nefunkcionalna dr\u017eava \u2013 Sjedinjene Ameri\u010dke Dr\u017eave su u pravu u principu, ali ne bi trebalo da kazne<\/p>\n","protected":false},"author":7,"featured_media":11753,"comment_status":"open","ping_status":"open","sticky":false,"template":"","format":"standard","meta":{"footnotes":""},"categories":[28],"tags":[],"class_list":["post-11755","post","type-post","status-publish","format-standard","has-post-thumbnail","hentry","category-politika"],"yoast_head":"<!-- This site is optimized with the Yoast SEO plugin v25.3.1 - https:\/\/yoast.com\/wordpress\/plugins\/seo\/ -->\n<title>Hari Bajraktari: Ne gurajte Kosovo da postane nova Bosna -<\/title>\n<meta name=\"robots\" content=\"index, follow, max-snippet:-1, max-image-preview:large, max-video-preview:-1\" \/>\n<link rel=\"canonical\" href=\"https:\/\/veritasinfo.org\/?p=11755&lang=sr\" \/>\n<meta property=\"og:locale\" content=\"en_US\" \/>\n<meta property=\"og:type\" content=\"article\" \/>\n<meta property=\"og:title\" content=\"Hari Bajraktari: Ne gurajte Kosovo da postane nova Bosna -\" \/>\n<meta property=\"og:description\" content=\"Pri\u0161tina, 13. septembar Ne treba Balkanu jo\u0161 jedna nefunkcionalna dr\u017eava \u2013 Sjedinjene Ameri\u010dke Dr\u017eave su u pravu u principu, ali ne bi trebalo da kazne\" \/>\n<meta property=\"og:url\" content=\"https:\/\/veritasinfo.org\/?p=11755&amp;lang=sr\" \/>\n<meta property=\"article:published_time\" content=\"2025-09-13T15:23:19+00:00\" \/>\n<meta property=\"og:image\" content=\"https:\/\/veritasinfo.org\/wp-content\/uploads\/2025\/09\/auto_Harry_Bajraktari_foto1611165187.jpg\" \/>\n\t<meta property=\"og:image:width\" content=\"850\" \/>\n\t<meta property=\"og:image:height\" content=\"1032\" \/>\n\t<meta property=\"og:image:type\" content=\"image\/jpeg\" \/>\n<meta name=\"author\" content=\"US6\" \/>\n<meta name=\"twitter:card\" content=\"summary_large_image\" \/>\n<meta name=\"twitter:label1\" content=\"Written by\" \/>\n\t<meta name=\"twitter:data1\" content=\"US6\" \/>\n\t<meta name=\"twitter:label2\" content=\"Est. reading time\" \/>\n\t<meta name=\"twitter:data2\" content=\"3 minutes\" \/>\n<script type=\"application\/ld+json\" class=\"yoast-schema-graph\">{\"@context\":\"https:\/\/schema.org\",\"@graph\":[{\"@type\":\"WebPage\",\"@id\":\"https:\/\/veritasinfo.org\/?p=11755&lang=sr\",\"url\":\"https:\/\/veritasinfo.org\/?p=11755&lang=sr\",\"name\":\"Hari Bajraktari: Ne gurajte Kosovo da postane nova Bosna -\",\"isPartOf\":{\"@id\":\"https:\/\/veritasinfo.org\/#website\"},\"primaryImageOfPage\":{\"@id\":\"https:\/\/veritasinfo.org\/?p=11755&lang=sr#primaryimage\"},\"image\":{\"@id\":\"https:\/\/veritasinfo.org\/?p=11755&lang=sr#primaryimage\"},\"thumbnailUrl\":\"https:\/\/veritasinfo.org\/wp-content\/uploads\/2025\/09\/auto_Harry_Bajraktari_foto1611165187.jpg\",\"datePublished\":\"2025-09-13T15:23:19+00:00\",\"author\":{\"@id\":\"https:\/\/veritasinfo.org\/#\/schema\/person\/fe199eede04c3937362892b7444747cc\"},\"breadcrumb\":{\"@id\":\"https:\/\/veritasinfo.org\/?p=11755&lang=sr#breadcrumb\"},\"inLanguage\":\"en-US\",\"potentialAction\":[{\"@type\":\"ReadAction\",\"target\":[\"https:\/\/veritasinfo.org\/?p=11755&lang=sr\"]}]},{\"@type\":\"ImageObject\",\"inLanguage\":\"en-US\",\"@id\":\"https:\/\/veritasinfo.org\/?p=11755&lang=sr#primaryimage\",\"url\":\"https:\/\/veritasinfo.org\/wp-content\/uploads\/2025\/09\/auto_Harry_Bajraktari_foto1611165187.jpg\",\"contentUrl\":\"https:\/\/veritasinfo.org\/wp-content\/uploads\/2025\/09\/auto_Harry_Bajraktari_foto1611165187.jpg\",\"width\":850,\"height\":1032},{\"@type\":\"BreadcrumbList\",\"@id\":\"https:\/\/veritasinfo.org\/?p=11755&lang=sr#breadcrumb\",\"itemListElement\":[{\"@type\":\"ListItem\",\"position\":1,\"name\":\"Home\",\"item\":\"https:\/\/veritasinfo.org\/\"},{\"@type\":\"ListItem\",\"position\":2,\"name\":\"Hari Bajraktari: Ne gurajte Kosovo da postane nova Bosna\"}]},{\"@type\":\"WebSite\",\"@id\":\"https:\/\/veritasinfo.org\/#website\",\"url\":\"https:\/\/veritasinfo.org\/\",\"name\":\"\",\"description\":\"\",\"potentialAction\":[{\"@type\":\"SearchAction\",\"target\":{\"@type\":\"EntryPoint\",\"urlTemplate\":\"https:\/\/veritasinfo.org\/?s={search_term_string}\"},\"query-input\":{\"@type\":\"PropertyValueSpecification\",\"valueRequired\":true,\"valueName\":\"search_term_string\"}}],\"inLanguage\":\"en-US\"},{\"@type\":\"Person\",\"@id\":\"https:\/\/veritasinfo.org\/#\/schema\/person\/fe199eede04c3937362892b7444747cc\",\"name\":\"US6\",\"image\":{\"@type\":\"ImageObject\",\"inLanguage\":\"en-US\",\"@id\":\"https:\/\/veritasinfo.org\/#\/schema\/person\/image\/\",\"url\":\"https:\/\/secure.gravatar.com\/avatar\/cb16c3c31c9d23b9b8c705964598220b3014e42ff51eb540ff23cefa3ae8c15f?s=96&d=mm&r=g\",\"contentUrl\":\"https:\/\/secure.gravatar.com\/avatar\/cb16c3c31c9d23b9b8c705964598220b3014e42ff51eb540ff23cefa3ae8c15f?s=96&d=mm&r=g\",\"caption\":\"US6\"},\"url\":\"https:\/\/veritasinfo.org\/?author=7\"}]}<\/script>\n<!-- \/ Yoast SEO plugin. -->","yoast_head_json":{"title":"Hari Bajraktari: Ne gurajte Kosovo da postane nova Bosna -","robots":{"index":"index","follow":"follow","max-snippet":"max-snippet:-1","max-image-preview":"max-image-preview:large","max-video-preview":"max-video-preview:-1"},"canonical":"https:\/\/veritasinfo.org\/?p=11755&lang=sr","og_locale":"en_US","og_type":"article","og_title":"Hari Bajraktari: Ne gurajte Kosovo da postane nova Bosna -","og_description":"Pri\u0161tina, 13. septembar Ne treba Balkanu jo\u0161 jedna nefunkcionalna dr\u017eava \u2013 Sjedinjene Ameri\u010dke Dr\u017eave su u pravu u principu, ali ne bi trebalo da kazne","og_url":"https:\/\/veritasinfo.org\/?p=11755&lang=sr","article_published_time":"2025-09-13T15:23:19+00:00","og_image":[{"width":850,"height":1032,"url":"https:\/\/veritasinfo.org\/wp-content\/uploads\/2025\/09\/auto_Harry_Bajraktari_foto1611165187.jpg","type":"image\/jpeg"}],"author":"US6","twitter_card":"summary_large_image","twitter_misc":{"Written by":"US6","Est. reading time":"3 minutes"},"schema":{"@context":"https:\/\/schema.org","@graph":[{"@type":"WebPage","@id":"https:\/\/veritasinfo.org\/?p=11755&lang=sr","url":"https:\/\/veritasinfo.org\/?p=11755&lang=sr","name":"Hari Bajraktari: Ne gurajte Kosovo da postane nova Bosna -","isPartOf":{"@id":"https:\/\/veritasinfo.org\/#website"},"primaryImageOfPage":{"@id":"https:\/\/veritasinfo.org\/?p=11755&lang=sr#primaryimage"},"image":{"@id":"https:\/\/veritasinfo.org\/?p=11755&lang=sr#primaryimage"},"thumbnailUrl":"https:\/\/veritasinfo.org\/wp-content\/uploads\/2025\/09\/auto_Harry_Bajraktari_foto1611165187.jpg","datePublished":"2025-09-13T15:23:19+00:00","author":{"@id":"https:\/\/veritasinfo.org\/#\/schema\/person\/fe199eede04c3937362892b7444747cc"},"breadcrumb":{"@id":"https:\/\/veritasinfo.org\/?p=11755&lang=sr#breadcrumb"},"inLanguage":"en-US","potentialAction":[{"@type":"ReadAction","target":["https:\/\/veritasinfo.org\/?p=11755&lang=sr"]}]},{"@type":"ImageObject","inLanguage":"en-US","@id":"https:\/\/veritasinfo.org\/?p=11755&lang=sr#primaryimage","url":"https:\/\/veritasinfo.org\/wp-content\/uploads\/2025\/09\/auto_Harry_Bajraktari_foto1611165187.jpg","contentUrl":"https:\/\/veritasinfo.org\/wp-content\/uploads\/2025\/09\/auto_Harry_Bajraktari_foto1611165187.jpg","width":850,"height":1032},{"@type":"BreadcrumbList","@id":"https:\/\/veritasinfo.org\/?p=11755&lang=sr#breadcrumb","itemListElement":[{"@type":"ListItem","position":1,"name":"Home","item":"https:\/\/veritasinfo.org\/"},{"@type":"ListItem","position":2,"name":"Hari Bajraktari: Ne gurajte Kosovo da postane nova Bosna"}]},{"@type":"WebSite","@id":"https:\/\/veritasinfo.org\/#website","url":"https:\/\/veritasinfo.org\/","name":"","description":"","potentialAction":[{"@type":"SearchAction","target":{"@type":"EntryPoint","urlTemplate":"https:\/\/veritasinfo.org\/?s={search_term_string}"},"query-input":{"@type":"PropertyValueSpecification","valueRequired":true,"valueName":"search_term_string"}}],"inLanguage":"en-US"},{"@type":"Person","@id":"https:\/\/veritasinfo.org\/#\/schema\/person\/fe199eede04c3937362892b7444747cc","name":"US6","image":{"@type":"ImageObject","inLanguage":"en-US","@id":"https:\/\/veritasinfo.org\/#\/schema\/person\/image\/","url":"https:\/\/secure.gravatar.com\/avatar\/cb16c3c31c9d23b9b8c705964598220b3014e42ff51eb540ff23cefa3ae8c15f?s=96&d=mm&r=g","contentUrl":"https:\/\/secure.gravatar.com\/avatar\/cb16c3c31c9d23b9b8c705964598220b3014e42ff51eb540ff23cefa3ae8c15f?s=96&d=mm&r=g","caption":"US6"},"url":"https:\/\/veritasinfo.org\/?author=7"}]}},"featured_image_urls":{"full":["https:\/\/veritasinfo.org\/wp-content\/uploads\/2025\/09\/auto_Harry_Bajraktari_foto1611165187.jpg",850,1032,false],"thumbnail":["https:\/\/veritasinfo.org\/wp-content\/uploads\/2025\/09\/auto_Harry_Bajraktari_foto1611165187-150x150.jpg",150,150,true],"medium":["https:\/\/veritasinfo.org\/wp-content\/uploads\/2025\/09\/auto_Harry_Bajraktari_foto1611165187-247x300.jpg",247,300,true],"medium_large":["https:\/\/veritasinfo.org\/wp-content\/uploads\/2025\/09\/auto_Harry_Bajraktari_foto1611165187-768x932.jpg",640,777,true],"large":["https:\/\/veritasinfo.org\/wp-content\/uploads\/2025\/09\/auto_Harry_Bajraktari_foto1611165187-843x1024.jpg",640,777,true],"1536x1536":["https:\/\/veritasinfo.org\/wp-content\/uploads\/2025\/09\/auto_Harry_Bajraktari_foto1611165187.jpg",850,1032,false],"2048x2048":["https:\/\/veritasinfo.org\/wp-content\/uploads\/2025\/09\/auto_Harry_Bajraktari_foto1611165187.jpg",850,1032,false],"kreeti-slider-full":["https:\/\/veritasinfo.org\/wp-content\/uploads\/2025\/09\/auto_Harry_Bajraktari_foto1611165187.jpg",593,720,false],"kreeti-featured":["https:\/\/veritasinfo.org\/wp-content\/uploads\/2025\/09\/auto_Harry_Bajraktari_foto1611165187.jpg",850,1032,false],"kreeti-medium":["https:\/\/veritasinfo.org\/wp-content\/uploads\/2025\/09\/auto_Harry_Bajraktari_foto1611165187.jpg",437,530,false],"kreeti-medium-square":["https:\/\/veritasinfo.org\/wp-content\/uploads\/2025\/09\/auto_Harry_Bajraktari_foto1611165187.jpg",288,350,false]},"author_info":{"info":["US6"]},"category_info":"<a href=\"https:\/\/veritasinfo.org\/?cat=28&#038;lang=sr\" rel=\"category\">Politika<\/a>","tag_info":"Politika","comment_count":"0","_links":{"self":[{"href":"https:\/\/veritasinfo.org\/index.php?rest_route=\/wp\/v2\/posts\/11755","targetHints":{"allow":["GET"]}}],"collection":[{"href":"https:\/\/veritasinfo.org\/index.php?rest_route=\/wp\/v2\/posts"}],"about":[{"href":"https:\/\/veritasinfo.org\/index.php?rest_route=\/wp\/v2\/types\/post"}],"author":[{"embeddable":true,"href":"https:\/\/veritasinfo.org\/index.php?rest_route=\/wp\/v2\/users\/7"}],"replies":[{"embeddable":true,"href":"https:\/\/veritasinfo.org\/index.php?rest_route=%2Fwp%2Fv2%2Fcomments&post=11755"}],"version-history":[{"count":1,"href":"https:\/\/veritasinfo.org\/index.php?rest_route=\/wp\/v2\/posts\/11755\/revisions"}],"predecessor-version":[{"id":11756,"href":"https:\/\/veritasinfo.org\/index.php?rest_route=\/wp\/v2\/posts\/11755\/revisions\/11756"}],"wp:featuredmedia":[{"embeddable":true,"href":"https:\/\/veritasinfo.org\/index.php?rest_route=\/wp\/v2\/media\/11753"}],"wp:attachment":[{"href":"https:\/\/veritasinfo.org\/index.php?rest_route=%2Fwp%2Fv2%2Fmedia&parent=11755"}],"wp:term":[{"taxonomy":"category","embeddable":true,"href":"https:\/\/veritasinfo.org\/index.php?rest_route=%2Fwp%2Fv2%2Fcategories&post=11755"},{"taxonomy":"post_tag","embeddable":true,"href":"https:\/\/veritasinfo.org\/index.php?rest_route=%2Fwp%2Fv2%2Ftags&post=11755"}],"curies":[{"name":"wp","href":"https:\/\/api.w.org\/{rel}","templated":true}]}}