{"id":11752,"date":"2025-09-13T17:21:42","date_gmt":"2025-09-13T15:21:42","guid":{"rendered":"https:\/\/veritasinfo.org\/?p=11752"},"modified":"2025-09-13T17:21:42","modified_gmt":"2025-09-13T15:21:42","slug":"harry-bajraktari-mos-e-shtyni-kosoven-te-behet-nje-bosnje-tjeter","status":"publish","type":"post","link":"https:\/\/veritasinfo.org\/?p=11752","title":{"rendered":"Harry Bajraktari: Mos e shtyni Kosov\u00ebn t\u00eb b\u00ebhet nj\u00eb Bosnje tjet\u00ebr"},"content":{"rendered":"<p>Prishtin\u00eb, 13 shtator<\/p>\n<p>Nuk duhet nj\u00eb shtet i dyt\u00eb jofunksional n\u00eb Ballkan &#8211; Shtetet e Bashkuara kan\u00eb t\u00eb drejt\u00eb n\u00eb parim, por nuk duhet ta nd\u00ebshkojn\u00eb Kosov\u00ebn, \u00ebsht\u00eb nj\u00eb aleate besnike.<\/p>\n<p>Nuk duhet nj\u00eb shtet i dyt\u00eb jofunksional n\u00eb Ballkan \u2013 Shtetet e Bashkuara kan\u00eb t\u00eb drejt\u00eb n\u00eb parim, por nuk duhet ta nd\u00ebshkojn\u00eb Kosov\u00ebn, \u00ebsht\u00eb nj\u00eb aleate besnike, nd\u00ebrsa favorizojn\u00eb t\u00eb Serbis\u00eb q\u00eb \u00ebsht\u00eb rreshtuar hapur me Kin\u00ebn dhe Iranin.<\/p>\n<p>Njoftimi se Shtetet e Bashkuara kan\u00eb pezulluar p\u00ebr nj\u00eb koh\u00eb t\u00eb pacaktuar Dialogun Strategjik \u00ebsht\u00eb lajm i keq p\u00ebr Kosov\u00ebn.<\/p>\n<p>Populli i Kosov\u00ebs sigurisht nuk e meriton k\u00ebt\u00eb. Ai \u00ebsht\u00eb populli m\u00eb pro-amerikan n\u00eb bot\u00eb dhe p\u00ebrkushtimi i tij p\u00ebr paqe, stabilitet dhe demokraci \u00ebsht\u00eb i padiskutuesh\u00ebm.<\/p>\n<p>Populli e ka shprehur vullnetin e tij n\u00eb zgjedhjet e fundit komb\u00ebtare dhe me t\u00eb drejt\u00eb ka pritur q\u00eb ligjv\u00ebn\u00ebsit e zgjedhur t\u00eb b\u00ebjn\u00eb pun\u00ebn e tyre \u2014 t\u00eb formojn\u00eb nj\u00eb qeveri t\u00eb re dhe t\u00eb fokusohen tek detyra e tyre m\u00eb e r\u00ebnd\u00ebsishme: t\u2019i sh\u00ebrbejn\u00eb Kosov\u00ebs. \u00cbsht\u00eb fatkeq\u00ebsi q\u00eb shum\u00eb muaj u humb\u00ebn me rituale politike t\u00eb pakuptimta n\u00eb vend q\u00eb t\u00eb ecet p\u00ebrpara me vendime praktike.<\/p>\n<p>P\u00ebrgjegj\u00ebsia p\u00ebr k\u00ebt\u00eb d\u00ebshtim u takon t\u00eb gjitha partive politike. Shtetet e Bashkuara kan\u00eb t\u00eb drejt\u00eb t\u00eb shprehin shqet\u00ebsim p\u00ebr zhvillimet e fundit. Megjithat\u00eb, un\u00eb shqet\u00ebsohem se, pavar\u00ebsisht q\u00ebllimeve t\u00eb mira, Uashingtoni po rrezikon ta shtyj\u00eb Kosov\u00ebn drejt nj\u00eb situate t\u00eb ngjashme me at\u00eb t\u00eb Bosnj\u00ebs.<\/p>\n<p>N\u00eb pamje t\u00eb par\u00eb, k\u00ebrkesat e List\u00ebs Serbe mund t\u00eb duken si p\u00ebrfaq\u00ebsim i ndjenjave t\u00eb komunitetit serb. N\u00eb praktik\u00eb, ata dominojn\u00eb vot\u00ebn serbe duke p\u00ebrdorur frik\u00ebsime dhe presion t\u00eb padrejt\u00eb. K\u00ebrkesa e tyre e fundit pran\u00eb Gjykat\u00ebs Kushtetuese duket m\u00eb shum\u00eb si nj\u00eb p\u00ebrpjekje p\u00ebr t\u00eb krijuar m\u00eb shum\u00eb jofunksionalitet n\u00eb Kosov\u00eb duke shfryt\u00ebzuar teknikalitete.<\/p>\n<p>N\u00eb Ballkan, tashm\u00eb kemi nj\u00eb shtet jofunksional n\u00eb Bosnje p\u00ebr shkak t\u00eb Republika Srpska-s s\u00eb mb\u00ebshtetur nga Beogradi. Lejimi i List\u00ebs Serbe n\u00eb Kosov\u00eb q\u00eb t\u00eb paralizoj\u00eb institucionet shtet\u00ebrore nuk do t\u00eb p\u00ebrmir\u00ebsoj\u00eb kushtet e komunitetit serb \u2014 do t\u2019i jap\u00eb vet\u00ebm Presidentit Vu\u00e7i\u00e7 nj\u00eb rrug\u00eb t\u00eb re p\u00ebr t\u00eb nd\u00ebrhyr\u00eb dhe p\u00ebr t\u00eb krijuar m\u00eb shum\u00eb paq\u00ebndrueshm\u00ebri.<\/p>\n<p>Kosova ka problemet e veta dhe qeveria e saj duhet t\u00eb jet\u00eb m\u00eb e hapur dhe m\u00eb e gatshme t\u00eb bashk\u00ebpunoj\u00eb me aleatin e saj m\u00eb t\u00eb madh, por nuk ka asnj\u00eb dyshim se ku q\u00ebndron besnik\u00ebria e saj. Kryeministri kujdestar Albin Kurti dhe t\u00eb gjitha partit\u00eb politike n\u00eb Kosov\u00eb mb\u00ebshtet\u00ebn sulmin e Presidentit Donald Trump kund\u00ebr Iranit dhe p\u00ebrsh\u00ebndet\u00ebn politik\u00ebn e tij t\u00eb \u201cpaqes p\u00ebrmes forc\u00ebs.\u201d<\/p>\n<p>E nj\u00ebjta gj\u00eb nuk mund t\u00eb thuhet p\u00ebr Presidentin Vu\u00e7i\u00e7 dhe Serbin\u00eb. Vendimi i Trump-it u kritikua hapur n\u00eb Beograd dhe Serbia p\u00ebrs\u00ebri theksoi miq\u00ebsin\u00eb e saj me regjimin iranian.<\/p>\n<p>Vu\u00e7i\u00e7i sapo \u00ebsht\u00eb kthyer nga Kina, ku iu bashkua diktator\u00ebve Xi, Putin, Kim dhe lider\u00ebve t\u00eb tjer\u00eb bot\u00ebror\u00eb n\u00eb nj\u00eb shfaqje politike kund\u00ebr rolit t\u00eb Amerik\u00ebs n\u00eb bot\u00eb. Serbia madje ka zhvilluar edhe st\u00ebrvitje t\u00eb p\u00ebrbashk\u00ebta ushtarake me Kin\u00ebn, duke sinjalizuar nj\u00eb partneritet gjithnj\u00eb e m\u00eb t\u00eb ngusht\u00eb.<\/p>\n<p>Lista Serbe \u00ebsht\u00eb plot\u00ebsisht n\u00ebn kontrollin e Vu\u00e7i\u00e7it dhe, sado k\u00ebrkesat t\u2019i plot\u00ebsoj\u00eb komuniteti nd\u00ebrkomb\u00ebtar dhe Kosova, ajo p\u00ebrs\u00ebri do t\u00eb gjej\u00eb arsye p\u00ebr t\u2019u ankuar.<\/p>\n<p>Pes\u00eb vite m\u00eb par\u00eb, Presidenti Vu\u00e7i\u00e7 n\u00ebnshkroi nj\u00eb marr\u00ebveshje me Presidentin Trump n\u00eb Zyr\u00ebn Ovale dhe ka shkelur pothuajse \u00e7do pik\u00eb dhe premtim t\u00eb asaj marr\u00ebveshjeje. Megjithat\u00eb, nuk ka pasur as qortimin m\u00eb t\u00eb vog\u00ebl nga Ambasada e SHBA-s\u00eb n\u00eb Beograd p\u00ebr veprimet e tij.<\/p>\n<p>N\u00eb k\u00ebt\u00eb kontekst, pezullimi i Dialogut Strategjik me Kosov\u00ebn \u2014 nd\u00ebrsa planifikohet hapja e nj\u00eb t\u00eb till\u00eb me Serbin\u00eb, si\u00e7 pritet deri n\u00eb fund t\u00eb k\u00ebtij viti \u2014 duket shum\u00eb i pabalancuar dhe nuk i sh\u00ebrben interesave amerikane n\u00eb rajon.<\/p>\n<p>Un\u00eb p\u00ebrsh\u00ebndes reagimin e Presidentes Vjosa Osmani dhe shpresoj q\u00eb Shtetet e Bashkuara dhe Kosova \u2014 n\u00ebn qeverin\u00eb aktuale ose nj\u00eb qeveri t\u00eb ardhshme \u2014 t\u00eb nd\u00ebrmarrin hapat e nevojsh\u00ebm p\u00ebr t\u00eb rifilluar Dialogun Strategjik p\u00ebr hir t\u00eb paqes dhe stabilitetit n\u00eb Ballkan dhe Evrop\u00eb.<\/p>\n<p>&nbsp;<\/p>\n<p>&nbsp;<\/p>\n","protected":false},"excerpt":{"rendered":"<p>Prishtin\u00eb, 13 shtator Nuk duhet nj\u00eb shtet i dyt\u00eb jofunksional n\u00eb Ballkan &#8211; Shtetet e Bashkuara kan\u00eb t\u00eb drejt\u00eb n\u00eb parim, por nuk duhet ta<\/p>\n","protected":false},"author":7,"featured_media":11753,"comment_status":"open","ping_status":"open","sticky":false,"template":"","format":"standard","meta":{"footnotes":""},"categories":[58],"tags":[],"class_list":["post-11752","post","type-post","status-publish","format-standard","has-post-thumbnail","hentry","category-politike-sq"],"yoast_head":"<!-- This site is optimized with the Yoast SEO plugin v25.3.1 - https:\/\/yoast.com\/wordpress\/plugins\/seo\/ -->\n<title>Harry Bajraktari: Mos e shtyni Kosov\u00ebn t\u00eb b\u00ebhet nj\u00eb Bosnje tjet\u00ebr -<\/title>\n<meta name=\"robots\" content=\"index, follow, max-snippet:-1, max-image-preview:large, max-video-preview:-1\" \/>\n<link rel=\"canonical\" href=\"https:\/\/veritasinfo.org\/?p=11752\" \/>\n<meta property=\"og:locale\" content=\"en_US\" \/>\n<meta property=\"og:type\" content=\"article\" \/>\n<meta property=\"og:title\" content=\"Harry Bajraktari: Mos e shtyni Kosov\u00ebn t\u00eb b\u00ebhet nj\u00eb Bosnje tjet\u00ebr -\" \/>\n<meta property=\"og:description\" content=\"Prishtin\u00eb, 13 shtator Nuk duhet nj\u00eb shtet i dyt\u00eb jofunksional n\u00eb Ballkan &#8211; Shtetet e Bashkuara kan\u00eb t\u00eb drejt\u00eb n\u00eb parim, por nuk duhet ta\" \/>\n<meta property=\"og:url\" content=\"https:\/\/veritasinfo.org\/?p=11752\" \/>\n<meta property=\"article:published_time\" content=\"2025-09-13T15:21:42+00:00\" \/>\n<meta property=\"og:image\" content=\"https:\/\/veritasinfo.org\/wp-content\/uploads\/2025\/09\/auto_Harry_Bajraktari_foto1611165187.jpg\" \/>\n\t<meta property=\"og:image:width\" content=\"850\" \/>\n\t<meta property=\"og:image:height\" content=\"1032\" \/>\n\t<meta property=\"og:image:type\" content=\"image\/jpeg\" \/>\n<meta name=\"author\" content=\"US6\" \/>\n<meta name=\"twitter:card\" content=\"summary_large_image\" \/>\n<meta name=\"twitter:label1\" content=\"Written by\" \/>\n\t<meta name=\"twitter:data1\" content=\"US6\" \/>\n\t<meta name=\"twitter:label2\" content=\"Est. reading time\" \/>\n\t<meta name=\"twitter:data2\" content=\"4 minutes\" \/>\n<script type=\"application\/ld+json\" class=\"yoast-schema-graph\">{\"@context\":\"https:\/\/schema.org\",\"@graph\":[{\"@type\":\"WebPage\",\"@id\":\"https:\/\/veritasinfo.org\/?p=11752\",\"url\":\"https:\/\/veritasinfo.org\/?p=11752\",\"name\":\"Harry Bajraktari: Mos e shtyni Kosov\u00ebn t\u00eb b\u00ebhet nj\u00eb Bosnje tjet\u00ebr -\",\"isPartOf\":{\"@id\":\"https:\/\/veritasinfo.org\/#website\"},\"primaryImageOfPage\":{\"@id\":\"https:\/\/veritasinfo.org\/?p=11752#primaryimage\"},\"image\":{\"@id\":\"https:\/\/veritasinfo.org\/?p=11752#primaryimage\"},\"thumbnailUrl\":\"https:\/\/veritasinfo.org\/wp-content\/uploads\/2025\/09\/auto_Harry_Bajraktari_foto1611165187.jpg\",\"datePublished\":\"2025-09-13T15:21:42+00:00\",\"author\":{\"@id\":\"https:\/\/veritasinfo.org\/#\/schema\/person\/fe199eede04c3937362892b7444747cc\"},\"breadcrumb\":{\"@id\":\"https:\/\/veritasinfo.org\/?p=11752#breadcrumb\"},\"inLanguage\":\"en-US\",\"potentialAction\":[{\"@type\":\"ReadAction\",\"target\":[\"https:\/\/veritasinfo.org\/?p=11752\"]}]},{\"@type\":\"ImageObject\",\"inLanguage\":\"en-US\",\"@id\":\"https:\/\/veritasinfo.org\/?p=11752#primaryimage\",\"url\":\"https:\/\/veritasinfo.org\/wp-content\/uploads\/2025\/09\/auto_Harry_Bajraktari_foto1611165187.jpg\",\"contentUrl\":\"https:\/\/veritasinfo.org\/wp-content\/uploads\/2025\/09\/auto_Harry_Bajraktari_foto1611165187.jpg\",\"width\":850,\"height\":1032},{\"@type\":\"BreadcrumbList\",\"@id\":\"https:\/\/veritasinfo.org\/?p=11752#breadcrumb\",\"itemListElement\":[{\"@type\":\"ListItem\",\"position\":1,\"name\":\"Home\",\"item\":\"https:\/\/veritasinfo.org\/\"},{\"@type\":\"ListItem\",\"position\":2,\"name\":\"Harry Bajraktari: Mos e shtyni Kosov\u00ebn t\u00eb b\u00ebhet nj\u00eb Bosnje tjet\u00ebr\"}]},{\"@type\":\"WebSite\",\"@id\":\"https:\/\/veritasinfo.org\/#website\",\"url\":\"https:\/\/veritasinfo.org\/\",\"name\":\"\",\"description\":\"\",\"potentialAction\":[{\"@type\":\"SearchAction\",\"target\":{\"@type\":\"EntryPoint\",\"urlTemplate\":\"https:\/\/veritasinfo.org\/?s={search_term_string}\"},\"query-input\":{\"@type\":\"PropertyValueSpecification\",\"valueRequired\":true,\"valueName\":\"search_term_string\"}}],\"inLanguage\":\"en-US\"},{\"@type\":\"Person\",\"@id\":\"https:\/\/veritasinfo.org\/#\/schema\/person\/fe199eede04c3937362892b7444747cc\",\"name\":\"US6\",\"image\":{\"@type\":\"ImageObject\",\"inLanguage\":\"en-US\",\"@id\":\"https:\/\/veritasinfo.org\/#\/schema\/person\/image\/\",\"url\":\"https:\/\/secure.gravatar.com\/avatar\/cb16c3c31c9d23b9b8c705964598220b3014e42ff51eb540ff23cefa3ae8c15f?s=96&d=mm&r=g\",\"contentUrl\":\"https:\/\/secure.gravatar.com\/avatar\/cb16c3c31c9d23b9b8c705964598220b3014e42ff51eb540ff23cefa3ae8c15f?s=96&d=mm&r=g\",\"caption\":\"US6\"},\"url\":\"https:\/\/veritasinfo.org\/?author=7\"}]}<\/script>\n<!-- \/ Yoast SEO plugin. -->","yoast_head_json":{"title":"Harry Bajraktari: Mos e shtyni Kosov\u00ebn t\u00eb b\u00ebhet nj\u00eb Bosnje tjet\u00ebr -","robots":{"index":"index","follow":"follow","max-snippet":"max-snippet:-1","max-image-preview":"max-image-preview:large","max-video-preview":"max-video-preview:-1"},"canonical":"https:\/\/veritasinfo.org\/?p=11752","og_locale":"en_US","og_type":"article","og_title":"Harry Bajraktari: Mos e shtyni Kosov\u00ebn t\u00eb b\u00ebhet nj\u00eb Bosnje tjet\u00ebr -","og_description":"Prishtin\u00eb, 13 shtator Nuk duhet nj\u00eb shtet i dyt\u00eb jofunksional n\u00eb Ballkan &#8211; Shtetet e Bashkuara kan\u00eb t\u00eb drejt\u00eb n\u00eb parim, por nuk duhet ta","og_url":"https:\/\/veritasinfo.org\/?p=11752","article_published_time":"2025-09-13T15:21:42+00:00","og_image":[{"width":850,"height":1032,"url":"https:\/\/veritasinfo.org\/wp-content\/uploads\/2025\/09\/auto_Harry_Bajraktari_foto1611165187.jpg","type":"image\/jpeg"}],"author":"US6","twitter_card":"summary_large_image","twitter_misc":{"Written by":"US6","Est. reading time":"4 minutes"},"schema":{"@context":"https:\/\/schema.org","@graph":[{"@type":"WebPage","@id":"https:\/\/veritasinfo.org\/?p=11752","url":"https:\/\/veritasinfo.org\/?p=11752","name":"Harry Bajraktari: Mos e shtyni Kosov\u00ebn t\u00eb b\u00ebhet nj\u00eb Bosnje tjet\u00ebr -","isPartOf":{"@id":"https:\/\/veritasinfo.org\/#website"},"primaryImageOfPage":{"@id":"https:\/\/veritasinfo.org\/?p=11752#primaryimage"},"image":{"@id":"https:\/\/veritasinfo.org\/?p=11752#primaryimage"},"thumbnailUrl":"https:\/\/veritasinfo.org\/wp-content\/uploads\/2025\/09\/auto_Harry_Bajraktari_foto1611165187.jpg","datePublished":"2025-09-13T15:21:42+00:00","author":{"@id":"https:\/\/veritasinfo.org\/#\/schema\/person\/fe199eede04c3937362892b7444747cc"},"breadcrumb":{"@id":"https:\/\/veritasinfo.org\/?p=11752#breadcrumb"},"inLanguage":"en-US","potentialAction":[{"@type":"ReadAction","target":["https:\/\/veritasinfo.org\/?p=11752"]}]},{"@type":"ImageObject","inLanguage":"en-US","@id":"https:\/\/veritasinfo.org\/?p=11752#primaryimage","url":"https:\/\/veritasinfo.org\/wp-content\/uploads\/2025\/09\/auto_Harry_Bajraktari_foto1611165187.jpg","contentUrl":"https:\/\/veritasinfo.org\/wp-content\/uploads\/2025\/09\/auto_Harry_Bajraktari_foto1611165187.jpg","width":850,"height":1032},{"@type":"BreadcrumbList","@id":"https:\/\/veritasinfo.org\/?p=11752#breadcrumb","itemListElement":[{"@type":"ListItem","position":1,"name":"Home","item":"https:\/\/veritasinfo.org\/"},{"@type":"ListItem","position":2,"name":"Harry Bajraktari: Mos e shtyni Kosov\u00ebn t\u00eb b\u00ebhet nj\u00eb Bosnje tjet\u00ebr"}]},{"@type":"WebSite","@id":"https:\/\/veritasinfo.org\/#website","url":"https:\/\/veritasinfo.org\/","name":"","description":"","potentialAction":[{"@type":"SearchAction","target":{"@type":"EntryPoint","urlTemplate":"https:\/\/veritasinfo.org\/?s={search_term_string}"},"query-input":{"@type":"PropertyValueSpecification","valueRequired":true,"valueName":"search_term_string"}}],"inLanguage":"en-US"},{"@type":"Person","@id":"https:\/\/veritasinfo.org\/#\/schema\/person\/fe199eede04c3937362892b7444747cc","name":"US6","image":{"@type":"ImageObject","inLanguage":"en-US","@id":"https:\/\/veritasinfo.org\/#\/schema\/person\/image\/","url":"https:\/\/secure.gravatar.com\/avatar\/cb16c3c31c9d23b9b8c705964598220b3014e42ff51eb540ff23cefa3ae8c15f?s=96&d=mm&r=g","contentUrl":"https:\/\/secure.gravatar.com\/avatar\/cb16c3c31c9d23b9b8c705964598220b3014e42ff51eb540ff23cefa3ae8c15f?s=96&d=mm&r=g","caption":"US6"},"url":"https:\/\/veritasinfo.org\/?author=7"}]}},"featured_image_urls":{"full":["https:\/\/veritasinfo.org\/wp-content\/uploads\/2025\/09\/auto_Harry_Bajraktari_foto1611165187.jpg",850,1032,false],"thumbnail":["https:\/\/veritasinfo.org\/wp-content\/uploads\/2025\/09\/auto_Harry_Bajraktari_foto1611165187-150x150.jpg",150,150,true],"medium":["https:\/\/veritasinfo.org\/wp-content\/uploads\/2025\/09\/auto_Harry_Bajraktari_foto1611165187-247x300.jpg",247,300,true],"medium_large":["https:\/\/veritasinfo.org\/wp-content\/uploads\/2025\/09\/auto_Harry_Bajraktari_foto1611165187-768x932.jpg",640,777,true],"large":["https:\/\/veritasinfo.org\/wp-content\/uploads\/2025\/09\/auto_Harry_Bajraktari_foto1611165187-843x1024.jpg",640,777,true],"1536x1536":["https:\/\/veritasinfo.org\/wp-content\/uploads\/2025\/09\/auto_Harry_Bajraktari_foto1611165187.jpg",850,1032,false],"2048x2048":["https:\/\/veritasinfo.org\/wp-content\/uploads\/2025\/09\/auto_Harry_Bajraktari_foto1611165187.jpg",850,1032,false],"kreeti-slider-full":["https:\/\/veritasinfo.org\/wp-content\/uploads\/2025\/09\/auto_Harry_Bajraktari_foto1611165187.jpg",593,720,false],"kreeti-featured":["https:\/\/veritasinfo.org\/wp-content\/uploads\/2025\/09\/auto_Harry_Bajraktari_foto1611165187.jpg",850,1032,false],"kreeti-medium":["https:\/\/veritasinfo.org\/wp-content\/uploads\/2025\/09\/auto_Harry_Bajraktari_foto1611165187.jpg",437,530,false],"kreeti-medium-square":["https:\/\/veritasinfo.org\/wp-content\/uploads\/2025\/09\/auto_Harry_Bajraktari_foto1611165187.jpg",288,350,false]},"author_info":{"info":["US6"]},"category_info":"<a href=\"https:\/\/veritasinfo.org\/?cat=58\" rel=\"category\">Politik\u00eb<\/a>","tag_info":"Politik\u00eb","comment_count":"0","_links":{"self":[{"href":"https:\/\/veritasinfo.org\/index.php?rest_route=\/wp\/v2\/posts\/11752","targetHints":{"allow":["GET"]}}],"collection":[{"href":"https:\/\/veritasinfo.org\/index.php?rest_route=\/wp\/v2\/posts"}],"about":[{"href":"https:\/\/veritasinfo.org\/index.php?rest_route=\/wp\/v2\/types\/post"}],"author":[{"embeddable":true,"href":"https:\/\/veritasinfo.org\/index.php?rest_route=\/wp\/v2\/users\/7"}],"replies":[{"embeddable":true,"href":"https:\/\/veritasinfo.org\/index.php?rest_route=%2Fwp%2Fv2%2Fcomments&post=11752"}],"version-history":[{"count":1,"href":"https:\/\/veritasinfo.org\/index.php?rest_route=\/wp\/v2\/posts\/11752\/revisions"}],"predecessor-version":[{"id":11754,"href":"https:\/\/veritasinfo.org\/index.php?rest_route=\/wp\/v2\/posts\/11752\/revisions\/11754"}],"wp:featuredmedia":[{"embeddable":true,"href":"https:\/\/veritasinfo.org\/index.php?rest_route=\/wp\/v2\/media\/11753"}],"wp:attachment":[{"href":"https:\/\/veritasinfo.org\/index.php?rest_route=%2Fwp%2Fv2%2Fmedia&parent=11752"}],"wp:term":[{"taxonomy":"category","embeddable":true,"href":"https:\/\/veritasinfo.org\/index.php?rest_route=%2Fwp%2Fv2%2Fcategories&post=11752"},{"taxonomy":"post_tag","embeddable":true,"href":"https:\/\/veritasinfo.org\/index.php?rest_route=%2Fwp%2Fv2%2Ftags&post=11752"}],"curies":[{"name":"wp","href":"https:\/\/api.w.org\/{rel}","templated":true}]}}