{"id":11741,"date":"2025-09-13T15:26:31","date_gmt":"2025-09-13T13:26:31","guid":{"rendered":"https:\/\/veritasinfo.org\/?p=11741"},"modified":"2025-09-13T16:49:33","modified_gmt":"2025-09-13T14:49:33","slug":"kampanja-sa-pozivom-na-srbizam-i-etnicke-podele-u-mitrovici","status":"publish","type":"post","link":"https:\/\/veritasinfo.org\/?p=11741&lang=sr","title":{"rendered":"Kampanja sa pozivom na \u201esrbizam\u201c i etni\u010dke podele u Mitrovici"},"content":{"rendered":"<p>Severna Mitrovica, 13. septembar<\/p>\n<p>Srpska lista, na po\u010detku predizborne kampanje koja je danas po\u010dela u tehni\u010dkoj \u0161koli u Severnoj Mitrovici, zapo\u010dela je uz uzvike za tero*ristu Milana Radoji\u023ci\u023ca, kojeg su nazvali i bratom.<\/p>\n<p>Dokazuju\u0107i kontinuirani poku\u0161aj destruktivne srpske politike prema srpskom narodu na severu Kosova, na dana\u0161njem predizbornom skupu Srpske liste re\u010deno je da podr\u0161ka Srbije, posebno predsednika Srbije Aleksandra Vu\u010di\u0107a, zna\u010di mnogo.<\/p>\n<p>Na po\u010detku ove kampanje, predsednik Srpske liste, Zlatan Elek, izjavio je da Severna Mitrovica ostaje bastion ne samo politi\u010dki, ve\u0107 i svega srpskog. Osvr\u0107u\u0107i se na sada\u0161njeg predsednika op\u0161tine, Erdana Ati\u0107a, Elek je rekao: \u201eDolazi dan kada \u0107emo olovkom mo\u0107i da smenimo ovog, mogu slobodno re\u0107i, biv\u0161eg predsednika Severne Mitrovice. Namenjeno smo zapo\u010deli kampanju ovde jer je ovaj grad bastion srbizma i slobode. I ovde pokazujemo da nismo pora\u017eeni, da smo u svom gradu, da smo jedinstveni, slo\u017eni i ja\u010di nego ikad ranije.\u201d<\/p>\n<p>Kandidat Srpske liste za predsednika op\u0161tine Severna Mitrovica, Milan Radojevi\u0107, obratio se masi:<br data-start=\"1214\" data-end=\"1217\" \/>\u201eNarode Mitrovice, dozvolite mi da vas \u010dujem. \u017delimo li slobodu? \u017delimo li svoj grad? \u017delimo li da nam se na\u0161a Mitrovica vrati?!\u201c na \u0161ta je publika uzvratila uzvicima: \u201eAti\u0107, idi!\u201c On je zahvalio svojim sugra\u0111anima iz Mitrovice na podr\u0161ci 9. februara, a zatim im rekao da je drugi korak, po njegovom mi\u0161ljenju, mnogo va\u017eniji i da je ve\u0107 u toku.<\/p>\n<p>U me\u0111uvremenu, nosilac Srpske liste Ivan Zaporozac izjavio je da Srpska lista mora da pobedi, jer, kako je rekao, \u201epotrebna nam je da opstanemo i ostanemo na ovim prostorima\u201c.<\/p>\n","protected":false},"excerpt":{"rendered":"<p>Severna Mitrovica, 13. septembar Srpska lista, na po\u010detku predizborne kampanje koja je danas po\u010dela u tehni\u010dkoj \u0161koli u Severnoj Mitrovici, zapo\u010dela je uz uzvike za<\/p>\n","protected":false},"author":2,"featured_media":11739,"comment_status":"open","ping_status":"open","sticky":false,"template":"","format":"standard","meta":{"footnotes":""},"categories":[28],"tags":[],"class_list":["post-11741","post","type-post","status-publish","format-standard","has-post-thumbnail","hentry","category-politika"],"yoast_head":"<!-- This site is optimized with the Yoast SEO plugin v25.3.1 - https:\/\/yoast.com\/wordpress\/plugins\/seo\/ -->\n<title>Kampanja sa pozivom na \u201esrbizam\u201c i etni\u010dke podele u Mitrovici -<\/title>\n<meta name=\"robots\" content=\"index, follow, max-snippet:-1, max-image-preview:large, max-video-preview:-1\" \/>\n<link rel=\"canonical\" href=\"https:\/\/veritasinfo.org\/?p=11741&lang=sr\" \/>\n<meta property=\"og:locale\" content=\"en_US\" \/>\n<meta property=\"og:type\" content=\"article\" \/>\n<meta property=\"og:title\" content=\"Kampanja sa pozivom na \u201esrbizam\u201c i etni\u010dke podele u Mitrovici -\" \/>\n<meta property=\"og:description\" content=\"Severna Mitrovica, 13. septembar Srpska lista, na po\u010detku predizborne kampanje koja je danas po\u010dela u tehni\u010dkoj \u0161koli u Severnoj Mitrovici, zapo\u010dela je uz uzvike za\" \/>\n<meta property=\"og:url\" content=\"https:\/\/veritasinfo.org\/?p=11741&amp;lang=sr\" \/>\n<meta property=\"article:published_time\" content=\"2025-09-13T13:26:31+00:00\" \/>\n<meta property=\"article:modified_time\" content=\"2025-09-13T14:49:33+00:00\" \/>\n<meta property=\"og:image\" content=\"https:\/\/veritasinfo.org\/wp-content\/uploads\/2025\/09\/sot.jpg\" \/>\n\t<meta property=\"og:image:width\" content=\"768\" \/>\n\t<meta property=\"og:image:height\" content=\"576\" \/>\n\t<meta property=\"og:image:type\" content=\"image\/jpeg\" \/>\n<meta name=\"author\" content=\"US1\" \/>\n<meta name=\"twitter:card\" content=\"summary_large_image\" \/>\n<meta name=\"twitter:label1\" content=\"Written by\" \/>\n\t<meta name=\"twitter:data1\" content=\"US1\" \/>\n\t<meta name=\"twitter:label2\" content=\"Est. reading time\" \/>\n\t<meta name=\"twitter:data2\" content=\"2 minutes\" \/>\n<script type=\"application\/ld+json\" class=\"yoast-schema-graph\">{\"@context\":\"https:\/\/schema.org\",\"@graph\":[{\"@type\":\"WebPage\",\"@id\":\"https:\/\/veritasinfo.org\/?p=11741&lang=sr\",\"url\":\"https:\/\/veritasinfo.org\/?p=11741&lang=sr\",\"name\":\"Kampanja sa pozivom na \u201esrbizam\u201c i etni\u010dke podele u Mitrovici -\",\"isPartOf\":{\"@id\":\"https:\/\/veritasinfo.org\/#website\"},\"primaryImageOfPage\":{\"@id\":\"https:\/\/veritasinfo.org\/?p=11741&lang=sr#primaryimage\"},\"image\":{\"@id\":\"https:\/\/veritasinfo.org\/?p=11741&lang=sr#primaryimage\"},\"thumbnailUrl\":\"https:\/\/veritasinfo.org\/wp-content\/uploads\/2025\/09\/sot.jpg\",\"datePublished\":\"2025-09-13T13:26:31+00:00\",\"dateModified\":\"2025-09-13T14:49:33+00:00\",\"author\":{\"@id\":\"https:\/\/veritasinfo.org\/#\/schema\/person\/c2b8be262ea994d0995addca692c5e98\"},\"breadcrumb\":{\"@id\":\"https:\/\/veritasinfo.org\/?p=11741&lang=sr#breadcrumb\"},\"inLanguage\":\"en-US\",\"potentialAction\":[{\"@type\":\"ReadAction\",\"target\":[\"https:\/\/veritasinfo.org\/?p=11741&lang=sr\"]}]},{\"@type\":\"ImageObject\",\"inLanguage\":\"en-US\",\"@id\":\"https:\/\/veritasinfo.org\/?p=11741&lang=sr#primaryimage\",\"url\":\"https:\/\/veritasinfo.org\/wp-content\/uploads\/2025\/09\/sot.jpg\",\"contentUrl\":\"https:\/\/veritasinfo.org\/wp-content\/uploads\/2025\/09\/sot.jpg\",\"width\":768,\"height\":576},{\"@type\":\"BreadcrumbList\",\"@id\":\"https:\/\/veritasinfo.org\/?p=11741&lang=sr#breadcrumb\",\"itemListElement\":[{\"@type\":\"ListItem\",\"position\":1,\"name\":\"Home\",\"item\":\"https:\/\/veritasinfo.org\/\"},{\"@type\":\"ListItem\",\"position\":2,\"name\":\"Kampanja sa pozivom na \u201esrbizam\u201c i etni\u010dke podele u Mitrovici\"}]},{\"@type\":\"WebSite\",\"@id\":\"https:\/\/veritasinfo.org\/#website\",\"url\":\"https:\/\/veritasinfo.org\/\",\"name\":\"\",\"description\":\"\",\"potentialAction\":[{\"@type\":\"SearchAction\",\"target\":{\"@type\":\"EntryPoint\",\"urlTemplate\":\"https:\/\/veritasinfo.org\/?s={search_term_string}\"},\"query-input\":{\"@type\":\"PropertyValueSpecification\",\"valueRequired\":true,\"valueName\":\"search_term_string\"}}],\"inLanguage\":\"en-US\"},{\"@type\":\"Person\",\"@id\":\"https:\/\/veritasinfo.org\/#\/schema\/person\/c2b8be262ea994d0995addca692c5e98\",\"name\":\"US1\",\"image\":{\"@type\":\"ImageObject\",\"inLanguage\":\"en-US\",\"@id\":\"https:\/\/veritasinfo.org\/#\/schema\/person\/image\/\",\"url\":\"https:\/\/secure.gravatar.com\/avatar\/4e96a59bd256abf9956eb9963ac891a47461ffb364d47b0e9aab113328fdb75b?s=96&d=mm&r=g\",\"contentUrl\":\"https:\/\/secure.gravatar.com\/avatar\/4e96a59bd256abf9956eb9963ac891a47461ffb364d47b0e9aab113328fdb75b?s=96&d=mm&r=g\",\"caption\":\"US1\"},\"url\":\"https:\/\/veritasinfo.org\/?author=2\"}]}<\/script>\n<!-- \/ Yoast SEO plugin. -->","yoast_head_json":{"title":"Kampanja sa pozivom na \u201esrbizam\u201c i etni\u010dke podele u Mitrovici -","robots":{"index":"index","follow":"follow","max-snippet":"max-snippet:-1","max-image-preview":"max-image-preview:large","max-video-preview":"max-video-preview:-1"},"canonical":"https:\/\/veritasinfo.org\/?p=11741&lang=sr","og_locale":"en_US","og_type":"article","og_title":"Kampanja sa pozivom na \u201esrbizam\u201c i etni\u010dke podele u Mitrovici -","og_description":"Severna Mitrovica, 13. septembar Srpska lista, na po\u010detku predizborne kampanje koja je danas po\u010dela u tehni\u010dkoj \u0161koli u Severnoj Mitrovici, zapo\u010dela je uz uzvike za","og_url":"https:\/\/veritasinfo.org\/?p=11741&lang=sr","article_published_time":"2025-09-13T13:26:31+00:00","article_modified_time":"2025-09-13T14:49:33+00:00","og_image":[{"width":768,"height":576,"url":"https:\/\/veritasinfo.org\/wp-content\/uploads\/2025\/09\/sot.jpg","type":"image\/jpeg"}],"author":"US1","twitter_card":"summary_large_image","twitter_misc":{"Written by":"US1","Est. reading time":"2 minutes"},"schema":{"@context":"https:\/\/schema.org","@graph":[{"@type":"WebPage","@id":"https:\/\/veritasinfo.org\/?p=11741&lang=sr","url":"https:\/\/veritasinfo.org\/?p=11741&lang=sr","name":"Kampanja sa pozivom na \u201esrbizam\u201c i etni\u010dke podele u Mitrovici -","isPartOf":{"@id":"https:\/\/veritasinfo.org\/#website"},"primaryImageOfPage":{"@id":"https:\/\/veritasinfo.org\/?p=11741&lang=sr#primaryimage"},"image":{"@id":"https:\/\/veritasinfo.org\/?p=11741&lang=sr#primaryimage"},"thumbnailUrl":"https:\/\/veritasinfo.org\/wp-content\/uploads\/2025\/09\/sot.jpg","datePublished":"2025-09-13T13:26:31+00:00","dateModified":"2025-09-13T14:49:33+00:00","author":{"@id":"https:\/\/veritasinfo.org\/#\/schema\/person\/c2b8be262ea994d0995addca692c5e98"},"breadcrumb":{"@id":"https:\/\/veritasinfo.org\/?p=11741&lang=sr#breadcrumb"},"inLanguage":"en-US","potentialAction":[{"@type":"ReadAction","target":["https:\/\/veritasinfo.org\/?p=11741&lang=sr"]}]},{"@type":"ImageObject","inLanguage":"en-US","@id":"https:\/\/veritasinfo.org\/?p=11741&lang=sr#primaryimage","url":"https:\/\/veritasinfo.org\/wp-content\/uploads\/2025\/09\/sot.jpg","contentUrl":"https:\/\/veritasinfo.org\/wp-content\/uploads\/2025\/09\/sot.jpg","width":768,"height":576},{"@type":"BreadcrumbList","@id":"https:\/\/veritasinfo.org\/?p=11741&lang=sr#breadcrumb","itemListElement":[{"@type":"ListItem","position":1,"name":"Home","item":"https:\/\/veritasinfo.org\/"},{"@type":"ListItem","position":2,"name":"Kampanja sa pozivom na \u201esrbizam\u201c i etni\u010dke podele u Mitrovici"}]},{"@type":"WebSite","@id":"https:\/\/veritasinfo.org\/#website","url":"https:\/\/veritasinfo.org\/","name":"","description":"","potentialAction":[{"@type":"SearchAction","target":{"@type":"EntryPoint","urlTemplate":"https:\/\/veritasinfo.org\/?s={search_term_string}"},"query-input":{"@type":"PropertyValueSpecification","valueRequired":true,"valueName":"search_term_string"}}],"inLanguage":"en-US"},{"@type":"Person","@id":"https:\/\/veritasinfo.org\/#\/schema\/person\/c2b8be262ea994d0995addca692c5e98","name":"US1","image":{"@type":"ImageObject","inLanguage":"en-US","@id":"https:\/\/veritasinfo.org\/#\/schema\/person\/image\/","url":"https:\/\/secure.gravatar.com\/avatar\/4e96a59bd256abf9956eb9963ac891a47461ffb364d47b0e9aab113328fdb75b?s=96&d=mm&r=g","contentUrl":"https:\/\/secure.gravatar.com\/avatar\/4e96a59bd256abf9956eb9963ac891a47461ffb364d47b0e9aab113328fdb75b?s=96&d=mm&r=g","caption":"US1"},"url":"https:\/\/veritasinfo.org\/?author=2"}]}},"featured_image_urls":{"full":["https:\/\/veritasinfo.org\/wp-content\/uploads\/2025\/09\/sot.jpg",768,576,false],"thumbnail":["https:\/\/veritasinfo.org\/wp-content\/uploads\/2025\/09\/sot-150x150.jpg",150,150,true],"medium":["https:\/\/veritasinfo.org\/wp-content\/uploads\/2025\/09\/sot-300x225.jpg",300,225,true],"medium_large":["https:\/\/veritasinfo.org\/wp-content\/uploads\/2025\/09\/sot.jpg",640,480,false],"large":["https:\/\/veritasinfo.org\/wp-content\/uploads\/2025\/09\/sot.jpg",640,480,false],"1536x1536":["https:\/\/veritasinfo.org\/wp-content\/uploads\/2025\/09\/sot.jpg",768,576,false],"2048x2048":["https:\/\/veritasinfo.org\/wp-content\/uploads\/2025\/09\/sot.jpg",768,576,false],"kreeti-slider-full":["https:\/\/veritasinfo.org\/wp-content\/uploads\/2025\/09\/sot.jpg",768,576,false],"kreeti-featured":["https:\/\/veritasinfo.org\/wp-content\/uploads\/2025\/09\/sot.jpg",768,576,false],"kreeti-medium":["https:\/\/veritasinfo.org\/wp-content\/uploads\/2025\/09\/sot.jpg",707,530,false],"kreeti-medium-square":["https:\/\/veritasinfo.org\/wp-content\/uploads\/2025\/09\/sot.jpg",350,263,false]},"author_info":{"info":["US1"]},"category_info":"<a href=\"https:\/\/veritasinfo.org\/?cat=28&#038;lang=sr\" rel=\"category\">Politika<\/a>","tag_info":"Politika","comment_count":"0","_links":{"self":[{"href":"https:\/\/veritasinfo.org\/index.php?rest_route=\/wp\/v2\/posts\/11741","targetHints":{"allow":["GET"]}}],"collection":[{"href":"https:\/\/veritasinfo.org\/index.php?rest_route=\/wp\/v2\/posts"}],"about":[{"href":"https:\/\/veritasinfo.org\/index.php?rest_route=\/wp\/v2\/types\/post"}],"author":[{"embeddable":true,"href":"https:\/\/veritasinfo.org\/index.php?rest_route=\/wp\/v2\/users\/2"}],"replies":[{"embeddable":true,"href":"https:\/\/veritasinfo.org\/index.php?rest_route=%2Fwp%2Fv2%2Fcomments&post=11741"}],"version-history":[{"count":3,"href":"https:\/\/veritasinfo.org\/index.php?rest_route=\/wp\/v2\/posts\/11741\/revisions"}],"predecessor-version":[{"id":11745,"href":"https:\/\/veritasinfo.org\/index.php?rest_route=\/wp\/v2\/posts\/11741\/revisions\/11745"}],"wp:featuredmedia":[{"embeddable":true,"href":"https:\/\/veritasinfo.org\/index.php?rest_route=\/wp\/v2\/media\/11739"}],"wp:attachment":[{"href":"https:\/\/veritasinfo.org\/index.php?rest_route=%2Fwp%2Fv2%2Fmedia&parent=11741"}],"wp:term":[{"taxonomy":"category","embeddable":true,"href":"https:\/\/veritasinfo.org\/index.php?rest_route=%2Fwp%2Fv2%2Fcategories&post=11741"},{"taxonomy":"post_tag","embeddable":true,"href":"https:\/\/veritasinfo.org\/index.php?rest_route=%2Fwp%2Fv2%2Ftags&post=11741"}],"curies":[{"name":"wp","href":"https:\/\/api.w.org\/{rel}","templated":true}]}}