{"id":11738,"date":"2025-09-13T15:25:02","date_gmt":"2025-09-13T13:25:02","guid":{"rendered":"https:\/\/veritasinfo.org\/?p=11738"},"modified":"2025-09-13T16:49:55","modified_gmt":"2025-09-13T14:49:55","slug":"fushate-me-thirrje-per-serbizem-dhe-percarje-etnike-ne-mitrovice","status":"publish","type":"post","link":"https:\/\/veritasinfo.org\/?p=11738","title":{"rendered":"Fushat\u00eb me thirrje p\u00ebr &#8216;serbiz\u00ebm&#8217; dhe p\u00ebr\u00e7arje etnike n\u00eb Mitrovic\u00eb"},"content":{"rendered":"<p>Mitrovic\u00eb e Veriut, 13 shtator<\/p>\n<p>Lista Serbe, n\u00eb hapje t\u00eb fushat\u00ebs parazgjedhore q\u00eb filloi sot n\u00eb shkoll\u00ebn teknike n\u00eb Mitrovic\u00eb t\u00eb Veriut, e nisi me brohoritje p\u00ebr ter*roristin Milan Radoj\u023ci\u023c, duke e quajtur edhe v\u00eblla.<\/p>\n<p>Duke u d\u00ebshmuar p\u00ebrpjekja e vazhdueshme e politik\u00ebs destruktive serbe tek populli serb n\u00eb veriun e Kosov\u00ebs, n\u00eb takimin e sot\u00ebm parazgjedhor t\u00eb List\u00ebs Serbe, u tha se mb\u00ebshtetja e Serbis\u00eb do t\u00eb thot\u00eb shum\u00eb, ve\u00e7anarisht e presidentit t\u00eb Serbis\u00eb, Aleksandar Vu\u00e7i\u00e7.<\/p>\n<p>N\u00eb hapje t\u00eb k\u00ebsaj fushate, kryetari i List\u00ebs Serbe, Zlatan Elek, u shpreh se Mitrovica e Veriut mbetet bastioni jo bvet\u00ebm politik, por edhe i cdo gj\u00ebje serbe. Duke iu referuar kryetarit aktual t\u00eb Komun\u00ebs, Erden Atiq, Elek tha: Po vjen dita kur me laps mund ta shkarkojm\u00eb k\u00ebt\u00eb, mund t\u00eb them lirisht, ish-kryetar t\u00eb Mitrovic\u00ebs s\u00eb Veriut. Me q\u00ebllim e kemi nisur fushat\u00ebn k\u00ebtu, sepse ky qytet \u00ebsht\u00eb bastioni i serbizmit, i liris\u00eb. Dhe k\u00ebtu tregojm\u00eb se nuk jemi t\u00eb mundur, se jemi n\u00eb qytetin ton\u00eb, se jemi t\u00eb bashkuar, t\u00eb nj\u00ebz\u00ebsh\u00ebm dhe m\u00eb t\u00eb fort\u00eb se kurr\u00eb m\u00eb par\u00eb.\u201d<\/p>\n<p>K andidati i List\u00ebs Serbe p\u00ebr kryetar t\u00eb Komun\u00ebs s\u00eb Mitrovic\u00ebs s\u00eb Veriut, Milan Radojeviq, iu drejtua turm\u00ebs.<\/p>\n<p>&#8220;Popull i Mitrovic\u00ebs, m\u00eb lejoni t&#8217;ju d\u00ebgjoj. A duam liri? A duam qytetin ton\u00eb? A duam q\u00eb Mitrovica jon\u00eb t\u00eb na rikthehet neve?!&#8221;, t\u00eb cil\u00ebs iu p\u00ebrgjigj me britma: &#8220;Atiq largohu!&#8221;. Ai fal\u00ebnderoi bashk\u00ebqytetar\u00ebt e tij t\u00eb Mitrovic\u00ebs p\u00ebr mb\u00ebshtetjen e tyre m\u00eb 9 shkurt, dhe m\u00eb pas u tha atyre se tani hapi i dyt\u00eb, sipas tij, shum\u00eb m\u00eb i r\u00ebnd\u00ebsish\u00ebm \u00ebsht\u00eb n\u00eb rrug\u00eb e sip\u00ebr\u201d, ka th\u00ebn\u00eb Milan Radojevi\u00e7, kandidati p\u00ebr kryetar t\u00eb Komun\u00ebs s\u00eb Mitrovic\u00ebs s\u00eb Veriut.<\/p>\n<p>Nd\u00ebrkaq bart\u00ebsi i Lilst\u00ebs Ivan Zaporozac tha se Lista Serbe duhet t\u00eb fitoj\u00eb, p\u00ebr arsye se, si\u00e7 tha ai, \u201cSepse na duhet p\u00ebr t\u00eb mbijetuar dhe p\u00ebr t\u00eb q\u00ebndruar n\u00eb k\u00ebto zona\u201d.<\/p>\n","protected":false},"excerpt":{"rendered":"<p>Mitrovic\u00eb e Veriut, 13 shtator Lista Serbe, n\u00eb hapje t\u00eb fushat\u00ebs parazgjedhore q\u00eb filloi sot n\u00eb shkoll\u00ebn teknike n\u00eb Mitrovic\u00eb t\u00eb Veriut, e nisi me<\/p>\n","protected":false},"author":2,"featured_media":11739,"comment_status":"open","ping_status":"open","sticky":false,"template":"","format":"standard","meta":{"footnotes":""},"categories":[58],"tags":[],"class_list":["post-11738","post","type-post","status-publish","format-standard","has-post-thumbnail","hentry","category-politike-sq"],"yoast_head":"<!-- This site is optimized with the Yoast SEO plugin v25.3.1 - https:\/\/yoast.com\/wordpress\/plugins\/seo\/ -->\n<title>Fushat\u00eb me thirrje p\u00ebr &#039;serbiz\u00ebm&#039; dhe p\u00ebr\u00e7arje etnike n\u00eb Mitrovic\u00eb -<\/title>\n<meta name=\"robots\" content=\"index, follow, max-snippet:-1, max-image-preview:large, max-video-preview:-1\" \/>\n<link rel=\"canonical\" href=\"https:\/\/veritasinfo.org\/?p=11738\" \/>\n<meta property=\"og:locale\" content=\"en_US\" \/>\n<meta property=\"og:type\" content=\"article\" \/>\n<meta property=\"og:title\" content=\"Fushat\u00eb me thirrje p\u00ebr &#039;serbiz\u00ebm&#039; dhe p\u00ebr\u00e7arje etnike n\u00eb Mitrovic\u00eb -\" \/>\n<meta property=\"og:description\" content=\"Mitrovic\u00eb e Veriut, 13 shtator Lista Serbe, n\u00eb hapje t\u00eb fushat\u00ebs parazgjedhore q\u00eb filloi sot n\u00eb shkoll\u00ebn teknike n\u00eb Mitrovic\u00eb t\u00eb Veriut, e nisi me\" \/>\n<meta property=\"og:url\" content=\"https:\/\/veritasinfo.org\/?p=11738\" \/>\n<meta property=\"article:published_time\" content=\"2025-09-13T13:25:02+00:00\" \/>\n<meta property=\"article:modified_time\" content=\"2025-09-13T14:49:55+00:00\" \/>\n<meta property=\"og:image\" content=\"https:\/\/veritasinfo.org\/wp-content\/uploads\/2025\/09\/sot.jpg\" \/>\n\t<meta property=\"og:image:width\" content=\"768\" \/>\n\t<meta property=\"og:image:height\" content=\"576\" \/>\n\t<meta property=\"og:image:type\" content=\"image\/jpeg\" \/>\n<meta name=\"author\" content=\"US1\" \/>\n<meta name=\"twitter:card\" content=\"summary_large_image\" \/>\n<meta name=\"twitter:label1\" content=\"Written by\" \/>\n\t<meta name=\"twitter:data1\" content=\"US1\" \/>\n\t<meta name=\"twitter:label2\" content=\"Est. reading time\" \/>\n\t<meta name=\"twitter:data2\" content=\"2 minutes\" \/>\n<script type=\"application\/ld+json\" class=\"yoast-schema-graph\">{\"@context\":\"https:\/\/schema.org\",\"@graph\":[{\"@type\":\"WebPage\",\"@id\":\"https:\/\/veritasinfo.org\/?p=11738\",\"url\":\"https:\/\/veritasinfo.org\/?p=11738\",\"name\":\"Fushat\u00eb me thirrje p\u00ebr 'serbiz\u00ebm' dhe p\u00ebr\u00e7arje etnike n\u00eb Mitrovic\u00eb -\",\"isPartOf\":{\"@id\":\"https:\/\/veritasinfo.org\/#website\"},\"primaryImageOfPage\":{\"@id\":\"https:\/\/veritasinfo.org\/?p=11738#primaryimage\"},\"image\":{\"@id\":\"https:\/\/veritasinfo.org\/?p=11738#primaryimage\"},\"thumbnailUrl\":\"https:\/\/veritasinfo.org\/wp-content\/uploads\/2025\/09\/sot.jpg\",\"datePublished\":\"2025-09-13T13:25:02+00:00\",\"dateModified\":\"2025-09-13T14:49:55+00:00\",\"author\":{\"@id\":\"https:\/\/veritasinfo.org\/#\/schema\/person\/c2b8be262ea994d0995addca692c5e98\"},\"breadcrumb\":{\"@id\":\"https:\/\/veritasinfo.org\/?p=11738#breadcrumb\"},\"inLanguage\":\"en-US\",\"potentialAction\":[{\"@type\":\"ReadAction\",\"target\":[\"https:\/\/veritasinfo.org\/?p=11738\"]}]},{\"@type\":\"ImageObject\",\"inLanguage\":\"en-US\",\"@id\":\"https:\/\/veritasinfo.org\/?p=11738#primaryimage\",\"url\":\"https:\/\/veritasinfo.org\/wp-content\/uploads\/2025\/09\/sot.jpg\",\"contentUrl\":\"https:\/\/veritasinfo.org\/wp-content\/uploads\/2025\/09\/sot.jpg\",\"width\":768,\"height\":576},{\"@type\":\"BreadcrumbList\",\"@id\":\"https:\/\/veritasinfo.org\/?p=11738#breadcrumb\",\"itemListElement\":[{\"@type\":\"ListItem\",\"position\":1,\"name\":\"Home\",\"item\":\"https:\/\/veritasinfo.org\/\"},{\"@type\":\"ListItem\",\"position\":2,\"name\":\"Fushat\u00eb me thirrje p\u00ebr &#8216;serbiz\u00ebm&#8217; dhe p\u00ebr\u00e7arje etnike n\u00eb Mitrovic\u00eb\"}]},{\"@type\":\"WebSite\",\"@id\":\"https:\/\/veritasinfo.org\/#website\",\"url\":\"https:\/\/veritasinfo.org\/\",\"name\":\"\",\"description\":\"\",\"potentialAction\":[{\"@type\":\"SearchAction\",\"target\":{\"@type\":\"EntryPoint\",\"urlTemplate\":\"https:\/\/veritasinfo.org\/?s={search_term_string}\"},\"query-input\":{\"@type\":\"PropertyValueSpecification\",\"valueRequired\":true,\"valueName\":\"search_term_string\"}}],\"inLanguage\":\"en-US\"},{\"@type\":\"Person\",\"@id\":\"https:\/\/veritasinfo.org\/#\/schema\/person\/c2b8be262ea994d0995addca692c5e98\",\"name\":\"US1\",\"image\":{\"@type\":\"ImageObject\",\"inLanguage\":\"en-US\",\"@id\":\"https:\/\/veritasinfo.org\/#\/schema\/person\/image\/\",\"url\":\"https:\/\/secure.gravatar.com\/avatar\/4e96a59bd256abf9956eb9963ac891a47461ffb364d47b0e9aab113328fdb75b?s=96&d=mm&r=g\",\"contentUrl\":\"https:\/\/secure.gravatar.com\/avatar\/4e96a59bd256abf9956eb9963ac891a47461ffb364d47b0e9aab113328fdb75b?s=96&d=mm&r=g\",\"caption\":\"US1\"},\"url\":\"https:\/\/veritasinfo.org\/?author=2\"}]}<\/script>\n<!-- \/ Yoast SEO plugin. -->","yoast_head_json":{"title":"Fushat\u00eb me thirrje p\u00ebr 'serbiz\u00ebm' dhe p\u00ebr\u00e7arje etnike n\u00eb Mitrovic\u00eb -","robots":{"index":"index","follow":"follow","max-snippet":"max-snippet:-1","max-image-preview":"max-image-preview:large","max-video-preview":"max-video-preview:-1"},"canonical":"https:\/\/veritasinfo.org\/?p=11738","og_locale":"en_US","og_type":"article","og_title":"Fushat\u00eb me thirrje p\u00ebr 'serbiz\u00ebm' dhe p\u00ebr\u00e7arje etnike n\u00eb Mitrovic\u00eb -","og_description":"Mitrovic\u00eb e Veriut, 13 shtator Lista Serbe, n\u00eb hapje t\u00eb fushat\u00ebs parazgjedhore q\u00eb filloi sot n\u00eb shkoll\u00ebn teknike n\u00eb Mitrovic\u00eb t\u00eb Veriut, e nisi me","og_url":"https:\/\/veritasinfo.org\/?p=11738","article_published_time":"2025-09-13T13:25:02+00:00","article_modified_time":"2025-09-13T14:49:55+00:00","og_image":[{"width":768,"height":576,"url":"https:\/\/veritasinfo.org\/wp-content\/uploads\/2025\/09\/sot.jpg","type":"image\/jpeg"}],"author":"US1","twitter_card":"summary_large_image","twitter_misc":{"Written by":"US1","Est. reading time":"2 minutes"},"schema":{"@context":"https:\/\/schema.org","@graph":[{"@type":"WebPage","@id":"https:\/\/veritasinfo.org\/?p=11738","url":"https:\/\/veritasinfo.org\/?p=11738","name":"Fushat\u00eb me thirrje p\u00ebr 'serbiz\u00ebm' dhe p\u00ebr\u00e7arje etnike n\u00eb Mitrovic\u00eb -","isPartOf":{"@id":"https:\/\/veritasinfo.org\/#website"},"primaryImageOfPage":{"@id":"https:\/\/veritasinfo.org\/?p=11738#primaryimage"},"image":{"@id":"https:\/\/veritasinfo.org\/?p=11738#primaryimage"},"thumbnailUrl":"https:\/\/veritasinfo.org\/wp-content\/uploads\/2025\/09\/sot.jpg","datePublished":"2025-09-13T13:25:02+00:00","dateModified":"2025-09-13T14:49:55+00:00","author":{"@id":"https:\/\/veritasinfo.org\/#\/schema\/person\/c2b8be262ea994d0995addca692c5e98"},"breadcrumb":{"@id":"https:\/\/veritasinfo.org\/?p=11738#breadcrumb"},"inLanguage":"en-US","potentialAction":[{"@type":"ReadAction","target":["https:\/\/veritasinfo.org\/?p=11738"]}]},{"@type":"ImageObject","inLanguage":"en-US","@id":"https:\/\/veritasinfo.org\/?p=11738#primaryimage","url":"https:\/\/veritasinfo.org\/wp-content\/uploads\/2025\/09\/sot.jpg","contentUrl":"https:\/\/veritasinfo.org\/wp-content\/uploads\/2025\/09\/sot.jpg","width":768,"height":576},{"@type":"BreadcrumbList","@id":"https:\/\/veritasinfo.org\/?p=11738#breadcrumb","itemListElement":[{"@type":"ListItem","position":1,"name":"Home","item":"https:\/\/veritasinfo.org\/"},{"@type":"ListItem","position":2,"name":"Fushat\u00eb me thirrje p\u00ebr &#8216;serbiz\u00ebm&#8217; dhe p\u00ebr\u00e7arje etnike n\u00eb Mitrovic\u00eb"}]},{"@type":"WebSite","@id":"https:\/\/veritasinfo.org\/#website","url":"https:\/\/veritasinfo.org\/","name":"","description":"","potentialAction":[{"@type":"SearchAction","target":{"@type":"EntryPoint","urlTemplate":"https:\/\/veritasinfo.org\/?s={search_term_string}"},"query-input":{"@type":"PropertyValueSpecification","valueRequired":true,"valueName":"search_term_string"}}],"inLanguage":"en-US"},{"@type":"Person","@id":"https:\/\/veritasinfo.org\/#\/schema\/person\/c2b8be262ea994d0995addca692c5e98","name":"US1","image":{"@type":"ImageObject","inLanguage":"en-US","@id":"https:\/\/veritasinfo.org\/#\/schema\/person\/image\/","url":"https:\/\/secure.gravatar.com\/avatar\/4e96a59bd256abf9956eb9963ac891a47461ffb364d47b0e9aab113328fdb75b?s=96&d=mm&r=g","contentUrl":"https:\/\/secure.gravatar.com\/avatar\/4e96a59bd256abf9956eb9963ac891a47461ffb364d47b0e9aab113328fdb75b?s=96&d=mm&r=g","caption":"US1"},"url":"https:\/\/veritasinfo.org\/?author=2"}]}},"featured_image_urls":{"full":["https:\/\/veritasinfo.org\/wp-content\/uploads\/2025\/09\/sot.jpg",768,576,false],"thumbnail":["https:\/\/veritasinfo.org\/wp-content\/uploads\/2025\/09\/sot-150x150.jpg",150,150,true],"medium":["https:\/\/veritasinfo.org\/wp-content\/uploads\/2025\/09\/sot-300x225.jpg",300,225,true],"medium_large":["https:\/\/veritasinfo.org\/wp-content\/uploads\/2025\/09\/sot.jpg",640,480,false],"large":["https:\/\/veritasinfo.org\/wp-content\/uploads\/2025\/09\/sot.jpg",640,480,false],"1536x1536":["https:\/\/veritasinfo.org\/wp-content\/uploads\/2025\/09\/sot.jpg",768,576,false],"2048x2048":["https:\/\/veritasinfo.org\/wp-content\/uploads\/2025\/09\/sot.jpg",768,576,false],"kreeti-slider-full":["https:\/\/veritasinfo.org\/wp-content\/uploads\/2025\/09\/sot.jpg",768,576,false],"kreeti-featured":["https:\/\/veritasinfo.org\/wp-content\/uploads\/2025\/09\/sot.jpg",768,576,false],"kreeti-medium":["https:\/\/veritasinfo.org\/wp-content\/uploads\/2025\/09\/sot.jpg",707,530,false],"kreeti-medium-square":["https:\/\/veritasinfo.org\/wp-content\/uploads\/2025\/09\/sot.jpg",350,263,false]},"author_info":{"info":["US1"]},"category_info":"<a href=\"https:\/\/veritasinfo.org\/?cat=58\" rel=\"category\">Politik\u00eb<\/a>","tag_info":"Politik\u00eb","comment_count":"0","_links":{"self":[{"href":"https:\/\/veritasinfo.org\/index.php?rest_route=\/wp\/v2\/posts\/11738","targetHints":{"allow":["GET"]}}],"collection":[{"href":"https:\/\/veritasinfo.org\/index.php?rest_route=\/wp\/v2\/posts"}],"about":[{"href":"https:\/\/veritasinfo.org\/index.php?rest_route=\/wp\/v2\/types\/post"}],"author":[{"embeddable":true,"href":"https:\/\/veritasinfo.org\/index.php?rest_route=\/wp\/v2\/users\/2"}],"replies":[{"embeddable":true,"href":"https:\/\/veritasinfo.org\/index.php?rest_route=%2Fwp%2Fv2%2Fcomments&post=11738"}],"version-history":[{"count":2,"href":"https:\/\/veritasinfo.org\/index.php?rest_route=\/wp\/v2\/posts\/11738\/revisions"}],"predecessor-version":[{"id":11746,"href":"https:\/\/veritasinfo.org\/index.php?rest_route=\/wp\/v2\/posts\/11738\/revisions\/11746"}],"wp:featuredmedia":[{"embeddable":true,"href":"https:\/\/veritasinfo.org\/index.php?rest_route=\/wp\/v2\/media\/11739"}],"wp:attachment":[{"href":"https:\/\/veritasinfo.org\/index.php?rest_route=%2Fwp%2Fv2%2Fmedia&parent=11738"}],"wp:term":[{"taxonomy":"category","embeddable":true,"href":"https:\/\/veritasinfo.org\/index.php?rest_route=%2Fwp%2Fv2%2Fcategories&post=11738"},{"taxonomy":"post_tag","embeddable":true,"href":"https:\/\/veritasinfo.org\/index.php?rest_route=%2Fwp%2Fv2%2Ftags&post=11738"}],"curies":[{"name":"wp","href":"https:\/\/api.w.org\/{rel}","templated":true}]}}