{"id":11647,"date":"2025-09-12T16:38:37","date_gmt":"2025-09-12T14:38:37","guid":{"rendered":"https:\/\/veritasinfo.org\/?p=11647"},"modified":"2025-09-12T16:38:37","modified_gmt":"2025-09-12T14:38:37","slug":"ismajli-prezantohet-te-torino-jam-gati-te-luftoj-per-kete-fanelle","status":"publish","type":"post","link":"https:\/\/veritasinfo.org\/?p=11647","title":{"rendered":"Ismajli prezantohet te Torino: Jam gati t\u00eb luftoj p\u00ebr k\u00ebt\u00eb fanell\u00eb"},"content":{"rendered":"<p>Prishtinw, 12 shtator<\/p>\n<p>Mbrojt\u00ebsi i Komb\u00ebtares shqiptare, Ardian Ismajli, ka folur p\u00ebr her\u00eb t\u00eb par\u00eb pas transferimit t\u00eb tij te Torino, duke ndar\u00eb emocionet dhe pritjet p\u00ebr aventur\u00ebn e re n\u00eb Serie A.<\/p>\n<p>\u201cJam k\u00ebtu prej disa jav\u00ebsh dhe ndihem shum\u00eb mir\u00eb. Qyteti m\u00eb p\u00eblqen shum\u00eb, edhe bashk\u00ebshortes sime. Torino \u00ebsht\u00eb nj\u00eb klub me histori dhe tifoz\u00eb t\u00eb jasht\u00ebzakonsh\u00ebm, prandaj kur m\u00eb thirr\u00ebn nuk hezitova\u201d, u shpreh Ismajli.<\/p>\n<p>Ai kujtoi me krenari momentin kur mbajti shiritin e kapitenit me Shqip\u00ebrin\u00eb.<\/p>\n<p>\u201cJam ndjer\u00eb gjithmon\u00eb kapiten edhe pa shirit. Me Shqip\u00ebrin\u00eb pata nderin ta mbaj shiritin, nj\u00eb moment historik p\u00ebr familjen time. Dua t\u2019i ndihmoj t\u00eb rinjt\u00eb, sepse vet\u00eb kam kaluar v\u00ebshtir\u00ebsi dhe di si t\u2019i p\u00ebrballoj\u201d, theksoi Ismajli.<\/p>\n<p>Sa i p\u00ebrket p\u00ebrshtatjes n\u00eb futbollin italian, Ismajli e quajti Serie A realizim \u00ebndrre.<\/p>\n<p>\u201cIshte \u00ebndrra ime q\u00eb kur isha f\u00ebmij\u00eb. Jam gati t\u00eb p\u00ebrshtatem si n\u00eb mbrojtje me tre ashtu edhe me kat\u00ebr lojtar\u00eb\u201d, pohoi ai.<\/p>\n<p>N\u00eb fund, ai dha nj\u00eb mesazh t\u00eb qart\u00eb p\u00ebr tifoz\u00ebt.<\/p>\n<p>\u201cLuft\u00ebtar\u00ebt nuk dor\u00ebzohen kurr\u00eb. Ky \u00ebsht\u00eb shpirti q\u00eb do t\u00eb jap gjithmon\u00eb n\u00eb fush\u00eb me fanell\u00ebn e Torinos\u201d, p\u00ebrfundoi mbrojt\u00ebsi shqiptar.<\/p>\n","protected":false},"excerpt":{"rendered":"<p>Prishtinw, 12 shtator Mbrojt\u00ebsi i Komb\u00ebtares shqiptare, Ardian Ismajli, ka folur p\u00ebr her\u00eb t\u00eb par\u00eb pas transferimit t\u00eb tij te Torino, duke ndar\u00eb emocionet dhe<\/p>\n","protected":false},"author":7,"featured_media":11648,"comment_status":"open","ping_status":"open","sticky":false,"template":"","format":"standard","meta":{"footnotes":""},"categories":[5],"tags":[],"class_list":["post-11647","post","type-post","status-publish","format-standard","has-post-thumbnail","hentry","category-sport-sq"],"yoast_head":"<!-- This site is optimized with the Yoast SEO plugin v25.3.1 - https:\/\/yoast.com\/wordpress\/plugins\/seo\/ -->\n<title>Ismajli prezantohet te Torino: Jam gati t\u00eb luftoj p\u00ebr k\u00ebt\u00eb fanell\u00eb -<\/title>\n<meta name=\"robots\" content=\"index, follow, max-snippet:-1, max-image-preview:large, max-video-preview:-1\" \/>\n<link rel=\"canonical\" href=\"https:\/\/veritasinfo.org\/?p=11647\" \/>\n<meta property=\"og:locale\" content=\"en_US\" \/>\n<meta property=\"og:type\" content=\"article\" \/>\n<meta property=\"og:title\" content=\"Ismajli prezantohet te Torino: Jam gati t\u00eb luftoj p\u00ebr k\u00ebt\u00eb fanell\u00eb -\" \/>\n<meta property=\"og:description\" content=\"Prishtinw, 12 shtator Mbrojt\u00ebsi i Komb\u00ebtares shqiptare, Ardian Ismajli, ka folur p\u00ebr her\u00eb t\u00eb par\u00eb pas transferimit t\u00eb tij te Torino, duke ndar\u00eb emocionet dhe\" \/>\n<meta property=\"og:url\" content=\"https:\/\/veritasinfo.org\/?p=11647\" \/>\n<meta property=\"article:published_time\" content=\"2025-09-12T14:38:37+00:00\" \/>\n<meta property=\"og:image\" content=\"https:\/\/veritasinfo.org\/wp-content\/uploads\/2025\/09\/703978-BstOcB6kWW.jpg\" \/>\n\t<meta property=\"og:image:width\" content=\"780\" \/>\n\t<meta property=\"og:image:height\" content=\"500\" \/>\n\t<meta property=\"og:image:type\" content=\"image\/jpeg\" \/>\n<meta name=\"author\" content=\"US6\" \/>\n<meta name=\"twitter:card\" content=\"summary_large_image\" \/>\n<meta name=\"twitter:label1\" content=\"Written by\" \/>\n\t<meta name=\"twitter:data1\" content=\"US6\" \/>\n\t<meta name=\"twitter:label2\" content=\"Est. reading time\" \/>\n\t<meta name=\"twitter:data2\" content=\"2 minutes\" \/>\n<script type=\"application\/ld+json\" class=\"yoast-schema-graph\">{\"@context\":\"https:\/\/schema.org\",\"@graph\":[{\"@type\":\"WebPage\",\"@id\":\"https:\/\/veritasinfo.org\/?p=11647\",\"url\":\"https:\/\/veritasinfo.org\/?p=11647\",\"name\":\"Ismajli prezantohet te Torino: Jam gati t\u00eb luftoj p\u00ebr k\u00ebt\u00eb fanell\u00eb -\",\"isPartOf\":{\"@id\":\"https:\/\/veritasinfo.org\/#website\"},\"primaryImageOfPage\":{\"@id\":\"https:\/\/veritasinfo.org\/?p=11647#primaryimage\"},\"image\":{\"@id\":\"https:\/\/veritasinfo.org\/?p=11647#primaryimage\"},\"thumbnailUrl\":\"https:\/\/veritasinfo.org\/wp-content\/uploads\/2025\/09\/703978-BstOcB6kWW.jpg\",\"datePublished\":\"2025-09-12T14:38:37+00:00\",\"author\":{\"@id\":\"https:\/\/veritasinfo.org\/#\/schema\/person\/fe199eede04c3937362892b7444747cc\"},\"breadcrumb\":{\"@id\":\"https:\/\/veritasinfo.org\/?p=11647#breadcrumb\"},\"inLanguage\":\"en-US\",\"potentialAction\":[{\"@type\":\"ReadAction\",\"target\":[\"https:\/\/veritasinfo.org\/?p=11647\"]}]},{\"@type\":\"ImageObject\",\"inLanguage\":\"en-US\",\"@id\":\"https:\/\/veritasinfo.org\/?p=11647#primaryimage\",\"url\":\"https:\/\/veritasinfo.org\/wp-content\/uploads\/2025\/09\/703978-BstOcB6kWW.jpg\",\"contentUrl\":\"https:\/\/veritasinfo.org\/wp-content\/uploads\/2025\/09\/703978-BstOcB6kWW.jpg\",\"width\":780,\"height\":500},{\"@type\":\"BreadcrumbList\",\"@id\":\"https:\/\/veritasinfo.org\/?p=11647#breadcrumb\",\"itemListElement\":[{\"@type\":\"ListItem\",\"position\":1,\"name\":\"Home\",\"item\":\"https:\/\/veritasinfo.org\/\"},{\"@type\":\"ListItem\",\"position\":2,\"name\":\"Ismajli prezantohet te Torino: Jam gati t\u00eb luftoj p\u00ebr k\u00ebt\u00eb fanell\u00eb\"}]},{\"@type\":\"WebSite\",\"@id\":\"https:\/\/veritasinfo.org\/#website\",\"url\":\"https:\/\/veritasinfo.org\/\",\"name\":\"\",\"description\":\"\",\"potentialAction\":[{\"@type\":\"SearchAction\",\"target\":{\"@type\":\"EntryPoint\",\"urlTemplate\":\"https:\/\/veritasinfo.org\/?s={search_term_string}\"},\"query-input\":{\"@type\":\"PropertyValueSpecification\",\"valueRequired\":true,\"valueName\":\"search_term_string\"}}],\"inLanguage\":\"en-US\"},{\"@type\":\"Person\",\"@id\":\"https:\/\/veritasinfo.org\/#\/schema\/person\/fe199eede04c3937362892b7444747cc\",\"name\":\"US6\",\"image\":{\"@type\":\"ImageObject\",\"inLanguage\":\"en-US\",\"@id\":\"https:\/\/veritasinfo.org\/#\/schema\/person\/image\/\",\"url\":\"https:\/\/secure.gravatar.com\/avatar\/cb16c3c31c9d23b9b8c705964598220b3014e42ff51eb540ff23cefa3ae8c15f?s=96&d=mm&r=g\",\"contentUrl\":\"https:\/\/secure.gravatar.com\/avatar\/cb16c3c31c9d23b9b8c705964598220b3014e42ff51eb540ff23cefa3ae8c15f?s=96&d=mm&r=g\",\"caption\":\"US6\"},\"url\":\"https:\/\/veritasinfo.org\/?author=7\"}]}<\/script>\n<!-- \/ Yoast SEO plugin. -->","yoast_head_json":{"title":"Ismajli prezantohet te Torino: Jam gati t\u00eb luftoj p\u00ebr k\u00ebt\u00eb fanell\u00eb -","robots":{"index":"index","follow":"follow","max-snippet":"max-snippet:-1","max-image-preview":"max-image-preview:large","max-video-preview":"max-video-preview:-1"},"canonical":"https:\/\/veritasinfo.org\/?p=11647","og_locale":"en_US","og_type":"article","og_title":"Ismajli prezantohet te Torino: Jam gati t\u00eb luftoj p\u00ebr k\u00ebt\u00eb fanell\u00eb -","og_description":"Prishtinw, 12 shtator Mbrojt\u00ebsi i Komb\u00ebtares shqiptare, Ardian Ismajli, ka folur p\u00ebr her\u00eb t\u00eb par\u00eb pas transferimit t\u00eb tij te Torino, duke ndar\u00eb emocionet dhe","og_url":"https:\/\/veritasinfo.org\/?p=11647","article_published_time":"2025-09-12T14:38:37+00:00","og_image":[{"width":780,"height":500,"url":"https:\/\/veritasinfo.org\/wp-content\/uploads\/2025\/09\/703978-BstOcB6kWW.jpg","type":"image\/jpeg"}],"author":"US6","twitter_card":"summary_large_image","twitter_misc":{"Written by":"US6","Est. reading time":"2 minutes"},"schema":{"@context":"https:\/\/schema.org","@graph":[{"@type":"WebPage","@id":"https:\/\/veritasinfo.org\/?p=11647","url":"https:\/\/veritasinfo.org\/?p=11647","name":"Ismajli prezantohet te Torino: Jam gati t\u00eb luftoj p\u00ebr k\u00ebt\u00eb fanell\u00eb -","isPartOf":{"@id":"https:\/\/veritasinfo.org\/#website"},"primaryImageOfPage":{"@id":"https:\/\/veritasinfo.org\/?p=11647#primaryimage"},"image":{"@id":"https:\/\/veritasinfo.org\/?p=11647#primaryimage"},"thumbnailUrl":"https:\/\/veritasinfo.org\/wp-content\/uploads\/2025\/09\/703978-BstOcB6kWW.jpg","datePublished":"2025-09-12T14:38:37+00:00","author":{"@id":"https:\/\/veritasinfo.org\/#\/schema\/person\/fe199eede04c3937362892b7444747cc"},"breadcrumb":{"@id":"https:\/\/veritasinfo.org\/?p=11647#breadcrumb"},"inLanguage":"en-US","potentialAction":[{"@type":"ReadAction","target":["https:\/\/veritasinfo.org\/?p=11647"]}]},{"@type":"ImageObject","inLanguage":"en-US","@id":"https:\/\/veritasinfo.org\/?p=11647#primaryimage","url":"https:\/\/veritasinfo.org\/wp-content\/uploads\/2025\/09\/703978-BstOcB6kWW.jpg","contentUrl":"https:\/\/veritasinfo.org\/wp-content\/uploads\/2025\/09\/703978-BstOcB6kWW.jpg","width":780,"height":500},{"@type":"BreadcrumbList","@id":"https:\/\/veritasinfo.org\/?p=11647#breadcrumb","itemListElement":[{"@type":"ListItem","position":1,"name":"Home","item":"https:\/\/veritasinfo.org\/"},{"@type":"ListItem","position":2,"name":"Ismajli prezantohet te Torino: Jam gati t\u00eb luftoj p\u00ebr k\u00ebt\u00eb fanell\u00eb"}]},{"@type":"WebSite","@id":"https:\/\/veritasinfo.org\/#website","url":"https:\/\/veritasinfo.org\/","name":"","description":"","potentialAction":[{"@type":"SearchAction","target":{"@type":"EntryPoint","urlTemplate":"https:\/\/veritasinfo.org\/?s={search_term_string}"},"query-input":{"@type":"PropertyValueSpecification","valueRequired":true,"valueName":"search_term_string"}}],"inLanguage":"en-US"},{"@type":"Person","@id":"https:\/\/veritasinfo.org\/#\/schema\/person\/fe199eede04c3937362892b7444747cc","name":"US6","image":{"@type":"ImageObject","inLanguage":"en-US","@id":"https:\/\/veritasinfo.org\/#\/schema\/person\/image\/","url":"https:\/\/secure.gravatar.com\/avatar\/cb16c3c31c9d23b9b8c705964598220b3014e42ff51eb540ff23cefa3ae8c15f?s=96&d=mm&r=g","contentUrl":"https:\/\/secure.gravatar.com\/avatar\/cb16c3c31c9d23b9b8c705964598220b3014e42ff51eb540ff23cefa3ae8c15f?s=96&d=mm&r=g","caption":"US6"},"url":"https:\/\/veritasinfo.org\/?author=7"}]}},"featured_image_urls":{"full":["https:\/\/veritasinfo.org\/wp-content\/uploads\/2025\/09\/703978-BstOcB6kWW.jpg",780,500,false],"thumbnail":["https:\/\/veritasinfo.org\/wp-content\/uploads\/2025\/09\/703978-BstOcB6kWW-150x150.jpg",150,150,true],"medium":["https:\/\/veritasinfo.org\/wp-content\/uploads\/2025\/09\/703978-BstOcB6kWW-300x192.jpg",300,192,true],"medium_large":["https:\/\/veritasinfo.org\/wp-content\/uploads\/2025\/09\/703978-BstOcB6kWW-768x492.jpg",640,410,true],"large":["https:\/\/veritasinfo.org\/wp-content\/uploads\/2025\/09\/703978-BstOcB6kWW.jpg",640,410,false],"1536x1536":["https:\/\/veritasinfo.org\/wp-content\/uploads\/2025\/09\/703978-BstOcB6kWW.jpg",780,500,false],"2048x2048":["https:\/\/veritasinfo.org\/wp-content\/uploads\/2025\/09\/703978-BstOcB6kWW.jpg",780,500,false],"kreeti-slider-full":["https:\/\/veritasinfo.org\/wp-content\/uploads\/2025\/09\/703978-BstOcB6kWW.jpg",780,500,false],"kreeti-featured":["https:\/\/veritasinfo.org\/wp-content\/uploads\/2025\/09\/703978-BstOcB6kWW.jpg",780,500,false],"kreeti-medium":["https:\/\/veritasinfo.org\/wp-content\/uploads\/2025\/09\/703978-BstOcB6kWW.jpg",720,462,false],"kreeti-medium-square":["https:\/\/veritasinfo.org\/wp-content\/uploads\/2025\/09\/703978-BstOcB6kWW.jpg",350,224,false]},"author_info":{"info":["US6"]},"category_info":"<a href=\"https:\/\/veritasinfo.org\/?cat=5\" rel=\"category\">Sport<\/a>","tag_info":"Sport","comment_count":"0","_links":{"self":[{"href":"https:\/\/veritasinfo.org\/index.php?rest_route=\/wp\/v2\/posts\/11647","targetHints":{"allow":["GET"]}}],"collection":[{"href":"https:\/\/veritasinfo.org\/index.php?rest_route=\/wp\/v2\/posts"}],"about":[{"href":"https:\/\/veritasinfo.org\/index.php?rest_route=\/wp\/v2\/types\/post"}],"author":[{"embeddable":true,"href":"https:\/\/veritasinfo.org\/index.php?rest_route=\/wp\/v2\/users\/7"}],"replies":[{"embeddable":true,"href":"https:\/\/veritasinfo.org\/index.php?rest_route=%2Fwp%2Fv2%2Fcomments&post=11647"}],"version-history":[{"count":1,"href":"https:\/\/veritasinfo.org\/index.php?rest_route=\/wp\/v2\/posts\/11647\/revisions"}],"predecessor-version":[{"id":11650,"href":"https:\/\/veritasinfo.org\/index.php?rest_route=\/wp\/v2\/posts\/11647\/revisions\/11650"}],"wp:featuredmedia":[{"embeddable":true,"href":"https:\/\/veritasinfo.org\/index.php?rest_route=\/wp\/v2\/media\/11648"}],"wp:attachment":[{"href":"https:\/\/veritasinfo.org\/index.php?rest_route=%2Fwp%2Fv2%2Fmedia&parent=11647"}],"wp:term":[{"taxonomy":"category","embeddable":true,"href":"https:\/\/veritasinfo.org\/index.php?rest_route=%2Fwp%2Fv2%2Fcategories&post=11647"},{"taxonomy":"post_tag","embeddable":true,"href":"https:\/\/veritasinfo.org\/index.php?rest_route=%2Fwp%2Fv2%2Ftags&post=11647"}],"curies":[{"name":"wp","href":"https:\/\/api.w.org\/{rel}","templated":true}]}}