{"id":1164,"date":"2025-06-20T21:55:59","date_gmt":"2025-06-20T19:55:59","guid":{"rendered":"https:\/\/veritasinfo.org\/?p=1164"},"modified":"2025-06-20T21:55:59","modified_gmt":"2025-06-20T19:55:59","slug":"be-ja-cdo-vendim-per-ndertim-urash-mbi-iber-duhet-te-merret-me-perfshirjen-e-te-gjitha-komuniteteve","status":"publish","type":"post","link":"https:\/\/veritasinfo.org\/?p=1164","title":{"rendered":"BE-ja: \u00c7do vendim p\u00ebr nd\u00ebrtim urash mbi Ib\u00ebr duhet t\u00eb merret me p\u00ebrfshirjen e t\u00eb gjitha komuniteteve"},"content":{"rendered":"<p>Prishtin\u00eb, 20.06.2025<\/p>\n<p>Nj\u00eb z\u00ebdh\u00ebn\u00ebs i Bashkimit Evropian ka th\u00ebn\u00eb se \u00e7do vendim p\u00ebr \u00e7far\u00ebdo nd\u00ebrtimi p\u00ebrgjat\u00eb lumit Ib\u00ebr n\u00eb Mitrovic\u00eb, duhet t\u00eb merret me kujdes dhe n\u00eb m\u00ebnyr\u00eb gjith\u00ebp\u00ebrfshir\u00ebse, me p\u00ebrfshirjen e plot\u00eb t\u00eb t\u00eb gjitha komuniteteve t\u00eb prekura.<\/p>\n<div class=\"instream-video\">\n<div data-id=\"2kQm8Ze4251g\">\n<div class=\"orp-player-wrapper orp-aspectRateFixed orp-tiny-size orp-player-ipm orp-player-ipm-hidden orp-force-hide-player\">\u201cBE-ja nuk \u00ebsht\u00eb n\u00eb dijeni t\u00eb k\u00ebtij projekti dhe as nuk \u00ebsht\u00eb e p\u00ebrfshir\u00eb n\u00eb t\u00eb\u201d, ka th\u00ebn\u00eb ky z\u00ebdh\u00ebn\u00ebs p\u00ebr Radion Evropa e Lir\u00eb, pas paralajm\u00ebrimit t\u00eb autoriteteve t\u00eb Kosov\u00ebs p\u00ebr nd\u00ebrtimin e dy urave n\u00eb dy krah\u00ebt e ur\u00ebs kryesore mbi Ib\u00ebr.<\/div>\n<\/div>\n<\/div>\n<p>Dit\u00eb m\u00eb par\u00eb, L\u00ebvizja Vet\u00ebvendosje publikoi fotografi se si do t\u00eb dukeshin k\u00ebto dy ura. Ato dukeshin n\u00eb t\u00eb dy an\u00ebt e ur\u00ebs kryesore. E fotografia ishte publikuar pasi ministri n\u00eb detyr\u00eb i Infrastruktur\u00ebs, Liburn Aliu, njoftoi se bashk\u00eb me komunat e Mitrovic\u00ebs n\u00eb jug dhe n\u00eb veri, Ministria ka arritur memorandum bashk\u00ebpunimi p\u00ebr mb\u00ebshtetje t\u00eb projekteve infrastrukturore \u2013 e si projekt i p\u00ebrbashk\u00ebt p\u00ebrmendi nd\u00ebrtimin e dy urave.<\/p>\n<p>Ura mbi Ib\u00ebr \u00ebsht\u00eb e hapur vet\u00ebm p\u00ebr k\u00ebmb\u00ebsor\u00eb. Vitin e kaluar, Qeveria njoftoi se planifikon ta hap\u00eb dhe menj\u00ebher\u00eb pati reagime nga bashk\u00ebsia nd\u00ebrkomb\u00ebtare.<\/p>\n<div id=\"__ads-300x250in-4\" class=\"__ads-300x250-inarticle\" data-google-query-id=\"CJ6D_r7igI4DFWQhBgAdpbYS2w\">\n<div id=\"futureads_async_1819679697\" data-zone=\"75ad420e-1de5-4209-9067-ba1c1e0e9247\" data-sender=\"futureads\" data-parent-id=\"google_ads_iframe_\/21895329656\/300x250-in-article_0__container__\">\n<div class=\"resize-sensor\" dir=\"ltr\">\n<div class=\"resize-sensor-expand\">\n<div>BE-ja pati th\u00ebn\u00eb se \u00e7\u00ebshtja e hapjes s\u00eb k\u00ebsaj ure duhet t\u00eb jet\u00eb tem\u00eb e dialogut Kosov\u00eb-Serbi.<\/div>\n<\/div>\n<\/div>\n<\/div>\n<\/div>\n","protected":false},"excerpt":{"rendered":"<p>Prishtin\u00eb, 20.06.2025 Nj\u00eb z\u00ebdh\u00ebn\u00ebs i Bashkimit Evropian ka th\u00ebn\u00eb se \u00e7do vendim p\u00ebr \u00e7far\u00ebdo nd\u00ebrtimi p\u00ebrgjat\u00eb lumit Ib\u00ebr n\u00eb Mitrovic\u00eb, duhet t\u00eb merret me kujdes<\/p>\n","protected":false},"author":1,"featured_media":1165,"comment_status":"open","ping_status":"open","sticky":false,"template":"","format":"standard","meta":{"footnotes":""},"categories":[58],"tags":[],"class_list":["post-1164","post","type-post","status-publish","format-standard","has-post-thumbnail","hentry","category-politike-sq"],"yoast_head":"<!-- This site is optimized with the Yoast SEO plugin v25.3.1 - https:\/\/yoast.com\/wordpress\/plugins\/seo\/ -->\n<title>BE-ja: \u00c7do vendim p\u00ebr nd\u00ebrtim urash mbi Ib\u00ebr duhet t\u00eb merret me p\u00ebrfshirjen e t\u00eb gjitha komuniteteve -<\/title>\n<meta name=\"robots\" content=\"index, follow, max-snippet:-1, max-image-preview:large, max-video-preview:-1\" \/>\n<link rel=\"canonical\" href=\"https:\/\/veritasinfo.org\/?p=1164\" \/>\n<meta property=\"og:locale\" content=\"en_US\" \/>\n<meta property=\"og:type\" content=\"article\" \/>\n<meta property=\"og:title\" content=\"BE-ja: \u00c7do vendim p\u00ebr nd\u00ebrtim urash mbi Ib\u00ebr duhet t\u00eb merret me p\u00ebrfshirjen e t\u00eb gjitha komuniteteve -\" \/>\n<meta property=\"og:description\" content=\"Prishtin\u00eb, 20.06.2025 Nj\u00eb z\u00ebdh\u00ebn\u00ebs i Bashkimit Evropian ka th\u00ebn\u00eb se \u00e7do vendim p\u00ebr \u00e7far\u00ebdo nd\u00ebrtimi p\u00ebrgjat\u00eb lumit Ib\u00ebr n\u00eb Mitrovic\u00eb, duhet t\u00eb merret me kujdes\" \/>\n<meta property=\"og:url\" content=\"https:\/\/veritasinfo.org\/?p=1164\" \/>\n<meta property=\"article:published_time\" content=\"2025-06-20T19:55:59+00:00\" \/>\n<meta property=\"og:image\" content=\"https:\/\/veritasinfo.org\/wp-content\/uploads\/2025\/06\/IMG_1484-1.webp\" \/>\n\t<meta property=\"og:image:width\" content=\"771\" \/>\n\t<meta property=\"og:image:height\" content=\"468\" \/>\n\t<meta property=\"og:image:type\" content=\"image\/webp\" \/>\n<meta name=\"author\" content=\"admin\" \/>\n<meta name=\"twitter:card\" content=\"summary_large_image\" \/>\n<meta name=\"twitter:label1\" content=\"Written by\" \/>\n\t<meta name=\"twitter:data1\" content=\"admin\" \/>\n\t<meta name=\"twitter:label2\" content=\"Est. reading time\" \/>\n\t<meta name=\"twitter:data2\" content=\"2 minutes\" \/>\n<script type=\"application\/ld+json\" class=\"yoast-schema-graph\">{\"@context\":\"https:\/\/schema.org\",\"@graph\":[{\"@type\":\"WebPage\",\"@id\":\"https:\/\/veritasinfo.org\/?p=1164\",\"url\":\"https:\/\/veritasinfo.org\/?p=1164\",\"name\":\"BE-ja: \u00c7do vendim p\u00ebr nd\u00ebrtim urash mbi Ib\u00ebr duhet t\u00eb merret me p\u00ebrfshirjen e t\u00eb gjitha komuniteteve -\",\"isPartOf\":{\"@id\":\"https:\/\/veritasinfo.org\/#website\"},\"primaryImageOfPage\":{\"@id\":\"https:\/\/veritasinfo.org\/?p=1164#primaryimage\"},\"image\":{\"@id\":\"https:\/\/veritasinfo.org\/?p=1164#primaryimage\"},\"thumbnailUrl\":\"https:\/\/veritasinfo.org\/wp-content\/uploads\/2025\/06\/IMG_1484-1.webp\",\"datePublished\":\"2025-06-20T19:55:59+00:00\",\"author\":{\"@id\":\"https:\/\/veritasinfo.org\/#\/schema\/person\/7701f8c088bece422266b100a712374f\"},\"breadcrumb\":{\"@id\":\"https:\/\/veritasinfo.org\/?p=1164#breadcrumb\"},\"inLanguage\":\"en-US\",\"potentialAction\":[{\"@type\":\"ReadAction\",\"target\":[\"https:\/\/veritasinfo.org\/?p=1164\"]}]},{\"@type\":\"ImageObject\",\"inLanguage\":\"en-US\",\"@id\":\"https:\/\/veritasinfo.org\/?p=1164#primaryimage\",\"url\":\"https:\/\/veritasinfo.org\/wp-content\/uploads\/2025\/06\/IMG_1484-1.webp\",\"contentUrl\":\"https:\/\/veritasinfo.org\/wp-content\/uploads\/2025\/06\/IMG_1484-1.webp\",\"width\":771,\"height\":468},{\"@type\":\"BreadcrumbList\",\"@id\":\"https:\/\/veritasinfo.org\/?p=1164#breadcrumb\",\"itemListElement\":[{\"@type\":\"ListItem\",\"position\":1,\"name\":\"Home\",\"item\":\"https:\/\/veritasinfo.org\/\"},{\"@type\":\"ListItem\",\"position\":2,\"name\":\"BE-ja: \u00c7do vendim p\u00ebr nd\u00ebrtim urash mbi Ib\u00ebr duhet t\u00eb merret me p\u00ebrfshirjen e t\u00eb gjitha komuniteteve\"}]},{\"@type\":\"WebSite\",\"@id\":\"https:\/\/veritasinfo.org\/#website\",\"url\":\"https:\/\/veritasinfo.org\/\",\"name\":\"\",\"description\":\"\",\"potentialAction\":[{\"@type\":\"SearchAction\",\"target\":{\"@type\":\"EntryPoint\",\"urlTemplate\":\"https:\/\/veritasinfo.org\/?s={search_term_string}\"},\"query-input\":{\"@type\":\"PropertyValueSpecification\",\"valueRequired\":true,\"valueName\":\"search_term_string\"}}],\"inLanguage\":\"en-US\"},{\"@type\":\"Person\",\"@id\":\"https:\/\/veritasinfo.org\/#\/schema\/person\/7701f8c088bece422266b100a712374f\",\"name\":\"admin\",\"image\":{\"@type\":\"ImageObject\",\"inLanguage\":\"en-US\",\"@id\":\"https:\/\/veritasinfo.org\/#\/schema\/person\/image\/\",\"url\":\"https:\/\/secure.gravatar.com\/avatar\/ea53aa3bf6c9a12d5fde8ce4deff43fef3885ae33cf60184161a50d6987cfd2f?s=96&d=mm&r=g\",\"contentUrl\":\"https:\/\/secure.gravatar.com\/avatar\/ea53aa3bf6c9a12d5fde8ce4deff43fef3885ae33cf60184161a50d6987cfd2f?s=96&d=mm&r=g\",\"caption\":\"admin\"},\"sameAs\":[\"https:\/\/veritasinfo.org\"],\"url\":\"https:\/\/veritasinfo.org\/?author=1\"}]}<\/script>\n<!-- \/ Yoast SEO plugin. -->","yoast_head_json":{"title":"BE-ja: \u00c7do vendim p\u00ebr nd\u00ebrtim urash mbi Ib\u00ebr duhet t\u00eb merret me p\u00ebrfshirjen e t\u00eb gjitha komuniteteve -","robots":{"index":"index","follow":"follow","max-snippet":"max-snippet:-1","max-image-preview":"max-image-preview:large","max-video-preview":"max-video-preview:-1"},"canonical":"https:\/\/veritasinfo.org\/?p=1164","og_locale":"en_US","og_type":"article","og_title":"BE-ja: \u00c7do vendim p\u00ebr nd\u00ebrtim urash mbi Ib\u00ebr duhet t\u00eb merret me p\u00ebrfshirjen e t\u00eb gjitha komuniteteve -","og_description":"Prishtin\u00eb, 20.06.2025 Nj\u00eb z\u00ebdh\u00ebn\u00ebs i Bashkimit Evropian ka th\u00ebn\u00eb se \u00e7do vendim p\u00ebr \u00e7far\u00ebdo nd\u00ebrtimi p\u00ebrgjat\u00eb lumit Ib\u00ebr n\u00eb Mitrovic\u00eb, duhet t\u00eb merret me kujdes","og_url":"https:\/\/veritasinfo.org\/?p=1164","article_published_time":"2025-06-20T19:55:59+00:00","og_image":[{"width":771,"height":468,"url":"https:\/\/veritasinfo.org\/wp-content\/uploads\/2025\/06\/IMG_1484-1.webp","type":"image\/webp"}],"author":"admin","twitter_card":"summary_large_image","twitter_misc":{"Written by":"admin","Est. reading time":"2 minutes"},"schema":{"@context":"https:\/\/schema.org","@graph":[{"@type":"WebPage","@id":"https:\/\/veritasinfo.org\/?p=1164","url":"https:\/\/veritasinfo.org\/?p=1164","name":"BE-ja: \u00c7do vendim p\u00ebr nd\u00ebrtim urash mbi Ib\u00ebr duhet t\u00eb merret me p\u00ebrfshirjen e t\u00eb gjitha komuniteteve -","isPartOf":{"@id":"https:\/\/veritasinfo.org\/#website"},"primaryImageOfPage":{"@id":"https:\/\/veritasinfo.org\/?p=1164#primaryimage"},"image":{"@id":"https:\/\/veritasinfo.org\/?p=1164#primaryimage"},"thumbnailUrl":"https:\/\/veritasinfo.org\/wp-content\/uploads\/2025\/06\/IMG_1484-1.webp","datePublished":"2025-06-20T19:55:59+00:00","author":{"@id":"https:\/\/veritasinfo.org\/#\/schema\/person\/7701f8c088bece422266b100a712374f"},"breadcrumb":{"@id":"https:\/\/veritasinfo.org\/?p=1164#breadcrumb"},"inLanguage":"en-US","potentialAction":[{"@type":"ReadAction","target":["https:\/\/veritasinfo.org\/?p=1164"]}]},{"@type":"ImageObject","inLanguage":"en-US","@id":"https:\/\/veritasinfo.org\/?p=1164#primaryimage","url":"https:\/\/veritasinfo.org\/wp-content\/uploads\/2025\/06\/IMG_1484-1.webp","contentUrl":"https:\/\/veritasinfo.org\/wp-content\/uploads\/2025\/06\/IMG_1484-1.webp","width":771,"height":468},{"@type":"BreadcrumbList","@id":"https:\/\/veritasinfo.org\/?p=1164#breadcrumb","itemListElement":[{"@type":"ListItem","position":1,"name":"Home","item":"https:\/\/veritasinfo.org\/"},{"@type":"ListItem","position":2,"name":"BE-ja: \u00c7do vendim p\u00ebr nd\u00ebrtim urash mbi Ib\u00ebr duhet t\u00eb merret me p\u00ebrfshirjen e t\u00eb gjitha komuniteteve"}]},{"@type":"WebSite","@id":"https:\/\/veritasinfo.org\/#website","url":"https:\/\/veritasinfo.org\/","name":"","description":"","potentialAction":[{"@type":"SearchAction","target":{"@type":"EntryPoint","urlTemplate":"https:\/\/veritasinfo.org\/?s={search_term_string}"},"query-input":{"@type":"PropertyValueSpecification","valueRequired":true,"valueName":"search_term_string"}}],"inLanguage":"en-US"},{"@type":"Person","@id":"https:\/\/veritasinfo.org\/#\/schema\/person\/7701f8c088bece422266b100a712374f","name":"admin","image":{"@type":"ImageObject","inLanguage":"en-US","@id":"https:\/\/veritasinfo.org\/#\/schema\/person\/image\/","url":"https:\/\/secure.gravatar.com\/avatar\/ea53aa3bf6c9a12d5fde8ce4deff43fef3885ae33cf60184161a50d6987cfd2f?s=96&d=mm&r=g","contentUrl":"https:\/\/secure.gravatar.com\/avatar\/ea53aa3bf6c9a12d5fde8ce4deff43fef3885ae33cf60184161a50d6987cfd2f?s=96&d=mm&r=g","caption":"admin"},"sameAs":["https:\/\/veritasinfo.org"],"url":"https:\/\/veritasinfo.org\/?author=1"}]}},"featured_image_urls":{"full":["https:\/\/veritasinfo.org\/wp-content\/uploads\/2025\/06\/IMG_1484-1.webp",771,468,false],"thumbnail":["https:\/\/veritasinfo.org\/wp-content\/uploads\/2025\/06\/IMG_1484-1-150x150.webp",150,150,true],"medium":["https:\/\/veritasinfo.org\/wp-content\/uploads\/2025\/06\/IMG_1484-1-300x182.webp",300,182,true],"medium_large":["https:\/\/veritasinfo.org\/wp-content\/uploads\/2025\/06\/IMG_1484-1-768x466.webp",640,388,true],"large":["https:\/\/veritasinfo.org\/wp-content\/uploads\/2025\/06\/IMG_1484-1.webp",640,388,false],"1536x1536":["https:\/\/veritasinfo.org\/wp-content\/uploads\/2025\/06\/IMG_1484-1.webp",771,468,false],"2048x2048":["https:\/\/veritasinfo.org\/wp-content\/uploads\/2025\/06\/IMG_1484-1.webp",771,468,false],"kreeti-slider-full":["https:\/\/veritasinfo.org\/wp-content\/uploads\/2025\/06\/IMG_1484-1.webp",771,468,false],"kreeti-featured":["https:\/\/veritasinfo.org\/wp-content\/uploads\/2025\/06\/IMG_1484-1.webp",771,468,false],"kreeti-medium":["https:\/\/veritasinfo.org\/wp-content\/uploads\/2025\/06\/IMG_1484-1.webp",720,437,false],"kreeti-medium-square":["https:\/\/veritasinfo.org\/wp-content\/uploads\/2025\/06\/IMG_1484-1.webp",350,212,false]},"author_info":{"info":["admin"]},"category_info":"<a href=\"https:\/\/veritasinfo.org\/?cat=58\" rel=\"category\">Politik\u00eb<\/a>","tag_info":"Politik\u00eb","comment_count":"0","_links":{"self":[{"href":"https:\/\/veritasinfo.org\/index.php?rest_route=\/wp\/v2\/posts\/1164","targetHints":{"allow":["GET"]}}],"collection":[{"href":"https:\/\/veritasinfo.org\/index.php?rest_route=\/wp\/v2\/posts"}],"about":[{"href":"https:\/\/veritasinfo.org\/index.php?rest_route=\/wp\/v2\/types\/post"}],"author":[{"embeddable":true,"href":"https:\/\/veritasinfo.org\/index.php?rest_route=\/wp\/v2\/users\/1"}],"replies":[{"embeddable":true,"href":"https:\/\/veritasinfo.org\/index.php?rest_route=%2Fwp%2Fv2%2Fcomments&post=1164"}],"version-history":[{"count":1,"href":"https:\/\/veritasinfo.org\/index.php?rest_route=\/wp\/v2\/posts\/1164\/revisions"}],"predecessor-version":[{"id":1166,"href":"https:\/\/veritasinfo.org\/index.php?rest_route=\/wp\/v2\/posts\/1164\/revisions\/1166"}],"wp:featuredmedia":[{"embeddable":true,"href":"https:\/\/veritasinfo.org\/index.php?rest_route=\/wp\/v2\/media\/1165"}],"wp:attachment":[{"href":"https:\/\/veritasinfo.org\/index.php?rest_route=%2Fwp%2Fv2%2Fmedia&parent=1164"}],"wp:term":[{"taxonomy":"category","embeddable":true,"href":"https:\/\/veritasinfo.org\/index.php?rest_route=%2Fwp%2Fv2%2Fcategories&post=1164"},{"taxonomy":"post_tag","embeddable":true,"href":"https:\/\/veritasinfo.org\/index.php?rest_route=%2Fwp%2Fv2%2Ftags&post=1164"}],"curies":[{"name":"wp","href":"https:\/\/api.w.org\/{rel}","templated":true}]}}