{"id":11613,"date":"2025-09-12T11:55:36","date_gmt":"2025-09-12T09:55:36","guid":{"rendered":"https:\/\/veritasinfo.org\/?p=11613"},"modified":"2025-09-12T11:55:36","modified_gmt":"2025-09-12T09:55:36","slug":"arrestohet-nje-person-nen-dyshimet-per-krime-lufte-ne-kosove","status":"publish","type":"post","link":"https:\/\/veritasinfo.org\/?p=11613","title":{"rendered":"Arrestohet nj\u00eb person n\u00ebn dyshimet p\u00ebr krime lufte n\u00eb Kosov\u00eb"},"content":{"rendered":"<p>Prishtin\u00eb, 12 shtator<\/p>\n<p>Autoritetet n\u00eb Kosov\u00eb njoftuan se \u00ebsht\u00eb arrestuar nj\u00eb person i cili dyshohet se ka kryer vepr\u00ebn penale t\u00eb krimeve t\u00eb luft\u00ebs kund\u00ebr popullat\u00ebs civile n\u00eb Kosov\u00eb.<\/p>\n<p>Prokuroria Speciale e identifikoi t\u00eb arrestuarin me inicialet R.D., por nuk dha holl\u00ebsi t\u00eb tjera p\u00ebr k\u00ebt\u00eb rast.<\/p>\n<p>&#8220;R.D. \u00ebsht\u00eb ndaluar n\u00ebn dyshimin p\u00ebr krime lufte kund\u00ebr popullsis\u00eb civile, t\u00eb kryera gjat\u00eb periudh\u00ebs s\u00eb luft\u00ebs n\u00eb Kosov\u00eb&#8221;, tha Prokuroria Speciale.<\/p>\n<p>Ky institucion shtoi se s\u00eb bashku me Policin\u00eb e Kosov\u00ebs po nd\u00ebrmerr t\u00eb gjitha veprimet e nevojshme hetimore p\u00ebr k\u00ebt\u00eb rast.<\/p>\n<p>S\u00eb voni, Prokuroria Speciale ka ngritur disa akuza p\u00ebr krime q\u00eb jan\u00eb kryer gjat\u00eb luft\u00ebs m\u00eb 1998-99.<\/p>\n<p>N\u00eb gusht, ajo madje ka dor\u00ebzuar n\u00eb gjykat\u00eb nj\u00eb aktakuz\u00eb n\u00eb munges\u00eb kund\u00ebr 21 t\u00eb dyshuarve p\u00ebr d\u00ebbimin me forc\u00eb t\u00eb m\u00eb shum\u00eb se 800 mij\u00eb civil\u00ebve shqiptar\u00eb nga Kosova gjat\u00eb luft\u00ebs.<\/p>\n<p>Q\u00eb nga p\u00ebrfundimi i luft\u00ebs, dhjet\u00ebra persona jan\u00eb d\u00ebnuar p\u00ebr krime lufte para institucioneve vendore dhe nd\u00ebrkomb\u00ebtare.<\/p>\n<p>Nga viti 2000 deri m\u00eb 2008, krimet e luft\u00ebs n\u00eb Kosov\u00eb jan\u00eb hetuar nga Misioni i Kombeve t\u00eb Bashkuara n\u00eb Kosov\u00eb (UNMIK), nd\u00ebrsa nga viti 2008, nga Misioni i Bashkimit Evropian p\u00ebr Sundim t\u00eb Ligjit (EULEX).<\/p>\n<p>M\u00eb 2018, EULEX-i dor\u00ebzoi l\u00ebnd\u00ebt n\u00eb Prokurorin\u00eb e Kosov\u00ebs dhe gjykatat vendore.<\/p>\n<p>Gjat\u00eb luft\u00ebs s\u00eb fundit n\u00eb Kosov\u00eb m\u00eb 1998-1999 jan\u00eb vrar\u00eb m\u00eb shum\u00eb se 13.000 civil\u00eb dhe mij\u00ebra t\u00eb tjer\u00eb jan\u00eb zhdukur.<\/p>\n<p>Mbi 1.600 persona vazhdojn\u00eb t\u00eb jen\u00eb ende t\u00eb pagjetur \u2013 pjesa m\u00eb e madhe e tyre shqiptar\u00eb.<\/p>\n<p>&nbsp;<\/p>\n","protected":false},"excerpt":{"rendered":"<p>Prishtin\u00eb, 12 shtator Autoritetet n\u00eb Kosov\u00eb njoftuan se \u00ebsht\u00eb arrestuar nj\u00eb person i cili dyshohet se ka kryer vepr\u00ebn penale t\u00eb krimeve t\u00eb luft\u00ebs kund\u00ebr<\/p>\n","protected":false},"author":7,"featured_media":11615,"comment_status":"open","ping_status":"open","sticky":false,"template":"","format":"standard","meta":{"footnotes":""},"categories":[60],"tags":[],"class_list":["post-11613","post","type-post","status-publish","format-standard","has-post-thumbnail","hentry","category-shoqerore-sq"],"yoast_head":"<!-- This site is optimized with the Yoast SEO plugin v25.3.1 - https:\/\/yoast.com\/wordpress\/plugins\/seo\/ -->\n<title>Arrestohet nj\u00eb person n\u00ebn dyshimet p\u00ebr krime lufte n\u00eb Kosov\u00eb -<\/title>\n<meta name=\"robots\" content=\"index, follow, max-snippet:-1, max-image-preview:large, max-video-preview:-1\" \/>\n<link rel=\"canonical\" href=\"https:\/\/veritasinfo.org\/?p=11613\" \/>\n<meta property=\"og:locale\" content=\"en_US\" \/>\n<meta property=\"og:type\" content=\"article\" \/>\n<meta property=\"og:title\" content=\"Arrestohet nj\u00eb person n\u00ebn dyshimet p\u00ebr krime lufte n\u00eb Kosov\u00eb -\" \/>\n<meta property=\"og:description\" content=\"Prishtin\u00eb, 12 shtator Autoritetet n\u00eb Kosov\u00eb njoftuan se \u00ebsht\u00eb arrestuar nj\u00eb person i cili dyshohet se ka kryer vepr\u00ebn penale t\u00eb krimeve t\u00eb luft\u00ebs kund\u00ebr\" \/>\n<meta property=\"og:url\" content=\"https:\/\/veritasinfo.org\/?p=11613\" \/>\n<meta property=\"article:published_time\" content=\"2025-09-12T09:55:36+00:00\" \/>\n<meta property=\"og:image\" content=\"https:\/\/veritasinfo.org\/wp-content\/uploads\/2025\/09\/1-17.jpg\" \/>\n\t<meta property=\"og:image:width\" content=\"1008\" \/>\n\t<meta property=\"og:image:height\" content=\"530\" \/>\n\t<meta property=\"og:image:type\" content=\"image\/jpeg\" \/>\n<meta name=\"author\" content=\"US6\" \/>\n<meta name=\"twitter:card\" content=\"summary_large_image\" \/>\n<meta name=\"twitter:label1\" content=\"Written by\" \/>\n\t<meta name=\"twitter:data1\" content=\"US6\" \/>\n\t<meta name=\"twitter:label2\" content=\"Est. reading time\" \/>\n\t<meta name=\"twitter:data2\" content=\"2 minutes\" \/>\n<script type=\"application\/ld+json\" class=\"yoast-schema-graph\">{\"@context\":\"https:\/\/schema.org\",\"@graph\":[{\"@type\":\"WebPage\",\"@id\":\"https:\/\/veritasinfo.org\/?p=11613\",\"url\":\"https:\/\/veritasinfo.org\/?p=11613\",\"name\":\"Arrestohet nj\u00eb person n\u00ebn dyshimet p\u00ebr krime lufte n\u00eb Kosov\u00eb -\",\"isPartOf\":{\"@id\":\"https:\/\/veritasinfo.org\/#website\"},\"primaryImageOfPage\":{\"@id\":\"https:\/\/veritasinfo.org\/?p=11613#primaryimage\"},\"image\":{\"@id\":\"https:\/\/veritasinfo.org\/?p=11613#primaryimage\"},\"thumbnailUrl\":\"https:\/\/veritasinfo.org\/wp-content\/uploads\/2025\/09\/1-17.jpg\",\"datePublished\":\"2025-09-12T09:55:36+00:00\",\"author\":{\"@id\":\"https:\/\/veritasinfo.org\/#\/schema\/person\/fe199eede04c3937362892b7444747cc\"},\"breadcrumb\":{\"@id\":\"https:\/\/veritasinfo.org\/?p=11613#breadcrumb\"},\"inLanguage\":\"en-US\",\"potentialAction\":[{\"@type\":\"ReadAction\",\"target\":[\"https:\/\/veritasinfo.org\/?p=11613\"]}]},{\"@type\":\"ImageObject\",\"inLanguage\":\"en-US\",\"@id\":\"https:\/\/veritasinfo.org\/?p=11613#primaryimage\",\"url\":\"https:\/\/veritasinfo.org\/wp-content\/uploads\/2025\/09\/1-17.jpg\",\"contentUrl\":\"https:\/\/veritasinfo.org\/wp-content\/uploads\/2025\/09\/1-17.jpg\",\"width\":1008,\"height\":530},{\"@type\":\"BreadcrumbList\",\"@id\":\"https:\/\/veritasinfo.org\/?p=11613#breadcrumb\",\"itemListElement\":[{\"@type\":\"ListItem\",\"position\":1,\"name\":\"Home\",\"item\":\"https:\/\/veritasinfo.org\/\"},{\"@type\":\"ListItem\",\"position\":2,\"name\":\"Arrestohet nj\u00eb person n\u00ebn dyshimet p\u00ebr krime lufte n\u00eb Kosov\u00eb\"}]},{\"@type\":\"WebSite\",\"@id\":\"https:\/\/veritasinfo.org\/#website\",\"url\":\"https:\/\/veritasinfo.org\/\",\"name\":\"\",\"description\":\"\",\"potentialAction\":[{\"@type\":\"SearchAction\",\"target\":{\"@type\":\"EntryPoint\",\"urlTemplate\":\"https:\/\/veritasinfo.org\/?s={search_term_string}\"},\"query-input\":{\"@type\":\"PropertyValueSpecification\",\"valueRequired\":true,\"valueName\":\"search_term_string\"}}],\"inLanguage\":\"en-US\"},{\"@type\":\"Person\",\"@id\":\"https:\/\/veritasinfo.org\/#\/schema\/person\/fe199eede04c3937362892b7444747cc\",\"name\":\"US6\",\"image\":{\"@type\":\"ImageObject\",\"inLanguage\":\"en-US\",\"@id\":\"https:\/\/veritasinfo.org\/#\/schema\/person\/image\/\",\"url\":\"https:\/\/secure.gravatar.com\/avatar\/cb16c3c31c9d23b9b8c705964598220b3014e42ff51eb540ff23cefa3ae8c15f?s=96&d=mm&r=g\",\"contentUrl\":\"https:\/\/secure.gravatar.com\/avatar\/cb16c3c31c9d23b9b8c705964598220b3014e42ff51eb540ff23cefa3ae8c15f?s=96&d=mm&r=g\",\"caption\":\"US6\"},\"url\":\"https:\/\/veritasinfo.org\/?author=7\"}]}<\/script>\n<!-- \/ Yoast SEO plugin. -->","yoast_head_json":{"title":"Arrestohet nj\u00eb person n\u00ebn dyshimet p\u00ebr krime lufte n\u00eb Kosov\u00eb -","robots":{"index":"index","follow":"follow","max-snippet":"max-snippet:-1","max-image-preview":"max-image-preview:large","max-video-preview":"max-video-preview:-1"},"canonical":"https:\/\/veritasinfo.org\/?p=11613","og_locale":"en_US","og_type":"article","og_title":"Arrestohet nj\u00eb person n\u00ebn dyshimet p\u00ebr krime lufte n\u00eb Kosov\u00eb -","og_description":"Prishtin\u00eb, 12 shtator Autoritetet n\u00eb Kosov\u00eb njoftuan se \u00ebsht\u00eb arrestuar nj\u00eb person i cili dyshohet se ka kryer vepr\u00ebn penale t\u00eb krimeve t\u00eb luft\u00ebs kund\u00ebr","og_url":"https:\/\/veritasinfo.org\/?p=11613","article_published_time":"2025-09-12T09:55:36+00:00","og_image":[{"width":1008,"height":530,"url":"https:\/\/veritasinfo.org\/wp-content\/uploads\/2025\/09\/1-17.jpg","type":"image\/jpeg"}],"author":"US6","twitter_card":"summary_large_image","twitter_misc":{"Written by":"US6","Est. reading time":"2 minutes"},"schema":{"@context":"https:\/\/schema.org","@graph":[{"@type":"WebPage","@id":"https:\/\/veritasinfo.org\/?p=11613","url":"https:\/\/veritasinfo.org\/?p=11613","name":"Arrestohet nj\u00eb person n\u00ebn dyshimet p\u00ebr krime lufte n\u00eb Kosov\u00eb -","isPartOf":{"@id":"https:\/\/veritasinfo.org\/#website"},"primaryImageOfPage":{"@id":"https:\/\/veritasinfo.org\/?p=11613#primaryimage"},"image":{"@id":"https:\/\/veritasinfo.org\/?p=11613#primaryimage"},"thumbnailUrl":"https:\/\/veritasinfo.org\/wp-content\/uploads\/2025\/09\/1-17.jpg","datePublished":"2025-09-12T09:55:36+00:00","author":{"@id":"https:\/\/veritasinfo.org\/#\/schema\/person\/fe199eede04c3937362892b7444747cc"},"breadcrumb":{"@id":"https:\/\/veritasinfo.org\/?p=11613#breadcrumb"},"inLanguage":"en-US","potentialAction":[{"@type":"ReadAction","target":["https:\/\/veritasinfo.org\/?p=11613"]}]},{"@type":"ImageObject","inLanguage":"en-US","@id":"https:\/\/veritasinfo.org\/?p=11613#primaryimage","url":"https:\/\/veritasinfo.org\/wp-content\/uploads\/2025\/09\/1-17.jpg","contentUrl":"https:\/\/veritasinfo.org\/wp-content\/uploads\/2025\/09\/1-17.jpg","width":1008,"height":530},{"@type":"BreadcrumbList","@id":"https:\/\/veritasinfo.org\/?p=11613#breadcrumb","itemListElement":[{"@type":"ListItem","position":1,"name":"Home","item":"https:\/\/veritasinfo.org\/"},{"@type":"ListItem","position":2,"name":"Arrestohet nj\u00eb person n\u00ebn dyshimet p\u00ebr krime lufte n\u00eb Kosov\u00eb"}]},{"@type":"WebSite","@id":"https:\/\/veritasinfo.org\/#website","url":"https:\/\/veritasinfo.org\/","name":"","description":"","potentialAction":[{"@type":"SearchAction","target":{"@type":"EntryPoint","urlTemplate":"https:\/\/veritasinfo.org\/?s={search_term_string}"},"query-input":{"@type":"PropertyValueSpecification","valueRequired":true,"valueName":"search_term_string"}}],"inLanguage":"en-US"},{"@type":"Person","@id":"https:\/\/veritasinfo.org\/#\/schema\/person\/fe199eede04c3937362892b7444747cc","name":"US6","image":{"@type":"ImageObject","inLanguage":"en-US","@id":"https:\/\/veritasinfo.org\/#\/schema\/person\/image\/","url":"https:\/\/secure.gravatar.com\/avatar\/cb16c3c31c9d23b9b8c705964598220b3014e42ff51eb540ff23cefa3ae8c15f?s=96&d=mm&r=g","contentUrl":"https:\/\/secure.gravatar.com\/avatar\/cb16c3c31c9d23b9b8c705964598220b3014e42ff51eb540ff23cefa3ae8c15f?s=96&d=mm&r=g","caption":"US6"},"url":"https:\/\/veritasinfo.org\/?author=7"}]}},"featured_image_urls":{"full":["https:\/\/veritasinfo.org\/wp-content\/uploads\/2025\/09\/1-17.jpg",1008,530,false],"thumbnail":["https:\/\/veritasinfo.org\/wp-content\/uploads\/2025\/09\/1-17-150x150.jpg",150,150,true],"medium":["https:\/\/veritasinfo.org\/wp-content\/uploads\/2025\/09\/1-17-300x158.jpg",300,158,true],"medium_large":["https:\/\/veritasinfo.org\/wp-content\/uploads\/2025\/09\/1-17-768x404.jpg",640,337,true],"large":["https:\/\/veritasinfo.org\/wp-content\/uploads\/2025\/09\/1-17.jpg",640,337,false],"1536x1536":["https:\/\/veritasinfo.org\/wp-content\/uploads\/2025\/09\/1-17.jpg",1008,530,false],"2048x2048":["https:\/\/veritasinfo.org\/wp-content\/uploads\/2025\/09\/1-17.jpg",1008,530,false],"kreeti-slider-full":["https:\/\/veritasinfo.org\/wp-content\/uploads\/2025\/09\/1-17.jpg",1008,530,false],"kreeti-featured":["https:\/\/veritasinfo.org\/wp-content\/uploads\/2025\/09\/1-17.jpg",1008,530,false],"kreeti-medium":["https:\/\/veritasinfo.org\/wp-content\/uploads\/2025\/09\/1-17.jpg",720,379,false],"kreeti-medium-square":["https:\/\/veritasinfo.org\/wp-content\/uploads\/2025\/09\/1-17.jpg",350,184,false]},"author_info":{"info":["US6"]},"category_info":"<a href=\"https:\/\/veritasinfo.org\/?cat=60\" rel=\"category\">Shoq\u00ebrore<\/a>","tag_info":"Shoq\u00ebrore","comment_count":"0","_links":{"self":[{"href":"https:\/\/veritasinfo.org\/index.php?rest_route=\/wp\/v2\/posts\/11613","targetHints":{"allow":["GET"]}}],"collection":[{"href":"https:\/\/veritasinfo.org\/index.php?rest_route=\/wp\/v2\/posts"}],"about":[{"href":"https:\/\/veritasinfo.org\/index.php?rest_route=\/wp\/v2\/types\/post"}],"author":[{"embeddable":true,"href":"https:\/\/veritasinfo.org\/index.php?rest_route=\/wp\/v2\/users\/7"}],"replies":[{"embeddable":true,"href":"https:\/\/veritasinfo.org\/index.php?rest_route=%2Fwp%2Fv2%2Fcomments&post=11613"}],"version-history":[{"count":1,"href":"https:\/\/veritasinfo.org\/index.php?rest_route=\/wp\/v2\/posts\/11613\/revisions"}],"predecessor-version":[{"id":11616,"href":"https:\/\/veritasinfo.org\/index.php?rest_route=\/wp\/v2\/posts\/11613\/revisions\/11616"}],"wp:featuredmedia":[{"embeddable":true,"href":"https:\/\/veritasinfo.org\/index.php?rest_route=\/wp\/v2\/media\/11615"}],"wp:attachment":[{"href":"https:\/\/veritasinfo.org\/index.php?rest_route=%2Fwp%2Fv2%2Fmedia&parent=11613"}],"wp:term":[{"taxonomy":"category","embeddable":true,"href":"https:\/\/veritasinfo.org\/index.php?rest_route=%2Fwp%2Fv2%2Fcategories&post=11613"},{"taxonomy":"post_tag","embeddable":true,"href":"https:\/\/veritasinfo.org\/index.php?rest_route=%2Fwp%2Fv2%2Ftags&post=11613"}],"curies":[{"name":"wp","href":"https:\/\/api.w.org\/{rel}","templated":true}]}}