{"id":11601,"date":"2025-09-12T11:37:30","date_gmt":"2025-09-12T09:37:30","guid":{"rendered":"https:\/\/veritasinfo.org\/?p=11601"},"modified":"2025-09-12T11:37:30","modified_gmt":"2025-09-12T09:37:30","slug":"kosova-dhe-izraeli-thellojne-bashkepunimin-ne-arsim-dhe-klime","status":"publish","type":"post","link":"https:\/\/veritasinfo.org\/?p=11601","title":{"rendered":"Kosova dhe Izraeli thellojn\u00eb bashk\u00ebpunimin n\u00eb arsim dhe klim\u00eb"},"content":{"rendered":"<p>Prishtin\u00eb, 12 shtator 2025<\/p>\n<p>Nj\u00eb delegacion i udh\u00ebhequr nga Drejtori i P\u00ebrgjithsh\u00ebm i Ministris\u00eb s\u00eb Bashk\u00ebpunimit Rajonal t\u00eb Izraelit realizoi nj\u00eb vizit\u00eb t\u00eb frytshme n\u00eb Kosov\u00eb, ku u prit nga Sekretari i P\u00ebrgjithsh\u00ebm i Ministris\u00eb s\u00eb Pun\u00ebve t\u00eb Jashtme dhe Ministri i Inovacionit dhe Nd\u00ebrmarr\u00ebsis\u00eb (MINT).<\/p>\n<p>Gjat\u00eb vizit\u00ebs, u n\u00ebnshkrua nj\u00eb Memorandum Mir\u00ebkuptimi (MoU) me Ministrin\u00eb e Mjedisit, Planifikimit Hap\u00ebsinor dhe Infrastruktur\u00ebs (MESPI) si dhe me Ministrin\u00eb e Arsimit, Shkenc\u00ebs, Teknologjis\u00eb dhe Inovacionit (MESTI), p\u00ebr t\u00eb nisur nj\u00eb Program t\u00eb Edukimit mbi Ndryshimet Klimatike \u2013 nj\u00eb hap i r\u00ebnd\u00ebsish\u00ebm drejt nd\u00ebrgjegj\u00ebsimit mjedisor dhe bashk\u00ebpunimit nd\u00ebrinstitucional.<\/p>\n<p>Lajmin e b\u00ebri t\u00eb ditur ambasadorja e Shtetit t\u00eb Izraelit n\u00eb Republik\u00ebn e Kosov\u00ebs, Tamar Ziv, p\u00ebrmes nj\u00eb postimi n\u00eb platform\u00ebn X.<\/p>\n<p>\u201cU n\u00ebnshkrua nj\u00eb Memorandum Mir\u00ebkuptimi me Ministrin\u00eb e Ekonomis\u00eb, Sektorit Privat dhe Investimeve Strategjike (MESPI) dhe Ministrin\u00eb e Arsimit, Shkenc\u00ebs, Teknologjis\u00eb dhe Inovacionit (MASTI) p\u00ebr t\u00eb lan\u00e7uar nj\u00eb program edukimi p\u00ebr ndryshimet klimatike. Delegacioni u takua gjithashtu me drejtues t\u00eb universiteteve: Universitetit t\u00eb Prishtin\u00ebs, UBT-s\u00eb dhe AAB-s\u00eb, me q\u00ebllim thellimin e<\/p>\n","protected":false},"excerpt":{"rendered":"<p>Prishtin\u00eb, 12 shtator 2025 Nj\u00eb delegacion i udh\u00ebhequr nga Drejtori i P\u00ebrgjithsh\u00ebm i Ministris\u00eb s\u00eb Bashk\u00ebpunimit Rajonal t\u00eb Izraelit realizoi nj\u00eb vizit\u00eb t\u00eb frytshme n\u00eb<\/p>\n","protected":false},"author":7,"featured_media":11602,"comment_status":"open","ping_status":"open","sticky":false,"template":"","format":"standard","meta":{"footnotes":""},"categories":[58],"tags":[],"class_list":["post-11601","post","type-post","status-publish","format-standard","has-post-thumbnail","hentry","category-politike-sq"],"yoast_head":"<!-- This site is optimized with the Yoast SEO plugin v25.3.1 - https:\/\/yoast.com\/wordpress\/plugins\/seo\/ -->\n<title>Kosova dhe Izraeli thellojn\u00eb bashk\u00ebpunimin n\u00eb arsim dhe klim\u00eb -<\/title>\n<meta name=\"robots\" content=\"index, follow, max-snippet:-1, max-image-preview:large, max-video-preview:-1\" \/>\n<link rel=\"canonical\" href=\"https:\/\/veritasinfo.org\/?p=11601\" \/>\n<meta property=\"og:locale\" content=\"en_US\" \/>\n<meta property=\"og:type\" content=\"article\" \/>\n<meta property=\"og:title\" content=\"Kosova dhe Izraeli thellojn\u00eb bashk\u00ebpunimin n\u00eb arsim dhe klim\u00eb -\" \/>\n<meta property=\"og:description\" content=\"Prishtin\u00eb, 12 shtator 2025 Nj\u00eb delegacion i udh\u00ebhequr nga Drejtori i P\u00ebrgjithsh\u00ebm i Ministris\u00eb s\u00eb Bashk\u00ebpunimit Rajonal t\u00eb Izraelit realizoi nj\u00eb vizit\u00eb t\u00eb frytshme n\u00eb\" \/>\n<meta property=\"og:url\" content=\"https:\/\/veritasinfo.org\/?p=11601\" \/>\n<meta property=\"article:published_time\" content=\"2025-09-12T09:37:30+00:00\" \/>\n<meta property=\"og:image\" content=\"https:\/\/veritasinfo.org\/wp-content\/uploads\/2025\/09\/703938-GSnVDHz3JK.jpg\" \/>\n\t<meta property=\"og:image:width\" content=\"780\" \/>\n\t<meta property=\"og:image:height\" content=\"500\" \/>\n\t<meta property=\"og:image:type\" content=\"image\/jpeg\" \/>\n<meta name=\"author\" content=\"US6\" \/>\n<meta name=\"twitter:card\" content=\"summary_large_image\" \/>\n<meta name=\"twitter:label1\" content=\"Written by\" \/>\n\t<meta name=\"twitter:data1\" content=\"US6\" \/>\n\t<meta name=\"twitter:label2\" content=\"Est. reading time\" \/>\n\t<meta name=\"twitter:data2\" content=\"1 minute\" \/>\n<script type=\"application\/ld+json\" class=\"yoast-schema-graph\">{\"@context\":\"https:\/\/schema.org\",\"@graph\":[{\"@type\":\"WebPage\",\"@id\":\"https:\/\/veritasinfo.org\/?p=11601\",\"url\":\"https:\/\/veritasinfo.org\/?p=11601\",\"name\":\"Kosova dhe Izraeli thellojn\u00eb bashk\u00ebpunimin n\u00eb arsim dhe klim\u00eb -\",\"isPartOf\":{\"@id\":\"https:\/\/veritasinfo.org\/#website\"},\"primaryImageOfPage\":{\"@id\":\"https:\/\/veritasinfo.org\/?p=11601#primaryimage\"},\"image\":{\"@id\":\"https:\/\/veritasinfo.org\/?p=11601#primaryimage\"},\"thumbnailUrl\":\"https:\/\/veritasinfo.org\/wp-content\/uploads\/2025\/09\/703938-GSnVDHz3JK.jpg\",\"datePublished\":\"2025-09-12T09:37:30+00:00\",\"author\":{\"@id\":\"https:\/\/veritasinfo.org\/#\/schema\/person\/fe199eede04c3937362892b7444747cc\"},\"breadcrumb\":{\"@id\":\"https:\/\/veritasinfo.org\/?p=11601#breadcrumb\"},\"inLanguage\":\"en-US\",\"potentialAction\":[{\"@type\":\"ReadAction\",\"target\":[\"https:\/\/veritasinfo.org\/?p=11601\"]}]},{\"@type\":\"ImageObject\",\"inLanguage\":\"en-US\",\"@id\":\"https:\/\/veritasinfo.org\/?p=11601#primaryimage\",\"url\":\"https:\/\/veritasinfo.org\/wp-content\/uploads\/2025\/09\/703938-GSnVDHz3JK.jpg\",\"contentUrl\":\"https:\/\/veritasinfo.org\/wp-content\/uploads\/2025\/09\/703938-GSnVDHz3JK.jpg\",\"width\":780,\"height\":500},{\"@type\":\"BreadcrumbList\",\"@id\":\"https:\/\/veritasinfo.org\/?p=11601#breadcrumb\",\"itemListElement\":[{\"@type\":\"ListItem\",\"position\":1,\"name\":\"Home\",\"item\":\"https:\/\/veritasinfo.org\/\"},{\"@type\":\"ListItem\",\"position\":2,\"name\":\"Kosova dhe Izraeli thellojn\u00eb bashk\u00ebpunimin n\u00eb arsim dhe klim\u00eb\"}]},{\"@type\":\"WebSite\",\"@id\":\"https:\/\/veritasinfo.org\/#website\",\"url\":\"https:\/\/veritasinfo.org\/\",\"name\":\"\",\"description\":\"\",\"potentialAction\":[{\"@type\":\"SearchAction\",\"target\":{\"@type\":\"EntryPoint\",\"urlTemplate\":\"https:\/\/veritasinfo.org\/?s={search_term_string}\"},\"query-input\":{\"@type\":\"PropertyValueSpecification\",\"valueRequired\":true,\"valueName\":\"search_term_string\"}}],\"inLanguage\":\"en-US\"},{\"@type\":\"Person\",\"@id\":\"https:\/\/veritasinfo.org\/#\/schema\/person\/fe199eede04c3937362892b7444747cc\",\"name\":\"US6\",\"image\":{\"@type\":\"ImageObject\",\"inLanguage\":\"en-US\",\"@id\":\"https:\/\/veritasinfo.org\/#\/schema\/person\/image\/\",\"url\":\"https:\/\/secure.gravatar.com\/avatar\/cb16c3c31c9d23b9b8c705964598220b3014e42ff51eb540ff23cefa3ae8c15f?s=96&d=mm&r=g\",\"contentUrl\":\"https:\/\/secure.gravatar.com\/avatar\/cb16c3c31c9d23b9b8c705964598220b3014e42ff51eb540ff23cefa3ae8c15f?s=96&d=mm&r=g\",\"caption\":\"US6\"},\"url\":\"https:\/\/veritasinfo.org\/?author=7\"}]}<\/script>\n<!-- \/ Yoast SEO plugin. -->","yoast_head_json":{"title":"Kosova dhe Izraeli thellojn\u00eb bashk\u00ebpunimin n\u00eb arsim dhe klim\u00eb -","robots":{"index":"index","follow":"follow","max-snippet":"max-snippet:-1","max-image-preview":"max-image-preview:large","max-video-preview":"max-video-preview:-1"},"canonical":"https:\/\/veritasinfo.org\/?p=11601","og_locale":"en_US","og_type":"article","og_title":"Kosova dhe Izraeli thellojn\u00eb bashk\u00ebpunimin n\u00eb arsim dhe klim\u00eb -","og_description":"Prishtin\u00eb, 12 shtator 2025 Nj\u00eb delegacion i udh\u00ebhequr nga Drejtori i P\u00ebrgjithsh\u00ebm i Ministris\u00eb s\u00eb Bashk\u00ebpunimit Rajonal t\u00eb Izraelit realizoi nj\u00eb vizit\u00eb t\u00eb frytshme n\u00eb","og_url":"https:\/\/veritasinfo.org\/?p=11601","article_published_time":"2025-09-12T09:37:30+00:00","og_image":[{"width":780,"height":500,"url":"https:\/\/veritasinfo.org\/wp-content\/uploads\/2025\/09\/703938-GSnVDHz3JK.jpg","type":"image\/jpeg"}],"author":"US6","twitter_card":"summary_large_image","twitter_misc":{"Written by":"US6","Est. reading time":"1 minute"},"schema":{"@context":"https:\/\/schema.org","@graph":[{"@type":"WebPage","@id":"https:\/\/veritasinfo.org\/?p=11601","url":"https:\/\/veritasinfo.org\/?p=11601","name":"Kosova dhe Izraeli thellojn\u00eb bashk\u00ebpunimin n\u00eb arsim dhe klim\u00eb -","isPartOf":{"@id":"https:\/\/veritasinfo.org\/#website"},"primaryImageOfPage":{"@id":"https:\/\/veritasinfo.org\/?p=11601#primaryimage"},"image":{"@id":"https:\/\/veritasinfo.org\/?p=11601#primaryimage"},"thumbnailUrl":"https:\/\/veritasinfo.org\/wp-content\/uploads\/2025\/09\/703938-GSnVDHz3JK.jpg","datePublished":"2025-09-12T09:37:30+00:00","author":{"@id":"https:\/\/veritasinfo.org\/#\/schema\/person\/fe199eede04c3937362892b7444747cc"},"breadcrumb":{"@id":"https:\/\/veritasinfo.org\/?p=11601#breadcrumb"},"inLanguage":"en-US","potentialAction":[{"@type":"ReadAction","target":["https:\/\/veritasinfo.org\/?p=11601"]}]},{"@type":"ImageObject","inLanguage":"en-US","@id":"https:\/\/veritasinfo.org\/?p=11601#primaryimage","url":"https:\/\/veritasinfo.org\/wp-content\/uploads\/2025\/09\/703938-GSnVDHz3JK.jpg","contentUrl":"https:\/\/veritasinfo.org\/wp-content\/uploads\/2025\/09\/703938-GSnVDHz3JK.jpg","width":780,"height":500},{"@type":"BreadcrumbList","@id":"https:\/\/veritasinfo.org\/?p=11601#breadcrumb","itemListElement":[{"@type":"ListItem","position":1,"name":"Home","item":"https:\/\/veritasinfo.org\/"},{"@type":"ListItem","position":2,"name":"Kosova dhe Izraeli thellojn\u00eb bashk\u00ebpunimin n\u00eb arsim dhe klim\u00eb"}]},{"@type":"WebSite","@id":"https:\/\/veritasinfo.org\/#website","url":"https:\/\/veritasinfo.org\/","name":"","description":"","potentialAction":[{"@type":"SearchAction","target":{"@type":"EntryPoint","urlTemplate":"https:\/\/veritasinfo.org\/?s={search_term_string}"},"query-input":{"@type":"PropertyValueSpecification","valueRequired":true,"valueName":"search_term_string"}}],"inLanguage":"en-US"},{"@type":"Person","@id":"https:\/\/veritasinfo.org\/#\/schema\/person\/fe199eede04c3937362892b7444747cc","name":"US6","image":{"@type":"ImageObject","inLanguage":"en-US","@id":"https:\/\/veritasinfo.org\/#\/schema\/person\/image\/","url":"https:\/\/secure.gravatar.com\/avatar\/cb16c3c31c9d23b9b8c705964598220b3014e42ff51eb540ff23cefa3ae8c15f?s=96&d=mm&r=g","contentUrl":"https:\/\/secure.gravatar.com\/avatar\/cb16c3c31c9d23b9b8c705964598220b3014e42ff51eb540ff23cefa3ae8c15f?s=96&d=mm&r=g","caption":"US6"},"url":"https:\/\/veritasinfo.org\/?author=7"}]}},"featured_image_urls":{"full":["https:\/\/veritasinfo.org\/wp-content\/uploads\/2025\/09\/703938-GSnVDHz3JK.jpg",780,500,false],"thumbnail":["https:\/\/veritasinfo.org\/wp-content\/uploads\/2025\/09\/703938-GSnVDHz3JK-150x150.jpg",150,150,true],"medium":["https:\/\/veritasinfo.org\/wp-content\/uploads\/2025\/09\/703938-GSnVDHz3JK-300x192.jpg",300,192,true],"medium_large":["https:\/\/veritasinfo.org\/wp-content\/uploads\/2025\/09\/703938-GSnVDHz3JK-768x492.jpg",640,410,true],"large":["https:\/\/veritasinfo.org\/wp-content\/uploads\/2025\/09\/703938-GSnVDHz3JK.jpg",640,410,false],"1536x1536":["https:\/\/veritasinfo.org\/wp-content\/uploads\/2025\/09\/703938-GSnVDHz3JK.jpg",780,500,false],"2048x2048":["https:\/\/veritasinfo.org\/wp-content\/uploads\/2025\/09\/703938-GSnVDHz3JK.jpg",780,500,false],"kreeti-slider-full":["https:\/\/veritasinfo.org\/wp-content\/uploads\/2025\/09\/703938-GSnVDHz3JK.jpg",780,500,false],"kreeti-featured":["https:\/\/veritasinfo.org\/wp-content\/uploads\/2025\/09\/703938-GSnVDHz3JK.jpg",780,500,false],"kreeti-medium":["https:\/\/veritasinfo.org\/wp-content\/uploads\/2025\/09\/703938-GSnVDHz3JK.jpg",720,462,false],"kreeti-medium-square":["https:\/\/veritasinfo.org\/wp-content\/uploads\/2025\/09\/703938-GSnVDHz3JK.jpg",350,224,false]},"author_info":{"info":["US6"]},"category_info":"<a href=\"https:\/\/veritasinfo.org\/?cat=58\" rel=\"category\">Politik\u00eb<\/a>","tag_info":"Politik\u00eb","comment_count":"0","_links":{"self":[{"href":"https:\/\/veritasinfo.org\/index.php?rest_route=\/wp\/v2\/posts\/11601","targetHints":{"allow":["GET"]}}],"collection":[{"href":"https:\/\/veritasinfo.org\/index.php?rest_route=\/wp\/v2\/posts"}],"about":[{"href":"https:\/\/veritasinfo.org\/index.php?rest_route=\/wp\/v2\/types\/post"}],"author":[{"embeddable":true,"href":"https:\/\/veritasinfo.org\/index.php?rest_route=\/wp\/v2\/users\/7"}],"replies":[{"embeddable":true,"href":"https:\/\/veritasinfo.org\/index.php?rest_route=%2Fwp%2Fv2%2Fcomments&post=11601"}],"version-history":[{"count":1,"href":"https:\/\/veritasinfo.org\/index.php?rest_route=\/wp\/v2\/posts\/11601\/revisions"}],"predecessor-version":[{"id":11603,"href":"https:\/\/veritasinfo.org\/index.php?rest_route=\/wp\/v2\/posts\/11601\/revisions\/11603"}],"wp:featuredmedia":[{"embeddable":true,"href":"https:\/\/veritasinfo.org\/index.php?rest_route=\/wp\/v2\/media\/11602"}],"wp:attachment":[{"href":"https:\/\/veritasinfo.org\/index.php?rest_route=%2Fwp%2Fv2%2Fmedia&parent=11601"}],"wp:term":[{"taxonomy":"category","embeddable":true,"href":"https:\/\/veritasinfo.org\/index.php?rest_route=%2Fwp%2Fv2%2Fcategories&post=11601"},{"taxonomy":"post_tag","embeddable":true,"href":"https:\/\/veritasinfo.org\/index.php?rest_route=%2Fwp%2Fv2%2Ftags&post=11601"}],"curies":[{"name":"wp","href":"https:\/\/api.w.org\/{rel}","templated":true}]}}