{"id":1149,"date":"2025-06-20T20:02:02","date_gmt":"2025-06-20T18:02:02","guid":{"rendered":"https:\/\/veritasinfo.org\/?p=1149"},"modified":"2025-06-20T20:02:02","modified_gmt":"2025-06-20T18:02:02","slug":"barduani-me-sveclen-dhe-krasniqin-mbi-situaten-e-sigurise-dhe-bashkepunimin-institucional","status":"publish","type":"post","link":"https:\/\/veritasinfo.org\/?p=1149","title":{"rendered":"Barduani me Sve\u00e7l\u00ebn dhe Krasniqin mbi situat\u00ebn e siguris\u00eb dhe bashk\u00ebpunimin institucional"},"content":{"rendered":"<p><strong>Prishtin\u00eb, 20 Qershor 2025 &#8211; <\/strong><\/p>\n<p>Komandanti i KFOR-it, Gjeneral Major Enrico Barduani, u takua me Ministrin e Pun\u00ebve t\u00eb Brendshme n\u00eb mandat teknik Xhelal Sve\u00e7la dhe ministrin e Administrat\u00ebs s\u00eb pushtetit lokal, Elbert Krasniqi.<\/p>\n<p>Ata diskutuan situat\u00ebn aktuale t\u00eb siguris\u00eb n\u00eb Kosov\u00eb dhe bashk\u00ebpunimin institucional. &#8220;N\u00eb k\u00ebt\u00eb kontekst, Gjenerali Barduani p\u00ebrs\u00ebriti angazhimin e vazhduesh\u00ebm t\u00eb KFOR-it p\u00ebr t\u00eb kryer misionin e tij p\u00ebr t\u00eb siguruar nj\u00eb mjedis t\u00eb sigurt p\u00ebr t\u00eb gjitha komunitetet q\u00eb jetojn\u00eb n\u00eb Kosov\u00eb&#8221;, njoftoi KFOR n\u00eb Facebook.<\/p>\n","protected":false},"excerpt":{"rendered":"<p>Prishtin\u00eb, 20 Qershor 2025 &#8211; Komandanti i KFOR-it, Gjeneral Major Enrico Barduani, u takua me Ministrin e Pun\u00ebve t\u00eb Brendshme n\u00eb mandat teknik Xhelal Sve\u00e7la<\/p>\n","protected":false},"author":2,"featured_media":1150,"comment_status":"open","ping_status":"open","sticky":false,"template":"","format":"standard","meta":{"footnotes":""},"categories":[58],"tags":[],"class_list":["post-1149","post","type-post","status-publish","format-standard","has-post-thumbnail","hentry","category-politike-sq"],"yoast_head":"<!-- This site is optimized with the Yoast SEO plugin v25.3.1 - https:\/\/yoast.com\/wordpress\/plugins\/seo\/ -->\n<title>Barduani me Sve\u00e7l\u00ebn dhe Krasniqin mbi situat\u00ebn e siguris\u00eb dhe bashk\u00ebpunimin institucional -<\/title>\n<meta name=\"robots\" content=\"index, follow, max-snippet:-1, max-image-preview:large, max-video-preview:-1\" \/>\n<link rel=\"canonical\" href=\"https:\/\/veritasinfo.org\/?p=1149\" \/>\n<meta property=\"og:locale\" content=\"en_US\" \/>\n<meta property=\"og:type\" content=\"article\" \/>\n<meta property=\"og:title\" content=\"Barduani me Sve\u00e7l\u00ebn dhe Krasniqin mbi situat\u00ebn e siguris\u00eb dhe bashk\u00ebpunimin institucional -\" \/>\n<meta property=\"og:description\" content=\"Prishtin\u00eb, 20 Qershor 2025 &#8211; Komandanti i KFOR-it, Gjeneral Major Enrico Barduani, u takua me Ministrin e Pun\u00ebve t\u00eb Brendshme n\u00eb mandat teknik Xhelal Sve\u00e7la\" \/>\n<meta property=\"og:url\" content=\"https:\/\/veritasinfo.org\/?p=1149\" \/>\n<meta property=\"article:published_time\" content=\"2025-06-20T18:02:02+00:00\" \/>\n<meta property=\"og:image\" content=\"https:\/\/veritasinfo.org\/wp-content\/uploads\/2025\/06\/barduani.jpg\" \/>\n\t<meta property=\"og:image:width\" content=\"809\" \/>\n\t<meta property=\"og:image:height\" content=\"540\" \/>\n\t<meta property=\"og:image:type\" content=\"image\/jpeg\" \/>\n<meta name=\"author\" content=\"US1\" \/>\n<meta name=\"twitter:card\" content=\"summary_large_image\" \/>\n<meta name=\"twitter:label1\" content=\"Written by\" \/>\n\t<meta name=\"twitter:data1\" content=\"US1\" \/>\n\t<meta name=\"twitter:label2\" content=\"Est. reading time\" \/>\n\t<meta name=\"twitter:data2\" content=\"1 minute\" \/>\n<script type=\"application\/ld+json\" class=\"yoast-schema-graph\">{\"@context\":\"https:\/\/schema.org\",\"@graph\":[{\"@type\":\"WebPage\",\"@id\":\"https:\/\/veritasinfo.org\/?p=1149\",\"url\":\"https:\/\/veritasinfo.org\/?p=1149\",\"name\":\"Barduani me Sve\u00e7l\u00ebn dhe Krasniqin mbi situat\u00ebn e siguris\u00eb dhe bashk\u00ebpunimin institucional -\",\"isPartOf\":{\"@id\":\"https:\/\/veritasinfo.org\/#website\"},\"primaryImageOfPage\":{\"@id\":\"https:\/\/veritasinfo.org\/?p=1149#primaryimage\"},\"image\":{\"@id\":\"https:\/\/veritasinfo.org\/?p=1149#primaryimage\"},\"thumbnailUrl\":\"https:\/\/veritasinfo.org\/wp-content\/uploads\/2025\/06\/barduani.jpg\",\"datePublished\":\"2025-06-20T18:02:02+00:00\",\"author\":{\"@id\":\"https:\/\/veritasinfo.org\/#\/schema\/person\/c2b8be262ea994d0995addca692c5e98\"},\"breadcrumb\":{\"@id\":\"https:\/\/veritasinfo.org\/?p=1149#breadcrumb\"},\"inLanguage\":\"en-US\",\"potentialAction\":[{\"@type\":\"ReadAction\",\"target\":[\"https:\/\/veritasinfo.org\/?p=1149\"]}]},{\"@type\":\"ImageObject\",\"inLanguage\":\"en-US\",\"@id\":\"https:\/\/veritasinfo.org\/?p=1149#primaryimage\",\"url\":\"https:\/\/veritasinfo.org\/wp-content\/uploads\/2025\/06\/barduani.jpg\",\"contentUrl\":\"https:\/\/veritasinfo.org\/wp-content\/uploads\/2025\/06\/barduani.jpg\",\"width\":809,\"height\":540},{\"@type\":\"BreadcrumbList\",\"@id\":\"https:\/\/veritasinfo.org\/?p=1149#breadcrumb\",\"itemListElement\":[{\"@type\":\"ListItem\",\"position\":1,\"name\":\"Home\",\"item\":\"https:\/\/veritasinfo.org\/\"},{\"@type\":\"ListItem\",\"position\":2,\"name\":\"Barduani me Sve\u00e7l\u00ebn dhe Krasniqin mbi situat\u00ebn e siguris\u00eb dhe bashk\u00ebpunimin institucional\"}]},{\"@type\":\"WebSite\",\"@id\":\"https:\/\/veritasinfo.org\/#website\",\"url\":\"https:\/\/veritasinfo.org\/\",\"name\":\"\",\"description\":\"\",\"potentialAction\":[{\"@type\":\"SearchAction\",\"target\":{\"@type\":\"EntryPoint\",\"urlTemplate\":\"https:\/\/veritasinfo.org\/?s={search_term_string}\"},\"query-input\":{\"@type\":\"PropertyValueSpecification\",\"valueRequired\":true,\"valueName\":\"search_term_string\"}}],\"inLanguage\":\"en-US\"},{\"@type\":\"Person\",\"@id\":\"https:\/\/veritasinfo.org\/#\/schema\/person\/c2b8be262ea994d0995addca692c5e98\",\"name\":\"US1\",\"image\":{\"@type\":\"ImageObject\",\"inLanguage\":\"en-US\",\"@id\":\"https:\/\/veritasinfo.org\/#\/schema\/person\/image\/\",\"url\":\"https:\/\/secure.gravatar.com\/avatar\/4e96a59bd256abf9956eb9963ac891a47461ffb364d47b0e9aab113328fdb75b?s=96&d=mm&r=g\",\"contentUrl\":\"https:\/\/secure.gravatar.com\/avatar\/4e96a59bd256abf9956eb9963ac891a47461ffb364d47b0e9aab113328fdb75b?s=96&d=mm&r=g\",\"caption\":\"US1\"},\"url\":\"https:\/\/veritasinfo.org\/?author=2\"}]}<\/script>\n<!-- \/ Yoast SEO plugin. -->","yoast_head_json":{"title":"Barduani me Sve\u00e7l\u00ebn dhe Krasniqin mbi situat\u00ebn e siguris\u00eb dhe bashk\u00ebpunimin institucional -","robots":{"index":"index","follow":"follow","max-snippet":"max-snippet:-1","max-image-preview":"max-image-preview:large","max-video-preview":"max-video-preview:-1"},"canonical":"https:\/\/veritasinfo.org\/?p=1149","og_locale":"en_US","og_type":"article","og_title":"Barduani me Sve\u00e7l\u00ebn dhe Krasniqin mbi situat\u00ebn e siguris\u00eb dhe bashk\u00ebpunimin institucional -","og_description":"Prishtin\u00eb, 20 Qershor 2025 &#8211; Komandanti i KFOR-it, Gjeneral Major Enrico Barduani, u takua me Ministrin e Pun\u00ebve t\u00eb Brendshme n\u00eb mandat teknik Xhelal Sve\u00e7la","og_url":"https:\/\/veritasinfo.org\/?p=1149","article_published_time":"2025-06-20T18:02:02+00:00","og_image":[{"width":809,"height":540,"url":"https:\/\/veritasinfo.org\/wp-content\/uploads\/2025\/06\/barduani.jpg","type":"image\/jpeg"}],"author":"US1","twitter_card":"summary_large_image","twitter_misc":{"Written by":"US1","Est. reading time":"1 minute"},"schema":{"@context":"https:\/\/schema.org","@graph":[{"@type":"WebPage","@id":"https:\/\/veritasinfo.org\/?p=1149","url":"https:\/\/veritasinfo.org\/?p=1149","name":"Barduani me Sve\u00e7l\u00ebn dhe Krasniqin mbi situat\u00ebn e siguris\u00eb dhe bashk\u00ebpunimin institucional -","isPartOf":{"@id":"https:\/\/veritasinfo.org\/#website"},"primaryImageOfPage":{"@id":"https:\/\/veritasinfo.org\/?p=1149#primaryimage"},"image":{"@id":"https:\/\/veritasinfo.org\/?p=1149#primaryimage"},"thumbnailUrl":"https:\/\/veritasinfo.org\/wp-content\/uploads\/2025\/06\/barduani.jpg","datePublished":"2025-06-20T18:02:02+00:00","author":{"@id":"https:\/\/veritasinfo.org\/#\/schema\/person\/c2b8be262ea994d0995addca692c5e98"},"breadcrumb":{"@id":"https:\/\/veritasinfo.org\/?p=1149#breadcrumb"},"inLanguage":"en-US","potentialAction":[{"@type":"ReadAction","target":["https:\/\/veritasinfo.org\/?p=1149"]}]},{"@type":"ImageObject","inLanguage":"en-US","@id":"https:\/\/veritasinfo.org\/?p=1149#primaryimage","url":"https:\/\/veritasinfo.org\/wp-content\/uploads\/2025\/06\/barduani.jpg","contentUrl":"https:\/\/veritasinfo.org\/wp-content\/uploads\/2025\/06\/barduani.jpg","width":809,"height":540},{"@type":"BreadcrumbList","@id":"https:\/\/veritasinfo.org\/?p=1149#breadcrumb","itemListElement":[{"@type":"ListItem","position":1,"name":"Home","item":"https:\/\/veritasinfo.org\/"},{"@type":"ListItem","position":2,"name":"Barduani me Sve\u00e7l\u00ebn dhe Krasniqin mbi situat\u00ebn e siguris\u00eb dhe bashk\u00ebpunimin institucional"}]},{"@type":"WebSite","@id":"https:\/\/veritasinfo.org\/#website","url":"https:\/\/veritasinfo.org\/","name":"","description":"","potentialAction":[{"@type":"SearchAction","target":{"@type":"EntryPoint","urlTemplate":"https:\/\/veritasinfo.org\/?s={search_term_string}"},"query-input":{"@type":"PropertyValueSpecification","valueRequired":true,"valueName":"search_term_string"}}],"inLanguage":"en-US"},{"@type":"Person","@id":"https:\/\/veritasinfo.org\/#\/schema\/person\/c2b8be262ea994d0995addca692c5e98","name":"US1","image":{"@type":"ImageObject","inLanguage":"en-US","@id":"https:\/\/veritasinfo.org\/#\/schema\/person\/image\/","url":"https:\/\/secure.gravatar.com\/avatar\/4e96a59bd256abf9956eb9963ac891a47461ffb364d47b0e9aab113328fdb75b?s=96&d=mm&r=g","contentUrl":"https:\/\/secure.gravatar.com\/avatar\/4e96a59bd256abf9956eb9963ac891a47461ffb364d47b0e9aab113328fdb75b?s=96&d=mm&r=g","caption":"US1"},"url":"https:\/\/veritasinfo.org\/?author=2"}]}},"featured_image_urls":{"full":["https:\/\/veritasinfo.org\/wp-content\/uploads\/2025\/06\/barduani.jpg",809,540,false],"thumbnail":["https:\/\/veritasinfo.org\/wp-content\/uploads\/2025\/06\/barduani-150x150.jpg",150,150,true],"medium":["https:\/\/veritasinfo.org\/wp-content\/uploads\/2025\/06\/barduani-300x200.jpg",300,200,true],"medium_large":["https:\/\/veritasinfo.org\/wp-content\/uploads\/2025\/06\/barduani-768x513.jpg",640,428,true],"large":["https:\/\/veritasinfo.org\/wp-content\/uploads\/2025\/06\/barduani.jpg",640,427,false],"1536x1536":["https:\/\/veritasinfo.org\/wp-content\/uploads\/2025\/06\/barduani.jpg",809,540,false],"2048x2048":["https:\/\/veritasinfo.org\/wp-content\/uploads\/2025\/06\/barduani.jpg",809,540,false],"kreeti-slider-full":["https:\/\/veritasinfo.org\/wp-content\/uploads\/2025\/06\/barduani.jpg",809,540,false],"kreeti-featured":["https:\/\/veritasinfo.org\/wp-content\/uploads\/2025\/06\/barduani.jpg",809,540,false],"kreeti-medium":["https:\/\/veritasinfo.org\/wp-content\/uploads\/2025\/06\/barduani.jpg",720,481,false],"kreeti-medium-square":["https:\/\/veritasinfo.org\/wp-content\/uploads\/2025\/06\/barduani.jpg",350,234,false]},"author_info":{"info":["US1"]},"category_info":"<a href=\"https:\/\/veritasinfo.org\/?cat=58\" rel=\"category\">Politik\u00eb<\/a>","tag_info":"Politik\u00eb","comment_count":"0","_links":{"self":[{"href":"https:\/\/veritasinfo.org\/index.php?rest_route=\/wp\/v2\/posts\/1149","targetHints":{"allow":["GET"]}}],"collection":[{"href":"https:\/\/veritasinfo.org\/index.php?rest_route=\/wp\/v2\/posts"}],"about":[{"href":"https:\/\/veritasinfo.org\/index.php?rest_route=\/wp\/v2\/types\/post"}],"author":[{"embeddable":true,"href":"https:\/\/veritasinfo.org\/index.php?rest_route=\/wp\/v2\/users\/2"}],"replies":[{"embeddable":true,"href":"https:\/\/veritasinfo.org\/index.php?rest_route=%2Fwp%2Fv2%2Fcomments&post=1149"}],"version-history":[{"count":1,"href":"https:\/\/veritasinfo.org\/index.php?rest_route=\/wp\/v2\/posts\/1149\/revisions"}],"predecessor-version":[{"id":1151,"href":"https:\/\/veritasinfo.org\/index.php?rest_route=\/wp\/v2\/posts\/1149\/revisions\/1151"}],"wp:featuredmedia":[{"embeddable":true,"href":"https:\/\/veritasinfo.org\/index.php?rest_route=\/wp\/v2\/media\/1150"}],"wp:attachment":[{"href":"https:\/\/veritasinfo.org\/index.php?rest_route=%2Fwp%2Fv2%2Fmedia&parent=1149"}],"wp:term":[{"taxonomy":"category","embeddable":true,"href":"https:\/\/veritasinfo.org\/index.php?rest_route=%2Fwp%2Fv2%2Fcategories&post=1149"},{"taxonomy":"post_tag","embeddable":true,"href":"https:\/\/veritasinfo.org\/index.php?rest_route=%2Fwp%2Fv2%2Ftags&post=1149"}],"curies":[{"name":"wp","href":"https:\/\/api.w.org\/{rel}","templated":true}]}}