{"id":1140,"date":"2025-06-20T18:12:21","date_gmt":"2025-06-20T16:12:21","guid":{"rendered":"https:\/\/veritasinfo.org\/?p=1140"},"modified":"2025-06-20T18:12:21","modified_gmt":"2025-06-20T16:12:21","slug":"be-ja-ia-transferon-serbise-mbi-51-milione-euro-kosova-vonon-me-ngercin-ne-kuvend","status":"publish","type":"post","link":"https:\/\/veritasinfo.org\/?p=1140","title":{"rendered":"BE-ja ia transferon Serbis\u00eb mbi 51 milion\u00eb euro, Kosova vonon me ng\u00ebr\u00e7in n\u00eb Kuvend"},"content":{"rendered":"<p>Prishtin\u00eb, 20.06.2025<\/p>\n<h2 style=\"font-weight: 500;\">Kryerja e k\u00ebsaj pagese p\u00ebr Serbin\u00eb n\u00ebnkupton se BE-ja ka konstatuar se Serbia e ka p\u00ebrmbushur parakushtin specifik p\u00ebr angazhim konstruktiv n\u00eb normalizimin e raporteve me Kosov\u00ebn.<\/h2>\n<p style=\"font-weight: 400;\"><span style=\"font-style: inherit; font-weight: inherit;\">Bashkimi Evropian ka njoftuar se e ka kryer pages\u00ebn e par\u00eb n\u00eb vler\u00eb prej 51.7 milion\u00eb euro p\u00ebr Republik\u00ebn e Serbis\u00eb, nga Plani i Rritjes p\u00ebr Ballkanin Per\u00ebndimor. Fjala \u00ebsht\u00eb p\u00ebr \u201cparafinancimin\u201d.<\/span><\/p>\n<p style=\"font-weight: 400;\"><span style=\"font-style: inherit; font-weight: inherit;\">Kjo do t\u00eb thot\u00eb se, sipas BE-s\u00eb, Serbia e ka p\u00ebrmbushur edhe parakushtin specifik p\u00ebr sjellje konstruktive n\u00eb procesin e normalizimit t\u00eb raporteve me Kosov\u00ebn. Kosova, nd\u00ebrkoh\u00eb, nuk e ka ratifikuar n\u00eb Kuvend \u201cmarr\u00ebveshjen p\u00ebr kredi\u201d me BE-n\u00eb, dhe derisa t\u00eb mos e b\u00ebj\u00eb k\u00ebt\u00eb, nuk mund t\u00eb marr\u00eb pagesa. Nd\u00ebrkoh\u00eb, ndaj Kosov\u00ebs, BE-ja po i mban n\u00eb fuqi masat nd\u00ebshkuese t\u00eb vendosura n\u00eb qershor t\u00eb vitit 2023.<\/span><\/p>\n<p style=\"font-weight: 400;\"><span style=\"font-style: inherit; font-weight: inherit;\">P\u00ebr Kosov\u00ebn dhe Serbin\u00eb, p\u00ebrve\u00e7 kushteve t\u00eb p\u00ebrgjithshme q\u00eb vlejn\u00eb p\u00ebr t\u00eb gjitha vendet e rajonit, parakusht \u00ebsht\u00eb edhe angazhimi konstruktiv n\u00eb procesin e normalizimit t\u00eb raporteve. N\u00ebse BE-ja ka vendosur t\u2019i b\u00ebj\u00eb pagesat e para p\u00ebr Serbin\u00eb, at\u00ebher\u00eb Sh\u00ebrbimi i Veprimit t\u00eb Jasht\u00ebm (EEAS) dhe Komisioni Evropian kan\u00eb vler\u00ebsuar se sjellja e Serbis\u00eb n\u00eb procesin e normalizimit ka qen\u00eb konstruktive. <\/span>Komisioni Evropian, n\u00eb nj\u00eb p\u00ebrgjigje p\u00ebr <i><em style=\"font-weight: inherit;\" data-start=\"108\" data-end=\"115\">Koh\u00ebn<\/em><\/i>, ka th\u00ebn\u00eb sot se ka konstatuar q\u00eb Serbia e ka p\u00ebrmbushur kushtin specifik, dhe n\u00eb k\u00ebt\u00eb kontekst ka ve\u00e7uar nj\u00eb deklarat\u00eb q\u00eb Serbia e kishte b\u00ebr\u00eb n\u00eb tetor t\u00eb vitit t\u00eb kaluar, p\u00ebr rip\u00ebrs\u00ebritjen e p\u00ebrkushtimit ndaj dialogut mes Beogradit dhe Prishtin\u00ebs. Sipas k\u00ebsaj, BE-ja ka b\u00ebr\u00eb nj\u00eb vler\u00ebsim pozitiv p\u00ebr t\u2019ia kryer pages\u00ebn Serbis\u00eb, bazuar n\u00eb nj\u00eb premtim q\u00eb Beogradi ka dh\u00ebn\u00eb n\u00eb tetor t\u00eb vitit t\u00eb kaluar.<\/p>\n<p style=\"font-weight: 400;\" data-start=\"67\" data-end=\"517\"><span style=\"font-style: inherit; font-weight: inherit;\">Kjo, p\u00ebr disa diplomat\u00eb evropian\u00eb, duket \u201cdiskutabile\u201d, duke pasur parasysh se ka pasur disa veprime t\u00eb Serbis\u00eb q\u00eb vet\u00eb BE-ja i ka quajtur si shkelje t\u00eb obligimeve nga Marr\u00ebveshja p\u00ebr rrug\u00ebn drejt normalizimit t\u00eb raporteve me Kosov\u00ebn.<\/span><\/p>\n<p style=\"font-weight: 400;\"><span style=\"font-style: inherit; font-weight: inherit;\">N\u00eb BE thon\u00eb se jan\u00eb t\u00eb gatsh\u00ebm t\u00eb kryejn\u00eb edhe pagesat p\u00ebr Kosov\u00ebn, por \u00ebsht\u00eb Kosova ajo q\u00eb nuk i ka p\u00ebrfunduar procedurat e saj t\u00eb brendshme. Dhe Kosova, n\u00eb k\u00ebt\u00eb moment, as q\u00eb mund t\u2019i p\u00ebrfundoj\u00eb k\u00ebto procedura, pasi nuk ka Parlament t\u00eb konstituar q\u00eb do t\u00eb mund ta ratifikonte marr\u00ebveshjen. Prandaj, derisa t\u00eb mos konstituohet Kuvendi, Kosova nuk ka gjasa t\u00eb marr\u00eb pagesat e para nga ky plan.<\/span><\/p>\n<p style=\"font-weight: 400;\"><span style=\"font-style: inherit; font-weight: inherit;\">K\u00ebto marr\u00ebveshje kan\u00eb karakter t\u00eb marr\u00ebveshjeve nd\u00ebrkomb\u00ebtare, prandaj edhe duhet t\u00eb ratifikohen n\u00eb Kuvendin e Kosov\u00ebs me dy t\u00eb tretat e votave.<\/span><\/p>\n<p style=\"font-weight: 400;\"><span style=\"font-style: inherit; font-weight: inherit;\">BE-ja ka vendosur q\u00eb t\u00eb gjitha vendeve p\u00ebr t\u00eb cilat jan\u00eb miratuar agjendat e reformave dhe t\u00eb rritjes t\u2019u paguhet si \u201cpages\u00eb parafinancuese\u201d nj\u00eb shum\u00eb prej 7 p\u00ebr qind t\u00eb mjeteve t\u00eb dedikuara p\u00ebr vendin p\u00ebrkat\u00ebs. T\u00eb gjitha vendet e rajonit, me p\u00ebrjashtim t\u00eb Bosnje e Hercegovin\u00ebs, e kan\u00eb p\u00ebrmbushur kushtin e miratimit t\u00eb agjendave t\u00eb reformave.<\/span><\/p>\n<p style=\"font-weight: 400;\"><span style=\"font-style: inherit; font-weight: inherit;\">Paketa n\u00eb total kap vler\u00ebn prej 6 miliard\u00eb euro p\u00ebr t\u00eb gjitha vendet e rajonit, p\u00ebr periudh\u00ebn nga viti 2024 deri n\u00eb vitin 2027. Nga kjo shum\u00eb, 2 miliard\u00eb jan\u00eb grante nga BE-ja (pa kthim), nd\u00ebrsa pjesa tjet\u00ebr do t\u00eb ofrohet n\u00eb form\u00ebn e kredive t\u00eb favorshme. Sipas nj\u00eb p\u00ebrllogaritjeje jozyrtare, Kosova do t\u00eb mund t\u00eb p\u00ebrfitoj\u00eb mbi 880 milion\u00eb euro nga ky plan i rritjes. Mbi 250 milion\u00eb euro do t\u2019i ndahen Kosov\u00ebs si mjete pa kthim, nd\u00ebrsa pjesa tjet\u00ebr n\u00eb form\u00ebn e kredive t\u00eb volitshme.<\/span><\/p>\n<p style=\"font-weight: 400;\"><span style=\"font-style: inherit; font-weight: inherit;\">Sipas k\u00ebsaj, Kosov\u00ebs do t\u2019i paguheshin 7 p\u00ebr qind n\u00eb fillim si \u201cparafinancim\u201d, q\u00eb i bie rreth 61 milion\u00eb euro. P\u00ebr kok\u00eb banori, Kosova do t\u00eb p\u00ebrfitoj\u00eb m\u00eb s\u00eb shumti nga t\u00eb gjitha vendet e rajonit nga kjo paket\u00eb.<\/span><\/p>\n<p style=\"font-weight: 400;\"><span style=\"font-style: inherit; font-weight: inherit;\">Shqip\u00ebria do t\u00eb p\u00ebrfitoj\u00eb n\u00eb total 922 milion\u00eb euro, Maqedonia e Veriut gjithsej 750 milion\u00eb euro, Serbia 1.58 miliard\u00eb euro, Bosnja e Hercegovina 1 miliard e 85 milion\u00eb euro, nd\u00ebrsa Mali i Zi 383 milion\u00eb euro.<\/span><\/p>\n","protected":false},"excerpt":{"rendered":"<p>Prishtin\u00eb, 20.06.2025 Kryerja e k\u00ebsaj pagese p\u00ebr Serbin\u00eb n\u00ebnkupton se BE-ja ka konstatuar se Serbia e ka p\u00ebrmbushur parakushtin specifik p\u00ebr angazhim konstruktiv n\u00eb normalizimin<\/p>\n","protected":false},"author":1,"featured_media":1141,"comment_status":"open","ping_status":"open","sticky":false,"template":"","format":"standard","meta":{"footnotes":""},"categories":[60],"tags":[],"class_list":["post-1140","post","type-post","status-publish","format-standard","has-post-thumbnail","hentry","category-shoqerore-sq"],"yoast_head":"<!-- This site is optimized with the Yoast SEO plugin v25.3.1 - https:\/\/yoast.com\/wordpress\/plugins\/seo\/ -->\n<title>BE-ja ia transferon Serbis\u00eb mbi 51 milion\u00eb euro, Kosova vonon me ng\u00ebr\u00e7in n\u00eb Kuvend -<\/title>\n<meta name=\"robots\" content=\"index, follow, max-snippet:-1, max-image-preview:large, max-video-preview:-1\" \/>\n<link rel=\"canonical\" href=\"https:\/\/veritasinfo.org\/?p=1140\" \/>\n<meta property=\"og:locale\" content=\"en_US\" \/>\n<meta property=\"og:type\" content=\"article\" \/>\n<meta property=\"og:title\" content=\"BE-ja ia transferon Serbis\u00eb mbi 51 milion\u00eb euro, Kosova vonon me ng\u00ebr\u00e7in n\u00eb Kuvend -\" \/>\n<meta property=\"og:description\" content=\"Prishtin\u00eb, 20.06.2025 Kryerja e k\u00ebsaj pagese p\u00ebr Serbin\u00eb n\u00ebnkupton se BE-ja ka konstatuar se Serbia e ka p\u00ebrmbushur parakushtin specifik p\u00ebr angazhim konstruktiv n\u00eb normalizimin\" \/>\n<meta property=\"og:url\" content=\"https:\/\/veritasinfo.org\/?p=1140\" \/>\n<meta property=\"article:published_time\" content=\"2025-06-20T16:12:21+00:00\" \/>\n<meta property=\"og:image\" content=\"https:\/\/veritasinfo.org\/wp-content\/uploads\/2025\/06\/IMG_1483.webp\" \/>\n\t<meta property=\"og:image:width\" content=\"860\" \/>\n\t<meta property=\"og:image:height\" content=\"550\" \/>\n\t<meta property=\"og:image:type\" content=\"image\/webp\" \/>\n<meta name=\"author\" content=\"admin\" \/>\n<meta name=\"twitter:card\" content=\"summary_large_image\" \/>\n<meta name=\"twitter:label1\" content=\"Written by\" \/>\n\t<meta name=\"twitter:data1\" content=\"admin\" \/>\n\t<meta name=\"twitter:label2\" content=\"Est. reading time\" \/>\n\t<meta name=\"twitter:data2\" content=\"3 minutes\" \/>\n<script type=\"application\/ld+json\" class=\"yoast-schema-graph\">{\"@context\":\"https:\/\/schema.org\",\"@graph\":[{\"@type\":\"WebPage\",\"@id\":\"https:\/\/veritasinfo.org\/?p=1140\",\"url\":\"https:\/\/veritasinfo.org\/?p=1140\",\"name\":\"BE-ja ia transferon Serbis\u00eb mbi 51 milion\u00eb euro, Kosova vonon me ng\u00ebr\u00e7in n\u00eb Kuvend -\",\"isPartOf\":{\"@id\":\"https:\/\/veritasinfo.org\/#website\"},\"primaryImageOfPage\":{\"@id\":\"https:\/\/veritasinfo.org\/?p=1140#primaryimage\"},\"image\":{\"@id\":\"https:\/\/veritasinfo.org\/?p=1140#primaryimage\"},\"thumbnailUrl\":\"https:\/\/veritasinfo.org\/wp-content\/uploads\/2025\/06\/IMG_1483.webp\",\"datePublished\":\"2025-06-20T16:12:21+00:00\",\"author\":{\"@id\":\"https:\/\/veritasinfo.org\/#\/schema\/person\/7701f8c088bece422266b100a712374f\"},\"breadcrumb\":{\"@id\":\"https:\/\/veritasinfo.org\/?p=1140#breadcrumb\"},\"inLanguage\":\"en-US\",\"potentialAction\":[{\"@type\":\"ReadAction\",\"target\":[\"https:\/\/veritasinfo.org\/?p=1140\"]}]},{\"@type\":\"ImageObject\",\"inLanguage\":\"en-US\",\"@id\":\"https:\/\/veritasinfo.org\/?p=1140#primaryimage\",\"url\":\"https:\/\/veritasinfo.org\/wp-content\/uploads\/2025\/06\/IMG_1483.webp\",\"contentUrl\":\"https:\/\/veritasinfo.org\/wp-content\/uploads\/2025\/06\/IMG_1483.webp\",\"width\":860,\"height\":550},{\"@type\":\"BreadcrumbList\",\"@id\":\"https:\/\/veritasinfo.org\/?p=1140#breadcrumb\",\"itemListElement\":[{\"@type\":\"ListItem\",\"position\":1,\"name\":\"Home\",\"item\":\"https:\/\/veritasinfo.org\/\"},{\"@type\":\"ListItem\",\"position\":2,\"name\":\"BE-ja ia transferon Serbis\u00eb mbi 51 milion\u00eb euro, Kosova vonon me ng\u00ebr\u00e7in n\u00eb Kuvend\"}]},{\"@type\":\"WebSite\",\"@id\":\"https:\/\/veritasinfo.org\/#website\",\"url\":\"https:\/\/veritasinfo.org\/\",\"name\":\"\",\"description\":\"\",\"potentialAction\":[{\"@type\":\"SearchAction\",\"target\":{\"@type\":\"EntryPoint\",\"urlTemplate\":\"https:\/\/veritasinfo.org\/?s={search_term_string}\"},\"query-input\":{\"@type\":\"PropertyValueSpecification\",\"valueRequired\":true,\"valueName\":\"search_term_string\"}}],\"inLanguage\":\"en-US\"},{\"@type\":\"Person\",\"@id\":\"https:\/\/veritasinfo.org\/#\/schema\/person\/7701f8c088bece422266b100a712374f\",\"name\":\"admin\",\"image\":{\"@type\":\"ImageObject\",\"inLanguage\":\"en-US\",\"@id\":\"https:\/\/veritasinfo.org\/#\/schema\/person\/image\/\",\"url\":\"https:\/\/secure.gravatar.com\/avatar\/ea53aa3bf6c9a12d5fde8ce4deff43fef3885ae33cf60184161a50d6987cfd2f?s=96&d=mm&r=g\",\"contentUrl\":\"https:\/\/secure.gravatar.com\/avatar\/ea53aa3bf6c9a12d5fde8ce4deff43fef3885ae33cf60184161a50d6987cfd2f?s=96&d=mm&r=g\",\"caption\":\"admin\"},\"sameAs\":[\"https:\/\/veritasinfo.org\"],\"url\":\"https:\/\/veritasinfo.org\/?author=1\"}]}<\/script>\n<!-- \/ Yoast SEO plugin. -->","yoast_head_json":{"title":"BE-ja ia transferon Serbis\u00eb mbi 51 milion\u00eb euro, Kosova vonon me ng\u00ebr\u00e7in n\u00eb Kuvend -","robots":{"index":"index","follow":"follow","max-snippet":"max-snippet:-1","max-image-preview":"max-image-preview:large","max-video-preview":"max-video-preview:-1"},"canonical":"https:\/\/veritasinfo.org\/?p=1140","og_locale":"en_US","og_type":"article","og_title":"BE-ja ia transferon Serbis\u00eb mbi 51 milion\u00eb euro, Kosova vonon me ng\u00ebr\u00e7in n\u00eb Kuvend -","og_description":"Prishtin\u00eb, 20.06.2025 Kryerja e k\u00ebsaj pagese p\u00ebr Serbin\u00eb n\u00ebnkupton se BE-ja ka konstatuar se Serbia e ka p\u00ebrmbushur parakushtin specifik p\u00ebr angazhim konstruktiv n\u00eb normalizimin","og_url":"https:\/\/veritasinfo.org\/?p=1140","article_published_time":"2025-06-20T16:12:21+00:00","og_image":[{"width":860,"height":550,"url":"https:\/\/veritasinfo.org\/wp-content\/uploads\/2025\/06\/IMG_1483.webp","type":"image\/webp"}],"author":"admin","twitter_card":"summary_large_image","twitter_misc":{"Written by":"admin","Est. reading time":"3 minutes"},"schema":{"@context":"https:\/\/schema.org","@graph":[{"@type":"WebPage","@id":"https:\/\/veritasinfo.org\/?p=1140","url":"https:\/\/veritasinfo.org\/?p=1140","name":"BE-ja ia transferon Serbis\u00eb mbi 51 milion\u00eb euro, Kosova vonon me ng\u00ebr\u00e7in n\u00eb Kuvend -","isPartOf":{"@id":"https:\/\/veritasinfo.org\/#website"},"primaryImageOfPage":{"@id":"https:\/\/veritasinfo.org\/?p=1140#primaryimage"},"image":{"@id":"https:\/\/veritasinfo.org\/?p=1140#primaryimage"},"thumbnailUrl":"https:\/\/veritasinfo.org\/wp-content\/uploads\/2025\/06\/IMG_1483.webp","datePublished":"2025-06-20T16:12:21+00:00","author":{"@id":"https:\/\/veritasinfo.org\/#\/schema\/person\/7701f8c088bece422266b100a712374f"},"breadcrumb":{"@id":"https:\/\/veritasinfo.org\/?p=1140#breadcrumb"},"inLanguage":"en-US","potentialAction":[{"@type":"ReadAction","target":["https:\/\/veritasinfo.org\/?p=1140"]}]},{"@type":"ImageObject","inLanguage":"en-US","@id":"https:\/\/veritasinfo.org\/?p=1140#primaryimage","url":"https:\/\/veritasinfo.org\/wp-content\/uploads\/2025\/06\/IMG_1483.webp","contentUrl":"https:\/\/veritasinfo.org\/wp-content\/uploads\/2025\/06\/IMG_1483.webp","width":860,"height":550},{"@type":"BreadcrumbList","@id":"https:\/\/veritasinfo.org\/?p=1140#breadcrumb","itemListElement":[{"@type":"ListItem","position":1,"name":"Home","item":"https:\/\/veritasinfo.org\/"},{"@type":"ListItem","position":2,"name":"BE-ja ia transferon Serbis\u00eb mbi 51 milion\u00eb euro, Kosova vonon me ng\u00ebr\u00e7in n\u00eb Kuvend"}]},{"@type":"WebSite","@id":"https:\/\/veritasinfo.org\/#website","url":"https:\/\/veritasinfo.org\/","name":"","description":"","potentialAction":[{"@type":"SearchAction","target":{"@type":"EntryPoint","urlTemplate":"https:\/\/veritasinfo.org\/?s={search_term_string}"},"query-input":{"@type":"PropertyValueSpecification","valueRequired":true,"valueName":"search_term_string"}}],"inLanguage":"en-US"},{"@type":"Person","@id":"https:\/\/veritasinfo.org\/#\/schema\/person\/7701f8c088bece422266b100a712374f","name":"admin","image":{"@type":"ImageObject","inLanguage":"en-US","@id":"https:\/\/veritasinfo.org\/#\/schema\/person\/image\/","url":"https:\/\/secure.gravatar.com\/avatar\/ea53aa3bf6c9a12d5fde8ce4deff43fef3885ae33cf60184161a50d6987cfd2f?s=96&d=mm&r=g","contentUrl":"https:\/\/secure.gravatar.com\/avatar\/ea53aa3bf6c9a12d5fde8ce4deff43fef3885ae33cf60184161a50d6987cfd2f?s=96&d=mm&r=g","caption":"admin"},"sameAs":["https:\/\/veritasinfo.org"],"url":"https:\/\/veritasinfo.org\/?author=1"}]}},"featured_image_urls":{"full":["https:\/\/veritasinfo.org\/wp-content\/uploads\/2025\/06\/IMG_1483.webp",860,550,false],"thumbnail":["https:\/\/veritasinfo.org\/wp-content\/uploads\/2025\/06\/IMG_1483-150x150.webp",150,150,true],"medium":["https:\/\/veritasinfo.org\/wp-content\/uploads\/2025\/06\/IMG_1483-300x192.webp",300,192,true],"medium_large":["https:\/\/veritasinfo.org\/wp-content\/uploads\/2025\/06\/IMG_1483-768x491.webp",640,409,true],"large":["https:\/\/veritasinfo.org\/wp-content\/uploads\/2025\/06\/IMG_1483.webp",640,409,false],"1536x1536":["https:\/\/veritasinfo.org\/wp-content\/uploads\/2025\/06\/IMG_1483.webp",860,550,false],"2048x2048":["https:\/\/veritasinfo.org\/wp-content\/uploads\/2025\/06\/IMG_1483.webp",860,550,false],"kreeti-slider-full":["https:\/\/veritasinfo.org\/wp-content\/uploads\/2025\/06\/IMG_1483.webp",860,550,false],"kreeti-featured":["https:\/\/veritasinfo.org\/wp-content\/uploads\/2025\/06\/IMG_1483.webp",860,550,false],"kreeti-medium":["https:\/\/veritasinfo.org\/wp-content\/uploads\/2025\/06\/IMG_1483.webp",720,460,false],"kreeti-medium-square":["https:\/\/veritasinfo.org\/wp-content\/uploads\/2025\/06\/IMG_1483.webp",350,224,false]},"author_info":{"info":["admin"]},"category_info":"<a href=\"https:\/\/veritasinfo.org\/?cat=60\" rel=\"category\">Shoq\u00ebrore<\/a>","tag_info":"Shoq\u00ebrore","comment_count":"0","_links":{"self":[{"href":"https:\/\/veritasinfo.org\/index.php?rest_route=\/wp\/v2\/posts\/1140","targetHints":{"allow":["GET"]}}],"collection":[{"href":"https:\/\/veritasinfo.org\/index.php?rest_route=\/wp\/v2\/posts"}],"about":[{"href":"https:\/\/veritasinfo.org\/index.php?rest_route=\/wp\/v2\/types\/post"}],"author":[{"embeddable":true,"href":"https:\/\/veritasinfo.org\/index.php?rest_route=\/wp\/v2\/users\/1"}],"replies":[{"embeddable":true,"href":"https:\/\/veritasinfo.org\/index.php?rest_route=%2Fwp%2Fv2%2Fcomments&post=1140"}],"version-history":[{"count":1,"href":"https:\/\/veritasinfo.org\/index.php?rest_route=\/wp\/v2\/posts\/1140\/revisions"}],"predecessor-version":[{"id":1142,"href":"https:\/\/veritasinfo.org\/index.php?rest_route=\/wp\/v2\/posts\/1140\/revisions\/1142"}],"wp:featuredmedia":[{"embeddable":true,"href":"https:\/\/veritasinfo.org\/index.php?rest_route=\/wp\/v2\/media\/1141"}],"wp:attachment":[{"href":"https:\/\/veritasinfo.org\/index.php?rest_route=%2Fwp%2Fv2%2Fmedia&parent=1140"}],"wp:term":[{"taxonomy":"category","embeddable":true,"href":"https:\/\/veritasinfo.org\/index.php?rest_route=%2Fwp%2Fv2%2Fcategories&post=1140"},{"taxonomy":"post_tag","embeddable":true,"href":"https:\/\/veritasinfo.org\/index.php?rest_route=%2Fwp%2Fv2%2Ftags&post=1140"}],"curies":[{"name":"wp","href":"https:\/\/api.w.org\/{rel}","templated":true}]}}