{"id":11312,"date":"2025-09-10T07:31:24","date_gmt":"2025-09-10T05:31:24","guid":{"rendered":"https:\/\/veritasinfo.org\/?p=11312"},"modified":"2025-09-10T07:31:24","modified_gmt":"2025-09-10T05:31:24","slug":"mpjd-kerkon-nga-bashkesia-nderkombetare-te-reagoje-ndaj-arrestimeve-te-kosovareve-ne-serbi-qytetaret-ti-shmangin-udhetimet-neper-serbi","status":"publish","type":"post","link":"https:\/\/veritasinfo.org\/?p=11312","title":{"rendered":"MPJD k\u00ebrkon nga bashk\u00ebsia nd\u00ebrkomb\u00ebtare t\u00eb reagoj\u00eb ndaj arrestimeve t\u00eb kosovar\u00ebve n\u00eb Serbi &#8211; qytetar\u00ebt t\u2019i shmangin udh\u00ebtimet n\u00ebp\u00ebr Serbi"},"content":{"rendered":"<p><strong>Prishtin\u00eb, 10 shtator 2025<\/strong><\/p>\n<p>Ministria e Pun\u00ebve t\u00eb Jashtme e Kosov\u00ebs ka k\u00ebrkuar nga bashk\u00ebsia nd\u00ebrkomb\u00ebtare t\u00eb reagoj\u00eb urgjentisht ndaj praktikave t\u00eb Serbis\u00eb, e cila po shpeshtuar ndalimet dhe arrestimet e qytetar\u00ebve t\u00eb Kosov\u00ebs.<\/p>\n<p>T\u00eb mart\u00ebn, MPJD-ja ka konfirmuar arrestimin e Hazir Hazirit nga autoritetet e Serbis\u00eb, n\u00eb pik\u00ebn kufitare n\u00eb Merdar\u00eb, gjat\u00eb hyrjes s\u00eb tij n\u00eb territorin serb me automjet privat.<\/p>\n<p>\u201cMPJD gjithashtu n\u00ebnvizon nevoj\u00ebn urgjente p\u00ebr reagim nga ana e Bashk\u00ebsis\u00eb Nd\u00ebrkomb\u00ebtare ndaj praktikave represive t\u00eb autoriteteve serbe, t\u00eb cilat bien ndesh me parimet themelore t\u00eb s\u00eb drejt\u00ebs nd\u00ebrkomb\u00ebtare dhe me konventat nd\u00ebrkomb\u00ebtare p\u00ebr t\u00eb drejtat e njeriut. Rritja e rasteve t\u00eb ndalimeve dhe maltretimeve t\u00eb qytetar\u00ebve t\u00eb Republik\u00ebs s\u00eb Kosov\u00ebs nga autoritetet serbe p\u00ebrb\u00ebn shkelje t\u00eb frym\u00ebs s\u00eb dialogut dhe t\u00eb marr\u00ebveshjeve t\u00eb n\u00ebnshkruara mes dy pal\u00ebve\u201d, thuhet n\u00eb nj\u00eb njoftim t\u00eb MPJD-s\u00eb.<\/p>\n<p>Kjo ministri n\u00eb nj\u00eb njoftim publik n\u00eb Facebook ka th\u00ebn\u00eb se pas marrjes s\u00eb informacionit p\u00ebr k\u00ebt\u00eb rast, Zyra Nd\u00ebrlidh\u00ebse e Kosov\u00ebs n\u00eb Serbi ka nisur angazhimin p\u00ebrmes kanaleve zyrtare e diplomatike p\u00ebr t\u00eb siguruar informacione t\u00eb sakta e t\u00eb plota mbi ndalimin e Hazirit.<\/p>\n<p>Ministria e Pun\u00ebve t\u00eb Jashtme ka rip\u00ebrs\u00ebritur thirrjen q\u00eb t\u00eb shmangen udh\u00ebtimet n\u00ebp\u00ebrmjet territorit t\u00eb Serbis\u00eb, derisa n\u00ebnvizon nevoj\u00ebn urgjente p\u00ebr reagim nga ana e Bashk\u00ebsis\u00eb Nd\u00ebrkomb\u00ebtare.<\/p>\n","protected":false},"excerpt":{"rendered":"<p>Prishtin\u00eb, 10 shtator 2025 Ministria e Pun\u00ebve t\u00eb Jashtme e Kosov\u00ebs ka k\u00ebrkuar nga bashk\u00ebsia nd\u00ebrkomb\u00ebtare t\u00eb reagoj\u00eb urgjentisht ndaj praktikave t\u00eb Serbis\u00eb, e cila<\/p>\n","protected":false},"author":2,"featured_media":11313,"comment_status":"open","ping_status":"open","sticky":false,"template":"","format":"standard","meta":{"footnotes":""},"categories":[58],"tags":[],"class_list":["post-11312","post","type-post","status-publish","format-standard","has-post-thumbnail","hentry","category-politike-sq"],"yoast_head":"<!-- This site is optimized with the Yoast SEO plugin v25.3.1 - https:\/\/yoast.com\/wordpress\/plugins\/seo\/ -->\n<title>MPJD k\u00ebrkon nga bashk\u00ebsia nd\u00ebrkomb\u00ebtare t\u00eb reagoj\u00eb ndaj arrestimeve t\u00eb kosovar\u00ebve n\u00eb Serbi - qytetar\u00ebt t\u2019i shmangin udh\u00ebtimet n\u00ebp\u00ebr Serbi -<\/title>\n<meta name=\"robots\" content=\"index, follow, max-snippet:-1, max-image-preview:large, max-video-preview:-1\" \/>\n<link rel=\"canonical\" href=\"https:\/\/veritasinfo.org\/?p=11312\" \/>\n<meta property=\"og:locale\" content=\"en_US\" \/>\n<meta property=\"og:type\" content=\"article\" \/>\n<meta property=\"og:title\" content=\"MPJD k\u00ebrkon nga bashk\u00ebsia nd\u00ebrkomb\u00ebtare t\u00eb reagoj\u00eb ndaj arrestimeve t\u00eb kosovar\u00ebve n\u00eb Serbi - qytetar\u00ebt t\u2019i shmangin udh\u00ebtimet n\u00ebp\u00ebr Serbi -\" \/>\n<meta property=\"og:description\" content=\"Prishtin\u00eb, 10 shtator 2025 Ministria e Pun\u00ebve t\u00eb Jashtme e Kosov\u00ebs ka k\u00ebrkuar nga bashk\u00ebsia nd\u00ebrkomb\u00ebtare t\u00eb reagoj\u00eb urgjentisht ndaj praktikave t\u00eb Serbis\u00eb, e cila\" \/>\n<meta property=\"og:url\" content=\"https:\/\/veritasinfo.org\/?p=11312\" \/>\n<meta property=\"article:published_time\" content=\"2025-09-10T05:31:24+00:00\" \/>\n<meta property=\"og:image\" content=\"https:\/\/veritasinfo.org\/wp-content\/uploads\/2025\/09\/MPJD.jpg\" \/>\n\t<meta property=\"og:image:width\" content=\"720\" \/>\n\t<meta property=\"og:image:height\" content=\"480\" \/>\n\t<meta property=\"og:image:type\" content=\"image\/jpeg\" \/>\n<meta name=\"author\" content=\"US1\" \/>\n<meta name=\"twitter:card\" content=\"summary_large_image\" \/>\n<meta name=\"twitter:label1\" content=\"Written by\" \/>\n\t<meta name=\"twitter:data1\" content=\"US1\" \/>\n\t<meta name=\"twitter:label2\" content=\"Est. reading time\" \/>\n\t<meta name=\"twitter:data2\" content=\"1 minute\" \/>\n<script type=\"application\/ld+json\" class=\"yoast-schema-graph\">{\"@context\":\"https:\/\/schema.org\",\"@graph\":[{\"@type\":\"WebPage\",\"@id\":\"https:\/\/veritasinfo.org\/?p=11312\",\"url\":\"https:\/\/veritasinfo.org\/?p=11312\",\"name\":\"MPJD k\u00ebrkon nga bashk\u00ebsia nd\u00ebrkomb\u00ebtare t\u00eb reagoj\u00eb ndaj arrestimeve t\u00eb kosovar\u00ebve n\u00eb Serbi - qytetar\u00ebt t\u2019i shmangin udh\u00ebtimet n\u00ebp\u00ebr Serbi -\",\"isPartOf\":{\"@id\":\"https:\/\/veritasinfo.org\/#website\"},\"primaryImageOfPage\":{\"@id\":\"https:\/\/veritasinfo.org\/?p=11312#primaryimage\"},\"image\":{\"@id\":\"https:\/\/veritasinfo.org\/?p=11312#primaryimage\"},\"thumbnailUrl\":\"https:\/\/veritasinfo.org\/wp-content\/uploads\/2025\/09\/MPJD.jpg\",\"datePublished\":\"2025-09-10T05:31:24+00:00\",\"author\":{\"@id\":\"https:\/\/veritasinfo.org\/#\/schema\/person\/c2b8be262ea994d0995addca692c5e98\"},\"breadcrumb\":{\"@id\":\"https:\/\/veritasinfo.org\/?p=11312#breadcrumb\"},\"inLanguage\":\"en-US\",\"potentialAction\":[{\"@type\":\"ReadAction\",\"target\":[\"https:\/\/veritasinfo.org\/?p=11312\"]}]},{\"@type\":\"ImageObject\",\"inLanguage\":\"en-US\",\"@id\":\"https:\/\/veritasinfo.org\/?p=11312#primaryimage\",\"url\":\"https:\/\/veritasinfo.org\/wp-content\/uploads\/2025\/09\/MPJD.jpg\",\"contentUrl\":\"https:\/\/veritasinfo.org\/wp-content\/uploads\/2025\/09\/MPJD.jpg\",\"width\":720,\"height\":480},{\"@type\":\"BreadcrumbList\",\"@id\":\"https:\/\/veritasinfo.org\/?p=11312#breadcrumb\",\"itemListElement\":[{\"@type\":\"ListItem\",\"position\":1,\"name\":\"Home\",\"item\":\"https:\/\/veritasinfo.org\/\"},{\"@type\":\"ListItem\",\"position\":2,\"name\":\"MPJD k\u00ebrkon nga bashk\u00ebsia nd\u00ebrkomb\u00ebtare t\u00eb reagoj\u00eb ndaj arrestimeve t\u00eb kosovar\u00ebve n\u00eb Serbi &#8211; qytetar\u00ebt t\u2019i shmangin udh\u00ebtimet n\u00ebp\u00ebr Serbi\"}]},{\"@type\":\"WebSite\",\"@id\":\"https:\/\/veritasinfo.org\/#website\",\"url\":\"https:\/\/veritasinfo.org\/\",\"name\":\"\",\"description\":\"\",\"potentialAction\":[{\"@type\":\"SearchAction\",\"target\":{\"@type\":\"EntryPoint\",\"urlTemplate\":\"https:\/\/veritasinfo.org\/?s={search_term_string}\"},\"query-input\":{\"@type\":\"PropertyValueSpecification\",\"valueRequired\":true,\"valueName\":\"search_term_string\"}}],\"inLanguage\":\"en-US\"},{\"@type\":\"Person\",\"@id\":\"https:\/\/veritasinfo.org\/#\/schema\/person\/c2b8be262ea994d0995addca692c5e98\",\"name\":\"US1\",\"image\":{\"@type\":\"ImageObject\",\"inLanguage\":\"en-US\",\"@id\":\"https:\/\/veritasinfo.org\/#\/schema\/person\/image\/\",\"url\":\"https:\/\/secure.gravatar.com\/avatar\/4e96a59bd256abf9956eb9963ac891a47461ffb364d47b0e9aab113328fdb75b?s=96&d=mm&r=g\",\"contentUrl\":\"https:\/\/secure.gravatar.com\/avatar\/4e96a59bd256abf9956eb9963ac891a47461ffb364d47b0e9aab113328fdb75b?s=96&d=mm&r=g\",\"caption\":\"US1\"},\"url\":\"https:\/\/veritasinfo.org\/?author=2\"}]}<\/script>\n<!-- \/ Yoast SEO plugin. -->","yoast_head_json":{"title":"MPJD k\u00ebrkon nga bashk\u00ebsia nd\u00ebrkomb\u00ebtare t\u00eb reagoj\u00eb ndaj arrestimeve t\u00eb kosovar\u00ebve n\u00eb Serbi - qytetar\u00ebt t\u2019i shmangin udh\u00ebtimet n\u00ebp\u00ebr Serbi -","robots":{"index":"index","follow":"follow","max-snippet":"max-snippet:-1","max-image-preview":"max-image-preview:large","max-video-preview":"max-video-preview:-1"},"canonical":"https:\/\/veritasinfo.org\/?p=11312","og_locale":"en_US","og_type":"article","og_title":"MPJD k\u00ebrkon nga bashk\u00ebsia nd\u00ebrkomb\u00ebtare t\u00eb reagoj\u00eb ndaj arrestimeve t\u00eb kosovar\u00ebve n\u00eb Serbi - qytetar\u00ebt t\u2019i shmangin udh\u00ebtimet n\u00ebp\u00ebr Serbi -","og_description":"Prishtin\u00eb, 10 shtator 2025 Ministria e Pun\u00ebve t\u00eb Jashtme e Kosov\u00ebs ka k\u00ebrkuar nga bashk\u00ebsia nd\u00ebrkomb\u00ebtare t\u00eb reagoj\u00eb urgjentisht ndaj praktikave t\u00eb Serbis\u00eb, e cila","og_url":"https:\/\/veritasinfo.org\/?p=11312","article_published_time":"2025-09-10T05:31:24+00:00","og_image":[{"width":720,"height":480,"url":"https:\/\/veritasinfo.org\/wp-content\/uploads\/2025\/09\/MPJD.jpg","type":"image\/jpeg"}],"author":"US1","twitter_card":"summary_large_image","twitter_misc":{"Written by":"US1","Est. reading time":"1 minute"},"schema":{"@context":"https:\/\/schema.org","@graph":[{"@type":"WebPage","@id":"https:\/\/veritasinfo.org\/?p=11312","url":"https:\/\/veritasinfo.org\/?p=11312","name":"MPJD k\u00ebrkon nga bashk\u00ebsia nd\u00ebrkomb\u00ebtare t\u00eb reagoj\u00eb ndaj arrestimeve t\u00eb kosovar\u00ebve n\u00eb Serbi - qytetar\u00ebt t\u2019i shmangin udh\u00ebtimet n\u00ebp\u00ebr Serbi -","isPartOf":{"@id":"https:\/\/veritasinfo.org\/#website"},"primaryImageOfPage":{"@id":"https:\/\/veritasinfo.org\/?p=11312#primaryimage"},"image":{"@id":"https:\/\/veritasinfo.org\/?p=11312#primaryimage"},"thumbnailUrl":"https:\/\/veritasinfo.org\/wp-content\/uploads\/2025\/09\/MPJD.jpg","datePublished":"2025-09-10T05:31:24+00:00","author":{"@id":"https:\/\/veritasinfo.org\/#\/schema\/person\/c2b8be262ea994d0995addca692c5e98"},"breadcrumb":{"@id":"https:\/\/veritasinfo.org\/?p=11312#breadcrumb"},"inLanguage":"en-US","potentialAction":[{"@type":"ReadAction","target":["https:\/\/veritasinfo.org\/?p=11312"]}]},{"@type":"ImageObject","inLanguage":"en-US","@id":"https:\/\/veritasinfo.org\/?p=11312#primaryimage","url":"https:\/\/veritasinfo.org\/wp-content\/uploads\/2025\/09\/MPJD.jpg","contentUrl":"https:\/\/veritasinfo.org\/wp-content\/uploads\/2025\/09\/MPJD.jpg","width":720,"height":480},{"@type":"BreadcrumbList","@id":"https:\/\/veritasinfo.org\/?p=11312#breadcrumb","itemListElement":[{"@type":"ListItem","position":1,"name":"Home","item":"https:\/\/veritasinfo.org\/"},{"@type":"ListItem","position":2,"name":"MPJD k\u00ebrkon nga bashk\u00ebsia nd\u00ebrkomb\u00ebtare t\u00eb reagoj\u00eb ndaj arrestimeve t\u00eb kosovar\u00ebve n\u00eb Serbi &#8211; qytetar\u00ebt t\u2019i shmangin udh\u00ebtimet n\u00ebp\u00ebr Serbi"}]},{"@type":"WebSite","@id":"https:\/\/veritasinfo.org\/#website","url":"https:\/\/veritasinfo.org\/","name":"","description":"","potentialAction":[{"@type":"SearchAction","target":{"@type":"EntryPoint","urlTemplate":"https:\/\/veritasinfo.org\/?s={search_term_string}"},"query-input":{"@type":"PropertyValueSpecification","valueRequired":true,"valueName":"search_term_string"}}],"inLanguage":"en-US"},{"@type":"Person","@id":"https:\/\/veritasinfo.org\/#\/schema\/person\/c2b8be262ea994d0995addca692c5e98","name":"US1","image":{"@type":"ImageObject","inLanguage":"en-US","@id":"https:\/\/veritasinfo.org\/#\/schema\/person\/image\/","url":"https:\/\/secure.gravatar.com\/avatar\/4e96a59bd256abf9956eb9963ac891a47461ffb364d47b0e9aab113328fdb75b?s=96&d=mm&r=g","contentUrl":"https:\/\/secure.gravatar.com\/avatar\/4e96a59bd256abf9956eb9963ac891a47461ffb364d47b0e9aab113328fdb75b?s=96&d=mm&r=g","caption":"US1"},"url":"https:\/\/veritasinfo.org\/?author=2"}]}},"featured_image_urls":{"full":["https:\/\/veritasinfo.org\/wp-content\/uploads\/2025\/09\/MPJD.jpg",720,480,false],"thumbnail":["https:\/\/veritasinfo.org\/wp-content\/uploads\/2025\/09\/MPJD-150x150.jpg",150,150,true],"medium":["https:\/\/veritasinfo.org\/wp-content\/uploads\/2025\/09\/MPJD-300x200.jpg",300,200,true],"medium_large":["https:\/\/veritasinfo.org\/wp-content\/uploads\/2025\/09\/MPJD.jpg",640,427,false],"large":["https:\/\/veritasinfo.org\/wp-content\/uploads\/2025\/09\/MPJD.jpg",640,427,false],"1536x1536":["https:\/\/veritasinfo.org\/wp-content\/uploads\/2025\/09\/MPJD.jpg",720,480,false],"2048x2048":["https:\/\/veritasinfo.org\/wp-content\/uploads\/2025\/09\/MPJD.jpg",720,480,false],"kreeti-slider-full":["https:\/\/veritasinfo.org\/wp-content\/uploads\/2025\/09\/MPJD.jpg",720,480,false],"kreeti-featured":["https:\/\/veritasinfo.org\/wp-content\/uploads\/2025\/09\/MPJD.jpg",720,480,false],"kreeti-medium":["https:\/\/veritasinfo.org\/wp-content\/uploads\/2025\/09\/MPJD.jpg",720,480,false],"kreeti-medium-square":["https:\/\/veritasinfo.org\/wp-content\/uploads\/2025\/09\/MPJD.jpg",350,233,false]},"author_info":{"info":["US1"]},"category_info":"<a href=\"https:\/\/veritasinfo.org\/?cat=58\" rel=\"category\">Politik\u00eb<\/a>","tag_info":"Politik\u00eb","comment_count":"0","_links":{"self":[{"href":"https:\/\/veritasinfo.org\/index.php?rest_route=\/wp\/v2\/posts\/11312","targetHints":{"allow":["GET"]}}],"collection":[{"href":"https:\/\/veritasinfo.org\/index.php?rest_route=\/wp\/v2\/posts"}],"about":[{"href":"https:\/\/veritasinfo.org\/index.php?rest_route=\/wp\/v2\/types\/post"}],"author":[{"embeddable":true,"href":"https:\/\/veritasinfo.org\/index.php?rest_route=\/wp\/v2\/users\/2"}],"replies":[{"embeddable":true,"href":"https:\/\/veritasinfo.org\/index.php?rest_route=%2Fwp%2Fv2%2Fcomments&post=11312"}],"version-history":[{"count":1,"href":"https:\/\/veritasinfo.org\/index.php?rest_route=\/wp\/v2\/posts\/11312\/revisions"}],"predecessor-version":[{"id":11314,"href":"https:\/\/veritasinfo.org\/index.php?rest_route=\/wp\/v2\/posts\/11312\/revisions\/11314"}],"wp:featuredmedia":[{"embeddable":true,"href":"https:\/\/veritasinfo.org\/index.php?rest_route=\/wp\/v2\/media\/11313"}],"wp:attachment":[{"href":"https:\/\/veritasinfo.org\/index.php?rest_route=%2Fwp%2Fv2%2Fmedia&parent=11312"}],"wp:term":[{"taxonomy":"category","embeddable":true,"href":"https:\/\/veritasinfo.org\/index.php?rest_route=%2Fwp%2Fv2%2Fcategories&post=11312"},{"taxonomy":"post_tag","embeddable":true,"href":"https:\/\/veritasinfo.org\/index.php?rest_route=%2Fwp%2Fv2%2Ftags&post=11312"}],"curies":[{"name":"wp","href":"https:\/\/api.w.org\/{rel}","templated":true}]}}