{"id":1130,"date":"2025-06-20T11:05:06","date_gmt":"2025-06-20T09:05:06","guid":{"rendered":"https:\/\/veritasinfo.org\/?p=1130"},"modified":"2025-06-20T11:05:06","modified_gmt":"2025-06-20T09:05:06","slug":"naim-murseli-pritet-ti-nenshtrohet-ekzaminimit-psikiatrik","status":"publish","type":"post","link":"https:\/\/veritasinfo.org\/?p=1130","title":{"rendered":"Naim Murseli pritet t\u2019i n\u00ebnshtrohet ekzaminimit psikiatrik"},"content":{"rendered":"<p><strong>Prishtin\u00eb, 20 Qershor, 2025 &#8211;\u00a0\u00a0<\/strong><\/p>\n<p>Naim Murseli, i akuzuar p\u00ebr vrasjen e bashk\u00ebshortes s\u00eb tij, Liridona Ademaj, \u00ebsht\u00eb transferuar n\u00eb Klinik\u00ebn e Neurologjis\u00eb n\u00eb QKUK.<\/p>\n<p>Nd\u00ebrkoh\u00eb, drejtori i Institutit t\u00eb Psikiatris\u00eb Forenzike, Shpend Haxhibeqiri, b\u00ebri t\u00eb ditur p\u00ebr mediat se Murseli \u00ebsht\u00eb shtruar n\u00eb Klinik\u00ebn e Psikiatris\u00eb q\u00eb nj\u00eb jav\u00eb m\u00eb par\u00eb dhe do t\u00eb q\u00ebndroj\u00eb atje deri n\u00eb p\u00ebrfundimin e ekzaminimit t\u00eb tij psikiatrik.<\/p>\n<p>Sipas Gjykat\u00ebs Themelore n\u00eb Prishtin\u00eb, ekzaminimi \u00ebsht\u00eb urdh\u00ebruar m\u00eb 9 qershor, pas k\u00ebrkes\u00ebs s\u00eb mbrojtjes s\u00eb Murselit.<\/p>\n<p>Liridona Ademaj, 30 vje\u00e7e, u vra mbr\u00ebmjen e 29 n\u00ebntorit 2023, n\u00eb hyrje t\u00eb fshatit B\u00ebrnic\u00eb t\u00eb Prishtin\u00ebs, teksa po kthehej n\u00eb sht\u00ebpi me bashk\u00ebshortin dhe dy f\u00ebmij\u00ebt e tyre. Ajo u q\u00ebllua p\u00ebr vdekje me arm\u00eb zjarri. P\u00ebrve\u00e7 Naim Murselit, p\u00ebr k\u00ebt\u00eb krim jan\u00eb t\u00eb akuzuar edhe Granit Plava dhe Kushtrim Kokalla.<\/p>\n","protected":false},"excerpt":{"rendered":"<p>Prishtin\u00eb, 20 Qershor, 2025 &#8211;\u00a0\u00a0 Naim Murseli, i akuzuar p\u00ebr vrasjen e bashk\u00ebshortes s\u00eb tij, Liridona Ademaj, \u00ebsht\u00eb transferuar n\u00eb Klinik\u00ebn e Neurologjis\u00eb n\u00eb QKUK.<\/p>\n","protected":false},"author":2,"featured_media":1131,"comment_status":"open","ping_status":"open","sticky":false,"template":"","format":"standard","meta":{"footnotes":""},"categories":[60],"tags":[],"class_list":["post-1130","post","type-post","status-publish","format-standard","has-post-thumbnail","hentry","category-shoqerore-sq"],"yoast_head":"<!-- This site is optimized with the Yoast SEO plugin v25.3.1 - https:\/\/yoast.com\/wordpress\/plugins\/seo\/ -->\n<title>Naim Murseli pritet t\u2019i n\u00ebnshtrohet ekzaminimit psikiatrik -<\/title>\n<meta name=\"robots\" content=\"index, follow, max-snippet:-1, max-image-preview:large, max-video-preview:-1\" \/>\n<link rel=\"canonical\" href=\"https:\/\/veritasinfo.org\/?p=1130\" \/>\n<meta property=\"og:locale\" content=\"en_US\" \/>\n<meta property=\"og:type\" content=\"article\" \/>\n<meta property=\"og:title\" content=\"Naim Murseli pritet t\u2019i n\u00ebnshtrohet ekzaminimit psikiatrik -\" \/>\n<meta property=\"og:description\" content=\"Prishtin\u00eb, 20 Qershor, 2025 &#8211;\u00a0\u00a0 Naim Murseli, i akuzuar p\u00ebr vrasjen e bashk\u00ebshortes s\u00eb tij, Liridona Ademaj, \u00ebsht\u00eb transferuar n\u00eb Klinik\u00ebn e Neurologjis\u00eb n\u00eb QKUK.\" \/>\n<meta property=\"og:url\" content=\"https:\/\/veritasinfo.org\/?p=1130\" \/>\n<meta property=\"article:published_time\" content=\"2025-06-20T09:05:06+00:00\" \/>\n<meta property=\"og:image\" content=\"https:\/\/veritasinfo.org\/wp-content\/uploads\/2025\/06\/Naim-murseli-2.jpg\" \/>\n\t<meta property=\"og:image:width\" content=\"1000\" \/>\n\t<meta property=\"og:image:height\" content=\"667\" \/>\n\t<meta property=\"og:image:type\" content=\"image\/jpeg\" \/>\n<meta name=\"author\" content=\"US1\" \/>\n<meta name=\"twitter:card\" content=\"summary_large_image\" \/>\n<meta name=\"twitter:label1\" content=\"Written by\" \/>\n\t<meta name=\"twitter:data1\" content=\"US1\" \/>\n\t<meta name=\"twitter:label2\" content=\"Est. reading time\" \/>\n\t<meta name=\"twitter:data2\" content=\"1 minute\" \/>\n<script type=\"application\/ld+json\" class=\"yoast-schema-graph\">{\"@context\":\"https:\/\/schema.org\",\"@graph\":[{\"@type\":\"WebPage\",\"@id\":\"https:\/\/veritasinfo.org\/?p=1130\",\"url\":\"https:\/\/veritasinfo.org\/?p=1130\",\"name\":\"Naim Murseli pritet t\u2019i n\u00ebnshtrohet ekzaminimit psikiatrik -\",\"isPartOf\":{\"@id\":\"https:\/\/veritasinfo.org\/#website\"},\"primaryImageOfPage\":{\"@id\":\"https:\/\/veritasinfo.org\/?p=1130#primaryimage\"},\"image\":{\"@id\":\"https:\/\/veritasinfo.org\/?p=1130#primaryimage\"},\"thumbnailUrl\":\"https:\/\/veritasinfo.org\/wp-content\/uploads\/2025\/06\/Naim-murseli-2.jpg\",\"datePublished\":\"2025-06-20T09:05:06+00:00\",\"author\":{\"@id\":\"https:\/\/veritasinfo.org\/#\/schema\/person\/c2b8be262ea994d0995addca692c5e98\"},\"breadcrumb\":{\"@id\":\"https:\/\/veritasinfo.org\/?p=1130#breadcrumb\"},\"inLanguage\":\"en-US\",\"potentialAction\":[{\"@type\":\"ReadAction\",\"target\":[\"https:\/\/veritasinfo.org\/?p=1130\"]}]},{\"@type\":\"ImageObject\",\"inLanguage\":\"en-US\",\"@id\":\"https:\/\/veritasinfo.org\/?p=1130#primaryimage\",\"url\":\"https:\/\/veritasinfo.org\/wp-content\/uploads\/2025\/06\/Naim-murseli-2.jpg\",\"contentUrl\":\"https:\/\/veritasinfo.org\/wp-content\/uploads\/2025\/06\/Naim-murseli-2.jpg\",\"width\":1000,\"height\":667},{\"@type\":\"BreadcrumbList\",\"@id\":\"https:\/\/veritasinfo.org\/?p=1130#breadcrumb\",\"itemListElement\":[{\"@type\":\"ListItem\",\"position\":1,\"name\":\"Home\",\"item\":\"https:\/\/veritasinfo.org\/\"},{\"@type\":\"ListItem\",\"position\":2,\"name\":\"Naim Murseli pritet t\u2019i n\u00ebnshtrohet ekzaminimit psikiatrik\"}]},{\"@type\":\"WebSite\",\"@id\":\"https:\/\/veritasinfo.org\/#website\",\"url\":\"https:\/\/veritasinfo.org\/\",\"name\":\"\",\"description\":\"\",\"potentialAction\":[{\"@type\":\"SearchAction\",\"target\":{\"@type\":\"EntryPoint\",\"urlTemplate\":\"https:\/\/veritasinfo.org\/?s={search_term_string}\"},\"query-input\":{\"@type\":\"PropertyValueSpecification\",\"valueRequired\":true,\"valueName\":\"search_term_string\"}}],\"inLanguage\":\"en-US\"},{\"@type\":\"Person\",\"@id\":\"https:\/\/veritasinfo.org\/#\/schema\/person\/c2b8be262ea994d0995addca692c5e98\",\"name\":\"US1\",\"image\":{\"@type\":\"ImageObject\",\"inLanguage\":\"en-US\",\"@id\":\"https:\/\/veritasinfo.org\/#\/schema\/person\/image\/\",\"url\":\"https:\/\/secure.gravatar.com\/avatar\/4e96a59bd256abf9956eb9963ac891a47461ffb364d47b0e9aab113328fdb75b?s=96&d=mm&r=g\",\"contentUrl\":\"https:\/\/secure.gravatar.com\/avatar\/4e96a59bd256abf9956eb9963ac891a47461ffb364d47b0e9aab113328fdb75b?s=96&d=mm&r=g\",\"caption\":\"US1\"},\"url\":\"https:\/\/veritasinfo.org\/?author=2\"}]}<\/script>\n<!-- \/ Yoast SEO plugin. -->","yoast_head_json":{"title":"Naim Murseli pritet t\u2019i n\u00ebnshtrohet ekzaminimit psikiatrik -","robots":{"index":"index","follow":"follow","max-snippet":"max-snippet:-1","max-image-preview":"max-image-preview:large","max-video-preview":"max-video-preview:-1"},"canonical":"https:\/\/veritasinfo.org\/?p=1130","og_locale":"en_US","og_type":"article","og_title":"Naim Murseli pritet t\u2019i n\u00ebnshtrohet ekzaminimit psikiatrik -","og_description":"Prishtin\u00eb, 20 Qershor, 2025 &#8211;\u00a0\u00a0 Naim Murseli, i akuzuar p\u00ebr vrasjen e bashk\u00ebshortes s\u00eb tij, Liridona Ademaj, \u00ebsht\u00eb transferuar n\u00eb Klinik\u00ebn e Neurologjis\u00eb n\u00eb QKUK.","og_url":"https:\/\/veritasinfo.org\/?p=1130","article_published_time":"2025-06-20T09:05:06+00:00","og_image":[{"width":1000,"height":667,"url":"https:\/\/veritasinfo.org\/wp-content\/uploads\/2025\/06\/Naim-murseli-2.jpg","type":"image\/jpeg"}],"author":"US1","twitter_card":"summary_large_image","twitter_misc":{"Written by":"US1","Est. reading time":"1 minute"},"schema":{"@context":"https:\/\/schema.org","@graph":[{"@type":"WebPage","@id":"https:\/\/veritasinfo.org\/?p=1130","url":"https:\/\/veritasinfo.org\/?p=1130","name":"Naim Murseli pritet t\u2019i n\u00ebnshtrohet ekzaminimit psikiatrik -","isPartOf":{"@id":"https:\/\/veritasinfo.org\/#website"},"primaryImageOfPage":{"@id":"https:\/\/veritasinfo.org\/?p=1130#primaryimage"},"image":{"@id":"https:\/\/veritasinfo.org\/?p=1130#primaryimage"},"thumbnailUrl":"https:\/\/veritasinfo.org\/wp-content\/uploads\/2025\/06\/Naim-murseli-2.jpg","datePublished":"2025-06-20T09:05:06+00:00","author":{"@id":"https:\/\/veritasinfo.org\/#\/schema\/person\/c2b8be262ea994d0995addca692c5e98"},"breadcrumb":{"@id":"https:\/\/veritasinfo.org\/?p=1130#breadcrumb"},"inLanguage":"en-US","potentialAction":[{"@type":"ReadAction","target":["https:\/\/veritasinfo.org\/?p=1130"]}]},{"@type":"ImageObject","inLanguage":"en-US","@id":"https:\/\/veritasinfo.org\/?p=1130#primaryimage","url":"https:\/\/veritasinfo.org\/wp-content\/uploads\/2025\/06\/Naim-murseli-2.jpg","contentUrl":"https:\/\/veritasinfo.org\/wp-content\/uploads\/2025\/06\/Naim-murseli-2.jpg","width":1000,"height":667},{"@type":"BreadcrumbList","@id":"https:\/\/veritasinfo.org\/?p=1130#breadcrumb","itemListElement":[{"@type":"ListItem","position":1,"name":"Home","item":"https:\/\/veritasinfo.org\/"},{"@type":"ListItem","position":2,"name":"Naim Murseli pritet t\u2019i n\u00ebnshtrohet ekzaminimit psikiatrik"}]},{"@type":"WebSite","@id":"https:\/\/veritasinfo.org\/#website","url":"https:\/\/veritasinfo.org\/","name":"","description":"","potentialAction":[{"@type":"SearchAction","target":{"@type":"EntryPoint","urlTemplate":"https:\/\/veritasinfo.org\/?s={search_term_string}"},"query-input":{"@type":"PropertyValueSpecification","valueRequired":true,"valueName":"search_term_string"}}],"inLanguage":"en-US"},{"@type":"Person","@id":"https:\/\/veritasinfo.org\/#\/schema\/person\/c2b8be262ea994d0995addca692c5e98","name":"US1","image":{"@type":"ImageObject","inLanguage":"en-US","@id":"https:\/\/veritasinfo.org\/#\/schema\/person\/image\/","url":"https:\/\/secure.gravatar.com\/avatar\/4e96a59bd256abf9956eb9963ac891a47461ffb364d47b0e9aab113328fdb75b?s=96&d=mm&r=g","contentUrl":"https:\/\/secure.gravatar.com\/avatar\/4e96a59bd256abf9956eb9963ac891a47461ffb364d47b0e9aab113328fdb75b?s=96&d=mm&r=g","caption":"US1"},"url":"https:\/\/veritasinfo.org\/?author=2"}]}},"featured_image_urls":{"full":["https:\/\/veritasinfo.org\/wp-content\/uploads\/2025\/06\/Naim-murseli-2.jpg",1000,667,false],"thumbnail":["https:\/\/veritasinfo.org\/wp-content\/uploads\/2025\/06\/Naim-murseli-2-150x150.jpg",150,150,true],"medium":["https:\/\/veritasinfo.org\/wp-content\/uploads\/2025\/06\/Naim-murseli-2-300x200.jpg",300,200,true],"medium_large":["https:\/\/veritasinfo.org\/wp-content\/uploads\/2025\/06\/Naim-murseli-2-768x512.jpg",640,427,true],"large":["https:\/\/veritasinfo.org\/wp-content\/uploads\/2025\/06\/Naim-murseli-2.jpg",640,427,false],"1536x1536":["https:\/\/veritasinfo.org\/wp-content\/uploads\/2025\/06\/Naim-murseli-2.jpg",1000,667,false],"2048x2048":["https:\/\/veritasinfo.org\/wp-content\/uploads\/2025\/06\/Naim-murseli-2.jpg",1000,667,false],"kreeti-slider-full":["https:\/\/veritasinfo.org\/wp-content\/uploads\/2025\/06\/Naim-murseli-2.jpg",1000,667,false],"kreeti-featured":["https:\/\/veritasinfo.org\/wp-content\/uploads\/2025\/06\/Naim-murseli-2.jpg",1000,667,false],"kreeti-medium":["https:\/\/veritasinfo.org\/wp-content\/uploads\/2025\/06\/Naim-murseli-2.jpg",720,480,false],"kreeti-medium-square":["https:\/\/veritasinfo.org\/wp-content\/uploads\/2025\/06\/Naim-murseli-2.jpg",350,233,false]},"author_info":{"info":["US1"]},"category_info":"<a href=\"https:\/\/veritasinfo.org\/?cat=60\" rel=\"category\">Shoq\u00ebrore<\/a>","tag_info":"Shoq\u00ebrore","comment_count":"0","_links":{"self":[{"href":"https:\/\/veritasinfo.org\/index.php?rest_route=\/wp\/v2\/posts\/1130","targetHints":{"allow":["GET"]}}],"collection":[{"href":"https:\/\/veritasinfo.org\/index.php?rest_route=\/wp\/v2\/posts"}],"about":[{"href":"https:\/\/veritasinfo.org\/index.php?rest_route=\/wp\/v2\/types\/post"}],"author":[{"embeddable":true,"href":"https:\/\/veritasinfo.org\/index.php?rest_route=\/wp\/v2\/users\/2"}],"replies":[{"embeddable":true,"href":"https:\/\/veritasinfo.org\/index.php?rest_route=%2Fwp%2Fv2%2Fcomments&post=1130"}],"version-history":[{"count":1,"href":"https:\/\/veritasinfo.org\/index.php?rest_route=\/wp\/v2\/posts\/1130\/revisions"}],"predecessor-version":[{"id":1132,"href":"https:\/\/veritasinfo.org\/index.php?rest_route=\/wp\/v2\/posts\/1130\/revisions\/1132"}],"wp:featuredmedia":[{"embeddable":true,"href":"https:\/\/veritasinfo.org\/index.php?rest_route=\/wp\/v2\/media\/1131"}],"wp:attachment":[{"href":"https:\/\/veritasinfo.org\/index.php?rest_route=%2Fwp%2Fv2%2Fmedia&parent=1130"}],"wp:term":[{"taxonomy":"category","embeddable":true,"href":"https:\/\/veritasinfo.org\/index.php?rest_route=%2Fwp%2Fv2%2Fcategories&post=1130"},{"taxonomy":"post_tag","embeddable":true,"href":"https:\/\/veritasinfo.org\/index.php?rest_route=%2Fwp%2Fv2%2Ftags&post=1130"}],"curies":[{"name":"wp","href":"https:\/\/api.w.org\/{rel}","templated":true}]}}