{"id":11264,"date":"2025-09-09T17:39:03","date_gmt":"2025-09-09T15:39:03","guid":{"rendered":"https:\/\/veritasinfo.org\/?p=11264"},"modified":"2025-09-09T17:39:03","modified_gmt":"2025-09-09T15:39:03","slug":"ipk-mohon-pretendimet-e-demokracise-serbe-per-fshehje-te-ankesave","status":"publish","type":"post","link":"https:\/\/veritasinfo.org\/?p=11264","title":{"rendered":"IPK mohon pretendimet e \u201cDemokracis\u00eb Serbe\u201d p\u00ebr fshehje t\u00eb ankesave"},"content":{"rendered":"<p><strong>Prishtin\u00eb, 09 shtator 2025<\/strong><\/p>\n<p>Inspektorati Policor i Kosov\u00ebs (IPK) ka hedhur posht\u00eb si t\u00eb pav\u00ebrteta dhe tendencioze pretendimet e subjektit \u201cDemokracia Serbe\u201d, sipas t\u00eb cilit gjoja jan\u00eb fshehur mbi 30 ankesa t\u00eb paraqitura nga ky subjekt.<\/p>\n<p>N\u00eb reagim, IPK ka theksuar se asnj\u00eb ankes\u00eb nuk fshihet dhe se \u00e7do rast q\u00eb pranohet regjistrohet zyrtarisht, trajtohet n\u00eb p\u00ebrputhje me mandatin ligjor dhe hetohet n\u00eb m\u00ebnyr\u00eb profesionale, objektive dhe t\u00eb pavarur, pa marr\u00eb parasysh p\u00ebrkat\u00ebsin\u00eb etnike, politike apo sociale t\u00eb ankuesit.<\/p>\n<p>Sipas institucionit, zyra e IPK-s\u00eb n\u00eb Mitrovic\u00ebn e Veriut funksionon rregullisht dhe \u00ebsht\u00eb e hapur p\u00ebr t\u00eb gjith\u00eb qytetar\u00ebt. Vet\u00ebm gjat\u00eb gjasht\u00ebmujorit t\u00eb par\u00eb t\u00eb vitit 2025, nga kjo zyr\u00eb dhe nga objekti qendror n\u00eb Hajvali jan\u00eb pranuar dhe trajtuar 38 ankesa nga qytetar\u00ebt e komunave veriore t\u00eb Kosov\u00ebs.<\/p>\n<p>\u201cP\u00ebr secilin rast t\u00eb raportuar IPK ka nd\u00ebrmarr\u00eb veprime hetimore konkrete bazuar n\u00eb autorizimet ligjore, si dhe ka p\u00ebrcjell\u00eb n\u00eb Prokurorit\u00eb kompetente rastet kur jan\u00eb konstatuar elemente t\u00eb vepr\u00ebs penale, nd\u00ebrsa n\u00eb rastet e dyshimeve p\u00ebr shkelje administrative jan\u00eb p\u00ebrcjell\u00eb p\u00ebr trajtim disiplinor n\u00eb Policin\u00eb e Kosov\u00ebs\u201d, thuhet n\u00eb reagim.<\/p>\n<p>IPK ka theksuar gjithashtu se \u00e7do pal\u00eb njoftohet p\u00ebr statusin e ankes\u00ebs s\u00eb saj, p\u00ebrfshir\u00eb edhe subjektin \u201cDemokracia Serbe\u201d, i cili sipas IPK-s\u00eb \u00ebsht\u00eb informuar p\u00ebr t\u00eb gjitha rastet e paraqitura.<\/p>\n<p>Me q\u00ebllim t\u00eb rritjes s\u00eb transparenc\u00ebs, IPK b\u00ebn t\u00eb ditur se ka zhvilluar takime t\u00eb rregullta n\u00eb Mitrovic\u00ebn e Veriut me qytetar\u00eb, organizata t\u00eb shoq\u00ebris\u00eb civile dhe p\u00ebrfaq\u00ebsues vendor\u00eb e nd\u00ebrkomb\u00ebtar\u00eb, duke publikuar edhe raporte t\u00eb ve\u00e7anta mbi t\u00eb gjeturat e hetimeve n\u00eb pes\u00eb vitet e fundit.<\/p>\n<p>Lidhur me akuzat se ky institucion \u201cmban an\u00ebn e policis\u00eb\u201d, IPK i ka quajtur ato t\u00eb pabaza, duke theksuar se \u00ebsht\u00eb nj\u00eb institucion i pavarur, multietnik dhe i mb\u00ebshtetur n\u00eb standardet nd\u00ebrkomb\u00ebtare, q\u00eb trajton me paanshm\u00ebri \u00e7do rast dhe k\u00ebrkon llogaridh\u00ebnie nga Policia e Kosov\u00ebs n\u00eb baz\u00eb t\u00eb mandatit ligjor.<\/p>\n<p>N\u00eb fund, IPK i ka inkurajuar t\u00eb gjith\u00eb qytetar\u00ebt, pa dallim komuniteti, t\u00eb paraqesin ankesat e tyre pran\u00eb zyrave t\u00eb k\u00ebtij institucioni, duke siguruar opinionin publik se \u00e7do rast trajtohet me seriozitet, profesionaliz\u00ebm dhe paanshm\u00ebri.<\/p>\n","protected":false},"excerpt":{"rendered":"<p>Prishtin\u00eb, 09 shtator 2025 Inspektorati Policor i Kosov\u00ebs (IPK) ka hedhur posht\u00eb si t\u00eb pav\u00ebrteta dhe tendencioze pretendimet e subjektit \u201cDemokracia Serbe\u201d, sipas t\u00eb cilit<\/p>\n","protected":false},"author":2,"featured_media":11265,"comment_status":"open","ping_status":"open","sticky":false,"template":"","format":"standard","meta":{"footnotes":""},"categories":[60],"tags":[],"class_list":["post-11264","post","type-post","status-publish","format-standard","has-post-thumbnail","hentry","category-shoqerore-sq"],"yoast_head":"<!-- This site is optimized with the Yoast SEO plugin v25.3.1 - https:\/\/yoast.com\/wordpress\/plugins\/seo\/ -->\n<title>IPK mohon pretendimet e \u201cDemokracis\u00eb Serbe\u201d p\u00ebr fshehje t\u00eb ankesave -<\/title>\n<meta name=\"robots\" content=\"index, follow, max-snippet:-1, max-image-preview:large, max-video-preview:-1\" \/>\n<link rel=\"canonical\" href=\"https:\/\/veritasinfo.org\/?p=11264\" \/>\n<meta property=\"og:locale\" content=\"en_US\" \/>\n<meta property=\"og:type\" content=\"article\" \/>\n<meta property=\"og:title\" content=\"IPK mohon pretendimet e \u201cDemokracis\u00eb Serbe\u201d p\u00ebr fshehje t\u00eb ankesave -\" \/>\n<meta property=\"og:description\" content=\"Prishtin\u00eb, 09 shtator 2025 Inspektorati Policor i Kosov\u00ebs (IPK) ka hedhur posht\u00eb si t\u00eb pav\u00ebrteta dhe tendencioze pretendimet e subjektit \u201cDemokracia Serbe\u201d, sipas t\u00eb cilit\" \/>\n<meta property=\"og:url\" content=\"https:\/\/veritasinfo.org\/?p=11264\" \/>\n<meta property=\"article:published_time\" content=\"2025-09-09T15:39:03+00:00\" \/>\n<meta property=\"og:image\" content=\"https:\/\/veritasinfo.org\/wp-content\/uploads\/2025\/09\/ipk.jpg\" \/>\n\t<meta property=\"og:image:width\" content=\"311\" \/>\n\t<meta property=\"og:image:height\" content=\"162\" \/>\n\t<meta property=\"og:image:type\" content=\"image\/jpeg\" \/>\n<meta name=\"author\" content=\"US1\" \/>\n<meta name=\"twitter:card\" content=\"summary_large_image\" \/>\n<meta name=\"twitter:label1\" content=\"Written by\" \/>\n\t<meta name=\"twitter:data1\" content=\"US1\" \/>\n\t<meta name=\"twitter:label2\" content=\"Est. reading time\" \/>\n\t<meta name=\"twitter:data2\" content=\"2 minutes\" \/>\n<script type=\"application\/ld+json\" class=\"yoast-schema-graph\">{\"@context\":\"https:\/\/schema.org\",\"@graph\":[{\"@type\":\"WebPage\",\"@id\":\"https:\/\/veritasinfo.org\/?p=11264\",\"url\":\"https:\/\/veritasinfo.org\/?p=11264\",\"name\":\"IPK mohon pretendimet e \u201cDemokracis\u00eb Serbe\u201d p\u00ebr fshehje t\u00eb ankesave -\",\"isPartOf\":{\"@id\":\"https:\/\/veritasinfo.org\/#website\"},\"primaryImageOfPage\":{\"@id\":\"https:\/\/veritasinfo.org\/?p=11264#primaryimage\"},\"image\":{\"@id\":\"https:\/\/veritasinfo.org\/?p=11264#primaryimage\"},\"thumbnailUrl\":\"https:\/\/veritasinfo.org\/wp-content\/uploads\/2025\/09\/ipk.jpg\",\"datePublished\":\"2025-09-09T15:39:03+00:00\",\"author\":{\"@id\":\"https:\/\/veritasinfo.org\/#\/schema\/person\/c2b8be262ea994d0995addca692c5e98\"},\"breadcrumb\":{\"@id\":\"https:\/\/veritasinfo.org\/?p=11264#breadcrumb\"},\"inLanguage\":\"en-US\",\"potentialAction\":[{\"@type\":\"ReadAction\",\"target\":[\"https:\/\/veritasinfo.org\/?p=11264\"]}]},{\"@type\":\"ImageObject\",\"inLanguage\":\"en-US\",\"@id\":\"https:\/\/veritasinfo.org\/?p=11264#primaryimage\",\"url\":\"https:\/\/veritasinfo.org\/wp-content\/uploads\/2025\/09\/ipk.jpg\",\"contentUrl\":\"https:\/\/veritasinfo.org\/wp-content\/uploads\/2025\/09\/ipk.jpg\",\"width\":311,\"height\":162},{\"@type\":\"BreadcrumbList\",\"@id\":\"https:\/\/veritasinfo.org\/?p=11264#breadcrumb\",\"itemListElement\":[{\"@type\":\"ListItem\",\"position\":1,\"name\":\"Home\",\"item\":\"https:\/\/veritasinfo.org\/\"},{\"@type\":\"ListItem\",\"position\":2,\"name\":\"IPK mohon pretendimet e \u201cDemokracis\u00eb Serbe\u201d p\u00ebr fshehje t\u00eb ankesave\"}]},{\"@type\":\"WebSite\",\"@id\":\"https:\/\/veritasinfo.org\/#website\",\"url\":\"https:\/\/veritasinfo.org\/\",\"name\":\"\",\"description\":\"\",\"potentialAction\":[{\"@type\":\"SearchAction\",\"target\":{\"@type\":\"EntryPoint\",\"urlTemplate\":\"https:\/\/veritasinfo.org\/?s={search_term_string}\"},\"query-input\":{\"@type\":\"PropertyValueSpecification\",\"valueRequired\":true,\"valueName\":\"search_term_string\"}}],\"inLanguage\":\"en-US\"},{\"@type\":\"Person\",\"@id\":\"https:\/\/veritasinfo.org\/#\/schema\/person\/c2b8be262ea994d0995addca692c5e98\",\"name\":\"US1\",\"image\":{\"@type\":\"ImageObject\",\"inLanguage\":\"en-US\",\"@id\":\"https:\/\/veritasinfo.org\/#\/schema\/person\/image\/\",\"url\":\"https:\/\/secure.gravatar.com\/avatar\/4e96a59bd256abf9956eb9963ac891a47461ffb364d47b0e9aab113328fdb75b?s=96&d=mm&r=g\",\"contentUrl\":\"https:\/\/secure.gravatar.com\/avatar\/4e96a59bd256abf9956eb9963ac891a47461ffb364d47b0e9aab113328fdb75b?s=96&d=mm&r=g\",\"caption\":\"US1\"},\"url\":\"https:\/\/veritasinfo.org\/?author=2\"}]}<\/script>\n<!-- \/ Yoast SEO plugin. -->","yoast_head_json":{"title":"IPK mohon pretendimet e \u201cDemokracis\u00eb Serbe\u201d p\u00ebr fshehje t\u00eb ankesave -","robots":{"index":"index","follow":"follow","max-snippet":"max-snippet:-1","max-image-preview":"max-image-preview:large","max-video-preview":"max-video-preview:-1"},"canonical":"https:\/\/veritasinfo.org\/?p=11264","og_locale":"en_US","og_type":"article","og_title":"IPK mohon pretendimet e \u201cDemokracis\u00eb Serbe\u201d p\u00ebr fshehje t\u00eb ankesave -","og_description":"Prishtin\u00eb, 09 shtator 2025 Inspektorati Policor i Kosov\u00ebs (IPK) ka hedhur posht\u00eb si t\u00eb pav\u00ebrteta dhe tendencioze pretendimet e subjektit \u201cDemokracia Serbe\u201d, sipas t\u00eb cilit","og_url":"https:\/\/veritasinfo.org\/?p=11264","article_published_time":"2025-09-09T15:39:03+00:00","og_image":[{"width":311,"height":162,"url":"https:\/\/veritasinfo.org\/wp-content\/uploads\/2025\/09\/ipk.jpg","type":"image\/jpeg"}],"author":"US1","twitter_card":"summary_large_image","twitter_misc":{"Written by":"US1","Est. reading time":"2 minutes"},"schema":{"@context":"https:\/\/schema.org","@graph":[{"@type":"WebPage","@id":"https:\/\/veritasinfo.org\/?p=11264","url":"https:\/\/veritasinfo.org\/?p=11264","name":"IPK mohon pretendimet e \u201cDemokracis\u00eb Serbe\u201d p\u00ebr fshehje t\u00eb ankesave -","isPartOf":{"@id":"https:\/\/veritasinfo.org\/#website"},"primaryImageOfPage":{"@id":"https:\/\/veritasinfo.org\/?p=11264#primaryimage"},"image":{"@id":"https:\/\/veritasinfo.org\/?p=11264#primaryimage"},"thumbnailUrl":"https:\/\/veritasinfo.org\/wp-content\/uploads\/2025\/09\/ipk.jpg","datePublished":"2025-09-09T15:39:03+00:00","author":{"@id":"https:\/\/veritasinfo.org\/#\/schema\/person\/c2b8be262ea994d0995addca692c5e98"},"breadcrumb":{"@id":"https:\/\/veritasinfo.org\/?p=11264#breadcrumb"},"inLanguage":"en-US","potentialAction":[{"@type":"ReadAction","target":["https:\/\/veritasinfo.org\/?p=11264"]}]},{"@type":"ImageObject","inLanguage":"en-US","@id":"https:\/\/veritasinfo.org\/?p=11264#primaryimage","url":"https:\/\/veritasinfo.org\/wp-content\/uploads\/2025\/09\/ipk.jpg","contentUrl":"https:\/\/veritasinfo.org\/wp-content\/uploads\/2025\/09\/ipk.jpg","width":311,"height":162},{"@type":"BreadcrumbList","@id":"https:\/\/veritasinfo.org\/?p=11264#breadcrumb","itemListElement":[{"@type":"ListItem","position":1,"name":"Home","item":"https:\/\/veritasinfo.org\/"},{"@type":"ListItem","position":2,"name":"IPK mohon pretendimet e \u201cDemokracis\u00eb Serbe\u201d p\u00ebr fshehje t\u00eb ankesave"}]},{"@type":"WebSite","@id":"https:\/\/veritasinfo.org\/#website","url":"https:\/\/veritasinfo.org\/","name":"","description":"","potentialAction":[{"@type":"SearchAction","target":{"@type":"EntryPoint","urlTemplate":"https:\/\/veritasinfo.org\/?s={search_term_string}"},"query-input":{"@type":"PropertyValueSpecification","valueRequired":true,"valueName":"search_term_string"}}],"inLanguage":"en-US"},{"@type":"Person","@id":"https:\/\/veritasinfo.org\/#\/schema\/person\/c2b8be262ea994d0995addca692c5e98","name":"US1","image":{"@type":"ImageObject","inLanguage":"en-US","@id":"https:\/\/veritasinfo.org\/#\/schema\/person\/image\/","url":"https:\/\/secure.gravatar.com\/avatar\/4e96a59bd256abf9956eb9963ac891a47461ffb364d47b0e9aab113328fdb75b?s=96&d=mm&r=g","contentUrl":"https:\/\/secure.gravatar.com\/avatar\/4e96a59bd256abf9956eb9963ac891a47461ffb364d47b0e9aab113328fdb75b?s=96&d=mm&r=g","caption":"US1"},"url":"https:\/\/veritasinfo.org\/?author=2"}]}},"featured_image_urls":{"full":["https:\/\/veritasinfo.org\/wp-content\/uploads\/2025\/09\/ipk.jpg",311,162,false],"thumbnail":["https:\/\/veritasinfo.org\/wp-content\/uploads\/2025\/09\/ipk-150x150.jpg",150,150,true],"medium":["https:\/\/veritasinfo.org\/wp-content\/uploads\/2025\/09\/ipk-300x156.jpg",300,156,true],"medium_large":["https:\/\/veritasinfo.org\/wp-content\/uploads\/2025\/09\/ipk.jpg",311,162,false],"large":["https:\/\/veritasinfo.org\/wp-content\/uploads\/2025\/09\/ipk.jpg",311,162,false],"1536x1536":["https:\/\/veritasinfo.org\/wp-content\/uploads\/2025\/09\/ipk.jpg",311,162,false],"2048x2048":["https:\/\/veritasinfo.org\/wp-content\/uploads\/2025\/09\/ipk.jpg",311,162,false],"kreeti-slider-full":["https:\/\/veritasinfo.org\/wp-content\/uploads\/2025\/09\/ipk.jpg",311,162,false],"kreeti-featured":["https:\/\/veritasinfo.org\/wp-content\/uploads\/2025\/09\/ipk.jpg",311,162,false],"kreeti-medium":["https:\/\/veritasinfo.org\/wp-content\/uploads\/2025\/09\/ipk.jpg",311,162,false],"kreeti-medium-square":["https:\/\/veritasinfo.org\/wp-content\/uploads\/2025\/09\/ipk.jpg",311,162,false]},"author_info":{"info":["US1"]},"category_info":"<a href=\"https:\/\/veritasinfo.org\/?cat=60\" rel=\"category\">Shoq\u00ebrore<\/a>","tag_info":"Shoq\u00ebrore","comment_count":"0","_links":{"self":[{"href":"https:\/\/veritasinfo.org\/index.php?rest_route=\/wp\/v2\/posts\/11264","targetHints":{"allow":["GET"]}}],"collection":[{"href":"https:\/\/veritasinfo.org\/index.php?rest_route=\/wp\/v2\/posts"}],"about":[{"href":"https:\/\/veritasinfo.org\/index.php?rest_route=\/wp\/v2\/types\/post"}],"author":[{"embeddable":true,"href":"https:\/\/veritasinfo.org\/index.php?rest_route=\/wp\/v2\/users\/2"}],"replies":[{"embeddable":true,"href":"https:\/\/veritasinfo.org\/index.php?rest_route=%2Fwp%2Fv2%2Fcomments&post=11264"}],"version-history":[{"count":1,"href":"https:\/\/veritasinfo.org\/index.php?rest_route=\/wp\/v2\/posts\/11264\/revisions"}],"predecessor-version":[{"id":11266,"href":"https:\/\/veritasinfo.org\/index.php?rest_route=\/wp\/v2\/posts\/11264\/revisions\/11266"}],"wp:featuredmedia":[{"embeddable":true,"href":"https:\/\/veritasinfo.org\/index.php?rest_route=\/wp\/v2\/media\/11265"}],"wp:attachment":[{"href":"https:\/\/veritasinfo.org\/index.php?rest_route=%2Fwp%2Fv2%2Fmedia&parent=11264"}],"wp:term":[{"taxonomy":"category","embeddable":true,"href":"https:\/\/veritasinfo.org\/index.php?rest_route=%2Fwp%2Fv2%2Fcategories&post=11264"},{"taxonomy":"post_tag","embeddable":true,"href":"https:\/\/veritasinfo.org\/index.php?rest_route=%2Fwp%2Fv2%2Ftags&post=11264"}],"curies":[{"name":"wp","href":"https:\/\/api.w.org\/{rel}","templated":true}]}}