{"id":11262,"date":"2025-09-09T17:34:52","date_gmt":"2025-09-09T15:34:52","guid":{"rendered":"https:\/\/veritasinfo.org\/?p=11262"},"modified":"2025-09-09T17:34:52","modified_gmt":"2025-09-09T15:34:52","slug":"fsk-vizite-studimore-ne-shkollen-e-oficereve-te-bundeswehr-it","status":"publish","type":"post","link":"https:\/\/veritasinfo.org\/?p=11262","title":{"rendered":"FSK vizit\u00eb studimore n\u00eb Shkoll\u00ebn e Oficer\u00ebve t\u00eb Bundeswehr-it"},"content":{"rendered":"<p><strong>Prishtin\u00eb, 09 shtator 2025<\/strong><\/p>\n<p>N\u00eb kuad\u00ebr t\u00eb bashk\u00ebpunimit bilateral nd\u00ebrmjet Republik\u00ebs s\u00eb Kosov\u00ebs dhe Republik\u00ebs Federale t\u00eb Gjermanis\u00eb, delegacioni nga Komanda e Doktrin\u00ebs dhe St\u00ebrvitjes i Forc\u00ebs s\u00eb Siguris\u00eb s\u00eb Kosov\u00ebs ka realizuar nj\u00eb vizit\u00eb studimore n\u00eb Shkoll\u00ebn e Oficer\u00ebve t\u00eb Bundeswehr-it n\u00eb Dresden t\u00eb Gjermanis\u00eb.<\/p>\n<p>Delegacioni, i p\u00ebrb\u00ebr\u00eb nga Kolonel Nevzad Asllani, N\u00ebnkolonel Bashkim Hamdiu dhe Kapiten Ylli Dalladaku, u prit nga stafi i shkoll\u00ebs, i cili prezantoi nga af\u00ebr struktur\u00ebn organizative, programin m\u00ebsimor dhe infrastruktur\u00ebn mb\u00ebshtet\u00ebse t\u00eb k\u00ebtij institucioni t\u00eb r\u00ebnd\u00ebsish\u00ebm t\u00eb arsimit ushtarak gjerman, njofton FSK.<\/p>\n<p>N\u00eb kuad\u00ebr t\u00eb vizit\u00ebs, delegacioni u takua edhe me Komandantin e Shkoll\u00ebs s\u00eb Oficer\u00ebve, Gjeneral Brigade Stephan Willer, i cili ofroi mb\u00ebshtetje t\u00eb vazhdueshme p\u00ebr shkollimin dhe trajnimin e oficer\u00ebve t\u00eb FSK-s\u00eb.<\/p>\n<p>Me k\u00ebt\u00eb rast ata takuan kadet\u00ebt e FSK-s\u00eb q\u00eb po ndjekin shkollimin n\u00eb k\u00ebt\u00eb qend\u00ebr, nd\u00ebrsa programi i vizit\u00ebs p\u00ebrfshiu edhe ndalesa n\u00eb qendra kulturore dhe historike q\u00eb lidhen me zhvillimin dhe historin\u00eb ushtarake t\u00eb Bundeswehr-it.<\/p>\n<p>Sipas njoftimit kjo vizit\u00eb fuqizon bashk\u00ebpunimin nd\u00ebrmjet dy shkollave t\u00eb oficer\u00ebve dhe hap mund\u00ebsi p\u00ebr identifikimin e fushave t\u00eb reja t\u00eb bashk\u00ebpunimit n\u00eb fush\u00ebn e shkollimeve ushtarake dhe shk\u00ebmbimit t\u00eb p\u00ebrvojave profesionale.<\/p>\n<p>\u201cP\u00ebrkushtimi yn\u00eb p\u00ebr zhvillim dhe bashk\u00ebpunim t\u00eb vazhduesh\u00ebm forcon lidhjet strategjike mes FSK-s\u00eb dhe ushtris\u00eb gjermane\u201d, thuhet n\u00eb njoftim.<\/p>\n","protected":false},"excerpt":{"rendered":"<p>Prishtin\u00eb, 09 shtator 2025 N\u00eb kuad\u00ebr t\u00eb bashk\u00ebpunimit bilateral nd\u00ebrmjet Republik\u00ebs s\u00eb Kosov\u00ebs dhe Republik\u00ebs Federale t\u00eb Gjermanis\u00eb, delegacioni nga Komanda e Doktrin\u00ebs dhe St\u00ebrvitjes<\/p>\n","protected":false},"author":2,"featured_media":11260,"comment_status":"open","ping_status":"open","sticky":false,"template":"","format":"standard","meta":{"footnotes":""},"categories":[60],"tags":[],"class_list":["post-11262","post","type-post","status-publish","format-standard","has-post-thumbnail","hentry","category-shoqerore-sq"],"yoast_head":"<!-- This site is optimized with the Yoast SEO plugin v25.3.1 - https:\/\/yoast.com\/wordpress\/plugins\/seo\/ -->\n<title>FSK vizit\u00eb studimore n\u00eb Shkoll\u00ebn e Oficer\u00ebve t\u00eb Bundeswehr-it -<\/title>\n<meta name=\"robots\" content=\"index, follow, max-snippet:-1, max-image-preview:large, max-video-preview:-1\" \/>\n<link rel=\"canonical\" href=\"https:\/\/veritasinfo.org\/?p=11262\" \/>\n<meta property=\"og:locale\" content=\"en_US\" \/>\n<meta property=\"og:type\" content=\"article\" \/>\n<meta property=\"og:title\" content=\"FSK vizit\u00eb studimore n\u00eb Shkoll\u00ebn e Oficer\u00ebve t\u00eb Bundeswehr-it -\" \/>\n<meta property=\"og:description\" content=\"Prishtin\u00eb, 09 shtator 2025 N\u00eb kuad\u00ebr t\u00eb bashk\u00ebpunimit bilateral nd\u00ebrmjet Republik\u00ebs s\u00eb Kosov\u00ebs dhe Republik\u00ebs Federale t\u00eb Gjermanis\u00eb, delegacioni nga Komanda e Doktrin\u00ebs dhe St\u00ebrvitjes\" \/>\n<meta property=\"og:url\" content=\"https:\/\/veritasinfo.org\/?p=11262\" \/>\n<meta property=\"article:published_time\" content=\"2025-09-09T15:34:52+00:00\" \/>\n<meta property=\"og:image\" content=\"https:\/\/veritasinfo.org\/wp-content\/uploads\/2025\/09\/fsk-2.jpg\" \/>\n\t<meta property=\"og:image:width\" content=\"1536\" \/>\n\t<meta property=\"og:image:height\" content=\"1152\" \/>\n\t<meta property=\"og:image:type\" content=\"image\/jpeg\" \/>\n<meta name=\"author\" content=\"US1\" \/>\n<meta name=\"twitter:card\" content=\"summary_large_image\" \/>\n<meta name=\"twitter:label1\" content=\"Written by\" \/>\n\t<meta name=\"twitter:data1\" content=\"US1\" \/>\n\t<meta name=\"twitter:label2\" content=\"Est. reading time\" \/>\n\t<meta name=\"twitter:data2\" content=\"1 minute\" \/>\n<script type=\"application\/ld+json\" class=\"yoast-schema-graph\">{\"@context\":\"https:\/\/schema.org\",\"@graph\":[{\"@type\":\"WebPage\",\"@id\":\"https:\/\/veritasinfo.org\/?p=11262\",\"url\":\"https:\/\/veritasinfo.org\/?p=11262\",\"name\":\"FSK vizit\u00eb studimore n\u00eb Shkoll\u00ebn e Oficer\u00ebve t\u00eb Bundeswehr-it -\",\"isPartOf\":{\"@id\":\"https:\/\/veritasinfo.org\/#website\"},\"primaryImageOfPage\":{\"@id\":\"https:\/\/veritasinfo.org\/?p=11262#primaryimage\"},\"image\":{\"@id\":\"https:\/\/veritasinfo.org\/?p=11262#primaryimage\"},\"thumbnailUrl\":\"https:\/\/veritasinfo.org\/wp-content\/uploads\/2025\/09\/fsk-2.jpg\",\"datePublished\":\"2025-09-09T15:34:52+00:00\",\"author\":{\"@id\":\"https:\/\/veritasinfo.org\/#\/schema\/person\/c2b8be262ea994d0995addca692c5e98\"},\"breadcrumb\":{\"@id\":\"https:\/\/veritasinfo.org\/?p=11262#breadcrumb\"},\"inLanguage\":\"en-US\",\"potentialAction\":[{\"@type\":\"ReadAction\",\"target\":[\"https:\/\/veritasinfo.org\/?p=11262\"]}]},{\"@type\":\"ImageObject\",\"inLanguage\":\"en-US\",\"@id\":\"https:\/\/veritasinfo.org\/?p=11262#primaryimage\",\"url\":\"https:\/\/veritasinfo.org\/wp-content\/uploads\/2025\/09\/fsk-2.jpg\",\"contentUrl\":\"https:\/\/veritasinfo.org\/wp-content\/uploads\/2025\/09\/fsk-2.jpg\",\"width\":1536,\"height\":1152},{\"@type\":\"BreadcrumbList\",\"@id\":\"https:\/\/veritasinfo.org\/?p=11262#breadcrumb\",\"itemListElement\":[{\"@type\":\"ListItem\",\"position\":1,\"name\":\"Home\",\"item\":\"https:\/\/veritasinfo.org\/\"},{\"@type\":\"ListItem\",\"position\":2,\"name\":\"FSK vizit\u00eb studimore n\u00eb Shkoll\u00ebn e Oficer\u00ebve t\u00eb Bundeswehr-it\"}]},{\"@type\":\"WebSite\",\"@id\":\"https:\/\/veritasinfo.org\/#website\",\"url\":\"https:\/\/veritasinfo.org\/\",\"name\":\"\",\"description\":\"\",\"potentialAction\":[{\"@type\":\"SearchAction\",\"target\":{\"@type\":\"EntryPoint\",\"urlTemplate\":\"https:\/\/veritasinfo.org\/?s={search_term_string}\"},\"query-input\":{\"@type\":\"PropertyValueSpecification\",\"valueRequired\":true,\"valueName\":\"search_term_string\"}}],\"inLanguage\":\"en-US\"},{\"@type\":\"Person\",\"@id\":\"https:\/\/veritasinfo.org\/#\/schema\/person\/c2b8be262ea994d0995addca692c5e98\",\"name\":\"US1\",\"image\":{\"@type\":\"ImageObject\",\"inLanguage\":\"en-US\",\"@id\":\"https:\/\/veritasinfo.org\/#\/schema\/person\/image\/\",\"url\":\"https:\/\/secure.gravatar.com\/avatar\/4e96a59bd256abf9956eb9963ac891a47461ffb364d47b0e9aab113328fdb75b?s=96&d=mm&r=g\",\"contentUrl\":\"https:\/\/secure.gravatar.com\/avatar\/4e96a59bd256abf9956eb9963ac891a47461ffb364d47b0e9aab113328fdb75b?s=96&d=mm&r=g\",\"caption\":\"US1\"},\"url\":\"https:\/\/veritasinfo.org\/?author=2\"}]}<\/script>\n<!-- \/ Yoast SEO plugin. -->","yoast_head_json":{"title":"FSK vizit\u00eb studimore n\u00eb Shkoll\u00ebn e Oficer\u00ebve t\u00eb Bundeswehr-it -","robots":{"index":"index","follow":"follow","max-snippet":"max-snippet:-1","max-image-preview":"max-image-preview:large","max-video-preview":"max-video-preview:-1"},"canonical":"https:\/\/veritasinfo.org\/?p=11262","og_locale":"en_US","og_type":"article","og_title":"FSK vizit\u00eb studimore n\u00eb Shkoll\u00ebn e Oficer\u00ebve t\u00eb Bundeswehr-it -","og_description":"Prishtin\u00eb, 09 shtator 2025 N\u00eb kuad\u00ebr t\u00eb bashk\u00ebpunimit bilateral nd\u00ebrmjet Republik\u00ebs s\u00eb Kosov\u00ebs dhe Republik\u00ebs Federale t\u00eb Gjermanis\u00eb, delegacioni nga Komanda e Doktrin\u00ebs dhe St\u00ebrvitjes","og_url":"https:\/\/veritasinfo.org\/?p=11262","article_published_time":"2025-09-09T15:34:52+00:00","og_image":[{"width":1536,"height":1152,"url":"https:\/\/veritasinfo.org\/wp-content\/uploads\/2025\/09\/fsk-2.jpg","type":"image\/jpeg"}],"author":"US1","twitter_card":"summary_large_image","twitter_misc":{"Written by":"US1","Est. reading time":"1 minute"},"schema":{"@context":"https:\/\/schema.org","@graph":[{"@type":"WebPage","@id":"https:\/\/veritasinfo.org\/?p=11262","url":"https:\/\/veritasinfo.org\/?p=11262","name":"FSK vizit\u00eb studimore n\u00eb Shkoll\u00ebn e Oficer\u00ebve t\u00eb Bundeswehr-it -","isPartOf":{"@id":"https:\/\/veritasinfo.org\/#website"},"primaryImageOfPage":{"@id":"https:\/\/veritasinfo.org\/?p=11262#primaryimage"},"image":{"@id":"https:\/\/veritasinfo.org\/?p=11262#primaryimage"},"thumbnailUrl":"https:\/\/veritasinfo.org\/wp-content\/uploads\/2025\/09\/fsk-2.jpg","datePublished":"2025-09-09T15:34:52+00:00","author":{"@id":"https:\/\/veritasinfo.org\/#\/schema\/person\/c2b8be262ea994d0995addca692c5e98"},"breadcrumb":{"@id":"https:\/\/veritasinfo.org\/?p=11262#breadcrumb"},"inLanguage":"en-US","potentialAction":[{"@type":"ReadAction","target":["https:\/\/veritasinfo.org\/?p=11262"]}]},{"@type":"ImageObject","inLanguage":"en-US","@id":"https:\/\/veritasinfo.org\/?p=11262#primaryimage","url":"https:\/\/veritasinfo.org\/wp-content\/uploads\/2025\/09\/fsk-2.jpg","contentUrl":"https:\/\/veritasinfo.org\/wp-content\/uploads\/2025\/09\/fsk-2.jpg","width":1536,"height":1152},{"@type":"BreadcrumbList","@id":"https:\/\/veritasinfo.org\/?p=11262#breadcrumb","itemListElement":[{"@type":"ListItem","position":1,"name":"Home","item":"https:\/\/veritasinfo.org\/"},{"@type":"ListItem","position":2,"name":"FSK vizit\u00eb studimore n\u00eb Shkoll\u00ebn e Oficer\u00ebve t\u00eb Bundeswehr-it"}]},{"@type":"WebSite","@id":"https:\/\/veritasinfo.org\/#website","url":"https:\/\/veritasinfo.org\/","name":"","description":"","potentialAction":[{"@type":"SearchAction","target":{"@type":"EntryPoint","urlTemplate":"https:\/\/veritasinfo.org\/?s={search_term_string}"},"query-input":{"@type":"PropertyValueSpecification","valueRequired":true,"valueName":"search_term_string"}}],"inLanguage":"en-US"},{"@type":"Person","@id":"https:\/\/veritasinfo.org\/#\/schema\/person\/c2b8be262ea994d0995addca692c5e98","name":"US1","image":{"@type":"ImageObject","inLanguage":"en-US","@id":"https:\/\/veritasinfo.org\/#\/schema\/person\/image\/","url":"https:\/\/secure.gravatar.com\/avatar\/4e96a59bd256abf9956eb9963ac891a47461ffb364d47b0e9aab113328fdb75b?s=96&d=mm&r=g","contentUrl":"https:\/\/secure.gravatar.com\/avatar\/4e96a59bd256abf9956eb9963ac891a47461ffb364d47b0e9aab113328fdb75b?s=96&d=mm&r=g","caption":"US1"},"url":"https:\/\/veritasinfo.org\/?author=2"}]}},"featured_image_urls":{"full":["https:\/\/veritasinfo.org\/wp-content\/uploads\/2025\/09\/fsk-2.jpg",1536,1152,false],"thumbnail":["https:\/\/veritasinfo.org\/wp-content\/uploads\/2025\/09\/fsk-2-150x150.jpg",150,150,true],"medium":["https:\/\/veritasinfo.org\/wp-content\/uploads\/2025\/09\/fsk-2-300x225.jpg",300,225,true],"medium_large":["https:\/\/veritasinfo.org\/wp-content\/uploads\/2025\/09\/fsk-2-768x576.jpg",640,480,true],"large":["https:\/\/veritasinfo.org\/wp-content\/uploads\/2025\/09\/fsk-2-1024x768.jpg",640,480,true],"1536x1536":["https:\/\/veritasinfo.org\/wp-content\/uploads\/2025\/09\/fsk-2.jpg",1536,1152,false],"2048x2048":["https:\/\/veritasinfo.org\/wp-content\/uploads\/2025\/09\/fsk-2.jpg",1536,1152,false],"kreeti-slider-full":["https:\/\/veritasinfo.org\/wp-content\/uploads\/2025\/09\/fsk-2.jpg",960,720,false],"kreeti-featured":["https:\/\/veritasinfo.org\/wp-content\/uploads\/2025\/09\/fsk-2.jpg",1024,768,false],"kreeti-medium":["https:\/\/veritasinfo.org\/wp-content\/uploads\/2025\/09\/fsk-2.jpg",707,530,false],"kreeti-medium-square":["https:\/\/veritasinfo.org\/wp-content\/uploads\/2025\/09\/fsk-2.jpg",350,263,false]},"author_info":{"info":["US1"]},"category_info":"<a href=\"https:\/\/veritasinfo.org\/?cat=60\" rel=\"category\">Shoq\u00ebrore<\/a>","tag_info":"Shoq\u00ebrore","comment_count":"0","_links":{"self":[{"href":"https:\/\/veritasinfo.org\/index.php?rest_route=\/wp\/v2\/posts\/11262","targetHints":{"allow":["GET"]}}],"collection":[{"href":"https:\/\/veritasinfo.org\/index.php?rest_route=\/wp\/v2\/posts"}],"about":[{"href":"https:\/\/veritasinfo.org\/index.php?rest_route=\/wp\/v2\/types\/post"}],"author":[{"embeddable":true,"href":"https:\/\/veritasinfo.org\/index.php?rest_route=\/wp\/v2\/users\/2"}],"replies":[{"embeddable":true,"href":"https:\/\/veritasinfo.org\/index.php?rest_route=%2Fwp%2Fv2%2Fcomments&post=11262"}],"version-history":[{"count":1,"href":"https:\/\/veritasinfo.org\/index.php?rest_route=\/wp\/v2\/posts\/11262\/revisions"}],"predecessor-version":[{"id":11263,"href":"https:\/\/veritasinfo.org\/index.php?rest_route=\/wp\/v2\/posts\/11262\/revisions\/11263"}],"wp:featuredmedia":[{"embeddable":true,"href":"https:\/\/veritasinfo.org\/index.php?rest_route=\/wp\/v2\/media\/11260"}],"wp:attachment":[{"href":"https:\/\/veritasinfo.org\/index.php?rest_route=%2Fwp%2Fv2%2Fmedia&parent=11262"}],"wp:term":[{"taxonomy":"category","embeddable":true,"href":"https:\/\/veritasinfo.org\/index.php?rest_route=%2Fwp%2Fv2%2Fcategories&post=11262"},{"taxonomy":"post_tag","embeddable":true,"href":"https:\/\/veritasinfo.org\/index.php?rest_route=%2Fwp%2Fv2%2Ftags&post=11262"}],"curies":[{"name":"wp","href":"https:\/\/api.w.org\/{rel}","templated":true}]}}