{"id":1122,"date":"2025-06-20T08:41:24","date_gmt":"2025-06-20T06:41:24","guid":{"rendered":"https:\/\/veritasinfo.org\/?p=1122"},"modified":"2025-06-20T08:41:24","modified_gmt":"2025-06-20T06:41:24","slug":"videnovic-pad-vucica-nece-znaciti-kraj-srpskog-sveta","status":"publish","type":"post","link":"https:\/\/veritasinfo.org\/?p=1122&lang=sr","title":{"rendered":"Videnovic\u0301: Pad Vu\u010dic\u0301a nec\u0301e zna\u010diti kraj \u201esrpskog sveta\u201c"},"content":{"rendered":"<p><strong>Beograd 20 Jun 2025<\/strong><\/p>\n<p>\u201ePad Aleksandra Vu\u010dic\u0301a ne bi zna\u010dio kraj srpskog sveta.\u201c Ovo je rekao beogradski profesor Ivan Videnovic\u0301. Videnovic\u0301 je tokom intervjua za srpske medije govorio i o protestima, posebno masovnom, protiv re\u017eima naslednika Slobodana Milo\u0161evic\u0301a, koji su tako\u0111e oslabili \u201emoc\u0301\u201c koju je Vu\u010dic\u0301 ciljao da demonstrira na Balkanu, kada se znalo da je on samo pion ruskog predsednika Vladimira Putina.<\/p>\n<p>\u201eGranice &#8216;srpskog sveta&#8217; su mesto gde se mo\u017ee izazvati bilo kakva nestabilnost kroz uticaj iz Beograda, a trenutno se prote\u017eu na Bosnu i Hercegovinu, Crnu Goru i Kosovo. Padom Vu\u010dic\u0301a postojala bi nada za otopljavanje odnosa, ali nisam siguran da li bi se napustio koncept zasnovan na C\u0301osic\u0301evim ideolo\u0161kim postulatima iz ranih devedesetih. Potrebno je presec\u0301i svaku nit sa tom ideologijom i sa tim postulatima koji donose nestabilnost u region. Nova vlada to mo\u017ee u\u010diniti ako ima jasnu politi\u010dku opciju koja se suprotstavlja ideolo\u0161kim iluzijama o &#8216;srpskom svetu&#8217; koji se prote\u017ee na polovini Balkanskog poluostrva\u201c, rekao je Videnovic\u0301.<\/p>\n<p>Da je Vu\u010dic\u0301 Putinovo oru\u0111e pokazuje \u010dinjenica da su ruske obave\u0161tajne slu\u017ebe optu\u017eile Srbiju za izvoz oru\u017eja Ukrajini.<\/p>\n<p>\u201eRusiju zanima samo nestabilnost u ovom regionu, nije joj u interesu da Kosovo bude srpsko, vec\u0301 da se Srbi i Albanci ve\u010dito sukobljavaju oko toga ko je vlasnik Kosova\u201c, rekao je Videnovic\u0301.<\/p>\n","protected":false},"excerpt":{"rendered":"<p>Beograd 20 Jun 2025 \u201ePad Aleksandra Vu\u010dic\u0301a ne bi zna\u010dio kraj srpskog sveta.\u201c Ovo je rekao beogradski profesor Ivan Videnovic\u0301. Videnovic\u0301 je tokom intervjua za<\/p>\n","protected":false},"author":2,"featured_media":1120,"comment_status":"open","ping_status":"open","sticky":false,"template":"","format":"standard","meta":{"footnotes":""},"categories":[28],"tags":[],"class_list":["post-1122","post","type-post","status-publish","format-standard","has-post-thumbnail","hentry","category-politika"],"yoast_head":"<!-- This site is optimized with the Yoast SEO plugin v25.3.1 - https:\/\/yoast.com\/wordpress\/plugins\/seo\/ -->\n<title>Videnovic\u0301: Pad Vu\u010dic\u0301a nec\u0301e zna\u010diti kraj \u201esrpskog sveta\u201c -<\/title>\n<meta name=\"robots\" content=\"index, follow, max-snippet:-1, max-image-preview:large, max-video-preview:-1\" \/>\n<link rel=\"canonical\" href=\"https:\/\/veritasinfo.org\/?p=1122&lang=sr\" \/>\n<meta property=\"og:locale\" content=\"en_US\" \/>\n<meta property=\"og:type\" content=\"article\" \/>\n<meta property=\"og:title\" content=\"Videnovic\u0301: Pad Vu\u010dic\u0301a nec\u0301e zna\u010diti kraj \u201esrpskog sveta\u201c -\" \/>\n<meta property=\"og:description\" content=\"Beograd 20 Jun 2025 \u201ePad Aleksandra Vu\u010dic\u0301a ne bi zna\u010dio kraj srpskog sveta.\u201c Ovo je rekao beogradski profesor Ivan Videnovic\u0301. Videnovic\u0301 je tokom intervjua za\" \/>\n<meta property=\"og:url\" content=\"https:\/\/veritasinfo.org\/?p=1122&amp;lang=sr\" \/>\n<meta property=\"article:published_time\" content=\"2025-06-20T06:41:24+00:00\" \/>\n<meta property=\"og:image\" content=\"https:\/\/veritasinfo.org\/wp-content\/uploads\/2025\/06\/Videnoviq.jpg\" \/>\n\t<meta property=\"og:image:width\" content=\"900\" \/>\n\t<meta property=\"og:image:height\" content=\"600\" \/>\n\t<meta property=\"og:image:type\" content=\"image\/jpeg\" \/>\n<meta name=\"author\" content=\"US1\" \/>\n<meta name=\"twitter:card\" content=\"summary_large_image\" \/>\n<meta name=\"twitter:label1\" content=\"Written by\" \/>\n\t<meta name=\"twitter:data1\" content=\"US1\" \/>\n\t<meta name=\"twitter:label2\" content=\"Est. reading time\" \/>\n\t<meta name=\"twitter:data2\" content=\"2 minutes\" \/>\n<script type=\"application\/ld+json\" class=\"yoast-schema-graph\">{\"@context\":\"https:\/\/schema.org\",\"@graph\":[{\"@type\":\"WebPage\",\"@id\":\"https:\/\/veritasinfo.org\/?p=1122&lang=sr\",\"url\":\"https:\/\/veritasinfo.org\/?p=1122&lang=sr\",\"name\":\"Videnovic\u0301: Pad Vu\u010dic\u0301a nec\u0301e zna\u010diti kraj \u201esrpskog sveta\u201c -\",\"isPartOf\":{\"@id\":\"https:\/\/veritasinfo.org\/#website\"},\"primaryImageOfPage\":{\"@id\":\"https:\/\/veritasinfo.org\/?p=1122&lang=sr#primaryimage\"},\"image\":{\"@id\":\"https:\/\/veritasinfo.org\/?p=1122&lang=sr#primaryimage\"},\"thumbnailUrl\":\"https:\/\/veritasinfo.org\/wp-content\/uploads\/2025\/06\/Videnoviq.jpg\",\"datePublished\":\"2025-06-20T06:41:24+00:00\",\"author\":{\"@id\":\"https:\/\/veritasinfo.org\/#\/schema\/person\/c2b8be262ea994d0995addca692c5e98\"},\"breadcrumb\":{\"@id\":\"https:\/\/veritasinfo.org\/?p=1122&lang=sr#breadcrumb\"},\"inLanguage\":\"en-US\",\"potentialAction\":[{\"@type\":\"ReadAction\",\"target\":[\"https:\/\/veritasinfo.org\/?p=1122&lang=sr\"]}]},{\"@type\":\"ImageObject\",\"inLanguage\":\"en-US\",\"@id\":\"https:\/\/veritasinfo.org\/?p=1122&lang=sr#primaryimage\",\"url\":\"https:\/\/veritasinfo.org\/wp-content\/uploads\/2025\/06\/Videnoviq.jpg\",\"contentUrl\":\"https:\/\/veritasinfo.org\/wp-content\/uploads\/2025\/06\/Videnoviq.jpg\",\"width\":900,\"height\":600},{\"@type\":\"BreadcrumbList\",\"@id\":\"https:\/\/veritasinfo.org\/?p=1122&lang=sr#breadcrumb\",\"itemListElement\":[{\"@type\":\"ListItem\",\"position\":1,\"name\":\"Home\",\"item\":\"https:\/\/veritasinfo.org\/\"},{\"@type\":\"ListItem\",\"position\":2,\"name\":\"Videnovic\u0301: Pad Vu\u010dic\u0301a nec\u0301e zna\u010diti kraj \u201esrpskog sveta\u201c\"}]},{\"@type\":\"WebSite\",\"@id\":\"https:\/\/veritasinfo.org\/#website\",\"url\":\"https:\/\/veritasinfo.org\/\",\"name\":\"\",\"description\":\"\",\"potentialAction\":[{\"@type\":\"SearchAction\",\"target\":{\"@type\":\"EntryPoint\",\"urlTemplate\":\"https:\/\/veritasinfo.org\/?s={search_term_string}\"},\"query-input\":{\"@type\":\"PropertyValueSpecification\",\"valueRequired\":true,\"valueName\":\"search_term_string\"}}],\"inLanguage\":\"en-US\"},{\"@type\":\"Person\",\"@id\":\"https:\/\/veritasinfo.org\/#\/schema\/person\/c2b8be262ea994d0995addca692c5e98\",\"name\":\"US1\",\"image\":{\"@type\":\"ImageObject\",\"inLanguage\":\"en-US\",\"@id\":\"https:\/\/veritasinfo.org\/#\/schema\/person\/image\/\",\"url\":\"https:\/\/secure.gravatar.com\/avatar\/4e96a59bd256abf9956eb9963ac891a47461ffb364d47b0e9aab113328fdb75b?s=96&d=mm&r=g\",\"contentUrl\":\"https:\/\/secure.gravatar.com\/avatar\/4e96a59bd256abf9956eb9963ac891a47461ffb364d47b0e9aab113328fdb75b?s=96&d=mm&r=g\",\"caption\":\"US1\"},\"url\":\"https:\/\/veritasinfo.org\/?author=2\"}]}<\/script>\n<!-- \/ Yoast SEO plugin. -->","yoast_head_json":{"title":"Videnovic\u0301: Pad Vu\u010dic\u0301a nec\u0301e zna\u010diti kraj \u201esrpskog sveta\u201c -","robots":{"index":"index","follow":"follow","max-snippet":"max-snippet:-1","max-image-preview":"max-image-preview:large","max-video-preview":"max-video-preview:-1"},"canonical":"https:\/\/veritasinfo.org\/?p=1122&lang=sr","og_locale":"en_US","og_type":"article","og_title":"Videnovic\u0301: Pad Vu\u010dic\u0301a nec\u0301e zna\u010diti kraj \u201esrpskog sveta\u201c -","og_description":"Beograd 20 Jun 2025 \u201ePad Aleksandra Vu\u010dic\u0301a ne bi zna\u010dio kraj srpskog sveta.\u201c Ovo je rekao beogradski profesor Ivan Videnovic\u0301. Videnovic\u0301 je tokom intervjua za","og_url":"https:\/\/veritasinfo.org\/?p=1122&lang=sr","article_published_time":"2025-06-20T06:41:24+00:00","og_image":[{"width":900,"height":600,"url":"https:\/\/veritasinfo.org\/wp-content\/uploads\/2025\/06\/Videnoviq.jpg","type":"image\/jpeg"}],"author":"US1","twitter_card":"summary_large_image","twitter_misc":{"Written by":"US1","Est. reading time":"2 minutes"},"schema":{"@context":"https:\/\/schema.org","@graph":[{"@type":"WebPage","@id":"https:\/\/veritasinfo.org\/?p=1122&lang=sr","url":"https:\/\/veritasinfo.org\/?p=1122&lang=sr","name":"Videnovic\u0301: Pad Vu\u010dic\u0301a nec\u0301e zna\u010diti kraj \u201esrpskog sveta\u201c -","isPartOf":{"@id":"https:\/\/veritasinfo.org\/#website"},"primaryImageOfPage":{"@id":"https:\/\/veritasinfo.org\/?p=1122&lang=sr#primaryimage"},"image":{"@id":"https:\/\/veritasinfo.org\/?p=1122&lang=sr#primaryimage"},"thumbnailUrl":"https:\/\/veritasinfo.org\/wp-content\/uploads\/2025\/06\/Videnoviq.jpg","datePublished":"2025-06-20T06:41:24+00:00","author":{"@id":"https:\/\/veritasinfo.org\/#\/schema\/person\/c2b8be262ea994d0995addca692c5e98"},"breadcrumb":{"@id":"https:\/\/veritasinfo.org\/?p=1122&lang=sr#breadcrumb"},"inLanguage":"en-US","potentialAction":[{"@type":"ReadAction","target":["https:\/\/veritasinfo.org\/?p=1122&lang=sr"]}]},{"@type":"ImageObject","inLanguage":"en-US","@id":"https:\/\/veritasinfo.org\/?p=1122&lang=sr#primaryimage","url":"https:\/\/veritasinfo.org\/wp-content\/uploads\/2025\/06\/Videnoviq.jpg","contentUrl":"https:\/\/veritasinfo.org\/wp-content\/uploads\/2025\/06\/Videnoviq.jpg","width":900,"height":600},{"@type":"BreadcrumbList","@id":"https:\/\/veritasinfo.org\/?p=1122&lang=sr#breadcrumb","itemListElement":[{"@type":"ListItem","position":1,"name":"Home","item":"https:\/\/veritasinfo.org\/"},{"@type":"ListItem","position":2,"name":"Videnovic\u0301: Pad Vu\u010dic\u0301a nec\u0301e zna\u010diti kraj \u201esrpskog sveta\u201c"}]},{"@type":"WebSite","@id":"https:\/\/veritasinfo.org\/#website","url":"https:\/\/veritasinfo.org\/","name":"","description":"","potentialAction":[{"@type":"SearchAction","target":{"@type":"EntryPoint","urlTemplate":"https:\/\/veritasinfo.org\/?s={search_term_string}"},"query-input":{"@type":"PropertyValueSpecification","valueRequired":true,"valueName":"search_term_string"}}],"inLanguage":"en-US"},{"@type":"Person","@id":"https:\/\/veritasinfo.org\/#\/schema\/person\/c2b8be262ea994d0995addca692c5e98","name":"US1","image":{"@type":"ImageObject","inLanguage":"en-US","@id":"https:\/\/veritasinfo.org\/#\/schema\/person\/image\/","url":"https:\/\/secure.gravatar.com\/avatar\/4e96a59bd256abf9956eb9963ac891a47461ffb364d47b0e9aab113328fdb75b?s=96&d=mm&r=g","contentUrl":"https:\/\/secure.gravatar.com\/avatar\/4e96a59bd256abf9956eb9963ac891a47461ffb364d47b0e9aab113328fdb75b?s=96&d=mm&r=g","caption":"US1"},"url":"https:\/\/veritasinfo.org\/?author=2"}]}},"featured_image_urls":{"full":["https:\/\/veritasinfo.org\/wp-content\/uploads\/2025\/06\/Videnoviq.jpg",900,600,false],"thumbnail":["https:\/\/veritasinfo.org\/wp-content\/uploads\/2025\/06\/Videnoviq-150x150.jpg",150,150,true],"medium":["https:\/\/veritasinfo.org\/wp-content\/uploads\/2025\/06\/Videnoviq-300x200.jpg",300,200,true],"medium_large":["https:\/\/veritasinfo.org\/wp-content\/uploads\/2025\/06\/Videnoviq-768x512.jpg",640,427,true],"large":["https:\/\/veritasinfo.org\/wp-content\/uploads\/2025\/06\/Videnoviq.jpg",640,427,false],"1536x1536":["https:\/\/veritasinfo.org\/wp-content\/uploads\/2025\/06\/Videnoviq.jpg",900,600,false],"2048x2048":["https:\/\/veritasinfo.org\/wp-content\/uploads\/2025\/06\/Videnoviq.jpg",900,600,false],"kreeti-slider-full":["https:\/\/veritasinfo.org\/wp-content\/uploads\/2025\/06\/Videnoviq.jpg",900,600,false],"kreeti-featured":["https:\/\/veritasinfo.org\/wp-content\/uploads\/2025\/06\/Videnoviq.jpg",900,600,false],"kreeti-medium":["https:\/\/veritasinfo.org\/wp-content\/uploads\/2025\/06\/Videnoviq.jpg",720,480,false],"kreeti-medium-square":["https:\/\/veritasinfo.org\/wp-content\/uploads\/2025\/06\/Videnoviq.jpg",350,233,false]},"author_info":{"info":["US1"]},"category_info":"<a href=\"https:\/\/veritasinfo.org\/?cat=28&#038;lang=sr\" rel=\"category\">Politika<\/a>","tag_info":"Politika","comment_count":"0","_links":{"self":[{"href":"https:\/\/veritasinfo.org\/index.php?rest_route=\/wp\/v2\/posts\/1122","targetHints":{"allow":["GET"]}}],"collection":[{"href":"https:\/\/veritasinfo.org\/index.php?rest_route=\/wp\/v2\/posts"}],"about":[{"href":"https:\/\/veritasinfo.org\/index.php?rest_route=\/wp\/v2\/types\/post"}],"author":[{"embeddable":true,"href":"https:\/\/veritasinfo.org\/index.php?rest_route=\/wp\/v2\/users\/2"}],"replies":[{"embeddable":true,"href":"https:\/\/veritasinfo.org\/index.php?rest_route=%2Fwp%2Fv2%2Fcomments&post=1122"}],"version-history":[{"count":1,"href":"https:\/\/veritasinfo.org\/index.php?rest_route=\/wp\/v2\/posts\/1122\/revisions"}],"predecessor-version":[{"id":1123,"href":"https:\/\/veritasinfo.org\/index.php?rest_route=\/wp\/v2\/posts\/1122\/revisions\/1123"}],"wp:featuredmedia":[{"embeddable":true,"href":"https:\/\/veritasinfo.org\/index.php?rest_route=\/wp\/v2\/media\/1120"}],"wp:attachment":[{"href":"https:\/\/veritasinfo.org\/index.php?rest_route=%2Fwp%2Fv2%2Fmedia&parent=1122"}],"wp:term":[{"taxonomy":"category","embeddable":true,"href":"https:\/\/veritasinfo.org\/index.php?rest_route=%2Fwp%2Fv2%2Fcategories&post=1122"},{"taxonomy":"post_tag","embeddable":true,"href":"https:\/\/veritasinfo.org\/index.php?rest_route=%2Fwp%2Fv2%2Ftags&post=1122"}],"curies":[{"name":"wp","href":"https:\/\/api.w.org\/{rel}","templated":true}]}}