{"id":11200,"date":"2025-09-09T11:09:29","date_gmt":"2025-09-09T09:09:29","guid":{"rendered":"https:\/\/veritasinfo.org\/?p=11200"},"modified":"2025-09-09T11:09:29","modified_gmt":"2025-09-09T09:09:29","slug":"policia-serbe-arreston-nje-77-vjecar-nga-kosova-mup-i-propagandon-se-dyshohet-per-krime-lufte","status":"publish","type":"post","link":"https:\/\/veritasinfo.org\/?p=11200","title":{"rendered":"Policia serbe arreston nj\u00eb 77 vje\u00e7ar nga Kosova, MUP-i propagandon se dyshohet p\u00ebr krime lufte"},"content":{"rendered":"<p>Merdare, 09 shtator 2025<br \/>\nMinistria e Pun\u00ebve t\u00eb Brendshme t\u00eb Serbis\u00eb (MUP) ka njoftuar se ka arrestuar nj\u00eb shtetas t\u00eb Kosov\u00ebs me inicialet H.H. (77) n\u00eb pik\u00ebn kufitare Merdare, n\u00ebn dyshimin p\u00ebr krime lufte kund\u00ebr popullat\u00ebs civile serbe.<br \/>\nSipas njoftimit zyrtar t\u00eb MUP-it, i dyshuari akuzohet se n\u00eb qershor t\u00eb vitit 1999, n\u00eb qytetin e Podujev\u00ebs, n\u00eb bashk\u00ebpunim me disa pjes\u00ebtar\u00eb e U\u00c7K-s\u00eb, ka kryer vrasjen me arm\u00eb zjarri t\u00eb nj\u00eb civili serb.<br \/>\n\u201cPersoni i arrestuar dyshohet p\u00ebr krime lufte kund\u00ebr popullat\u00ebs civile dhe ndaj tij \u00ebsht\u00eb caktuar masa e ndalimit deri n\u00eb 48 or\u00eb,\u201d thuhet n\u00eb njoftimin e Ministris\u00eb serbe, cituar nga mediat serbe.<\/p>\n","protected":false},"excerpt":{"rendered":"<p>Merdare, 09 shtator 2025 Ministria e Pun\u00ebve t\u00eb Brendshme t\u00eb Serbis\u00eb (MUP) ka njoftuar se ka arrestuar nj\u00eb shtetas t\u00eb Kosov\u00ebs me inicialet H.H. (77)<\/p>\n","protected":false},"author":2,"featured_media":11206,"comment_status":"open","ping_status":"open","sticky":false,"template":"","format":"standard","meta":{"footnotes":""},"categories":[60],"tags":[],"class_list":["post-11200","post","type-post","status-publish","format-standard","has-post-thumbnail","hentry","category-shoqerore-sq"],"yoast_head":"<!-- This site is optimized with the Yoast SEO plugin v25.3.1 - https:\/\/yoast.com\/wordpress\/plugins\/seo\/ -->\n<title>Policia serbe arreston nj\u00eb 77 vje\u00e7ar nga Kosova, MUP-i propagandon se dyshohet p\u00ebr krime lufte -<\/title>\n<meta name=\"robots\" content=\"index, follow, max-snippet:-1, max-image-preview:large, max-video-preview:-1\" \/>\n<link rel=\"canonical\" href=\"https:\/\/veritasinfo.org\/?p=11200\" \/>\n<meta property=\"og:locale\" content=\"en_US\" \/>\n<meta property=\"og:type\" content=\"article\" \/>\n<meta property=\"og:title\" content=\"Policia serbe arreston nj\u00eb 77 vje\u00e7ar nga Kosova, MUP-i propagandon se dyshohet p\u00ebr krime lufte -\" \/>\n<meta property=\"og:description\" content=\"Merdare, 09 shtator 2025 Ministria e Pun\u00ebve t\u00eb Brendshme t\u00eb Serbis\u00eb (MUP) ka njoftuar se ka arrestuar nj\u00eb shtetas t\u00eb Kosov\u00ebs me inicialet H.H. (77)\" \/>\n<meta property=\"og:url\" content=\"https:\/\/veritasinfo.org\/?p=11200\" \/>\n<meta property=\"article:published_time\" content=\"2025-09-09T09:09:29+00:00\" \/>\n<meta property=\"og:image\" content=\"https:\/\/veritasinfo.org\/wp-content\/uploads\/2025\/09\/srpska-policija.jpeg\" \/>\n\t<meta property=\"og:image:width\" content=\"1000\" \/>\n\t<meta property=\"og:image:height\" content=\"666\" \/>\n\t<meta property=\"og:image:type\" content=\"image\/jpeg\" \/>\n<meta name=\"author\" content=\"US1\" \/>\n<meta name=\"twitter:card\" content=\"summary_large_image\" \/>\n<meta name=\"twitter:label1\" content=\"Written by\" \/>\n\t<meta name=\"twitter:data1\" content=\"US1\" \/>\n\t<meta name=\"twitter:label2\" content=\"Est. reading time\" \/>\n\t<meta name=\"twitter:data2\" content=\"1 minute\" \/>\n<script type=\"application\/ld+json\" class=\"yoast-schema-graph\">{\"@context\":\"https:\/\/schema.org\",\"@graph\":[{\"@type\":\"WebPage\",\"@id\":\"https:\/\/veritasinfo.org\/?p=11200\",\"url\":\"https:\/\/veritasinfo.org\/?p=11200\",\"name\":\"Policia serbe arreston nj\u00eb 77 vje\u00e7ar nga Kosova, MUP-i propagandon se dyshohet p\u00ebr krime lufte -\",\"isPartOf\":{\"@id\":\"https:\/\/veritasinfo.org\/#website\"},\"primaryImageOfPage\":{\"@id\":\"https:\/\/veritasinfo.org\/?p=11200#primaryimage\"},\"image\":{\"@id\":\"https:\/\/veritasinfo.org\/?p=11200#primaryimage\"},\"thumbnailUrl\":\"https:\/\/veritasinfo.org\/wp-content\/uploads\/2025\/09\/srpska-policija.jpeg\",\"datePublished\":\"2025-09-09T09:09:29+00:00\",\"author\":{\"@id\":\"https:\/\/veritasinfo.org\/#\/schema\/person\/c2b8be262ea994d0995addca692c5e98\"},\"breadcrumb\":{\"@id\":\"https:\/\/veritasinfo.org\/?p=11200#breadcrumb\"},\"inLanguage\":\"en-US\",\"potentialAction\":[{\"@type\":\"ReadAction\",\"target\":[\"https:\/\/veritasinfo.org\/?p=11200\"]}]},{\"@type\":\"ImageObject\",\"inLanguage\":\"en-US\",\"@id\":\"https:\/\/veritasinfo.org\/?p=11200#primaryimage\",\"url\":\"https:\/\/veritasinfo.org\/wp-content\/uploads\/2025\/09\/srpska-policija.jpeg\",\"contentUrl\":\"https:\/\/veritasinfo.org\/wp-content\/uploads\/2025\/09\/srpska-policija.jpeg\",\"width\":1000,\"height\":666},{\"@type\":\"BreadcrumbList\",\"@id\":\"https:\/\/veritasinfo.org\/?p=11200#breadcrumb\",\"itemListElement\":[{\"@type\":\"ListItem\",\"position\":1,\"name\":\"Home\",\"item\":\"https:\/\/veritasinfo.org\/\"},{\"@type\":\"ListItem\",\"position\":2,\"name\":\"Policia serbe arreston nj\u00eb 77 vje\u00e7ar nga Kosova, MUP-i propagandon se dyshohet p\u00ebr krime lufte\"}]},{\"@type\":\"WebSite\",\"@id\":\"https:\/\/veritasinfo.org\/#website\",\"url\":\"https:\/\/veritasinfo.org\/\",\"name\":\"\",\"description\":\"\",\"potentialAction\":[{\"@type\":\"SearchAction\",\"target\":{\"@type\":\"EntryPoint\",\"urlTemplate\":\"https:\/\/veritasinfo.org\/?s={search_term_string}\"},\"query-input\":{\"@type\":\"PropertyValueSpecification\",\"valueRequired\":true,\"valueName\":\"search_term_string\"}}],\"inLanguage\":\"en-US\"},{\"@type\":\"Person\",\"@id\":\"https:\/\/veritasinfo.org\/#\/schema\/person\/c2b8be262ea994d0995addca692c5e98\",\"name\":\"US1\",\"image\":{\"@type\":\"ImageObject\",\"inLanguage\":\"en-US\",\"@id\":\"https:\/\/veritasinfo.org\/#\/schema\/person\/image\/\",\"url\":\"https:\/\/secure.gravatar.com\/avatar\/4e96a59bd256abf9956eb9963ac891a47461ffb364d47b0e9aab113328fdb75b?s=96&d=mm&r=g\",\"contentUrl\":\"https:\/\/secure.gravatar.com\/avatar\/4e96a59bd256abf9956eb9963ac891a47461ffb364d47b0e9aab113328fdb75b?s=96&d=mm&r=g\",\"caption\":\"US1\"},\"url\":\"https:\/\/veritasinfo.org\/?author=2\"}]}<\/script>\n<!-- \/ Yoast SEO plugin. -->","yoast_head_json":{"title":"Policia serbe arreston nj\u00eb 77 vje\u00e7ar nga Kosova, MUP-i propagandon se dyshohet p\u00ebr krime lufte -","robots":{"index":"index","follow":"follow","max-snippet":"max-snippet:-1","max-image-preview":"max-image-preview:large","max-video-preview":"max-video-preview:-1"},"canonical":"https:\/\/veritasinfo.org\/?p=11200","og_locale":"en_US","og_type":"article","og_title":"Policia serbe arreston nj\u00eb 77 vje\u00e7ar nga Kosova, MUP-i propagandon se dyshohet p\u00ebr krime lufte -","og_description":"Merdare, 09 shtator 2025 Ministria e Pun\u00ebve t\u00eb Brendshme t\u00eb Serbis\u00eb (MUP) ka njoftuar se ka arrestuar nj\u00eb shtetas t\u00eb Kosov\u00ebs me inicialet H.H. (77)","og_url":"https:\/\/veritasinfo.org\/?p=11200","article_published_time":"2025-09-09T09:09:29+00:00","og_image":[{"width":1000,"height":666,"url":"https:\/\/veritasinfo.org\/wp-content\/uploads\/2025\/09\/srpska-policija.jpeg","type":"image\/jpeg"}],"author":"US1","twitter_card":"summary_large_image","twitter_misc":{"Written by":"US1","Est. reading time":"1 minute"},"schema":{"@context":"https:\/\/schema.org","@graph":[{"@type":"WebPage","@id":"https:\/\/veritasinfo.org\/?p=11200","url":"https:\/\/veritasinfo.org\/?p=11200","name":"Policia serbe arreston nj\u00eb 77 vje\u00e7ar nga Kosova, MUP-i propagandon se dyshohet p\u00ebr krime lufte -","isPartOf":{"@id":"https:\/\/veritasinfo.org\/#website"},"primaryImageOfPage":{"@id":"https:\/\/veritasinfo.org\/?p=11200#primaryimage"},"image":{"@id":"https:\/\/veritasinfo.org\/?p=11200#primaryimage"},"thumbnailUrl":"https:\/\/veritasinfo.org\/wp-content\/uploads\/2025\/09\/srpska-policija.jpeg","datePublished":"2025-09-09T09:09:29+00:00","author":{"@id":"https:\/\/veritasinfo.org\/#\/schema\/person\/c2b8be262ea994d0995addca692c5e98"},"breadcrumb":{"@id":"https:\/\/veritasinfo.org\/?p=11200#breadcrumb"},"inLanguage":"en-US","potentialAction":[{"@type":"ReadAction","target":["https:\/\/veritasinfo.org\/?p=11200"]}]},{"@type":"ImageObject","inLanguage":"en-US","@id":"https:\/\/veritasinfo.org\/?p=11200#primaryimage","url":"https:\/\/veritasinfo.org\/wp-content\/uploads\/2025\/09\/srpska-policija.jpeg","contentUrl":"https:\/\/veritasinfo.org\/wp-content\/uploads\/2025\/09\/srpska-policija.jpeg","width":1000,"height":666},{"@type":"BreadcrumbList","@id":"https:\/\/veritasinfo.org\/?p=11200#breadcrumb","itemListElement":[{"@type":"ListItem","position":1,"name":"Home","item":"https:\/\/veritasinfo.org\/"},{"@type":"ListItem","position":2,"name":"Policia serbe arreston nj\u00eb 77 vje\u00e7ar nga Kosova, MUP-i propagandon se dyshohet p\u00ebr krime lufte"}]},{"@type":"WebSite","@id":"https:\/\/veritasinfo.org\/#website","url":"https:\/\/veritasinfo.org\/","name":"","description":"","potentialAction":[{"@type":"SearchAction","target":{"@type":"EntryPoint","urlTemplate":"https:\/\/veritasinfo.org\/?s={search_term_string}"},"query-input":{"@type":"PropertyValueSpecification","valueRequired":true,"valueName":"search_term_string"}}],"inLanguage":"en-US"},{"@type":"Person","@id":"https:\/\/veritasinfo.org\/#\/schema\/person\/c2b8be262ea994d0995addca692c5e98","name":"US1","image":{"@type":"ImageObject","inLanguage":"en-US","@id":"https:\/\/veritasinfo.org\/#\/schema\/person\/image\/","url":"https:\/\/secure.gravatar.com\/avatar\/4e96a59bd256abf9956eb9963ac891a47461ffb364d47b0e9aab113328fdb75b?s=96&d=mm&r=g","contentUrl":"https:\/\/secure.gravatar.com\/avatar\/4e96a59bd256abf9956eb9963ac891a47461ffb364d47b0e9aab113328fdb75b?s=96&d=mm&r=g","caption":"US1"},"url":"https:\/\/veritasinfo.org\/?author=2"}]}},"featured_image_urls":{"full":["https:\/\/veritasinfo.org\/wp-content\/uploads\/2025\/09\/srpska-policija.jpeg",1000,666,false],"thumbnail":["https:\/\/veritasinfo.org\/wp-content\/uploads\/2025\/09\/srpska-policija-150x150.jpeg",150,150,true],"medium":["https:\/\/veritasinfo.org\/wp-content\/uploads\/2025\/09\/srpska-policija-300x200.jpeg",300,200,true],"medium_large":["https:\/\/veritasinfo.org\/wp-content\/uploads\/2025\/09\/srpska-policija-768x511.jpeg",640,426,true],"large":["https:\/\/veritasinfo.org\/wp-content\/uploads\/2025\/09\/srpska-policija.jpeg",640,426,false],"1536x1536":["https:\/\/veritasinfo.org\/wp-content\/uploads\/2025\/09\/srpska-policija.jpeg",1000,666,false],"2048x2048":["https:\/\/veritasinfo.org\/wp-content\/uploads\/2025\/09\/srpska-policija.jpeg",1000,666,false],"kreeti-slider-full":["https:\/\/veritasinfo.org\/wp-content\/uploads\/2025\/09\/srpska-policija.jpeg",1000,666,false],"kreeti-featured":["https:\/\/veritasinfo.org\/wp-content\/uploads\/2025\/09\/srpska-policija.jpeg",1000,666,false],"kreeti-medium":["https:\/\/veritasinfo.org\/wp-content\/uploads\/2025\/09\/srpska-policija.jpeg",720,480,false],"kreeti-medium-square":["https:\/\/veritasinfo.org\/wp-content\/uploads\/2025\/09\/srpska-policija.jpeg",350,233,false]},"author_info":{"info":["US1"]},"category_info":"<a href=\"https:\/\/veritasinfo.org\/?cat=60\" rel=\"category\">Shoq\u00ebrore<\/a>","tag_info":"Shoq\u00ebrore","comment_count":"0","_links":{"self":[{"href":"https:\/\/veritasinfo.org\/index.php?rest_route=\/wp\/v2\/posts\/11200","targetHints":{"allow":["GET"]}}],"collection":[{"href":"https:\/\/veritasinfo.org\/index.php?rest_route=\/wp\/v2\/posts"}],"about":[{"href":"https:\/\/veritasinfo.org\/index.php?rest_route=\/wp\/v2\/types\/post"}],"author":[{"embeddable":true,"href":"https:\/\/veritasinfo.org\/index.php?rest_route=\/wp\/v2\/users\/2"}],"replies":[{"embeddable":true,"href":"https:\/\/veritasinfo.org\/index.php?rest_route=%2Fwp%2Fv2%2Fcomments&post=11200"}],"version-history":[{"count":1,"href":"https:\/\/veritasinfo.org\/index.php?rest_route=\/wp\/v2\/posts\/11200\/revisions"}],"predecessor-version":[{"id":11207,"href":"https:\/\/veritasinfo.org\/index.php?rest_route=\/wp\/v2\/posts\/11200\/revisions\/11207"}],"wp:featuredmedia":[{"embeddable":true,"href":"https:\/\/veritasinfo.org\/index.php?rest_route=\/wp\/v2\/media\/11206"}],"wp:attachment":[{"href":"https:\/\/veritasinfo.org\/index.php?rest_route=%2Fwp%2Fv2%2Fmedia&parent=11200"}],"wp:term":[{"taxonomy":"category","embeddable":true,"href":"https:\/\/veritasinfo.org\/index.php?rest_route=%2Fwp%2Fv2%2Fcategories&post=11200"},{"taxonomy":"post_tag","embeddable":true,"href":"https:\/\/veritasinfo.org\/index.php?rest_route=%2Fwp%2Fv2%2Ftags&post=11200"}],"curies":[{"name":"wp","href":"https:\/\/api.w.org\/{rel}","templated":true}]}}