{"id":1119,"date":"2025-06-20T08:40:30","date_gmt":"2025-06-20T06:40:30","guid":{"rendered":"https:\/\/veritasinfo.org\/?p=1119"},"modified":"2025-06-20T08:40:30","modified_gmt":"2025-06-20T06:40:30","slug":"videnoviq-renia-e-vuciqit-nuk-do-te-nenkuptoje-fundin-e-botes-serbe","status":"publish","type":"post","link":"https:\/\/veritasinfo.org\/?p=1119","title":{"rendered":"Videnoviq: R\u00ebnia e Vu\u00e7iqit nuk do t\u00eb n\u00ebnkuptoj\u00eb fundin e \u201cbot\u00ebs serbe\u201d"},"content":{"rendered":"<p><strong>Beograd, 20 Qershor, 2025<\/strong><\/p>\n<p>\u201cR\u00ebnia e Aleksandar Vu\u00e7iqit nuk do t\u00eb n\u00ebnuptonte fundin e bot\u00ebs serbe\u201d. K\u00ebshu ka th\u00ebn\u00eb profesori n\u00eb Beograd Ivan Videnoviq. Gjat\u00eb nj\u00eb intervsite dh\u00ebn\u00eb p\u00ebr media serbe, Videnoviq foli edhe p\u00ebr protesatat e me theks at\u00eb masive ndaj regjimit t\u00eb pasardh\u00ebsit t\u00eb Sllobodan Millosheviqit q\u00eb edhe e dob\u00ebsuan \u201cfuqin\u00eb\u201d mbi t\u00eb cil\u00ebn Vu\u00e7iq po synonte ta shfaqte n\u00eb Ballkan, kur dihej se ai \u00ebsht\u00eb vet\u00ebm nj\u00eb piun i presidentit rus Vladimir Putin.<\/p>\n<p>\u201cKufijt\u00eb e \u2018bot\u00ebs serbe\u2019 jan\u00eb atje ku mund t\u00eb shkaktohet ndonj\u00eb destabilitet p\u00ebrmes ndikimit nga Beogradi, dhe p\u00ebr momentin shtrihen n\u00eb Bosnj\u00eb e Hercegovin\u00eb, Mal t\u00eb Zi dhe n\u00eb Kosov\u00eb. Me r\u00ebnien e Vu\u00e7iqit do t\u00eb krijohej nj\u00eb shpres\u00eb p\u00ebr ngrohje t\u00eb marr\u00ebdh\u00ebnieve, por nuk jam i sigurt n\u00ebse do t\u00eb braktisej koncepti i mb\u00ebshtetur n\u00eb postulatet ideologjike t\u00eb Qosiqit nga fillimi i viteve n\u00ebnt\u00ebdhjet\u00eb. \u00cbsht\u00eb e domosdoshme t\u00eb k\u00ebputet \u00e7do fije me at\u00eb ideologji dhe me ato postulate q\u00eb sjellin paq\u00ebndrueshm\u00ebri n\u00eb rajon. Nj\u00eb pushtet i ri mund ta b\u00ebj\u00eb k\u00ebt\u00eb, n\u00ebse ka nj\u00eb opsion t\u00eb qart\u00eb politik q\u00eb i kund\u00ebrvihet iluzioneve ideologjike p\u00ebr \u2018bot\u00ebn serbe\u2019q\u00eb shtrihet n\u00eb gjysm\u00ebn e Gadishullit Ballkanik\u201d, tha Videnoviq.<\/p>\n<p>Se Vu\u00e7iq \u00ebsht\u00eb nj\u00eb veg\u00ebl e Putin e tregon fakti kur intelegjenca ruse akuzoi Serbin\u00eb p\u00ebr eksportim t\u00eb arm\u00ebve n\u00eb Ukrain\u00eb.<\/p>\n<p>\u201cRusia \u00ebsht\u00eb e interesuar vet\u00ebm p\u00ebr paq\u00ebndrueshm\u00ebrin\u00eb n\u00eb k\u00ebt\u00eb rajon, nuk \u00ebsht\u00eb n\u00eb interesin e saj q\u00eb Kosova t\u00eb jet\u00eb serbe, por q\u00eb serb\u00ebt dhe shqiptar\u00ebt t\u00eb p\u00ebrplasen p\u00ebrjet\u00ebsisht se kujt i p\u00ebrket Kosova&#8221;, u shpreh Videnoviq.<\/p>\n","protected":false},"excerpt":{"rendered":"<p>Beograd, 20 Qershor, 2025 \u201cR\u00ebnia e Aleksandar Vu\u00e7iqit nuk do t\u00eb n\u00ebnuptonte fundin e bot\u00ebs serbe\u201d. K\u00ebshu ka th\u00ebn\u00eb profesori n\u00eb Beograd Ivan Videnoviq. Gjat\u00eb<\/p>\n","protected":false},"author":2,"featured_media":1120,"comment_status":"open","ping_status":"open","sticky":false,"template":"","format":"standard","meta":{"footnotes":""},"categories":[58],"tags":[],"class_list":["post-1119","post","type-post","status-publish","format-standard","has-post-thumbnail","hentry","category-politike-sq"],"yoast_head":"<!-- This site is optimized with the Yoast SEO plugin v25.3.1 - https:\/\/yoast.com\/wordpress\/plugins\/seo\/ -->\n<title>Videnoviq: R\u00ebnia e Vu\u00e7iqit nuk do t\u00eb n\u00ebnkuptoj\u00eb fundin e \u201cbot\u00ebs serbe\u201d -<\/title>\n<meta name=\"robots\" content=\"index, follow, max-snippet:-1, max-image-preview:large, max-video-preview:-1\" \/>\n<link rel=\"canonical\" href=\"https:\/\/veritasinfo.org\/?p=1119\" \/>\n<meta property=\"og:locale\" content=\"en_US\" \/>\n<meta property=\"og:type\" content=\"article\" \/>\n<meta property=\"og:title\" content=\"Videnoviq: R\u00ebnia e Vu\u00e7iqit nuk do t\u00eb n\u00ebnkuptoj\u00eb fundin e \u201cbot\u00ebs serbe\u201d -\" \/>\n<meta property=\"og:description\" content=\"Beograd, 20 Qershor, 2025 \u201cR\u00ebnia e Aleksandar Vu\u00e7iqit nuk do t\u00eb n\u00ebnuptonte fundin e bot\u00ebs serbe\u201d. K\u00ebshu ka th\u00ebn\u00eb profesori n\u00eb Beograd Ivan Videnoviq. Gjat\u00eb\" \/>\n<meta property=\"og:url\" content=\"https:\/\/veritasinfo.org\/?p=1119\" \/>\n<meta property=\"article:published_time\" content=\"2025-06-20T06:40:30+00:00\" \/>\n<meta property=\"og:image\" content=\"https:\/\/veritasinfo.org\/wp-content\/uploads\/2025\/06\/Videnoviq.jpg\" \/>\n\t<meta property=\"og:image:width\" content=\"900\" \/>\n\t<meta property=\"og:image:height\" content=\"600\" \/>\n\t<meta property=\"og:image:type\" content=\"image\/jpeg\" \/>\n<meta name=\"author\" content=\"US1\" \/>\n<meta name=\"twitter:card\" content=\"summary_large_image\" \/>\n<meta name=\"twitter:label1\" content=\"Written by\" \/>\n\t<meta name=\"twitter:data1\" content=\"US1\" \/>\n\t<meta name=\"twitter:label2\" content=\"Est. reading time\" \/>\n\t<meta name=\"twitter:data2\" content=\"2 minutes\" \/>\n<script type=\"application\/ld+json\" class=\"yoast-schema-graph\">{\"@context\":\"https:\/\/schema.org\",\"@graph\":[{\"@type\":\"WebPage\",\"@id\":\"https:\/\/veritasinfo.org\/?p=1119\",\"url\":\"https:\/\/veritasinfo.org\/?p=1119\",\"name\":\"Videnoviq: R\u00ebnia e Vu\u00e7iqit nuk do t\u00eb n\u00ebnkuptoj\u00eb fundin e \u201cbot\u00ebs serbe\u201d -\",\"isPartOf\":{\"@id\":\"https:\/\/veritasinfo.org\/#website\"},\"primaryImageOfPage\":{\"@id\":\"https:\/\/veritasinfo.org\/?p=1119#primaryimage\"},\"image\":{\"@id\":\"https:\/\/veritasinfo.org\/?p=1119#primaryimage\"},\"thumbnailUrl\":\"https:\/\/veritasinfo.org\/wp-content\/uploads\/2025\/06\/Videnoviq.jpg\",\"datePublished\":\"2025-06-20T06:40:30+00:00\",\"author\":{\"@id\":\"https:\/\/veritasinfo.org\/#\/schema\/person\/c2b8be262ea994d0995addca692c5e98\"},\"breadcrumb\":{\"@id\":\"https:\/\/veritasinfo.org\/?p=1119#breadcrumb\"},\"inLanguage\":\"en-US\",\"potentialAction\":[{\"@type\":\"ReadAction\",\"target\":[\"https:\/\/veritasinfo.org\/?p=1119\"]}]},{\"@type\":\"ImageObject\",\"inLanguage\":\"en-US\",\"@id\":\"https:\/\/veritasinfo.org\/?p=1119#primaryimage\",\"url\":\"https:\/\/veritasinfo.org\/wp-content\/uploads\/2025\/06\/Videnoviq.jpg\",\"contentUrl\":\"https:\/\/veritasinfo.org\/wp-content\/uploads\/2025\/06\/Videnoviq.jpg\",\"width\":900,\"height\":600},{\"@type\":\"BreadcrumbList\",\"@id\":\"https:\/\/veritasinfo.org\/?p=1119#breadcrumb\",\"itemListElement\":[{\"@type\":\"ListItem\",\"position\":1,\"name\":\"Home\",\"item\":\"https:\/\/veritasinfo.org\/\"},{\"@type\":\"ListItem\",\"position\":2,\"name\":\"Videnoviq: R\u00ebnia e Vu\u00e7iqit nuk do t\u00eb n\u00ebnkuptoj\u00eb fundin e \u201cbot\u00ebs serbe\u201d\"}]},{\"@type\":\"WebSite\",\"@id\":\"https:\/\/veritasinfo.org\/#website\",\"url\":\"https:\/\/veritasinfo.org\/\",\"name\":\"\",\"description\":\"\",\"potentialAction\":[{\"@type\":\"SearchAction\",\"target\":{\"@type\":\"EntryPoint\",\"urlTemplate\":\"https:\/\/veritasinfo.org\/?s={search_term_string}\"},\"query-input\":{\"@type\":\"PropertyValueSpecification\",\"valueRequired\":true,\"valueName\":\"search_term_string\"}}],\"inLanguage\":\"en-US\"},{\"@type\":\"Person\",\"@id\":\"https:\/\/veritasinfo.org\/#\/schema\/person\/c2b8be262ea994d0995addca692c5e98\",\"name\":\"US1\",\"image\":{\"@type\":\"ImageObject\",\"inLanguage\":\"en-US\",\"@id\":\"https:\/\/veritasinfo.org\/#\/schema\/person\/image\/\",\"url\":\"https:\/\/secure.gravatar.com\/avatar\/4e96a59bd256abf9956eb9963ac891a47461ffb364d47b0e9aab113328fdb75b?s=96&d=mm&r=g\",\"contentUrl\":\"https:\/\/secure.gravatar.com\/avatar\/4e96a59bd256abf9956eb9963ac891a47461ffb364d47b0e9aab113328fdb75b?s=96&d=mm&r=g\",\"caption\":\"US1\"},\"url\":\"https:\/\/veritasinfo.org\/?author=2\"}]}<\/script>\n<!-- \/ Yoast SEO plugin. -->","yoast_head_json":{"title":"Videnoviq: R\u00ebnia e Vu\u00e7iqit nuk do t\u00eb n\u00ebnkuptoj\u00eb fundin e \u201cbot\u00ebs serbe\u201d -","robots":{"index":"index","follow":"follow","max-snippet":"max-snippet:-1","max-image-preview":"max-image-preview:large","max-video-preview":"max-video-preview:-1"},"canonical":"https:\/\/veritasinfo.org\/?p=1119","og_locale":"en_US","og_type":"article","og_title":"Videnoviq: R\u00ebnia e Vu\u00e7iqit nuk do t\u00eb n\u00ebnkuptoj\u00eb fundin e \u201cbot\u00ebs serbe\u201d -","og_description":"Beograd, 20 Qershor, 2025 \u201cR\u00ebnia e Aleksandar Vu\u00e7iqit nuk do t\u00eb n\u00ebnuptonte fundin e bot\u00ebs serbe\u201d. K\u00ebshu ka th\u00ebn\u00eb profesori n\u00eb Beograd Ivan Videnoviq. Gjat\u00eb","og_url":"https:\/\/veritasinfo.org\/?p=1119","article_published_time":"2025-06-20T06:40:30+00:00","og_image":[{"width":900,"height":600,"url":"https:\/\/veritasinfo.org\/wp-content\/uploads\/2025\/06\/Videnoviq.jpg","type":"image\/jpeg"}],"author":"US1","twitter_card":"summary_large_image","twitter_misc":{"Written by":"US1","Est. reading time":"2 minutes"},"schema":{"@context":"https:\/\/schema.org","@graph":[{"@type":"WebPage","@id":"https:\/\/veritasinfo.org\/?p=1119","url":"https:\/\/veritasinfo.org\/?p=1119","name":"Videnoviq: R\u00ebnia e Vu\u00e7iqit nuk do t\u00eb n\u00ebnkuptoj\u00eb fundin e \u201cbot\u00ebs serbe\u201d -","isPartOf":{"@id":"https:\/\/veritasinfo.org\/#website"},"primaryImageOfPage":{"@id":"https:\/\/veritasinfo.org\/?p=1119#primaryimage"},"image":{"@id":"https:\/\/veritasinfo.org\/?p=1119#primaryimage"},"thumbnailUrl":"https:\/\/veritasinfo.org\/wp-content\/uploads\/2025\/06\/Videnoviq.jpg","datePublished":"2025-06-20T06:40:30+00:00","author":{"@id":"https:\/\/veritasinfo.org\/#\/schema\/person\/c2b8be262ea994d0995addca692c5e98"},"breadcrumb":{"@id":"https:\/\/veritasinfo.org\/?p=1119#breadcrumb"},"inLanguage":"en-US","potentialAction":[{"@type":"ReadAction","target":["https:\/\/veritasinfo.org\/?p=1119"]}]},{"@type":"ImageObject","inLanguage":"en-US","@id":"https:\/\/veritasinfo.org\/?p=1119#primaryimage","url":"https:\/\/veritasinfo.org\/wp-content\/uploads\/2025\/06\/Videnoviq.jpg","contentUrl":"https:\/\/veritasinfo.org\/wp-content\/uploads\/2025\/06\/Videnoviq.jpg","width":900,"height":600},{"@type":"BreadcrumbList","@id":"https:\/\/veritasinfo.org\/?p=1119#breadcrumb","itemListElement":[{"@type":"ListItem","position":1,"name":"Home","item":"https:\/\/veritasinfo.org\/"},{"@type":"ListItem","position":2,"name":"Videnoviq: R\u00ebnia e Vu\u00e7iqit nuk do t\u00eb n\u00ebnkuptoj\u00eb fundin e \u201cbot\u00ebs serbe\u201d"}]},{"@type":"WebSite","@id":"https:\/\/veritasinfo.org\/#website","url":"https:\/\/veritasinfo.org\/","name":"","description":"","potentialAction":[{"@type":"SearchAction","target":{"@type":"EntryPoint","urlTemplate":"https:\/\/veritasinfo.org\/?s={search_term_string}"},"query-input":{"@type":"PropertyValueSpecification","valueRequired":true,"valueName":"search_term_string"}}],"inLanguage":"en-US"},{"@type":"Person","@id":"https:\/\/veritasinfo.org\/#\/schema\/person\/c2b8be262ea994d0995addca692c5e98","name":"US1","image":{"@type":"ImageObject","inLanguage":"en-US","@id":"https:\/\/veritasinfo.org\/#\/schema\/person\/image\/","url":"https:\/\/secure.gravatar.com\/avatar\/4e96a59bd256abf9956eb9963ac891a47461ffb364d47b0e9aab113328fdb75b?s=96&d=mm&r=g","contentUrl":"https:\/\/secure.gravatar.com\/avatar\/4e96a59bd256abf9956eb9963ac891a47461ffb364d47b0e9aab113328fdb75b?s=96&d=mm&r=g","caption":"US1"},"url":"https:\/\/veritasinfo.org\/?author=2"}]}},"featured_image_urls":{"full":["https:\/\/veritasinfo.org\/wp-content\/uploads\/2025\/06\/Videnoviq.jpg",900,600,false],"thumbnail":["https:\/\/veritasinfo.org\/wp-content\/uploads\/2025\/06\/Videnoviq-150x150.jpg",150,150,true],"medium":["https:\/\/veritasinfo.org\/wp-content\/uploads\/2025\/06\/Videnoviq-300x200.jpg",300,200,true],"medium_large":["https:\/\/veritasinfo.org\/wp-content\/uploads\/2025\/06\/Videnoviq-768x512.jpg",640,427,true],"large":["https:\/\/veritasinfo.org\/wp-content\/uploads\/2025\/06\/Videnoviq.jpg",640,427,false],"1536x1536":["https:\/\/veritasinfo.org\/wp-content\/uploads\/2025\/06\/Videnoviq.jpg",900,600,false],"2048x2048":["https:\/\/veritasinfo.org\/wp-content\/uploads\/2025\/06\/Videnoviq.jpg",900,600,false],"kreeti-slider-full":["https:\/\/veritasinfo.org\/wp-content\/uploads\/2025\/06\/Videnoviq.jpg",900,600,false],"kreeti-featured":["https:\/\/veritasinfo.org\/wp-content\/uploads\/2025\/06\/Videnoviq.jpg",900,600,false],"kreeti-medium":["https:\/\/veritasinfo.org\/wp-content\/uploads\/2025\/06\/Videnoviq.jpg",720,480,false],"kreeti-medium-square":["https:\/\/veritasinfo.org\/wp-content\/uploads\/2025\/06\/Videnoviq.jpg",350,233,false]},"author_info":{"info":["US1"]},"category_info":"<a href=\"https:\/\/veritasinfo.org\/?cat=58\" rel=\"category\">Politik\u00eb<\/a>","tag_info":"Politik\u00eb","comment_count":"0","_links":{"self":[{"href":"https:\/\/veritasinfo.org\/index.php?rest_route=\/wp\/v2\/posts\/1119","targetHints":{"allow":["GET"]}}],"collection":[{"href":"https:\/\/veritasinfo.org\/index.php?rest_route=\/wp\/v2\/posts"}],"about":[{"href":"https:\/\/veritasinfo.org\/index.php?rest_route=\/wp\/v2\/types\/post"}],"author":[{"embeddable":true,"href":"https:\/\/veritasinfo.org\/index.php?rest_route=\/wp\/v2\/users\/2"}],"replies":[{"embeddable":true,"href":"https:\/\/veritasinfo.org\/index.php?rest_route=%2Fwp%2Fv2%2Fcomments&post=1119"}],"version-history":[{"count":1,"href":"https:\/\/veritasinfo.org\/index.php?rest_route=\/wp\/v2\/posts\/1119\/revisions"}],"predecessor-version":[{"id":1121,"href":"https:\/\/veritasinfo.org\/index.php?rest_route=\/wp\/v2\/posts\/1119\/revisions\/1121"}],"wp:featuredmedia":[{"embeddable":true,"href":"https:\/\/veritasinfo.org\/index.php?rest_route=\/wp\/v2\/media\/1120"}],"wp:attachment":[{"href":"https:\/\/veritasinfo.org\/index.php?rest_route=%2Fwp%2Fv2%2Fmedia&parent=1119"}],"wp:term":[{"taxonomy":"category","embeddable":true,"href":"https:\/\/veritasinfo.org\/index.php?rest_route=%2Fwp%2Fv2%2Fcategories&post=1119"},{"taxonomy":"post_tag","embeddable":true,"href":"https:\/\/veritasinfo.org\/index.php?rest_route=%2Fwp%2Fv2%2Ftags&post=1119"}],"curies":[{"name":"wp","href":"https:\/\/api.w.org\/{rel}","templated":true}]}}