{"id":11183,"date":"2025-09-09T07:44:57","date_gmt":"2025-09-09T05:44:57","guid":{"rendered":"https:\/\/veritasinfo.org\/?p=11183"},"modified":"2025-09-09T07:44:57","modified_gmt":"2025-09-09T05:44:57","slug":"tete-vrasje-brenda-shtate-muajve-kerkohen-politika-me-te-ashpra-ndeshkimore","status":"publish","type":"post","link":"https:\/\/veritasinfo.org\/?p=11183","title":{"rendered":"Tet\u00eb vrasje brenda shtat\u00eb muajve, k\u00ebrkohen politika m\u00eb t\u00eb ashpra nd\u00ebshkimore"},"content":{"rendered":"<p><strong>Prishtin\u00eb, 09 shtator 2025<\/strong><\/p>\n<p>N\u00eb rrethana ende t\u00eb paqarta, nj\u00eb i ri nga Podujeva u privua nga jeta nga nj\u00eb bashk\u00ebfshatar i tij, gjat\u00eb vikendit t\u00eb fundit, raporton &#8220;teve 1&#8221;<\/p>\n<p>Ngjarja tragjike ndodhi brenda nj\u00eb veture, dhe dorasi shtiu disa plumba mbi viktim\u00ebn. I dyshuari Arb\u00ebr Havolli \u00ebsht\u00eb akoma n\u00eb arrati.<\/p>\n<p>N\u00eb shtat\u00eb muajt e par\u00eb t\u00eb vitit, n\u00eb Kosov\u00eb u sh\u00ebnuan tet\u00eb raste t\u00eb vrasjeve.<\/p>\n<p>Ngjarjet tragjike si ajo e s\u00eb shtun\u00ebs n\u00eb Podujev\u00eb, sipas n\u00ebnkolonelit n\u00eb pension t\u00eb Policis\u00eb s\u00eb Kosov\u00ebs, Refki Morina, v\u00ebn\u00eb n\u00eb pah sfidat p\u00ebr sigurin\u00eb publike.<\/p>\n<p>\u201c\u00cbsht\u00eb mir\u00eb q\u00eb ti minimizohen rastet e tilla t\u00eb vrasjeve sidomos t\u00eb preventohen ato e t\u00eb mos vije deri t\u00eb vrasjet. Duhet t\u00eb nd\u00ebrmerren hapa konkrete nga Policia, Prokuroria e Gjyq\u00ebsia n\u00eb m\u00ebnyr\u00eb q\u00eb t\u00eb mos lejohen kontekste pron\u00ebsore juridike ose kontekste te tjera t\u00eb cilat i paraprin\u00eb veprave penale t\u00eb vrasjeve. Un\u00eb mendoj q\u00eb duhet t\u00ebr\u00eb spektri i siguris\u00eb i gjyq\u00ebsis\u00eb dhe prokuroris\u00eb t\u00eb b\u00ebhen hapa konkrete q\u00eb t\u00eb mos vije deri te vrasjet\u201d, ka th\u00ebn\u00eb Morina.<\/p>\n<p>Popullata mban me vete arm\u00eb ilegale p\u00ebr t\u00eb cilat vazhdimisht kemi pretenduar q\u00eb t\u00eb gjendet nj\u00eb mund\u00ebsi q\u00eb k\u00ebto arm\u00eb ilegale t\u00eb dor\u00ebzohen atje ku \u00ebsht\u00eb vendi dhe t\u00eb kthehen nga ilegale ne legale. Un\u00eb mendoj q\u00eb Ministria e Pun\u00ebve t\u00eb Brendshme, Policia, por edhe institucione tjera t\u00eb siguris\u00eb t\u00eb b\u00ebjn\u00eb hapa konkret t\u00eb gjej\u00eb nj\u00eb mund\u00ebsi n\u00eb m\u00ebnyra q\u00eb t\u2019i stimuloj personat q\u00eb kan\u00eb arm\u00eb ilegale t\u2019i dor\u00ebzojn\u00eb ato dhe t\u00eb kalohet n\u00eb legale\u201d, shprehet ai.<\/p>\n<p>Kurse edhe sipas avokatit Asdren Bytqi, numri i madh i arm\u00ebve pa leje n\u00eb duart e qytetar\u00ebve po shpien n\u00eb raste t\u00eb tilla.<\/p>\n<p>N\u00eb disa statistika t\u00eb cilat Policia e Kosov\u00ebs ia ka siguruar televizonit, shihet se gjat\u00eb janarit deri n\u00eb korrik t\u00eb vitit t\u00eb kaluar, numri i vrasjeve ishte dhjet\u00eb, kurse k\u00ebt\u00eb vit u sh\u00ebnuan tet\u00eb vrasje.<\/p>\n<p>Nga Policia treguan se deri m\u00eb tani kani konfiskuar 1039 arm\u00eb.<\/p>\n<p>&nbsp;<\/p>\n","protected":false},"excerpt":{"rendered":"<p>Prishtin\u00eb, 09 shtator 2025 N\u00eb rrethana ende t\u00eb paqarta, nj\u00eb i ri nga Podujeva u privua nga jeta nga nj\u00eb bashk\u00ebfshatar i tij, gjat\u00eb vikendit<\/p>\n","protected":false},"author":2,"featured_media":11181,"comment_status":"open","ping_status":"open","sticky":false,"template":"","format":"standard","meta":{"footnotes":""},"categories":[60],"tags":[],"class_list":["post-11183","post","type-post","status-publish","format-standard","has-post-thumbnail","hentry","category-shoqerore-sq"],"yoast_head":"<!-- This site is optimized with the Yoast SEO plugin v25.3.1 - https:\/\/yoast.com\/wordpress\/plugins\/seo\/ -->\n<title>Tet\u00eb vrasje brenda shtat\u00eb muajve, k\u00ebrkohen politika m\u00eb t\u00eb ashpra nd\u00ebshkimore -<\/title>\n<meta name=\"robots\" content=\"index, follow, max-snippet:-1, max-image-preview:large, max-video-preview:-1\" \/>\n<link rel=\"canonical\" href=\"https:\/\/veritasinfo.org\/?p=11183\" \/>\n<meta property=\"og:locale\" content=\"en_US\" \/>\n<meta property=\"og:type\" content=\"article\" \/>\n<meta property=\"og:title\" content=\"Tet\u00eb vrasje brenda shtat\u00eb muajve, k\u00ebrkohen politika m\u00eb t\u00eb ashpra nd\u00ebshkimore -\" \/>\n<meta property=\"og:description\" content=\"Prishtin\u00eb, 09 shtator 2025 N\u00eb rrethana ende t\u00eb paqarta, nj\u00eb i ri nga Podujeva u privua nga jeta nga nj\u00eb bashk\u00ebfshatar i tij, gjat\u00eb vikendit\" \/>\n<meta property=\"og:url\" content=\"https:\/\/veritasinfo.org\/?p=11183\" \/>\n<meta property=\"article:published_time\" content=\"2025-09-09T05:44:57+00:00\" \/>\n<meta property=\"og:image\" content=\"https:\/\/veritasinfo.org\/wp-content\/uploads\/2025\/09\/vrasje.jpg\" \/>\n\t<meta property=\"og:image:width\" content=\"696\" \/>\n\t<meta property=\"og:image:height\" content=\"386\" \/>\n\t<meta property=\"og:image:type\" content=\"image\/jpeg\" \/>\n<meta name=\"author\" content=\"US1\" \/>\n<meta name=\"twitter:card\" content=\"summary_large_image\" \/>\n<meta name=\"twitter:label1\" content=\"Written by\" \/>\n\t<meta name=\"twitter:data1\" content=\"US1\" \/>\n\t<meta name=\"twitter:label2\" content=\"Est. reading time\" \/>\n\t<meta name=\"twitter:data2\" content=\"2 minutes\" \/>\n<script type=\"application\/ld+json\" class=\"yoast-schema-graph\">{\"@context\":\"https:\/\/schema.org\",\"@graph\":[{\"@type\":\"WebPage\",\"@id\":\"https:\/\/veritasinfo.org\/?p=11183\",\"url\":\"https:\/\/veritasinfo.org\/?p=11183\",\"name\":\"Tet\u00eb vrasje brenda shtat\u00eb muajve, k\u00ebrkohen politika m\u00eb t\u00eb ashpra nd\u00ebshkimore -\",\"isPartOf\":{\"@id\":\"https:\/\/veritasinfo.org\/#website\"},\"primaryImageOfPage\":{\"@id\":\"https:\/\/veritasinfo.org\/?p=11183#primaryimage\"},\"image\":{\"@id\":\"https:\/\/veritasinfo.org\/?p=11183#primaryimage\"},\"thumbnailUrl\":\"https:\/\/veritasinfo.org\/wp-content\/uploads\/2025\/09\/vrasje.jpg\",\"datePublished\":\"2025-09-09T05:44:57+00:00\",\"author\":{\"@id\":\"https:\/\/veritasinfo.org\/#\/schema\/person\/c2b8be262ea994d0995addca692c5e98\"},\"breadcrumb\":{\"@id\":\"https:\/\/veritasinfo.org\/?p=11183#breadcrumb\"},\"inLanguage\":\"en-US\",\"potentialAction\":[{\"@type\":\"ReadAction\",\"target\":[\"https:\/\/veritasinfo.org\/?p=11183\"]}]},{\"@type\":\"ImageObject\",\"inLanguage\":\"en-US\",\"@id\":\"https:\/\/veritasinfo.org\/?p=11183#primaryimage\",\"url\":\"https:\/\/veritasinfo.org\/wp-content\/uploads\/2025\/09\/vrasje.jpg\",\"contentUrl\":\"https:\/\/veritasinfo.org\/wp-content\/uploads\/2025\/09\/vrasje.jpg\",\"width\":696,\"height\":386},{\"@type\":\"BreadcrumbList\",\"@id\":\"https:\/\/veritasinfo.org\/?p=11183#breadcrumb\",\"itemListElement\":[{\"@type\":\"ListItem\",\"position\":1,\"name\":\"Home\",\"item\":\"https:\/\/veritasinfo.org\/\"},{\"@type\":\"ListItem\",\"position\":2,\"name\":\"Tet\u00eb vrasje brenda shtat\u00eb muajve, k\u00ebrkohen politika m\u00eb t\u00eb ashpra nd\u00ebshkimore\"}]},{\"@type\":\"WebSite\",\"@id\":\"https:\/\/veritasinfo.org\/#website\",\"url\":\"https:\/\/veritasinfo.org\/\",\"name\":\"\",\"description\":\"\",\"potentialAction\":[{\"@type\":\"SearchAction\",\"target\":{\"@type\":\"EntryPoint\",\"urlTemplate\":\"https:\/\/veritasinfo.org\/?s={search_term_string}\"},\"query-input\":{\"@type\":\"PropertyValueSpecification\",\"valueRequired\":true,\"valueName\":\"search_term_string\"}}],\"inLanguage\":\"en-US\"},{\"@type\":\"Person\",\"@id\":\"https:\/\/veritasinfo.org\/#\/schema\/person\/c2b8be262ea994d0995addca692c5e98\",\"name\":\"US1\",\"image\":{\"@type\":\"ImageObject\",\"inLanguage\":\"en-US\",\"@id\":\"https:\/\/veritasinfo.org\/#\/schema\/person\/image\/\",\"url\":\"https:\/\/secure.gravatar.com\/avatar\/4e96a59bd256abf9956eb9963ac891a47461ffb364d47b0e9aab113328fdb75b?s=96&d=mm&r=g\",\"contentUrl\":\"https:\/\/secure.gravatar.com\/avatar\/4e96a59bd256abf9956eb9963ac891a47461ffb364d47b0e9aab113328fdb75b?s=96&d=mm&r=g\",\"caption\":\"US1\"},\"url\":\"https:\/\/veritasinfo.org\/?author=2\"}]}<\/script>\n<!-- \/ Yoast SEO plugin. -->","yoast_head_json":{"title":"Tet\u00eb vrasje brenda shtat\u00eb muajve, k\u00ebrkohen politika m\u00eb t\u00eb ashpra nd\u00ebshkimore -","robots":{"index":"index","follow":"follow","max-snippet":"max-snippet:-1","max-image-preview":"max-image-preview:large","max-video-preview":"max-video-preview:-1"},"canonical":"https:\/\/veritasinfo.org\/?p=11183","og_locale":"en_US","og_type":"article","og_title":"Tet\u00eb vrasje brenda shtat\u00eb muajve, k\u00ebrkohen politika m\u00eb t\u00eb ashpra nd\u00ebshkimore -","og_description":"Prishtin\u00eb, 09 shtator 2025 N\u00eb rrethana ende t\u00eb paqarta, nj\u00eb i ri nga Podujeva u privua nga jeta nga nj\u00eb bashk\u00ebfshatar i tij, gjat\u00eb vikendit","og_url":"https:\/\/veritasinfo.org\/?p=11183","article_published_time":"2025-09-09T05:44:57+00:00","og_image":[{"width":696,"height":386,"url":"https:\/\/veritasinfo.org\/wp-content\/uploads\/2025\/09\/vrasje.jpg","type":"image\/jpeg"}],"author":"US1","twitter_card":"summary_large_image","twitter_misc":{"Written by":"US1","Est. reading time":"2 minutes"},"schema":{"@context":"https:\/\/schema.org","@graph":[{"@type":"WebPage","@id":"https:\/\/veritasinfo.org\/?p=11183","url":"https:\/\/veritasinfo.org\/?p=11183","name":"Tet\u00eb vrasje brenda shtat\u00eb muajve, k\u00ebrkohen politika m\u00eb t\u00eb ashpra nd\u00ebshkimore -","isPartOf":{"@id":"https:\/\/veritasinfo.org\/#website"},"primaryImageOfPage":{"@id":"https:\/\/veritasinfo.org\/?p=11183#primaryimage"},"image":{"@id":"https:\/\/veritasinfo.org\/?p=11183#primaryimage"},"thumbnailUrl":"https:\/\/veritasinfo.org\/wp-content\/uploads\/2025\/09\/vrasje.jpg","datePublished":"2025-09-09T05:44:57+00:00","author":{"@id":"https:\/\/veritasinfo.org\/#\/schema\/person\/c2b8be262ea994d0995addca692c5e98"},"breadcrumb":{"@id":"https:\/\/veritasinfo.org\/?p=11183#breadcrumb"},"inLanguage":"en-US","potentialAction":[{"@type":"ReadAction","target":["https:\/\/veritasinfo.org\/?p=11183"]}]},{"@type":"ImageObject","inLanguage":"en-US","@id":"https:\/\/veritasinfo.org\/?p=11183#primaryimage","url":"https:\/\/veritasinfo.org\/wp-content\/uploads\/2025\/09\/vrasje.jpg","contentUrl":"https:\/\/veritasinfo.org\/wp-content\/uploads\/2025\/09\/vrasje.jpg","width":696,"height":386},{"@type":"BreadcrumbList","@id":"https:\/\/veritasinfo.org\/?p=11183#breadcrumb","itemListElement":[{"@type":"ListItem","position":1,"name":"Home","item":"https:\/\/veritasinfo.org\/"},{"@type":"ListItem","position":2,"name":"Tet\u00eb vrasje brenda shtat\u00eb muajve, k\u00ebrkohen politika m\u00eb t\u00eb ashpra nd\u00ebshkimore"}]},{"@type":"WebSite","@id":"https:\/\/veritasinfo.org\/#website","url":"https:\/\/veritasinfo.org\/","name":"","description":"","potentialAction":[{"@type":"SearchAction","target":{"@type":"EntryPoint","urlTemplate":"https:\/\/veritasinfo.org\/?s={search_term_string}"},"query-input":{"@type":"PropertyValueSpecification","valueRequired":true,"valueName":"search_term_string"}}],"inLanguage":"en-US"},{"@type":"Person","@id":"https:\/\/veritasinfo.org\/#\/schema\/person\/c2b8be262ea994d0995addca692c5e98","name":"US1","image":{"@type":"ImageObject","inLanguage":"en-US","@id":"https:\/\/veritasinfo.org\/#\/schema\/person\/image\/","url":"https:\/\/secure.gravatar.com\/avatar\/4e96a59bd256abf9956eb9963ac891a47461ffb364d47b0e9aab113328fdb75b?s=96&d=mm&r=g","contentUrl":"https:\/\/secure.gravatar.com\/avatar\/4e96a59bd256abf9956eb9963ac891a47461ffb364d47b0e9aab113328fdb75b?s=96&d=mm&r=g","caption":"US1"},"url":"https:\/\/veritasinfo.org\/?author=2"}]}},"featured_image_urls":{"full":["https:\/\/veritasinfo.org\/wp-content\/uploads\/2025\/09\/vrasje.jpg",696,386,false],"thumbnail":["https:\/\/veritasinfo.org\/wp-content\/uploads\/2025\/09\/vrasje-150x150.jpg",150,150,true],"medium":["https:\/\/veritasinfo.org\/wp-content\/uploads\/2025\/09\/vrasje-300x166.jpg",300,166,true],"medium_large":["https:\/\/veritasinfo.org\/wp-content\/uploads\/2025\/09\/vrasje.jpg",640,355,false],"large":["https:\/\/veritasinfo.org\/wp-content\/uploads\/2025\/09\/vrasje.jpg",640,355,false],"1536x1536":["https:\/\/veritasinfo.org\/wp-content\/uploads\/2025\/09\/vrasje.jpg",696,386,false],"2048x2048":["https:\/\/veritasinfo.org\/wp-content\/uploads\/2025\/09\/vrasje.jpg",696,386,false],"kreeti-slider-full":["https:\/\/veritasinfo.org\/wp-content\/uploads\/2025\/09\/vrasje.jpg",696,386,false],"kreeti-featured":["https:\/\/veritasinfo.org\/wp-content\/uploads\/2025\/09\/vrasje.jpg",696,386,false],"kreeti-medium":["https:\/\/veritasinfo.org\/wp-content\/uploads\/2025\/09\/vrasje.jpg",696,386,false],"kreeti-medium-square":["https:\/\/veritasinfo.org\/wp-content\/uploads\/2025\/09\/vrasje.jpg",350,194,false]},"author_info":{"info":["US1"]},"category_info":"<a href=\"https:\/\/veritasinfo.org\/?cat=60\" rel=\"category\">Shoq\u00ebrore<\/a>","tag_info":"Shoq\u00ebrore","comment_count":"0","_links":{"self":[{"href":"https:\/\/veritasinfo.org\/index.php?rest_route=\/wp\/v2\/posts\/11183","targetHints":{"allow":["GET"]}}],"collection":[{"href":"https:\/\/veritasinfo.org\/index.php?rest_route=\/wp\/v2\/posts"}],"about":[{"href":"https:\/\/veritasinfo.org\/index.php?rest_route=\/wp\/v2\/types\/post"}],"author":[{"embeddable":true,"href":"https:\/\/veritasinfo.org\/index.php?rest_route=\/wp\/v2\/users\/2"}],"replies":[{"embeddable":true,"href":"https:\/\/veritasinfo.org\/index.php?rest_route=%2Fwp%2Fv2%2Fcomments&post=11183"}],"version-history":[{"count":1,"href":"https:\/\/veritasinfo.org\/index.php?rest_route=\/wp\/v2\/posts\/11183\/revisions"}],"predecessor-version":[{"id":11184,"href":"https:\/\/veritasinfo.org\/index.php?rest_route=\/wp\/v2\/posts\/11183\/revisions\/11184"}],"wp:featuredmedia":[{"embeddable":true,"href":"https:\/\/veritasinfo.org\/index.php?rest_route=\/wp\/v2\/media\/11181"}],"wp:attachment":[{"href":"https:\/\/veritasinfo.org\/index.php?rest_route=%2Fwp%2Fv2%2Fmedia&parent=11183"}],"wp:term":[{"taxonomy":"category","embeddable":true,"href":"https:\/\/veritasinfo.org\/index.php?rest_route=%2Fwp%2Fv2%2Fcategories&post=11183"},{"taxonomy":"post_tag","embeddable":true,"href":"https:\/\/veritasinfo.org\/index.php?rest_route=%2Fwp%2Fv2%2Ftags&post=11183"}],"curies":[{"name":"wp","href":"https:\/\/api.w.org\/{rel}","templated":true}]}}