{"id":1114,"date":"2025-06-20T08:34:40","date_gmt":"2025-06-20T06:34:40","guid":{"rendered":"https:\/\/veritasinfo.org\/?p=1114"},"modified":"2025-06-20T08:34:40","modified_gmt":"2025-06-20T06:34:40","slug":"prishtine-urdher-arresti-per-gjashte-serbe-te-dyshuar-per-huliganizem-dhe-posedim-armesh","status":"publish","type":"post","link":"https:\/\/veritasinfo.org\/?p=1114","title":{"rendered":"Prishtin\u00eb: Urdh\u00ebr arresti p\u00ebr gjasht\u00eb serb\u00eb t\u00eb dyshuar p\u00ebr huliganiz\u00ebm dhe posedim arm\u00ebsh"},"content":{"rendered":"<p><strong>Prishtin\u00eb ,20 Qershor 2025 \u2013 <\/strong><\/p>\n<p>Gjykata Themelore n\u00eb Prishtin\u00eb, l\u00ebshoi \u200b\u200bnj\u00eb urdh\u00ebr arresti p\u00ebr gjasht\u00eb serb\u00eb t\u00eb dyshuar, si\u00e7 u tha, p\u00ebr &#8220;vepra penale q\u00eb lidhen me pjes\u00ebmarrjen n\u00eb nj\u00eb turm\u00eb q\u00eb kreu huliganiz\u00ebm, dhe n\u00eb disa raste, posedim t\u00eb paautorizuar t\u00eb arm\u00ebve&#8221;.<\/p>\n<p>Vendimi u mor me k\u00ebrkes\u00eb t\u00eb zyr\u00ebs s\u00eb prokurorit special n\u00eb Prishtin\u00eb. Si\u00e7 u tha, t\u00eb dyshuarit u thirr\u00ebn disa her\u00eb nga zyra e prokurorit special n\u00eb shkurt, mars dhe prill t\u00eb k\u00ebtij viti, por ata &#8220;injoruan&#8221; ato thirrje dhe nuk u paraqit\u00ebn.<\/p>\n","protected":false},"excerpt":{"rendered":"<p>Prishtin\u00eb ,20 Qershor 2025 \u2013 Gjykata Themelore n\u00eb Prishtin\u00eb, l\u00ebshoi \u200b\u200bnj\u00eb urdh\u00ebr arresti p\u00ebr gjasht\u00eb serb\u00eb t\u00eb dyshuar, si\u00e7 u tha, p\u00ebr &#8220;vepra penale q\u00eb<\/p>\n","protected":false},"author":2,"featured_media":1115,"comment_status":"open","ping_status":"open","sticky":false,"template":"","format":"standard","meta":{"footnotes":""},"categories":[60],"tags":[],"class_list":["post-1114","post","type-post","status-publish","format-standard","has-post-thumbnail","hentry","category-shoqerore-sq"],"yoast_head":"<!-- This site is optimized with the Yoast SEO plugin v25.3.1 - https:\/\/yoast.com\/wordpress\/plugins\/seo\/ -->\n<title>Prishtin\u00eb: Urdh\u00ebr arresti p\u00ebr gjasht\u00eb serb\u00eb t\u00eb dyshuar p\u00ebr huliganiz\u00ebm dhe posedim arm\u00ebsh -<\/title>\n<meta name=\"robots\" content=\"index, follow, max-snippet:-1, max-image-preview:large, max-video-preview:-1\" \/>\n<link rel=\"canonical\" href=\"https:\/\/veritasinfo.org\/?p=1114\" \/>\n<meta property=\"og:locale\" content=\"en_US\" \/>\n<meta property=\"og:type\" content=\"article\" \/>\n<meta property=\"og:title\" content=\"Prishtin\u00eb: Urdh\u00ebr arresti p\u00ebr gjasht\u00eb serb\u00eb t\u00eb dyshuar p\u00ebr huliganiz\u00ebm dhe posedim arm\u00ebsh -\" \/>\n<meta property=\"og:description\" content=\"Prishtin\u00eb ,20 Qershor 2025 \u2013 Gjykata Themelore n\u00eb Prishtin\u00eb, l\u00ebshoi \u200b\u200bnj\u00eb urdh\u00ebr arresti p\u00ebr gjasht\u00eb serb\u00eb t\u00eb dyshuar, si\u00e7 u tha, p\u00ebr &#8220;vepra penale q\u00eb\" \/>\n<meta property=\"og:url\" content=\"https:\/\/veritasinfo.org\/?p=1114\" \/>\n<meta property=\"article:published_time\" content=\"2025-06-20T06:34:40+00:00\" \/>\n<meta property=\"og:image\" content=\"https:\/\/veritasinfo.org\/wp-content\/uploads\/2025\/06\/gjykata-1.jpg\" \/>\n\t<meta property=\"og:image:width\" content=\"274\" \/>\n\t<meta property=\"og:image:height\" content=\"184\" \/>\n\t<meta property=\"og:image:type\" content=\"image\/jpeg\" \/>\n<meta name=\"author\" content=\"US1\" \/>\n<meta name=\"twitter:card\" content=\"summary_large_image\" \/>\n<meta name=\"twitter:label1\" content=\"Written by\" \/>\n\t<meta name=\"twitter:data1\" content=\"US1\" \/>\n\t<meta name=\"twitter:label2\" content=\"Est. reading time\" \/>\n\t<meta name=\"twitter:data2\" content=\"1 minute\" \/>\n<script type=\"application\/ld+json\" class=\"yoast-schema-graph\">{\"@context\":\"https:\/\/schema.org\",\"@graph\":[{\"@type\":\"WebPage\",\"@id\":\"https:\/\/veritasinfo.org\/?p=1114\",\"url\":\"https:\/\/veritasinfo.org\/?p=1114\",\"name\":\"Prishtin\u00eb: Urdh\u00ebr arresti p\u00ebr gjasht\u00eb serb\u00eb t\u00eb dyshuar p\u00ebr huliganiz\u00ebm dhe posedim arm\u00ebsh -\",\"isPartOf\":{\"@id\":\"https:\/\/veritasinfo.org\/#website\"},\"primaryImageOfPage\":{\"@id\":\"https:\/\/veritasinfo.org\/?p=1114#primaryimage\"},\"image\":{\"@id\":\"https:\/\/veritasinfo.org\/?p=1114#primaryimage\"},\"thumbnailUrl\":\"https:\/\/veritasinfo.org\/wp-content\/uploads\/2025\/06\/gjykata-1.jpg\",\"datePublished\":\"2025-06-20T06:34:40+00:00\",\"author\":{\"@id\":\"https:\/\/veritasinfo.org\/#\/schema\/person\/c2b8be262ea994d0995addca692c5e98\"},\"breadcrumb\":{\"@id\":\"https:\/\/veritasinfo.org\/?p=1114#breadcrumb\"},\"inLanguage\":\"en-US\",\"potentialAction\":[{\"@type\":\"ReadAction\",\"target\":[\"https:\/\/veritasinfo.org\/?p=1114\"]}]},{\"@type\":\"ImageObject\",\"inLanguage\":\"en-US\",\"@id\":\"https:\/\/veritasinfo.org\/?p=1114#primaryimage\",\"url\":\"https:\/\/veritasinfo.org\/wp-content\/uploads\/2025\/06\/gjykata-1.jpg\",\"contentUrl\":\"https:\/\/veritasinfo.org\/wp-content\/uploads\/2025\/06\/gjykata-1.jpg\",\"width\":274,\"height\":184},{\"@type\":\"BreadcrumbList\",\"@id\":\"https:\/\/veritasinfo.org\/?p=1114#breadcrumb\",\"itemListElement\":[{\"@type\":\"ListItem\",\"position\":1,\"name\":\"Home\",\"item\":\"https:\/\/veritasinfo.org\/\"},{\"@type\":\"ListItem\",\"position\":2,\"name\":\"Prishtin\u00eb: Urdh\u00ebr arresti p\u00ebr gjasht\u00eb serb\u00eb t\u00eb dyshuar p\u00ebr huliganiz\u00ebm dhe posedim arm\u00ebsh\"}]},{\"@type\":\"WebSite\",\"@id\":\"https:\/\/veritasinfo.org\/#website\",\"url\":\"https:\/\/veritasinfo.org\/\",\"name\":\"\",\"description\":\"\",\"potentialAction\":[{\"@type\":\"SearchAction\",\"target\":{\"@type\":\"EntryPoint\",\"urlTemplate\":\"https:\/\/veritasinfo.org\/?s={search_term_string}\"},\"query-input\":{\"@type\":\"PropertyValueSpecification\",\"valueRequired\":true,\"valueName\":\"search_term_string\"}}],\"inLanguage\":\"en-US\"},{\"@type\":\"Person\",\"@id\":\"https:\/\/veritasinfo.org\/#\/schema\/person\/c2b8be262ea994d0995addca692c5e98\",\"name\":\"US1\",\"image\":{\"@type\":\"ImageObject\",\"inLanguage\":\"en-US\",\"@id\":\"https:\/\/veritasinfo.org\/#\/schema\/person\/image\/\",\"url\":\"https:\/\/secure.gravatar.com\/avatar\/4e96a59bd256abf9956eb9963ac891a47461ffb364d47b0e9aab113328fdb75b?s=96&d=mm&r=g\",\"contentUrl\":\"https:\/\/secure.gravatar.com\/avatar\/4e96a59bd256abf9956eb9963ac891a47461ffb364d47b0e9aab113328fdb75b?s=96&d=mm&r=g\",\"caption\":\"US1\"},\"url\":\"https:\/\/veritasinfo.org\/?author=2\"}]}<\/script>\n<!-- \/ Yoast SEO plugin. -->","yoast_head_json":{"title":"Prishtin\u00eb: Urdh\u00ebr arresti p\u00ebr gjasht\u00eb serb\u00eb t\u00eb dyshuar p\u00ebr huliganiz\u00ebm dhe posedim arm\u00ebsh -","robots":{"index":"index","follow":"follow","max-snippet":"max-snippet:-1","max-image-preview":"max-image-preview:large","max-video-preview":"max-video-preview:-1"},"canonical":"https:\/\/veritasinfo.org\/?p=1114","og_locale":"en_US","og_type":"article","og_title":"Prishtin\u00eb: Urdh\u00ebr arresti p\u00ebr gjasht\u00eb serb\u00eb t\u00eb dyshuar p\u00ebr huliganiz\u00ebm dhe posedim arm\u00ebsh -","og_description":"Prishtin\u00eb ,20 Qershor 2025 \u2013 Gjykata Themelore n\u00eb Prishtin\u00eb, l\u00ebshoi \u200b\u200bnj\u00eb urdh\u00ebr arresti p\u00ebr gjasht\u00eb serb\u00eb t\u00eb dyshuar, si\u00e7 u tha, p\u00ebr &#8220;vepra penale q\u00eb","og_url":"https:\/\/veritasinfo.org\/?p=1114","article_published_time":"2025-06-20T06:34:40+00:00","og_image":[{"width":274,"height":184,"url":"https:\/\/veritasinfo.org\/wp-content\/uploads\/2025\/06\/gjykata-1.jpg","type":"image\/jpeg"}],"author":"US1","twitter_card":"summary_large_image","twitter_misc":{"Written by":"US1","Est. reading time":"1 minute"},"schema":{"@context":"https:\/\/schema.org","@graph":[{"@type":"WebPage","@id":"https:\/\/veritasinfo.org\/?p=1114","url":"https:\/\/veritasinfo.org\/?p=1114","name":"Prishtin\u00eb: Urdh\u00ebr arresti p\u00ebr gjasht\u00eb serb\u00eb t\u00eb dyshuar p\u00ebr huliganiz\u00ebm dhe posedim arm\u00ebsh -","isPartOf":{"@id":"https:\/\/veritasinfo.org\/#website"},"primaryImageOfPage":{"@id":"https:\/\/veritasinfo.org\/?p=1114#primaryimage"},"image":{"@id":"https:\/\/veritasinfo.org\/?p=1114#primaryimage"},"thumbnailUrl":"https:\/\/veritasinfo.org\/wp-content\/uploads\/2025\/06\/gjykata-1.jpg","datePublished":"2025-06-20T06:34:40+00:00","author":{"@id":"https:\/\/veritasinfo.org\/#\/schema\/person\/c2b8be262ea994d0995addca692c5e98"},"breadcrumb":{"@id":"https:\/\/veritasinfo.org\/?p=1114#breadcrumb"},"inLanguage":"en-US","potentialAction":[{"@type":"ReadAction","target":["https:\/\/veritasinfo.org\/?p=1114"]}]},{"@type":"ImageObject","inLanguage":"en-US","@id":"https:\/\/veritasinfo.org\/?p=1114#primaryimage","url":"https:\/\/veritasinfo.org\/wp-content\/uploads\/2025\/06\/gjykata-1.jpg","contentUrl":"https:\/\/veritasinfo.org\/wp-content\/uploads\/2025\/06\/gjykata-1.jpg","width":274,"height":184},{"@type":"BreadcrumbList","@id":"https:\/\/veritasinfo.org\/?p=1114#breadcrumb","itemListElement":[{"@type":"ListItem","position":1,"name":"Home","item":"https:\/\/veritasinfo.org\/"},{"@type":"ListItem","position":2,"name":"Prishtin\u00eb: Urdh\u00ebr arresti p\u00ebr gjasht\u00eb serb\u00eb t\u00eb dyshuar p\u00ebr huliganiz\u00ebm dhe posedim arm\u00ebsh"}]},{"@type":"WebSite","@id":"https:\/\/veritasinfo.org\/#website","url":"https:\/\/veritasinfo.org\/","name":"","description":"","potentialAction":[{"@type":"SearchAction","target":{"@type":"EntryPoint","urlTemplate":"https:\/\/veritasinfo.org\/?s={search_term_string}"},"query-input":{"@type":"PropertyValueSpecification","valueRequired":true,"valueName":"search_term_string"}}],"inLanguage":"en-US"},{"@type":"Person","@id":"https:\/\/veritasinfo.org\/#\/schema\/person\/c2b8be262ea994d0995addca692c5e98","name":"US1","image":{"@type":"ImageObject","inLanguage":"en-US","@id":"https:\/\/veritasinfo.org\/#\/schema\/person\/image\/","url":"https:\/\/secure.gravatar.com\/avatar\/4e96a59bd256abf9956eb9963ac891a47461ffb364d47b0e9aab113328fdb75b?s=96&d=mm&r=g","contentUrl":"https:\/\/secure.gravatar.com\/avatar\/4e96a59bd256abf9956eb9963ac891a47461ffb364d47b0e9aab113328fdb75b?s=96&d=mm&r=g","caption":"US1"},"url":"https:\/\/veritasinfo.org\/?author=2"}]}},"featured_image_urls":{"full":["https:\/\/veritasinfo.org\/wp-content\/uploads\/2025\/06\/gjykata-1.jpg",274,184,false],"thumbnail":["https:\/\/veritasinfo.org\/wp-content\/uploads\/2025\/06\/gjykata-1-150x150.jpg",150,150,true],"medium":["https:\/\/veritasinfo.org\/wp-content\/uploads\/2025\/06\/gjykata-1.jpg",274,184,false],"medium_large":["https:\/\/veritasinfo.org\/wp-content\/uploads\/2025\/06\/gjykata-1.jpg",274,184,false],"large":["https:\/\/veritasinfo.org\/wp-content\/uploads\/2025\/06\/gjykata-1.jpg",274,184,false],"1536x1536":["https:\/\/veritasinfo.org\/wp-content\/uploads\/2025\/06\/gjykata-1.jpg",274,184,false],"2048x2048":["https:\/\/veritasinfo.org\/wp-content\/uploads\/2025\/06\/gjykata-1.jpg",274,184,false],"kreeti-slider-full":["https:\/\/veritasinfo.org\/wp-content\/uploads\/2025\/06\/gjykata-1.jpg",274,184,false],"kreeti-featured":["https:\/\/veritasinfo.org\/wp-content\/uploads\/2025\/06\/gjykata-1.jpg",274,184,false],"kreeti-medium":["https:\/\/veritasinfo.org\/wp-content\/uploads\/2025\/06\/gjykata-1.jpg",274,184,false],"kreeti-medium-square":["https:\/\/veritasinfo.org\/wp-content\/uploads\/2025\/06\/gjykata-1.jpg",274,184,false]},"author_info":{"info":["US1"]},"category_info":"<a href=\"https:\/\/veritasinfo.org\/?cat=60\" rel=\"category\">Shoq\u00ebrore<\/a>","tag_info":"Shoq\u00ebrore","comment_count":"0","_links":{"self":[{"href":"https:\/\/veritasinfo.org\/index.php?rest_route=\/wp\/v2\/posts\/1114","targetHints":{"allow":["GET"]}}],"collection":[{"href":"https:\/\/veritasinfo.org\/index.php?rest_route=\/wp\/v2\/posts"}],"about":[{"href":"https:\/\/veritasinfo.org\/index.php?rest_route=\/wp\/v2\/types\/post"}],"author":[{"embeddable":true,"href":"https:\/\/veritasinfo.org\/index.php?rest_route=\/wp\/v2\/users\/2"}],"replies":[{"embeddable":true,"href":"https:\/\/veritasinfo.org\/index.php?rest_route=%2Fwp%2Fv2%2Fcomments&post=1114"}],"version-history":[{"count":1,"href":"https:\/\/veritasinfo.org\/index.php?rest_route=\/wp\/v2\/posts\/1114\/revisions"}],"predecessor-version":[{"id":1116,"href":"https:\/\/veritasinfo.org\/index.php?rest_route=\/wp\/v2\/posts\/1114\/revisions\/1116"}],"wp:featuredmedia":[{"embeddable":true,"href":"https:\/\/veritasinfo.org\/index.php?rest_route=\/wp\/v2\/media\/1115"}],"wp:attachment":[{"href":"https:\/\/veritasinfo.org\/index.php?rest_route=%2Fwp%2Fv2%2Fmedia&parent=1114"}],"wp:term":[{"taxonomy":"category","embeddable":true,"href":"https:\/\/veritasinfo.org\/index.php?rest_route=%2Fwp%2Fv2%2Fcategories&post=1114"},{"taxonomy":"post_tag","embeddable":true,"href":"https:\/\/veritasinfo.org\/index.php?rest_route=%2Fwp%2Fv2%2Ftags&post=1114"}],"curies":[{"name":"wp","href":"https:\/\/api.w.org\/{rel}","templated":true}]}}