{"id":11131,"date":"2025-09-08T20:36:10","date_gmt":"2025-09-08T18:36:10","guid":{"rendered":"https:\/\/veritasinfo.org\/?p=11131"},"modified":"2025-09-08T20:36:10","modified_gmt":"2025-09-08T18:36:10","slug":"shala-rasti-i-ciftit-te-dyshuar-per-spiunazh-per-serbine-ne-kosove-deshmi-e-qarte-se-spiunazhi-dhe-aktivitetet-hibride-nuk-njohin-kufij","status":"publish","type":"post","link":"https:\/\/veritasinfo.org\/?p=11131","title":{"rendered":"Shala: Rasti i \u00e7iftit t\u00eb dyshuar p\u00ebr spiunazh p\u00ebr Serbin\u00eb n\u00eb Kosov\u00eb, d\u00ebshmi e qart\u00eb se spiunazhi dhe aktivitetet hibride nuk njohin kufij"},"content":{"rendered":"<p>Prishtin\u00eb, 08 shtator 2025<\/p>\n<p>Eksperti i siguris\u00eb,Drizan Shala lidhur me rastin e \u00e7iftit t\u00eb dyshuar p\u00ebr spiunazh p\u00ebr Serbin\u00eb n\u00eb Kosov\u00eb tha se \u00ebsht\u00eb ngjarje serioze q\u00eb duhet t\u00eb trajtohet me t\u00eb nj\u00ebjtin standard si n\u00eb shtetet e Bashkimit Europian, p\u00ebrfshir\u00eb Kroacin\u00eb.<\/p>\n<p>\u201cSi\u00e7 Kroacia ka nd\u00ebrtuar mekanizma t\u00eb fuqish\u00ebm kund\u00ebrzbulimi p\u00ebr t\u00eb mbrojtur institucionet dhe qytetar\u00ebt e saj nga ndikimet e huaja, edhe Kosova po tregon se posedon kapacitet p\u00ebr t\u00eb identifikuar dhe neutralizuar k\u00ebrc\u00ebnime t\u00eb tilla\u201d, tha ai p\u00ebr\u00a0GazetaBlic.<\/p>\n<p>Sipas tij, ky rast \u00ebsht\u00eb nj\u00eb d\u00ebshmi e qart\u00eb se spiunazhi dhe aktivitetet hibride nuk njohin kufij prandaj Kosova duhet t\u00eb forcoj\u00eb bashk\u00ebpunimin me shtetet partnere si Kroacia, t\u00eb cilat kan\u00eb p\u00ebrvoj\u00eb n\u00eb p\u00ebrballjen me sfida t\u00eb tilla duke rritur shk\u00ebmbimin e informaciionit dhe koordinimin n\u00eb fush\u00ebn e siguris\u00eb.<br \/>\nShala gjithashtu theksoi sigurin\u00eb komb\u00ebtare si prioritet absolut.<\/p>\n<p>\u201cMesazhi \u00ebsht\u00eb i qart\u00eb: si n\u00eb Kosov\u00eb ashtu edhe n\u00eb Kroaci, siguria komb\u00ebtare mbetet prioritet absolut. \u00c7do tentativ\u00eb p\u00ebr dep\u00ebrtim nga sh\u00ebrbimet e inteligjenc\u00ebs armiq\u00ebsore do t\u00eb has\u00eb n\u00eb kund\u00ebrp\u00ebrgjigje t\u00eb shpejt\u00eb dhe t\u00eb vendosur.\u201d<\/p>\n<p>Rasti i arrestimit n\u00eb Kroaci t\u00eb oficerit ushtarak kroat dhe partneres s\u00eb tij serbe mbi dyshimet p\u00ebr spiunazh, i b\u00ebr\u00eb i njohur n\u00eb fund t\u00eb gushtit, vazhdon t\u00eb jet\u00eb plot me t\u00eb panjohura, ashtu sikurse veprimtaria t\u00eb cil\u00ebn ata akuzohen ta ken\u00eb kryer n\u00eb Kosov\u00eb, shkruan Gazeta Blic.<\/p>\n<p>&nbsp;<\/p>\n<p>&nbsp;<\/p>\n","protected":false},"excerpt":{"rendered":"<p>Prishtin\u00eb, 08 shtator 2025 Eksperti i siguris\u00eb,Drizan Shala lidhur me rastin e \u00e7iftit t\u00eb dyshuar p\u00ebr spiunazh p\u00ebr Serbin\u00eb n\u00eb Kosov\u00eb tha se \u00ebsht\u00eb ngjarje<\/p>\n","protected":false},"author":1,"featured_media":11132,"comment_status":"open","ping_status":"open","sticky":false,"template":"","format":"standard","meta":{"footnotes":""},"categories":[60],"tags":[],"class_list":["post-11131","post","type-post","status-publish","format-standard","has-post-thumbnail","hentry","category-shoqerore-sq"],"yoast_head":"<!-- This site is optimized with the Yoast SEO plugin v25.3.1 - https:\/\/yoast.com\/wordpress\/plugins\/seo\/ -->\n<title>Shala: Rasti i \u00e7iftit t\u00eb dyshuar p\u00ebr spiunazh p\u00ebr Serbin\u00eb n\u00eb Kosov\u00eb, d\u00ebshmi e qart\u00eb se spiunazhi dhe aktivitetet hibride nuk njohin kufij -<\/title>\n<meta name=\"robots\" content=\"index, follow, max-snippet:-1, max-image-preview:large, max-video-preview:-1\" \/>\n<link rel=\"canonical\" href=\"https:\/\/veritasinfo.org\/?p=11131\" \/>\n<meta property=\"og:locale\" content=\"en_US\" \/>\n<meta property=\"og:type\" content=\"article\" \/>\n<meta property=\"og:title\" content=\"Shala: Rasti i \u00e7iftit t\u00eb dyshuar p\u00ebr spiunazh p\u00ebr Serbin\u00eb n\u00eb Kosov\u00eb, d\u00ebshmi e qart\u00eb se spiunazhi dhe aktivitetet hibride nuk njohin kufij -\" \/>\n<meta property=\"og:description\" content=\"Prishtin\u00eb, 08 shtator 2025 Eksperti i siguris\u00eb,Drizan Shala lidhur me rastin e \u00e7iftit t\u00eb dyshuar p\u00ebr spiunazh p\u00ebr Serbin\u00eb n\u00eb Kosov\u00eb tha se \u00ebsht\u00eb ngjarje\" \/>\n<meta property=\"og:url\" content=\"https:\/\/veritasinfo.org\/?p=11131\" \/>\n<meta property=\"article:published_time\" content=\"2025-09-08T18:36:10+00:00\" \/>\n<meta property=\"og:image\" content=\"https:\/\/veritasinfo.org\/wp-content\/uploads\/2025\/09\/shaladrizan-2048x1154-1.jpg\" \/>\n\t<meta property=\"og:image:width\" content=\"2048\" \/>\n\t<meta property=\"og:image:height\" content=\"1154\" \/>\n\t<meta property=\"og:image:type\" content=\"image\/jpeg\" \/>\n<meta name=\"author\" content=\"admin\" \/>\n<meta name=\"twitter:card\" content=\"summary_large_image\" \/>\n<meta name=\"twitter:label1\" content=\"Written by\" \/>\n\t<meta name=\"twitter:data1\" content=\"admin\" \/>\n\t<meta name=\"twitter:label2\" content=\"Est. reading time\" \/>\n\t<meta name=\"twitter:data2\" content=\"2 minutes\" \/>\n<script type=\"application\/ld+json\" class=\"yoast-schema-graph\">{\"@context\":\"https:\/\/schema.org\",\"@graph\":[{\"@type\":\"WebPage\",\"@id\":\"https:\/\/veritasinfo.org\/?p=11131\",\"url\":\"https:\/\/veritasinfo.org\/?p=11131\",\"name\":\"Shala: Rasti i \u00e7iftit t\u00eb dyshuar p\u00ebr spiunazh p\u00ebr Serbin\u00eb n\u00eb Kosov\u00eb, d\u00ebshmi e qart\u00eb se spiunazhi dhe aktivitetet hibride nuk njohin kufij -\",\"isPartOf\":{\"@id\":\"https:\/\/veritasinfo.org\/#website\"},\"primaryImageOfPage\":{\"@id\":\"https:\/\/veritasinfo.org\/?p=11131#primaryimage\"},\"image\":{\"@id\":\"https:\/\/veritasinfo.org\/?p=11131#primaryimage\"},\"thumbnailUrl\":\"https:\/\/veritasinfo.org\/wp-content\/uploads\/2025\/09\/shaladrizan-2048x1154-1.jpg\",\"datePublished\":\"2025-09-08T18:36:10+00:00\",\"author\":{\"@id\":\"https:\/\/veritasinfo.org\/#\/schema\/person\/7701f8c088bece422266b100a712374f\"},\"breadcrumb\":{\"@id\":\"https:\/\/veritasinfo.org\/?p=11131#breadcrumb\"},\"inLanguage\":\"en-US\",\"potentialAction\":[{\"@type\":\"ReadAction\",\"target\":[\"https:\/\/veritasinfo.org\/?p=11131\"]}]},{\"@type\":\"ImageObject\",\"inLanguage\":\"en-US\",\"@id\":\"https:\/\/veritasinfo.org\/?p=11131#primaryimage\",\"url\":\"https:\/\/veritasinfo.org\/wp-content\/uploads\/2025\/09\/shaladrizan-2048x1154-1.jpg\",\"contentUrl\":\"https:\/\/veritasinfo.org\/wp-content\/uploads\/2025\/09\/shaladrizan-2048x1154-1.jpg\",\"width\":2048,\"height\":1154},{\"@type\":\"BreadcrumbList\",\"@id\":\"https:\/\/veritasinfo.org\/?p=11131#breadcrumb\",\"itemListElement\":[{\"@type\":\"ListItem\",\"position\":1,\"name\":\"Home\",\"item\":\"https:\/\/veritasinfo.org\/\"},{\"@type\":\"ListItem\",\"position\":2,\"name\":\"Shala: Rasti i \u00e7iftit t\u00eb dyshuar p\u00ebr spiunazh p\u00ebr Serbin\u00eb n\u00eb Kosov\u00eb, d\u00ebshmi e qart\u00eb se spiunazhi dhe aktivitetet hibride nuk njohin kufij\"}]},{\"@type\":\"WebSite\",\"@id\":\"https:\/\/veritasinfo.org\/#website\",\"url\":\"https:\/\/veritasinfo.org\/\",\"name\":\"\",\"description\":\"\",\"potentialAction\":[{\"@type\":\"SearchAction\",\"target\":{\"@type\":\"EntryPoint\",\"urlTemplate\":\"https:\/\/veritasinfo.org\/?s={search_term_string}\"},\"query-input\":{\"@type\":\"PropertyValueSpecification\",\"valueRequired\":true,\"valueName\":\"search_term_string\"}}],\"inLanguage\":\"en-US\"},{\"@type\":\"Person\",\"@id\":\"https:\/\/veritasinfo.org\/#\/schema\/person\/7701f8c088bece422266b100a712374f\",\"name\":\"admin\",\"image\":{\"@type\":\"ImageObject\",\"inLanguage\":\"en-US\",\"@id\":\"https:\/\/veritasinfo.org\/#\/schema\/person\/image\/\",\"url\":\"https:\/\/secure.gravatar.com\/avatar\/ea53aa3bf6c9a12d5fde8ce4deff43fef3885ae33cf60184161a50d6987cfd2f?s=96&d=mm&r=g\",\"contentUrl\":\"https:\/\/secure.gravatar.com\/avatar\/ea53aa3bf6c9a12d5fde8ce4deff43fef3885ae33cf60184161a50d6987cfd2f?s=96&d=mm&r=g\",\"caption\":\"admin\"},\"sameAs\":[\"https:\/\/veritasinfo.org\"],\"url\":\"https:\/\/veritasinfo.org\/?author=1\"}]}<\/script>\n<!-- \/ Yoast SEO plugin. -->","yoast_head_json":{"title":"Shala: Rasti i \u00e7iftit t\u00eb dyshuar p\u00ebr spiunazh p\u00ebr Serbin\u00eb n\u00eb Kosov\u00eb, d\u00ebshmi e qart\u00eb se spiunazhi dhe aktivitetet hibride nuk njohin kufij -","robots":{"index":"index","follow":"follow","max-snippet":"max-snippet:-1","max-image-preview":"max-image-preview:large","max-video-preview":"max-video-preview:-1"},"canonical":"https:\/\/veritasinfo.org\/?p=11131","og_locale":"en_US","og_type":"article","og_title":"Shala: Rasti i \u00e7iftit t\u00eb dyshuar p\u00ebr spiunazh p\u00ebr Serbin\u00eb n\u00eb Kosov\u00eb, d\u00ebshmi e qart\u00eb se spiunazhi dhe aktivitetet hibride nuk njohin kufij -","og_description":"Prishtin\u00eb, 08 shtator 2025 Eksperti i siguris\u00eb,Drizan Shala lidhur me rastin e \u00e7iftit t\u00eb dyshuar p\u00ebr spiunazh p\u00ebr Serbin\u00eb n\u00eb Kosov\u00eb tha se \u00ebsht\u00eb ngjarje","og_url":"https:\/\/veritasinfo.org\/?p=11131","article_published_time":"2025-09-08T18:36:10+00:00","og_image":[{"width":2048,"height":1154,"url":"https:\/\/veritasinfo.org\/wp-content\/uploads\/2025\/09\/shaladrizan-2048x1154-1.jpg","type":"image\/jpeg"}],"author":"admin","twitter_card":"summary_large_image","twitter_misc":{"Written by":"admin","Est. reading time":"2 minutes"},"schema":{"@context":"https:\/\/schema.org","@graph":[{"@type":"WebPage","@id":"https:\/\/veritasinfo.org\/?p=11131","url":"https:\/\/veritasinfo.org\/?p=11131","name":"Shala: Rasti i \u00e7iftit t\u00eb dyshuar p\u00ebr spiunazh p\u00ebr Serbin\u00eb n\u00eb Kosov\u00eb, d\u00ebshmi e qart\u00eb se spiunazhi dhe aktivitetet hibride nuk njohin kufij -","isPartOf":{"@id":"https:\/\/veritasinfo.org\/#website"},"primaryImageOfPage":{"@id":"https:\/\/veritasinfo.org\/?p=11131#primaryimage"},"image":{"@id":"https:\/\/veritasinfo.org\/?p=11131#primaryimage"},"thumbnailUrl":"https:\/\/veritasinfo.org\/wp-content\/uploads\/2025\/09\/shaladrizan-2048x1154-1.jpg","datePublished":"2025-09-08T18:36:10+00:00","author":{"@id":"https:\/\/veritasinfo.org\/#\/schema\/person\/7701f8c088bece422266b100a712374f"},"breadcrumb":{"@id":"https:\/\/veritasinfo.org\/?p=11131#breadcrumb"},"inLanguage":"en-US","potentialAction":[{"@type":"ReadAction","target":["https:\/\/veritasinfo.org\/?p=11131"]}]},{"@type":"ImageObject","inLanguage":"en-US","@id":"https:\/\/veritasinfo.org\/?p=11131#primaryimage","url":"https:\/\/veritasinfo.org\/wp-content\/uploads\/2025\/09\/shaladrizan-2048x1154-1.jpg","contentUrl":"https:\/\/veritasinfo.org\/wp-content\/uploads\/2025\/09\/shaladrizan-2048x1154-1.jpg","width":2048,"height":1154},{"@type":"BreadcrumbList","@id":"https:\/\/veritasinfo.org\/?p=11131#breadcrumb","itemListElement":[{"@type":"ListItem","position":1,"name":"Home","item":"https:\/\/veritasinfo.org\/"},{"@type":"ListItem","position":2,"name":"Shala: Rasti i \u00e7iftit t\u00eb dyshuar p\u00ebr spiunazh p\u00ebr Serbin\u00eb n\u00eb Kosov\u00eb, d\u00ebshmi e qart\u00eb se spiunazhi dhe aktivitetet hibride nuk njohin kufij"}]},{"@type":"WebSite","@id":"https:\/\/veritasinfo.org\/#website","url":"https:\/\/veritasinfo.org\/","name":"","description":"","potentialAction":[{"@type":"SearchAction","target":{"@type":"EntryPoint","urlTemplate":"https:\/\/veritasinfo.org\/?s={search_term_string}"},"query-input":{"@type":"PropertyValueSpecification","valueRequired":true,"valueName":"search_term_string"}}],"inLanguage":"en-US"},{"@type":"Person","@id":"https:\/\/veritasinfo.org\/#\/schema\/person\/7701f8c088bece422266b100a712374f","name":"admin","image":{"@type":"ImageObject","inLanguage":"en-US","@id":"https:\/\/veritasinfo.org\/#\/schema\/person\/image\/","url":"https:\/\/secure.gravatar.com\/avatar\/ea53aa3bf6c9a12d5fde8ce4deff43fef3885ae33cf60184161a50d6987cfd2f?s=96&d=mm&r=g","contentUrl":"https:\/\/secure.gravatar.com\/avatar\/ea53aa3bf6c9a12d5fde8ce4deff43fef3885ae33cf60184161a50d6987cfd2f?s=96&d=mm&r=g","caption":"admin"},"sameAs":["https:\/\/veritasinfo.org"],"url":"https:\/\/veritasinfo.org\/?author=1"}]}},"featured_image_urls":{"full":["https:\/\/veritasinfo.org\/wp-content\/uploads\/2025\/09\/shaladrizan-2048x1154-1.jpg",2048,1154,false],"thumbnail":["https:\/\/veritasinfo.org\/wp-content\/uploads\/2025\/09\/shaladrizan-2048x1154-1-150x150.jpg",150,150,true],"medium":["https:\/\/veritasinfo.org\/wp-content\/uploads\/2025\/09\/shaladrizan-2048x1154-1-300x169.jpg",300,169,true],"medium_large":["https:\/\/veritasinfo.org\/wp-content\/uploads\/2025\/09\/shaladrizan-2048x1154-1-768x433.jpg",640,361,true],"large":["https:\/\/veritasinfo.org\/wp-content\/uploads\/2025\/09\/shaladrizan-2048x1154-1-1024x577.jpg",640,361,true],"1536x1536":["https:\/\/veritasinfo.org\/wp-content\/uploads\/2025\/09\/shaladrizan-2048x1154-1-1536x866.jpg",1536,866,true],"2048x2048":["https:\/\/veritasinfo.org\/wp-content\/uploads\/2025\/09\/shaladrizan-2048x1154-1.jpg",2048,1154,false],"kreeti-slider-full":["https:\/\/veritasinfo.org\/wp-content\/uploads\/2025\/09\/shaladrizan-2048x1154-1.jpg",1278,720,false],"kreeti-featured":["https:\/\/veritasinfo.org\/wp-content\/uploads\/2025\/09\/shaladrizan-2048x1154-1.jpg",1024,577,false],"kreeti-medium":["https:\/\/veritasinfo.org\/wp-content\/uploads\/2025\/09\/shaladrizan-2048x1154-1.jpg",720,406,false],"kreeti-medium-square":["https:\/\/veritasinfo.org\/wp-content\/uploads\/2025\/09\/shaladrizan-2048x1154-1.jpg",350,197,false]},"author_info":{"info":["admin"]},"category_info":"<a href=\"https:\/\/veritasinfo.org\/?cat=60\" rel=\"category\">Shoq\u00ebrore<\/a>","tag_info":"Shoq\u00ebrore","comment_count":"0","_links":{"self":[{"href":"https:\/\/veritasinfo.org\/index.php?rest_route=\/wp\/v2\/posts\/11131","targetHints":{"allow":["GET"]}}],"collection":[{"href":"https:\/\/veritasinfo.org\/index.php?rest_route=\/wp\/v2\/posts"}],"about":[{"href":"https:\/\/veritasinfo.org\/index.php?rest_route=\/wp\/v2\/types\/post"}],"author":[{"embeddable":true,"href":"https:\/\/veritasinfo.org\/index.php?rest_route=\/wp\/v2\/users\/1"}],"replies":[{"embeddable":true,"href":"https:\/\/veritasinfo.org\/index.php?rest_route=%2Fwp%2Fv2%2Fcomments&post=11131"}],"version-history":[{"count":1,"href":"https:\/\/veritasinfo.org\/index.php?rest_route=\/wp\/v2\/posts\/11131\/revisions"}],"predecessor-version":[{"id":11133,"href":"https:\/\/veritasinfo.org\/index.php?rest_route=\/wp\/v2\/posts\/11131\/revisions\/11133"}],"wp:featuredmedia":[{"embeddable":true,"href":"https:\/\/veritasinfo.org\/index.php?rest_route=\/wp\/v2\/media\/11132"}],"wp:attachment":[{"href":"https:\/\/veritasinfo.org\/index.php?rest_route=%2Fwp%2Fv2%2Fmedia&parent=11131"}],"wp:term":[{"taxonomy":"category","embeddable":true,"href":"https:\/\/veritasinfo.org\/index.php?rest_route=%2Fwp%2Fv2%2Fcategories&post=11131"},{"taxonomy":"post_tag","embeddable":true,"href":"https:\/\/veritasinfo.org\/index.php?rest_route=%2Fwp%2Fv2%2Ftags&post=11131"}],"curies":[{"name":"wp","href":"https:\/\/api.w.org\/{rel}","templated":true}]}}