{"id":11110,"date":"2025-09-08T18:00:00","date_gmt":"2025-09-08T16:00:00","guid":{"rendered":"https:\/\/veritasinfo.org\/?p=11110"},"modified":"2025-09-08T18:02:18","modified_gmt":"2025-09-08T16:02:18","slug":"policia-ne-veri-konfiskon-veturen-me-te-cilen-me-heret-barteshin-para-nga-serbia-ne-kosove","status":"publish","type":"post","link":"https:\/\/veritasinfo.org\/?p=11110","title":{"rendered":"Policia n\u00eb veri konfiskon vetur\u00ebn me t\u00eb cil\u00ebn m\u00eb her\u00ebt barteshin para nga Serbia n\u00eb Kosov\u00eb"},"content":{"rendered":"<p>Mitrovic\u00eb e Veriut, 08 shtator 2025<\/p>\n<p>Policia e Kosov\u00ebs ka njoftuar se t\u00eb h\u00ebn\u00ebn n\u00eb Mitrovic\u00eb t\u00eb Veriut ka konfiskuar nj\u00eb automjet me targa t\u00eb Serbis\u00eb n\u00eb t\u00eb cilin ishin t\u00eb montuar dy kamera dhe pajisje t\u00eb GPRS.<\/p>\n<p>Policia ka njoftuar se vetura ishte hasur t\u00eb premten e kaluar n\u00eb rrug\u00ebn \u201cKnjaz Milos\u201d.<\/p>\n<p>Policia ka njoftuar se personi p\u00ebrgjegj\u00ebs ka th\u00ebn\u00eb se vetura ishte p\u00ebrdorur me her\u00ebt p\u00ebr transportimin e pareve nga Serbia n\u00eb Kosov\u00eb.<\/p>\n<p>\u201cGjat\u00eb nj\u00eb pune hetimore kemi kontaktuar me personin gjegj\u00ebs ku sot me dat\u00eb 08.09.2025 \u00ebsht\u00eb paraqitur n\u00eb Stacionin Mitrovic\u00eb\/ Veri personi i cili deklaron se vetura \u00ebsht\u00eb e \u2018Narodna Banka Srbije&#8221; dhe kjo vetur\u00eb ishte p\u00ebrdorur m\u00eb her\u00ebt p\u00ebr transportimin e parave nga Serbia n\u00eb Kosov\u00eb\u201d, thuhet n\u00eb njoftim.<\/p>\n<p>Vetura e tipit \u201cSkoda Octavia\u201d, ngjyr\u00eb hiri, thuhet se ishte futur n\u00eb Kosov\u00eb n\u00eb vitin 2022. Kjo sipas Policis\u00eb \u00ebsht\u00eb n\u00eb Ligji p\u00ebr Automjete, i cili p\u00ebrcakton se q\u00ebndrimi i automjetit me targa t\u00eb huaja n\u00eb Republik\u00ebn e Kosov\u00ebs m\u00eb shum\u00eb se tre muaj konsiderohet i kund\u00ebrligjsh\u00ebm.<\/p>\n<p>\u201cGjat\u00eb kontrollit t\u00eb detajuar nga zyrtar\u00ebt policor\u00eb, n\u00eb automjet jan\u00eb gjetur dy kamerat e vendosura, nj\u00eb DVR dhe nj\u00eb ekran i monitorimit t\u00eb vendosur n\u00eb kund\u00ebrshtim me Ligjin p\u00ebr Mbrojtjen e t\u00eb Dh\u00ebnave Personale dhe Privat\u00ebsin\u00eb 06\/L-082. P\u00ebr k\u00ebt\u00eb arsye, n\u00eb vendngjarje jan\u00eb ftuar p\u00ebrfaq\u00ebsues t\u00eb Agjencis\u00eb p\u00ebr Informim dhe Privat\u00ebsi (AIP), t\u00eb cil\u00ebt kan\u00eb konfiskuar pajisjen p\u00ebr procedura t\u00eb m\u00ebtutjeshme ligjore\u201d, thuhet n\u00eb njoftim.<\/p>\n<p>Vetura thuhet se \u00ebsht\u00eb proceduar p\u00ebr n\u00eb Dogan\u00ebn e Kosov\u00ebs p\u00ebr veprime t\u00eb m\u00ebtejme.<\/p>\n","protected":false},"excerpt":{"rendered":"<p>Mitrovic\u00eb e Veriut, 08 shtator 2025 Policia e Kosov\u00ebs ka njoftuar se t\u00eb h\u00ebn\u00ebn n\u00eb Mitrovic\u00eb t\u00eb Veriut ka konfiskuar nj\u00eb automjet me targa t\u00eb<\/p>\n","protected":false},"author":1,"featured_media":11111,"comment_status":"open","ping_status":"open","sticky":false,"template":"","format":"standard","meta":{"footnotes":""},"categories":[60],"tags":[],"class_list":["post-11110","post","type-post","status-publish","format-standard","has-post-thumbnail","hentry","category-shoqerore-sq"],"yoast_head":"<!-- This site is optimized with the Yoast SEO plugin v25.3.1 - https:\/\/yoast.com\/wordpress\/plugins\/seo\/ -->\n<title>Policia n\u00eb veri konfiskon vetur\u00ebn me t\u00eb cil\u00ebn m\u00eb her\u00ebt barteshin para nga Serbia n\u00eb Kosov\u00eb -<\/title>\n<meta name=\"robots\" content=\"index, follow, max-snippet:-1, max-image-preview:large, max-video-preview:-1\" \/>\n<link rel=\"canonical\" href=\"https:\/\/veritasinfo.org\/?p=11110\" \/>\n<meta property=\"og:locale\" content=\"en_US\" \/>\n<meta property=\"og:type\" content=\"article\" \/>\n<meta property=\"og:title\" content=\"Policia n\u00eb veri konfiskon vetur\u00ebn me t\u00eb cil\u00ebn m\u00eb her\u00ebt barteshin para nga Serbia n\u00eb Kosov\u00eb -\" \/>\n<meta property=\"og:description\" content=\"Mitrovic\u00eb e Veriut, 08 shtator 2025 Policia e Kosov\u00ebs ka njoftuar se t\u00eb h\u00ebn\u00ebn n\u00eb Mitrovic\u00eb t\u00eb Veriut ka konfiskuar nj\u00eb automjet me targa t\u00eb\" \/>\n<meta property=\"og:url\" content=\"https:\/\/veritasinfo.org\/?p=11110\" \/>\n<meta property=\"article:published_time\" content=\"2025-09-08T16:00:00+00:00\" \/>\n<meta property=\"article:modified_time\" content=\"2025-09-08T16:02:18+00:00\" \/>\n<meta property=\"og:image\" content=\"https:\/\/veritasinfo.org\/wp-content\/uploads\/2025\/09\/545365087_1086153967058194_272104635446798088_n.jpg\" \/>\n\t<meta property=\"og:image:width\" content=\"948\" \/>\n\t<meta property=\"og:image:height\" content=\"702\" \/>\n\t<meta property=\"og:image:type\" content=\"image\/jpeg\" \/>\n<meta name=\"author\" content=\"admin\" \/>\n<meta name=\"twitter:card\" content=\"summary_large_image\" \/>\n<meta name=\"twitter:label1\" content=\"Written by\" \/>\n\t<meta name=\"twitter:data1\" content=\"admin\" \/>\n\t<meta name=\"twitter:label2\" content=\"Est. reading time\" \/>\n\t<meta name=\"twitter:data2\" content=\"2 minutes\" \/>\n<script type=\"application\/ld+json\" class=\"yoast-schema-graph\">{\"@context\":\"https:\/\/schema.org\",\"@graph\":[{\"@type\":\"WebPage\",\"@id\":\"https:\/\/veritasinfo.org\/?p=11110\",\"url\":\"https:\/\/veritasinfo.org\/?p=11110\",\"name\":\"Policia n\u00eb veri konfiskon vetur\u00ebn me t\u00eb cil\u00ebn m\u00eb her\u00ebt barteshin para nga Serbia n\u00eb Kosov\u00eb -\",\"isPartOf\":{\"@id\":\"https:\/\/veritasinfo.org\/#website\"},\"primaryImageOfPage\":{\"@id\":\"https:\/\/veritasinfo.org\/?p=11110#primaryimage\"},\"image\":{\"@id\":\"https:\/\/veritasinfo.org\/?p=11110#primaryimage\"},\"thumbnailUrl\":\"https:\/\/veritasinfo.org\/wp-content\/uploads\/2025\/09\/545365087_1086153967058194_272104635446798088_n.jpg\",\"datePublished\":\"2025-09-08T16:00:00+00:00\",\"dateModified\":\"2025-09-08T16:02:18+00:00\",\"author\":{\"@id\":\"https:\/\/veritasinfo.org\/#\/schema\/person\/7701f8c088bece422266b100a712374f\"},\"breadcrumb\":{\"@id\":\"https:\/\/veritasinfo.org\/?p=11110#breadcrumb\"},\"inLanguage\":\"en-US\",\"potentialAction\":[{\"@type\":\"ReadAction\",\"target\":[\"https:\/\/veritasinfo.org\/?p=11110\"]}]},{\"@type\":\"ImageObject\",\"inLanguage\":\"en-US\",\"@id\":\"https:\/\/veritasinfo.org\/?p=11110#primaryimage\",\"url\":\"https:\/\/veritasinfo.org\/wp-content\/uploads\/2025\/09\/545365087_1086153967058194_272104635446798088_n.jpg\",\"contentUrl\":\"https:\/\/veritasinfo.org\/wp-content\/uploads\/2025\/09\/545365087_1086153967058194_272104635446798088_n.jpg\",\"width\":948,\"height\":702},{\"@type\":\"BreadcrumbList\",\"@id\":\"https:\/\/veritasinfo.org\/?p=11110#breadcrumb\",\"itemListElement\":[{\"@type\":\"ListItem\",\"position\":1,\"name\":\"Home\",\"item\":\"https:\/\/veritasinfo.org\/\"},{\"@type\":\"ListItem\",\"position\":2,\"name\":\"Policia n\u00eb veri konfiskon vetur\u00ebn me t\u00eb cil\u00ebn m\u00eb her\u00ebt barteshin para nga Serbia n\u00eb Kosov\u00eb\"}]},{\"@type\":\"WebSite\",\"@id\":\"https:\/\/veritasinfo.org\/#website\",\"url\":\"https:\/\/veritasinfo.org\/\",\"name\":\"\",\"description\":\"\",\"potentialAction\":[{\"@type\":\"SearchAction\",\"target\":{\"@type\":\"EntryPoint\",\"urlTemplate\":\"https:\/\/veritasinfo.org\/?s={search_term_string}\"},\"query-input\":{\"@type\":\"PropertyValueSpecification\",\"valueRequired\":true,\"valueName\":\"search_term_string\"}}],\"inLanguage\":\"en-US\"},{\"@type\":\"Person\",\"@id\":\"https:\/\/veritasinfo.org\/#\/schema\/person\/7701f8c088bece422266b100a712374f\",\"name\":\"admin\",\"image\":{\"@type\":\"ImageObject\",\"inLanguage\":\"en-US\",\"@id\":\"https:\/\/veritasinfo.org\/#\/schema\/person\/image\/\",\"url\":\"https:\/\/secure.gravatar.com\/avatar\/ea53aa3bf6c9a12d5fde8ce4deff43fef3885ae33cf60184161a50d6987cfd2f?s=96&d=mm&r=g\",\"contentUrl\":\"https:\/\/secure.gravatar.com\/avatar\/ea53aa3bf6c9a12d5fde8ce4deff43fef3885ae33cf60184161a50d6987cfd2f?s=96&d=mm&r=g\",\"caption\":\"admin\"},\"sameAs\":[\"https:\/\/veritasinfo.org\"],\"url\":\"https:\/\/veritasinfo.org\/?author=1\"}]}<\/script>\n<!-- \/ Yoast SEO plugin. -->","yoast_head_json":{"title":"Policia n\u00eb veri konfiskon vetur\u00ebn me t\u00eb cil\u00ebn m\u00eb her\u00ebt barteshin para nga Serbia n\u00eb Kosov\u00eb -","robots":{"index":"index","follow":"follow","max-snippet":"max-snippet:-1","max-image-preview":"max-image-preview:large","max-video-preview":"max-video-preview:-1"},"canonical":"https:\/\/veritasinfo.org\/?p=11110","og_locale":"en_US","og_type":"article","og_title":"Policia n\u00eb veri konfiskon vetur\u00ebn me t\u00eb cil\u00ebn m\u00eb her\u00ebt barteshin para nga Serbia n\u00eb Kosov\u00eb -","og_description":"Mitrovic\u00eb e Veriut, 08 shtator 2025 Policia e Kosov\u00ebs ka njoftuar se t\u00eb h\u00ebn\u00ebn n\u00eb Mitrovic\u00eb t\u00eb Veriut ka konfiskuar nj\u00eb automjet me targa t\u00eb","og_url":"https:\/\/veritasinfo.org\/?p=11110","article_published_time":"2025-09-08T16:00:00+00:00","article_modified_time":"2025-09-08T16:02:18+00:00","og_image":[{"width":948,"height":702,"url":"https:\/\/veritasinfo.org\/wp-content\/uploads\/2025\/09\/545365087_1086153967058194_272104635446798088_n.jpg","type":"image\/jpeg"}],"author":"admin","twitter_card":"summary_large_image","twitter_misc":{"Written by":"admin","Est. reading time":"2 minutes"},"schema":{"@context":"https:\/\/schema.org","@graph":[{"@type":"WebPage","@id":"https:\/\/veritasinfo.org\/?p=11110","url":"https:\/\/veritasinfo.org\/?p=11110","name":"Policia n\u00eb veri konfiskon vetur\u00ebn me t\u00eb cil\u00ebn m\u00eb her\u00ebt barteshin para nga Serbia n\u00eb Kosov\u00eb -","isPartOf":{"@id":"https:\/\/veritasinfo.org\/#website"},"primaryImageOfPage":{"@id":"https:\/\/veritasinfo.org\/?p=11110#primaryimage"},"image":{"@id":"https:\/\/veritasinfo.org\/?p=11110#primaryimage"},"thumbnailUrl":"https:\/\/veritasinfo.org\/wp-content\/uploads\/2025\/09\/545365087_1086153967058194_272104635446798088_n.jpg","datePublished":"2025-09-08T16:00:00+00:00","dateModified":"2025-09-08T16:02:18+00:00","author":{"@id":"https:\/\/veritasinfo.org\/#\/schema\/person\/7701f8c088bece422266b100a712374f"},"breadcrumb":{"@id":"https:\/\/veritasinfo.org\/?p=11110#breadcrumb"},"inLanguage":"en-US","potentialAction":[{"@type":"ReadAction","target":["https:\/\/veritasinfo.org\/?p=11110"]}]},{"@type":"ImageObject","inLanguage":"en-US","@id":"https:\/\/veritasinfo.org\/?p=11110#primaryimage","url":"https:\/\/veritasinfo.org\/wp-content\/uploads\/2025\/09\/545365087_1086153967058194_272104635446798088_n.jpg","contentUrl":"https:\/\/veritasinfo.org\/wp-content\/uploads\/2025\/09\/545365087_1086153967058194_272104635446798088_n.jpg","width":948,"height":702},{"@type":"BreadcrumbList","@id":"https:\/\/veritasinfo.org\/?p=11110#breadcrumb","itemListElement":[{"@type":"ListItem","position":1,"name":"Home","item":"https:\/\/veritasinfo.org\/"},{"@type":"ListItem","position":2,"name":"Policia n\u00eb veri konfiskon vetur\u00ebn me t\u00eb cil\u00ebn m\u00eb her\u00ebt barteshin para nga Serbia n\u00eb Kosov\u00eb"}]},{"@type":"WebSite","@id":"https:\/\/veritasinfo.org\/#website","url":"https:\/\/veritasinfo.org\/","name":"","description":"","potentialAction":[{"@type":"SearchAction","target":{"@type":"EntryPoint","urlTemplate":"https:\/\/veritasinfo.org\/?s={search_term_string}"},"query-input":{"@type":"PropertyValueSpecification","valueRequired":true,"valueName":"search_term_string"}}],"inLanguage":"en-US"},{"@type":"Person","@id":"https:\/\/veritasinfo.org\/#\/schema\/person\/7701f8c088bece422266b100a712374f","name":"admin","image":{"@type":"ImageObject","inLanguage":"en-US","@id":"https:\/\/veritasinfo.org\/#\/schema\/person\/image\/","url":"https:\/\/secure.gravatar.com\/avatar\/ea53aa3bf6c9a12d5fde8ce4deff43fef3885ae33cf60184161a50d6987cfd2f?s=96&d=mm&r=g","contentUrl":"https:\/\/secure.gravatar.com\/avatar\/ea53aa3bf6c9a12d5fde8ce4deff43fef3885ae33cf60184161a50d6987cfd2f?s=96&d=mm&r=g","caption":"admin"},"sameAs":["https:\/\/veritasinfo.org"],"url":"https:\/\/veritasinfo.org\/?author=1"}]}},"featured_image_urls":{"full":["https:\/\/veritasinfo.org\/wp-content\/uploads\/2025\/09\/545365087_1086153967058194_272104635446798088_n.jpg",948,702,false],"thumbnail":["https:\/\/veritasinfo.org\/wp-content\/uploads\/2025\/09\/545365087_1086153967058194_272104635446798088_n-150x150.jpg",150,150,true],"medium":["https:\/\/veritasinfo.org\/wp-content\/uploads\/2025\/09\/545365087_1086153967058194_272104635446798088_n-300x222.jpg",300,222,true],"medium_large":["https:\/\/veritasinfo.org\/wp-content\/uploads\/2025\/09\/545365087_1086153967058194_272104635446798088_n-768x569.jpg",640,474,true],"large":["https:\/\/veritasinfo.org\/wp-content\/uploads\/2025\/09\/545365087_1086153967058194_272104635446798088_n.jpg",640,474,false],"1536x1536":["https:\/\/veritasinfo.org\/wp-content\/uploads\/2025\/09\/545365087_1086153967058194_272104635446798088_n.jpg",948,702,false],"2048x2048":["https:\/\/veritasinfo.org\/wp-content\/uploads\/2025\/09\/545365087_1086153967058194_272104635446798088_n.jpg",948,702,false],"kreeti-slider-full":["https:\/\/veritasinfo.org\/wp-content\/uploads\/2025\/09\/545365087_1086153967058194_272104635446798088_n.jpg",948,702,false],"kreeti-featured":["https:\/\/veritasinfo.org\/wp-content\/uploads\/2025\/09\/545365087_1086153967058194_272104635446798088_n.jpg",948,702,false],"kreeti-medium":["https:\/\/veritasinfo.org\/wp-content\/uploads\/2025\/09\/545365087_1086153967058194_272104635446798088_n.jpg",716,530,false],"kreeti-medium-square":["https:\/\/veritasinfo.org\/wp-content\/uploads\/2025\/09\/545365087_1086153967058194_272104635446798088_n.jpg",350,259,false]},"author_info":{"info":["admin"]},"category_info":"<a href=\"https:\/\/veritasinfo.org\/?cat=60\" rel=\"category\">Shoq\u00ebrore<\/a>","tag_info":"Shoq\u00ebrore","comment_count":"0","_links":{"self":[{"href":"https:\/\/veritasinfo.org\/index.php?rest_route=\/wp\/v2\/posts\/11110","targetHints":{"allow":["GET"]}}],"collection":[{"href":"https:\/\/veritasinfo.org\/index.php?rest_route=\/wp\/v2\/posts"}],"about":[{"href":"https:\/\/veritasinfo.org\/index.php?rest_route=\/wp\/v2\/types\/post"}],"author":[{"embeddable":true,"href":"https:\/\/veritasinfo.org\/index.php?rest_route=\/wp\/v2\/users\/1"}],"replies":[{"embeddable":true,"href":"https:\/\/veritasinfo.org\/index.php?rest_route=%2Fwp%2Fv2%2Fcomments&post=11110"}],"version-history":[{"count":1,"href":"https:\/\/veritasinfo.org\/index.php?rest_route=\/wp\/v2\/posts\/11110\/revisions"}],"predecessor-version":[{"id":11112,"href":"https:\/\/veritasinfo.org\/index.php?rest_route=\/wp\/v2\/posts\/11110\/revisions\/11112"}],"wp:featuredmedia":[{"embeddable":true,"href":"https:\/\/veritasinfo.org\/index.php?rest_route=\/wp\/v2\/media\/11111"}],"wp:attachment":[{"href":"https:\/\/veritasinfo.org\/index.php?rest_route=%2Fwp%2Fv2%2Fmedia&parent=11110"}],"wp:term":[{"taxonomy":"category","embeddable":true,"href":"https:\/\/veritasinfo.org\/index.php?rest_route=%2Fwp%2Fv2%2Fcategories&post=11110"},{"taxonomy":"post_tag","embeddable":true,"href":"https:\/\/veritasinfo.org\/index.php?rest_route=%2Fwp%2Fv2%2Ftags&post=11110"}],"curies":[{"name":"wp","href":"https:\/\/api.w.org\/{rel}","templated":true}]}}