{"id":11085,"date":"2025-09-08T14:23:24","date_gmt":"2025-09-08T12:23:24","guid":{"rendered":"https:\/\/veritasinfo.org\/?p=11085"},"modified":"2025-09-08T14:23:24","modified_gmt":"2025-09-08T12:23:24","slug":"osmani-takohet-me-ambasadorin-e-arabise-saudite-pranon-ftese-per-pjesemarrje-ne-nje-forum-ne-riad","status":"publish","type":"post","link":"https:\/\/veritasinfo.org\/?p=11085","title":{"rendered":"Osmani takohet me ambasadorin e Arabis\u00eb Saudite, pranon ftes\u00eb p\u00ebr pjes\u00ebmarrje n\u00eb nj\u00eb forum n\u00eb Riad"},"content":{"rendered":"<p>Prishtin\u00eb, 08 shtator 2025<\/p>\n<p>Presidentja e Kosov\u00ebs, Vjosa Osmani, t\u00eb h\u00ebn\u00ebn ka pritur n\u00eb takim ambasadorin e Mbret\u00ebris\u00eb s\u00eb Arabis\u00eb Saudite, Faisal Ghazi Ismail Hifzi.<\/p>\n<p>Sipas Presidenc\u00ebs, n\u00eb takim \u00ebsht\u00eb diskutuar p\u00ebr marr\u00ebdh\u00ebniet bilaterale nd\u00ebrmjet dy shteteve dhe p\u00ebrkushtimin e nd\u00ebrsjell\u00eb p\u00ebr thellimin e tyre p\u00ebrmes \u2018nxitjes s\u00eb investimeve ekonomike n\u00eb Kosov\u00eb.<\/p>\n<p>\u201cPresidentja Osmani shprehu mir\u00ebnjohjen p\u00ebr mb\u00ebshtetjen e vazhdueshme t\u00eb Arabis\u00eb Saudite, duke ritheksuar p\u00ebrkushtimin e Kosov\u00ebs p\u00ebr forcimin e m\u00ebtejsh\u00ebm t\u00eb k\u00ebsaj miq\u00ebsie\u201d, thuhet n\u00eb njoftim.<\/p>\n<p>Tutje \u00ebsht\u00eb b\u00ebr\u00eb e ditur se, ambasadori Hifzi i ka dor\u00ebzuar Osmanit ftes\u00ebn e Princit t\u00eb Kuror\u00ebs dhe Kryeministrit t\u00eb Mbret\u00ebris\u00eb s\u00eb Arabis\u00eb Saudite, Mohammed bin Salman bin Abdulaziz Al Saud, p\u00ebr t\u00eb marr\u00eb pjes\u00eb n\u00eb forumin \u201cFuture Investment Initiative\u201d q\u00eb do t\u00eb mbahet n\u00eb Riad.<\/p>\n<p>\u201cPresidentja fal\u00ebnderoi ambasadorin p\u00ebr ftes\u00ebn dhe ritheksoi gatishm\u00ebrin\u00eb p\u00ebr t\u00eb vazhduar pun\u00ebn e p\u00ebrbashk\u00ebt me Lartmadh\u00ebrin\u00eb e Tij, me synim thellimin e bashk\u00ebpunimit nd\u00ebrmjet dy shteteve\u201d, theksohet n\u00eb fund t\u00eb njoftimit.<\/p>\n","protected":false},"excerpt":{"rendered":"<p>Prishtin\u00eb, 08 shtator 2025 Presidentja e Kosov\u00ebs, Vjosa Osmani, t\u00eb h\u00ebn\u00ebn ka pritur n\u00eb takim ambasadorin e Mbret\u00ebris\u00eb s\u00eb Arabis\u00eb Saudite, Faisal Ghazi Ismail Hifzi.<\/p>\n","protected":false},"author":1,"featured_media":11086,"comment_status":"open","ping_status":"open","sticky":false,"template":"","format":"standard","meta":{"footnotes":""},"categories":[93],"tags":[],"class_list":["post-11085","post","type-post","status-publish","format-standard","has-post-thumbnail","hentry","category-politika-sq"],"yoast_head":"<!-- This site is optimized with the Yoast SEO plugin v25.3.1 - https:\/\/yoast.com\/wordpress\/plugins\/seo\/ -->\n<title>Osmani takohet me ambasadorin e Arabis\u00eb Saudite, pranon ftes\u00eb p\u00ebr pjes\u00ebmarrje n\u00eb nj\u00eb forum n\u00eb Riad -<\/title>\n<meta name=\"robots\" content=\"index, follow, max-snippet:-1, max-image-preview:large, max-video-preview:-1\" \/>\n<link rel=\"canonical\" href=\"https:\/\/veritasinfo.org\/?p=11085\" \/>\n<meta property=\"og:locale\" content=\"en_US\" \/>\n<meta property=\"og:type\" content=\"article\" \/>\n<meta property=\"og:title\" content=\"Osmani takohet me ambasadorin e Arabis\u00eb Saudite, pranon ftes\u00eb p\u00ebr pjes\u00ebmarrje n\u00eb nj\u00eb forum n\u00eb Riad -\" \/>\n<meta property=\"og:description\" content=\"Prishtin\u00eb, 08 shtator 2025 Presidentja e Kosov\u00ebs, Vjosa Osmani, t\u00eb h\u00ebn\u00ebn ka pritur n\u00eb takim ambasadorin e Mbret\u00ebris\u00eb s\u00eb Arabis\u00eb Saudite, Faisal Ghazi Ismail Hifzi.\" \/>\n<meta property=\"og:url\" content=\"https:\/\/veritasinfo.org\/?p=11085\" \/>\n<meta property=\"article:published_time\" content=\"2025-09-08T12:23:24+00:00\" \/>\n<meta property=\"og:image\" content=\"https:\/\/veritasinfo.org\/wp-content\/uploads\/2025\/09\/545576152_820434333978557_6248322391723508821_n.jpg\" \/>\n\t<meta property=\"og:image:width\" content=\"2048\" \/>\n\t<meta property=\"og:image:height\" content=\"1368\" \/>\n\t<meta property=\"og:image:type\" content=\"image\/jpeg\" \/>\n<meta name=\"author\" content=\"admin\" \/>\n<meta name=\"twitter:card\" content=\"summary_large_image\" \/>\n<meta name=\"twitter:label1\" content=\"Written by\" \/>\n\t<meta name=\"twitter:data1\" content=\"admin\" \/>\n\t<meta name=\"twitter:label2\" content=\"Est. reading time\" \/>\n\t<meta name=\"twitter:data2\" content=\"1 minute\" \/>\n<script type=\"application\/ld+json\" class=\"yoast-schema-graph\">{\"@context\":\"https:\/\/schema.org\",\"@graph\":[{\"@type\":\"WebPage\",\"@id\":\"https:\/\/veritasinfo.org\/?p=11085\",\"url\":\"https:\/\/veritasinfo.org\/?p=11085\",\"name\":\"Osmani takohet me ambasadorin e Arabis\u00eb Saudite, pranon ftes\u00eb p\u00ebr pjes\u00ebmarrje n\u00eb nj\u00eb forum n\u00eb Riad -\",\"isPartOf\":{\"@id\":\"https:\/\/veritasinfo.org\/#website\"},\"primaryImageOfPage\":{\"@id\":\"https:\/\/veritasinfo.org\/?p=11085#primaryimage\"},\"image\":{\"@id\":\"https:\/\/veritasinfo.org\/?p=11085#primaryimage\"},\"thumbnailUrl\":\"https:\/\/veritasinfo.org\/wp-content\/uploads\/2025\/09\/545576152_820434333978557_6248322391723508821_n.jpg\",\"datePublished\":\"2025-09-08T12:23:24+00:00\",\"author\":{\"@id\":\"https:\/\/veritasinfo.org\/#\/schema\/person\/7701f8c088bece422266b100a712374f\"},\"breadcrumb\":{\"@id\":\"https:\/\/veritasinfo.org\/?p=11085#breadcrumb\"},\"inLanguage\":\"en-US\",\"potentialAction\":[{\"@type\":\"ReadAction\",\"target\":[\"https:\/\/veritasinfo.org\/?p=11085\"]}]},{\"@type\":\"ImageObject\",\"inLanguage\":\"en-US\",\"@id\":\"https:\/\/veritasinfo.org\/?p=11085#primaryimage\",\"url\":\"https:\/\/veritasinfo.org\/wp-content\/uploads\/2025\/09\/545576152_820434333978557_6248322391723508821_n.jpg\",\"contentUrl\":\"https:\/\/veritasinfo.org\/wp-content\/uploads\/2025\/09\/545576152_820434333978557_6248322391723508821_n.jpg\",\"width\":2048,\"height\":1368},{\"@type\":\"BreadcrumbList\",\"@id\":\"https:\/\/veritasinfo.org\/?p=11085#breadcrumb\",\"itemListElement\":[{\"@type\":\"ListItem\",\"position\":1,\"name\":\"Home\",\"item\":\"https:\/\/veritasinfo.org\/\"},{\"@type\":\"ListItem\",\"position\":2,\"name\":\"Osmani takohet me ambasadorin e Arabis\u00eb Saudite, pranon ftes\u00eb p\u00ebr pjes\u00ebmarrje n\u00eb nj\u00eb forum n\u00eb Riad\"}]},{\"@type\":\"WebSite\",\"@id\":\"https:\/\/veritasinfo.org\/#website\",\"url\":\"https:\/\/veritasinfo.org\/\",\"name\":\"\",\"description\":\"\",\"potentialAction\":[{\"@type\":\"SearchAction\",\"target\":{\"@type\":\"EntryPoint\",\"urlTemplate\":\"https:\/\/veritasinfo.org\/?s={search_term_string}\"},\"query-input\":{\"@type\":\"PropertyValueSpecification\",\"valueRequired\":true,\"valueName\":\"search_term_string\"}}],\"inLanguage\":\"en-US\"},{\"@type\":\"Person\",\"@id\":\"https:\/\/veritasinfo.org\/#\/schema\/person\/7701f8c088bece422266b100a712374f\",\"name\":\"admin\",\"image\":{\"@type\":\"ImageObject\",\"inLanguage\":\"en-US\",\"@id\":\"https:\/\/veritasinfo.org\/#\/schema\/person\/image\/\",\"url\":\"https:\/\/secure.gravatar.com\/avatar\/ea53aa3bf6c9a12d5fde8ce4deff43fef3885ae33cf60184161a50d6987cfd2f?s=96&d=mm&r=g\",\"contentUrl\":\"https:\/\/secure.gravatar.com\/avatar\/ea53aa3bf6c9a12d5fde8ce4deff43fef3885ae33cf60184161a50d6987cfd2f?s=96&d=mm&r=g\",\"caption\":\"admin\"},\"sameAs\":[\"https:\/\/veritasinfo.org\"],\"url\":\"https:\/\/veritasinfo.org\/?author=1\"}]}<\/script>\n<!-- \/ Yoast SEO plugin. -->","yoast_head_json":{"title":"Osmani takohet me ambasadorin e Arabis\u00eb Saudite, pranon ftes\u00eb p\u00ebr pjes\u00ebmarrje n\u00eb nj\u00eb forum n\u00eb Riad -","robots":{"index":"index","follow":"follow","max-snippet":"max-snippet:-1","max-image-preview":"max-image-preview:large","max-video-preview":"max-video-preview:-1"},"canonical":"https:\/\/veritasinfo.org\/?p=11085","og_locale":"en_US","og_type":"article","og_title":"Osmani takohet me ambasadorin e Arabis\u00eb Saudite, pranon ftes\u00eb p\u00ebr pjes\u00ebmarrje n\u00eb nj\u00eb forum n\u00eb Riad -","og_description":"Prishtin\u00eb, 08 shtator 2025 Presidentja e Kosov\u00ebs, Vjosa Osmani, t\u00eb h\u00ebn\u00ebn ka pritur n\u00eb takim ambasadorin e Mbret\u00ebris\u00eb s\u00eb Arabis\u00eb Saudite, Faisal Ghazi Ismail Hifzi.","og_url":"https:\/\/veritasinfo.org\/?p=11085","article_published_time":"2025-09-08T12:23:24+00:00","og_image":[{"width":2048,"height":1368,"url":"https:\/\/veritasinfo.org\/wp-content\/uploads\/2025\/09\/545576152_820434333978557_6248322391723508821_n.jpg","type":"image\/jpeg"}],"author":"admin","twitter_card":"summary_large_image","twitter_misc":{"Written by":"admin","Est. reading time":"1 minute"},"schema":{"@context":"https:\/\/schema.org","@graph":[{"@type":"WebPage","@id":"https:\/\/veritasinfo.org\/?p=11085","url":"https:\/\/veritasinfo.org\/?p=11085","name":"Osmani takohet me ambasadorin e Arabis\u00eb Saudite, pranon ftes\u00eb p\u00ebr pjes\u00ebmarrje n\u00eb nj\u00eb forum n\u00eb Riad -","isPartOf":{"@id":"https:\/\/veritasinfo.org\/#website"},"primaryImageOfPage":{"@id":"https:\/\/veritasinfo.org\/?p=11085#primaryimage"},"image":{"@id":"https:\/\/veritasinfo.org\/?p=11085#primaryimage"},"thumbnailUrl":"https:\/\/veritasinfo.org\/wp-content\/uploads\/2025\/09\/545576152_820434333978557_6248322391723508821_n.jpg","datePublished":"2025-09-08T12:23:24+00:00","author":{"@id":"https:\/\/veritasinfo.org\/#\/schema\/person\/7701f8c088bece422266b100a712374f"},"breadcrumb":{"@id":"https:\/\/veritasinfo.org\/?p=11085#breadcrumb"},"inLanguage":"en-US","potentialAction":[{"@type":"ReadAction","target":["https:\/\/veritasinfo.org\/?p=11085"]}]},{"@type":"ImageObject","inLanguage":"en-US","@id":"https:\/\/veritasinfo.org\/?p=11085#primaryimage","url":"https:\/\/veritasinfo.org\/wp-content\/uploads\/2025\/09\/545576152_820434333978557_6248322391723508821_n.jpg","contentUrl":"https:\/\/veritasinfo.org\/wp-content\/uploads\/2025\/09\/545576152_820434333978557_6248322391723508821_n.jpg","width":2048,"height":1368},{"@type":"BreadcrumbList","@id":"https:\/\/veritasinfo.org\/?p=11085#breadcrumb","itemListElement":[{"@type":"ListItem","position":1,"name":"Home","item":"https:\/\/veritasinfo.org\/"},{"@type":"ListItem","position":2,"name":"Osmani takohet me ambasadorin e Arabis\u00eb Saudite, pranon ftes\u00eb p\u00ebr pjes\u00ebmarrje n\u00eb nj\u00eb forum n\u00eb Riad"}]},{"@type":"WebSite","@id":"https:\/\/veritasinfo.org\/#website","url":"https:\/\/veritasinfo.org\/","name":"","description":"","potentialAction":[{"@type":"SearchAction","target":{"@type":"EntryPoint","urlTemplate":"https:\/\/veritasinfo.org\/?s={search_term_string}"},"query-input":{"@type":"PropertyValueSpecification","valueRequired":true,"valueName":"search_term_string"}}],"inLanguage":"en-US"},{"@type":"Person","@id":"https:\/\/veritasinfo.org\/#\/schema\/person\/7701f8c088bece422266b100a712374f","name":"admin","image":{"@type":"ImageObject","inLanguage":"en-US","@id":"https:\/\/veritasinfo.org\/#\/schema\/person\/image\/","url":"https:\/\/secure.gravatar.com\/avatar\/ea53aa3bf6c9a12d5fde8ce4deff43fef3885ae33cf60184161a50d6987cfd2f?s=96&d=mm&r=g","contentUrl":"https:\/\/secure.gravatar.com\/avatar\/ea53aa3bf6c9a12d5fde8ce4deff43fef3885ae33cf60184161a50d6987cfd2f?s=96&d=mm&r=g","caption":"admin"},"sameAs":["https:\/\/veritasinfo.org"],"url":"https:\/\/veritasinfo.org\/?author=1"}]}},"featured_image_urls":{"full":["https:\/\/veritasinfo.org\/wp-content\/uploads\/2025\/09\/545576152_820434333978557_6248322391723508821_n.jpg",2048,1368,false],"thumbnail":["https:\/\/veritasinfo.org\/wp-content\/uploads\/2025\/09\/545576152_820434333978557_6248322391723508821_n-150x150.jpg",150,150,true],"medium":["https:\/\/veritasinfo.org\/wp-content\/uploads\/2025\/09\/545576152_820434333978557_6248322391723508821_n-300x200.jpg",300,200,true],"medium_large":["https:\/\/veritasinfo.org\/wp-content\/uploads\/2025\/09\/545576152_820434333978557_6248322391723508821_n-768x513.jpg",640,428,true],"large":["https:\/\/veritasinfo.org\/wp-content\/uploads\/2025\/09\/545576152_820434333978557_6248322391723508821_n-1024x684.jpg",640,428,true],"1536x1536":["https:\/\/veritasinfo.org\/wp-content\/uploads\/2025\/09\/545576152_820434333978557_6248322391723508821_n-1536x1026.jpg",1536,1026,true],"2048x2048":["https:\/\/veritasinfo.org\/wp-content\/uploads\/2025\/09\/545576152_820434333978557_6248322391723508821_n.jpg",2048,1368,false],"kreeti-slider-full":["https:\/\/veritasinfo.org\/wp-content\/uploads\/2025\/09\/545576152_820434333978557_6248322391723508821_n.jpg",1078,720,false],"kreeti-featured":["https:\/\/veritasinfo.org\/wp-content\/uploads\/2025\/09\/545576152_820434333978557_6248322391723508821_n.jpg",1024,684,false],"kreeti-medium":["https:\/\/veritasinfo.org\/wp-content\/uploads\/2025\/09\/545576152_820434333978557_6248322391723508821_n.jpg",720,481,false],"kreeti-medium-square":["https:\/\/veritasinfo.org\/wp-content\/uploads\/2025\/09\/545576152_820434333978557_6248322391723508821_n.jpg",350,234,false]},"author_info":{"info":["admin"]},"category_info":"<a href=\"https:\/\/veritasinfo.org\/?cat=93\" rel=\"category\">Politika<\/a>","tag_info":"Politika","comment_count":"0","_links":{"self":[{"href":"https:\/\/veritasinfo.org\/index.php?rest_route=\/wp\/v2\/posts\/11085","targetHints":{"allow":["GET"]}}],"collection":[{"href":"https:\/\/veritasinfo.org\/index.php?rest_route=\/wp\/v2\/posts"}],"about":[{"href":"https:\/\/veritasinfo.org\/index.php?rest_route=\/wp\/v2\/types\/post"}],"author":[{"embeddable":true,"href":"https:\/\/veritasinfo.org\/index.php?rest_route=\/wp\/v2\/users\/1"}],"replies":[{"embeddable":true,"href":"https:\/\/veritasinfo.org\/index.php?rest_route=%2Fwp%2Fv2%2Fcomments&post=11085"}],"version-history":[{"count":1,"href":"https:\/\/veritasinfo.org\/index.php?rest_route=\/wp\/v2\/posts\/11085\/revisions"}],"predecessor-version":[{"id":11087,"href":"https:\/\/veritasinfo.org\/index.php?rest_route=\/wp\/v2\/posts\/11085\/revisions\/11087"}],"wp:featuredmedia":[{"embeddable":true,"href":"https:\/\/veritasinfo.org\/index.php?rest_route=\/wp\/v2\/media\/11086"}],"wp:attachment":[{"href":"https:\/\/veritasinfo.org\/index.php?rest_route=%2Fwp%2Fv2%2Fmedia&parent=11085"}],"wp:term":[{"taxonomy":"category","embeddable":true,"href":"https:\/\/veritasinfo.org\/index.php?rest_route=%2Fwp%2Fv2%2Fcategories&post=11085"},{"taxonomy":"post_tag","embeddable":true,"href":"https:\/\/veritasinfo.org\/index.php?rest_route=%2Fwp%2Fv2%2Ftags&post=11085"}],"curies":[{"name":"wp","href":"https:\/\/api.w.org\/{rel}","templated":true}]}}