{"id":1108,"date":"2025-06-20T07:46:59","date_gmt":"2025-06-20T05:46:59","guid":{"rendered":"https:\/\/veritasinfo.org\/?p=1108"},"modified":"2025-06-20T07:46:59","modified_gmt":"2025-06-20T05:46:59","slug":"lideri-i-demokracise-serbe-aleksandar-arsenijeviq-alarmoi-qytetaret-pretendon-se-plani-eshte-qe-te-shembet-monumenti-engjelli-i-bardhe","status":"publish","type":"post","link":"https:\/\/veritasinfo.org\/?p=1108","title":{"rendered":"Lideri i Demokracis\u00eb Serbe, Aleksandar Arsenijeviq, alarmoi qytetar\u00ebt, pretendon se plani \u00ebsht\u00eb q\u00eb t\u00eb shembet monumenti \u201c\u00cbngjelli i Bardh\u00eb\u201d"},"content":{"rendered":"<p><strong>Mitrovic\u00eb Veriore, 20 Qershor, 2025<\/strong><\/p>\n<p>Lideri i Demokracis\u00eb Serbe, Aleksandar Arsenijeviq, ka reaguar ndaj paralajm\u00ebrimeve p\u00ebr nd\u00ebrtimin e dy urave mbi Lumin Ib\u00ebr. N\u00eb nj\u00eb postim n\u00eb profilin e tij ai ka alarmuar qytetar\u00ebt p\u00ebr sic thot\u00eb ai planin p\u00ebr rr\u00ebnimin e monumentit \u201c\u00cbngjelli i Bardh\u00eb\u201d i cili n\u00eb Mitrovic\u00eb \u00ebsht\u00eb vendosur pas luft\u00ebs dhe u kushtohet viktimave t\u00eb bombardimeve.<\/p>\n<p><img fetchpriority=\"high\" decoding=\"async\" class=\"alignnone size-medium wp-image-482\" src=\"https:\/\/veritasinfo.org\/wp-content\/uploads\/2025\/06\/aleksandar-arsenijevic-1-e1724354826151-1000x560-1-300x168.jpg\" alt=\"\" width=\"300\" height=\"168\" srcset=\"https:\/\/veritasinfo.org\/wp-content\/uploads\/2025\/06\/aleksandar-arsenijevic-1-e1724354826151-1000x560-1-300x168.jpg 300w, https:\/\/veritasinfo.org\/wp-content\/uploads\/2025\/06\/aleksandar-arsenijevic-1-e1724354826151-1000x560-1-768x430.jpg 768w, https:\/\/veritasinfo.org\/wp-content\/uploads\/2025\/06\/aleksandar-arsenijevic-1-e1724354826151-1000x560-1.jpg 1000w\" sizes=\"(max-width: 300px) 100vw, 300px\" \/><\/p>\n<p>\u201cP\u00ebrve\u00e7 faktit q\u00eb autoritetet etno-nacionaliste d\u00ebshtuan ta largonin KFOR-in nga ura kryesore dhe k\u00ebshtu t\u00eb paraqisnin dominimin e qart\u00eb t\u00eb shumic\u00ebs shqiptare mbi pakic\u00ebn serbe n\u00eb veri, ata vendos\u00ebn p\u00ebr nj\u00eb tjet\u00ebr veprim t\u00eb d\u00ebshp\u00ebruar. N\u00eb k\u00ebt\u00eb m\u00ebnyr\u00eb, p\u00ebrve\u00e7 ekspozitave t\u00eb tyre, ata duan t\u00eb na l\u00ebn\u00eb nj\u00eb gjurm\u00eb &#8211; duke shembur monumentin &#8220;Engj\u00eblli i Bardh\u00eb&#8221; n\u00eb Mitrovic\u00ebn e Veriut. Ne k\u00ebrkojm\u00eb reagimin e menj\u00ebhersh\u00ebm t\u00eb KFOR-it, organizatave nd\u00ebrkomb\u00ebtare dhe ambasadave, si dhe vendosm\u00ebrin\u00eb e tyre t\u00eb qart\u00eb p\u00ebr t\u00eb mbrojtur monumentin dhe p\u00ebr t\u00eb parandaluar p\u00ebrpjekjet e m\u00ebtejshme p\u00ebr t\u00eb fshir\u00eb gjurm\u00ebt e pranis\u00eb serbe n\u00eb Kosov\u00eb. Heshtja n\u00eb k\u00ebt\u00eb rast do t\u00eb ishte bashk\u00ebfaj\u00ebsi\u201d, shkroi Arsenijeviq n\u00eb Facebook.<\/p>\n","protected":false},"excerpt":{"rendered":"<p>Mitrovic\u00eb Veriore, 20 Qershor, 2025 Lideri i Demokracis\u00eb Serbe, Aleksandar Arsenijeviq, ka reaguar ndaj paralajm\u00ebrimeve p\u00ebr nd\u00ebrtimin e dy urave mbi Lumin Ib\u00ebr. N\u00eb nj\u00eb<\/p>\n","protected":false},"author":2,"featured_media":1109,"comment_status":"open","ping_status":"open","sticky":false,"template":"","format":"standard","meta":{"footnotes":""},"categories":[60],"tags":[],"class_list":["post-1108","post","type-post","status-publish","format-standard","has-post-thumbnail","hentry","category-shoqerore-sq"],"yoast_head":"<!-- This site is optimized with the Yoast SEO plugin v25.3.1 - https:\/\/yoast.com\/wordpress\/plugins\/seo\/ -->\n<title>Lideri i Demokracis\u00eb Serbe, Aleksandar Arsenijeviq, alarmoi qytetar\u00ebt, pretendon se plani \u00ebsht\u00eb q\u00eb t\u00eb shembet monumenti \u201c\u00cbngjelli i Bardh\u00eb\u201d -<\/title>\n<meta name=\"robots\" content=\"index, follow, max-snippet:-1, max-image-preview:large, max-video-preview:-1\" \/>\n<link rel=\"canonical\" href=\"https:\/\/veritasinfo.org\/?p=1108\" \/>\n<meta property=\"og:locale\" content=\"en_US\" \/>\n<meta property=\"og:type\" content=\"article\" \/>\n<meta property=\"og:title\" content=\"Lideri i Demokracis\u00eb Serbe, Aleksandar Arsenijeviq, alarmoi qytetar\u00ebt, pretendon se plani \u00ebsht\u00eb q\u00eb t\u00eb shembet monumenti \u201c\u00cbngjelli i Bardh\u00eb\u201d -\" \/>\n<meta property=\"og:description\" content=\"Mitrovic\u00eb Veriore, 20 Qershor, 2025 Lideri i Demokracis\u00eb Serbe, Aleksandar Arsenijeviq, ka reaguar ndaj paralajm\u00ebrimeve p\u00ebr nd\u00ebrtimin e dy urave mbi Lumin Ib\u00ebr. N\u00eb nj\u00eb\" \/>\n<meta property=\"og:url\" content=\"https:\/\/veritasinfo.org\/?p=1108\" \/>\n<meta property=\"article:published_time\" content=\"2025-06-20T05:46:59+00:00\" \/>\n<meta property=\"og:image\" content=\"https:\/\/veritasinfo.org\/wp-content\/uploads\/2025\/06\/urat.jpg\" \/>\n\t<meta property=\"og:image:width\" content=\"1200\" \/>\n\t<meta property=\"og:image:height\" content=\"630\" \/>\n\t<meta property=\"og:image:type\" content=\"image\/jpeg\" \/>\n<meta name=\"author\" content=\"US1\" \/>\n<meta name=\"twitter:card\" content=\"summary_large_image\" \/>\n<meta name=\"twitter:label1\" content=\"Written by\" \/>\n\t<meta name=\"twitter:data1\" content=\"US1\" \/>\n\t<meta name=\"twitter:label2\" content=\"Est. reading time\" \/>\n\t<meta name=\"twitter:data2\" content=\"2 minutes\" \/>\n<script type=\"application\/ld+json\" class=\"yoast-schema-graph\">{\"@context\":\"https:\/\/schema.org\",\"@graph\":[{\"@type\":\"WebPage\",\"@id\":\"https:\/\/veritasinfo.org\/?p=1108\",\"url\":\"https:\/\/veritasinfo.org\/?p=1108\",\"name\":\"Lideri i Demokracis\u00eb Serbe, Aleksandar Arsenijeviq, alarmoi qytetar\u00ebt, pretendon se plani \u00ebsht\u00eb q\u00eb t\u00eb shembet monumenti \u201c\u00cbngjelli i Bardh\u00eb\u201d -\",\"isPartOf\":{\"@id\":\"https:\/\/veritasinfo.org\/#website\"},\"primaryImageOfPage\":{\"@id\":\"https:\/\/veritasinfo.org\/?p=1108#primaryimage\"},\"image\":{\"@id\":\"https:\/\/veritasinfo.org\/?p=1108#primaryimage\"},\"thumbnailUrl\":\"https:\/\/veritasinfo.org\/wp-content\/uploads\/2025\/06\/urat.jpg\",\"datePublished\":\"2025-06-20T05:46:59+00:00\",\"author\":{\"@id\":\"https:\/\/veritasinfo.org\/#\/schema\/person\/c2b8be262ea994d0995addca692c5e98\"},\"breadcrumb\":{\"@id\":\"https:\/\/veritasinfo.org\/?p=1108#breadcrumb\"},\"inLanguage\":\"en-US\",\"potentialAction\":[{\"@type\":\"ReadAction\",\"target\":[\"https:\/\/veritasinfo.org\/?p=1108\"]}]},{\"@type\":\"ImageObject\",\"inLanguage\":\"en-US\",\"@id\":\"https:\/\/veritasinfo.org\/?p=1108#primaryimage\",\"url\":\"https:\/\/veritasinfo.org\/wp-content\/uploads\/2025\/06\/urat.jpg\",\"contentUrl\":\"https:\/\/veritasinfo.org\/wp-content\/uploads\/2025\/06\/urat.jpg\",\"width\":1200,\"height\":630},{\"@type\":\"BreadcrumbList\",\"@id\":\"https:\/\/veritasinfo.org\/?p=1108#breadcrumb\",\"itemListElement\":[{\"@type\":\"ListItem\",\"position\":1,\"name\":\"Home\",\"item\":\"https:\/\/veritasinfo.org\/\"},{\"@type\":\"ListItem\",\"position\":2,\"name\":\"Lideri i Demokracis\u00eb Serbe, Aleksandar Arsenijeviq, alarmoi qytetar\u00ebt, pretendon se plani \u00ebsht\u00eb q\u00eb t\u00eb shembet monumenti \u201c\u00cbngjelli i Bardh\u00eb\u201d\"}]},{\"@type\":\"WebSite\",\"@id\":\"https:\/\/veritasinfo.org\/#website\",\"url\":\"https:\/\/veritasinfo.org\/\",\"name\":\"\",\"description\":\"\",\"potentialAction\":[{\"@type\":\"SearchAction\",\"target\":{\"@type\":\"EntryPoint\",\"urlTemplate\":\"https:\/\/veritasinfo.org\/?s={search_term_string}\"},\"query-input\":{\"@type\":\"PropertyValueSpecification\",\"valueRequired\":true,\"valueName\":\"search_term_string\"}}],\"inLanguage\":\"en-US\"},{\"@type\":\"Person\",\"@id\":\"https:\/\/veritasinfo.org\/#\/schema\/person\/c2b8be262ea994d0995addca692c5e98\",\"name\":\"US1\",\"image\":{\"@type\":\"ImageObject\",\"inLanguage\":\"en-US\",\"@id\":\"https:\/\/veritasinfo.org\/#\/schema\/person\/image\/\",\"url\":\"https:\/\/secure.gravatar.com\/avatar\/4e96a59bd256abf9956eb9963ac891a47461ffb364d47b0e9aab113328fdb75b?s=96&d=mm&r=g\",\"contentUrl\":\"https:\/\/secure.gravatar.com\/avatar\/4e96a59bd256abf9956eb9963ac891a47461ffb364d47b0e9aab113328fdb75b?s=96&d=mm&r=g\",\"caption\":\"US1\"},\"url\":\"https:\/\/veritasinfo.org\/?author=2\"}]}<\/script>\n<!-- \/ Yoast SEO plugin. -->","yoast_head_json":{"title":"Lideri i Demokracis\u00eb Serbe, Aleksandar Arsenijeviq, alarmoi qytetar\u00ebt, pretendon se plani \u00ebsht\u00eb q\u00eb t\u00eb shembet monumenti \u201c\u00cbngjelli i Bardh\u00eb\u201d -","robots":{"index":"index","follow":"follow","max-snippet":"max-snippet:-1","max-image-preview":"max-image-preview:large","max-video-preview":"max-video-preview:-1"},"canonical":"https:\/\/veritasinfo.org\/?p=1108","og_locale":"en_US","og_type":"article","og_title":"Lideri i Demokracis\u00eb Serbe, Aleksandar Arsenijeviq, alarmoi qytetar\u00ebt, pretendon se plani \u00ebsht\u00eb q\u00eb t\u00eb shembet monumenti \u201c\u00cbngjelli i Bardh\u00eb\u201d -","og_description":"Mitrovic\u00eb Veriore, 20 Qershor, 2025 Lideri i Demokracis\u00eb Serbe, Aleksandar Arsenijeviq, ka reaguar ndaj paralajm\u00ebrimeve p\u00ebr nd\u00ebrtimin e dy urave mbi Lumin Ib\u00ebr. N\u00eb nj\u00eb","og_url":"https:\/\/veritasinfo.org\/?p=1108","article_published_time":"2025-06-20T05:46:59+00:00","og_image":[{"width":1200,"height":630,"url":"https:\/\/veritasinfo.org\/wp-content\/uploads\/2025\/06\/urat.jpg","type":"image\/jpeg"}],"author":"US1","twitter_card":"summary_large_image","twitter_misc":{"Written by":"US1","Est. reading time":"2 minutes"},"schema":{"@context":"https:\/\/schema.org","@graph":[{"@type":"WebPage","@id":"https:\/\/veritasinfo.org\/?p=1108","url":"https:\/\/veritasinfo.org\/?p=1108","name":"Lideri i Demokracis\u00eb Serbe, Aleksandar Arsenijeviq, alarmoi qytetar\u00ebt, pretendon se plani \u00ebsht\u00eb q\u00eb t\u00eb shembet monumenti \u201c\u00cbngjelli i Bardh\u00eb\u201d -","isPartOf":{"@id":"https:\/\/veritasinfo.org\/#website"},"primaryImageOfPage":{"@id":"https:\/\/veritasinfo.org\/?p=1108#primaryimage"},"image":{"@id":"https:\/\/veritasinfo.org\/?p=1108#primaryimage"},"thumbnailUrl":"https:\/\/veritasinfo.org\/wp-content\/uploads\/2025\/06\/urat.jpg","datePublished":"2025-06-20T05:46:59+00:00","author":{"@id":"https:\/\/veritasinfo.org\/#\/schema\/person\/c2b8be262ea994d0995addca692c5e98"},"breadcrumb":{"@id":"https:\/\/veritasinfo.org\/?p=1108#breadcrumb"},"inLanguage":"en-US","potentialAction":[{"@type":"ReadAction","target":["https:\/\/veritasinfo.org\/?p=1108"]}]},{"@type":"ImageObject","inLanguage":"en-US","@id":"https:\/\/veritasinfo.org\/?p=1108#primaryimage","url":"https:\/\/veritasinfo.org\/wp-content\/uploads\/2025\/06\/urat.jpg","contentUrl":"https:\/\/veritasinfo.org\/wp-content\/uploads\/2025\/06\/urat.jpg","width":1200,"height":630},{"@type":"BreadcrumbList","@id":"https:\/\/veritasinfo.org\/?p=1108#breadcrumb","itemListElement":[{"@type":"ListItem","position":1,"name":"Home","item":"https:\/\/veritasinfo.org\/"},{"@type":"ListItem","position":2,"name":"Lideri i Demokracis\u00eb Serbe, Aleksandar Arsenijeviq, alarmoi qytetar\u00ebt, pretendon se plani \u00ebsht\u00eb q\u00eb t\u00eb shembet monumenti \u201c\u00cbngjelli i Bardh\u00eb\u201d"}]},{"@type":"WebSite","@id":"https:\/\/veritasinfo.org\/#website","url":"https:\/\/veritasinfo.org\/","name":"","description":"","potentialAction":[{"@type":"SearchAction","target":{"@type":"EntryPoint","urlTemplate":"https:\/\/veritasinfo.org\/?s={search_term_string}"},"query-input":{"@type":"PropertyValueSpecification","valueRequired":true,"valueName":"search_term_string"}}],"inLanguage":"en-US"},{"@type":"Person","@id":"https:\/\/veritasinfo.org\/#\/schema\/person\/c2b8be262ea994d0995addca692c5e98","name":"US1","image":{"@type":"ImageObject","inLanguage":"en-US","@id":"https:\/\/veritasinfo.org\/#\/schema\/person\/image\/","url":"https:\/\/secure.gravatar.com\/avatar\/4e96a59bd256abf9956eb9963ac891a47461ffb364d47b0e9aab113328fdb75b?s=96&d=mm&r=g","contentUrl":"https:\/\/secure.gravatar.com\/avatar\/4e96a59bd256abf9956eb9963ac891a47461ffb364d47b0e9aab113328fdb75b?s=96&d=mm&r=g","caption":"US1"},"url":"https:\/\/veritasinfo.org\/?author=2"}]}},"featured_image_urls":{"full":["https:\/\/veritasinfo.org\/wp-content\/uploads\/2025\/06\/urat.jpg",1200,630,false],"thumbnail":["https:\/\/veritasinfo.org\/wp-content\/uploads\/2025\/06\/urat-150x150.jpg",150,150,true],"medium":["https:\/\/veritasinfo.org\/wp-content\/uploads\/2025\/06\/urat-300x158.jpg",300,158,true],"medium_large":["https:\/\/veritasinfo.org\/wp-content\/uploads\/2025\/06\/urat-768x403.jpg",640,336,true],"large":["https:\/\/veritasinfo.org\/wp-content\/uploads\/2025\/06\/urat-1024x538.jpg",640,336,true],"1536x1536":["https:\/\/veritasinfo.org\/wp-content\/uploads\/2025\/06\/urat.jpg",1200,630,false],"2048x2048":["https:\/\/veritasinfo.org\/wp-content\/uploads\/2025\/06\/urat.jpg",1200,630,false],"kreeti-slider-full":["https:\/\/veritasinfo.org\/wp-content\/uploads\/2025\/06\/urat.jpg",1200,630,false],"kreeti-featured":["https:\/\/veritasinfo.org\/wp-content\/uploads\/2025\/06\/urat.jpg",1024,538,false],"kreeti-medium":["https:\/\/veritasinfo.org\/wp-content\/uploads\/2025\/06\/urat.jpg",720,378,false],"kreeti-medium-square":["https:\/\/veritasinfo.org\/wp-content\/uploads\/2025\/06\/urat.jpg",350,184,false]},"author_info":{"info":["US1"]},"category_info":"<a href=\"https:\/\/veritasinfo.org\/?cat=60\" rel=\"category\">Shoq\u00ebrore<\/a>","tag_info":"Shoq\u00ebrore","comment_count":"0","_links":{"self":[{"href":"https:\/\/veritasinfo.org\/index.php?rest_route=\/wp\/v2\/posts\/1108","targetHints":{"allow":["GET"]}}],"collection":[{"href":"https:\/\/veritasinfo.org\/index.php?rest_route=\/wp\/v2\/posts"}],"about":[{"href":"https:\/\/veritasinfo.org\/index.php?rest_route=\/wp\/v2\/types\/post"}],"author":[{"embeddable":true,"href":"https:\/\/veritasinfo.org\/index.php?rest_route=\/wp\/v2\/users\/2"}],"replies":[{"embeddable":true,"href":"https:\/\/veritasinfo.org\/index.php?rest_route=%2Fwp%2Fv2%2Fcomments&post=1108"}],"version-history":[{"count":1,"href":"https:\/\/veritasinfo.org\/index.php?rest_route=\/wp\/v2\/posts\/1108\/revisions"}],"predecessor-version":[{"id":1110,"href":"https:\/\/veritasinfo.org\/index.php?rest_route=\/wp\/v2\/posts\/1108\/revisions\/1110"}],"wp:featuredmedia":[{"embeddable":true,"href":"https:\/\/veritasinfo.org\/index.php?rest_route=\/wp\/v2\/media\/1109"}],"wp:attachment":[{"href":"https:\/\/veritasinfo.org\/index.php?rest_route=%2Fwp%2Fv2%2Fmedia&parent=1108"}],"wp:term":[{"taxonomy":"category","embeddable":true,"href":"https:\/\/veritasinfo.org\/index.php?rest_route=%2Fwp%2Fv2%2Fcategories&post=1108"},{"taxonomy":"post_tag","embeddable":true,"href":"https:\/\/veritasinfo.org\/index.php?rest_route=%2Fwp%2Fv2%2Ftags&post=1108"}],"curies":[{"name":"wp","href":"https:\/\/api.w.org\/{rel}","templated":true}]}}