{"id":11069,"date":"2025-09-08T12:53:37","date_gmt":"2025-09-08T10:53:37","guid":{"rendered":"https:\/\/veritasinfo.org\/?p=11069"},"modified":"2025-09-08T12:53:37","modified_gmt":"2025-09-08T10:53:37","slug":"presidentja-osmani-do-ti-dergoje-kushtetueses-komente-per-ceshtjen-e-konstituimit-te-kuvendit","status":"publish","type":"post","link":"https:\/\/veritasinfo.org\/?p=11069","title":{"rendered":"Presidentja Osmani do t\u2019i d\u00ebrgoj\u00eb Kushtetueses komente p\u00ebr \u00e7\u00ebshtjen e konstituimit t\u00eb Kuvendit"},"content":{"rendered":"<p>Prishtin\u00eb, 08 shtator 2025<\/p>\n<p>Presidentja e vendit, Vjosa Osmani do t\u2019i d\u00ebrgoj\u00eb nes\u00ebr Gjykat\u00ebs Kushtetuese komentet e saj p\u00ebr \u00e7\u00ebshtjen e konstituimit t\u00eb Kuvendit, konfirmoi p\u00ebr KosovaPress, k\u00ebshilltari i saj p\u00ebr media, Bekim Kupina.<\/p>\n<p>\u201cSi\u00e7 e dini, Gjykata Kushtetuese tashm\u00eb ka vendosur mas\u00eb t\u00eb p\u00ebrkohshme deri m\u00eb 30 shtator. N\u00eb lidhje me meritat e rastit, Presidentja do t\u2019ia dor\u00ebzoj\u00eb Gjykat\u00ebs Kushtetuese komentet e saj p\u00ebr \u00e7\u00ebshtjen n\u00eb fjal\u00eb brenda afatit t\u00eb p\u00ebrcaktuar nga Gjykata, pra nes\u00ebr m\u00eb 9 shtator\u201d, tha Kupina.<\/p>\n<p>Ai tha se \u201cq\u00ebndrimi i Presidentes gjithnj\u00eb ka qen\u00eb se askush nuk duhet ta ket\u00eb t\u00eb drejt\u00ebn t&#8217;i bllokoj\u00eb institucionet, e rrjedhimisht shtetin. Ashtu si\u00e7 parashihet n\u00eb 57 (4) t\u00eb Kushtetut\u00ebs, realizimi i t\u00eb drejtave t\u00eb komuniteteve \u00ebsht\u00eb i pandash\u00ebm nga detyrimi p\u00ebr t&#8217;i respektuar ligjet e Republik\u00ebs s\u00eb Kosov\u00ebs dhe p\u00ebr t\u00eb mos i cenuar t\u00eb drejtat e t\u00eb tjer\u00ebve\u201d.<\/p>\n<p>Kushtetuesja ka vendosur mas\u00eb t\u00eb p\u00ebrkohshme p\u00ebrmes s\u00eb cil\u00ebs ndalohet \u00e7do veprim i deputet\u00ebve t\u00eb Kuvendit si dhe zhvillimi i ndonj\u00eb procedure p\u00ebr formimin e qeveris\u00eb s\u00eb re.<\/p>\n<p>Masa e Gjykat\u00ebs Kushtetuese &#8211; q\u00eb erdhi pas ankes\u00ebs s\u00eb List\u00ebs Serbe &#8211; u b\u00eb publike jav\u00ebn e kaluar dhe do t\u00eb jet\u00eb n\u00eb fuqi deri m\u00eb 30 shtator.<\/p>\n<p>Lista Serbe i \u00ebsht\u00eb drejtuar Gjykat\u00ebs Kushtetuese m\u00eb 30 gusht, pasi kryetari i sapozgjedhur i Kuvendit, Dimal Basha, mori vendim q\u00eb zgjedhja e dy n\u00ebnkryetar\u00ebve t\u00eb Kuvendit nga radh\u00ebt e komuniteteve jo shumic\u00eb t\u00eb b\u00ebhet ndaras dhe jo n\u00eb pako, sikurse ka qen\u00eb praktika e kaluar.<\/p>\n<p>K\u00ebsisoj, nga radh\u00ebt e komuniteteve joserbe, Emilja Rexhepi u zgjodh n\u00ebnkryetare, mir\u00ebpo dhjet\u00eb deputet\u00eb t\u00eb komunitetit serb, p\u00ebrfshir\u00eb edhe Nenad Rashiq, d\u00ebshtuan t\u00eb sigurojn\u00eb 61 votat p\u00ebr t\u00eb marr\u00eb k\u00ebt\u00eb post.<\/p>\n<p>&nbsp;<\/p>\n","protected":false},"excerpt":{"rendered":"<p>Prishtin\u00eb, 08 shtator 2025 Presidentja e vendit, Vjosa Osmani do t\u2019i d\u00ebrgoj\u00eb nes\u00ebr Gjykat\u00ebs Kushtetuese komentet e saj p\u00ebr \u00e7\u00ebshtjen e konstituimit t\u00eb Kuvendit, konfirmoi<\/p>\n","protected":false},"author":1,"featured_media":11070,"comment_status":"open","ping_status":"open","sticky":false,"template":"","format":"standard","meta":{"footnotes":""},"categories":[58],"tags":[],"class_list":["post-11069","post","type-post","status-publish","format-standard","has-post-thumbnail","hentry","category-politike-sq"],"yoast_head":"<!-- This site is optimized with the Yoast SEO plugin v25.3.1 - https:\/\/yoast.com\/wordpress\/plugins\/seo\/ -->\n<title>Presidentja Osmani do t\u2019i d\u00ebrgoj\u00eb Kushtetueses komente p\u00ebr \u00e7\u00ebshtjen e konstituimit t\u00eb Kuvendit -<\/title>\n<meta name=\"robots\" content=\"index, follow, max-snippet:-1, max-image-preview:large, max-video-preview:-1\" \/>\n<link rel=\"canonical\" href=\"https:\/\/veritasinfo.org\/?p=11069\" \/>\n<meta property=\"og:locale\" content=\"en_US\" \/>\n<meta property=\"og:type\" content=\"article\" \/>\n<meta property=\"og:title\" content=\"Presidentja Osmani do t\u2019i d\u00ebrgoj\u00eb Kushtetueses komente p\u00ebr \u00e7\u00ebshtjen e konstituimit t\u00eb Kuvendit -\" \/>\n<meta property=\"og:description\" content=\"Prishtin\u00eb, 08 shtator 2025 Presidentja e vendit, Vjosa Osmani do t\u2019i d\u00ebrgoj\u00eb nes\u00ebr Gjykat\u00ebs Kushtetuese komentet e saj p\u00ebr \u00e7\u00ebshtjen e konstituimit t\u00eb Kuvendit, konfirmoi\" \/>\n<meta property=\"og:url\" content=\"https:\/\/veritasinfo.org\/?p=11069\" \/>\n<meta property=\"article:published_time\" content=\"2025-09-08T10:53:37+00:00\" \/>\n<meta property=\"og:image\" content=\"https:\/\/veritasinfo.org\/wp-content\/uploads\/2025\/09\/540678622_1313886273429242_8593579050479789770_n.jpg\" \/>\n\t<meta property=\"og:image:width\" content=\"2048\" \/>\n\t<meta property=\"og:image:height\" content=\"1368\" \/>\n\t<meta property=\"og:image:type\" content=\"image\/jpeg\" \/>\n<meta name=\"author\" content=\"admin\" \/>\n<meta name=\"twitter:card\" content=\"summary_large_image\" \/>\n<meta name=\"twitter:label1\" content=\"Written by\" \/>\n\t<meta name=\"twitter:data1\" content=\"admin\" \/>\n\t<meta name=\"twitter:label2\" content=\"Est. reading time\" \/>\n\t<meta name=\"twitter:data2\" content=\"2 minutes\" \/>\n<script type=\"application\/ld+json\" class=\"yoast-schema-graph\">{\"@context\":\"https:\/\/schema.org\",\"@graph\":[{\"@type\":\"WebPage\",\"@id\":\"https:\/\/veritasinfo.org\/?p=11069\",\"url\":\"https:\/\/veritasinfo.org\/?p=11069\",\"name\":\"Presidentja Osmani do t\u2019i d\u00ebrgoj\u00eb Kushtetueses komente p\u00ebr \u00e7\u00ebshtjen e konstituimit t\u00eb Kuvendit -\",\"isPartOf\":{\"@id\":\"https:\/\/veritasinfo.org\/#website\"},\"primaryImageOfPage\":{\"@id\":\"https:\/\/veritasinfo.org\/?p=11069#primaryimage\"},\"image\":{\"@id\":\"https:\/\/veritasinfo.org\/?p=11069#primaryimage\"},\"thumbnailUrl\":\"https:\/\/veritasinfo.org\/wp-content\/uploads\/2025\/09\/540678622_1313886273429242_8593579050479789770_n.jpg\",\"datePublished\":\"2025-09-08T10:53:37+00:00\",\"author\":{\"@id\":\"https:\/\/veritasinfo.org\/#\/schema\/person\/7701f8c088bece422266b100a712374f\"},\"breadcrumb\":{\"@id\":\"https:\/\/veritasinfo.org\/?p=11069#breadcrumb\"},\"inLanguage\":\"en-US\",\"potentialAction\":[{\"@type\":\"ReadAction\",\"target\":[\"https:\/\/veritasinfo.org\/?p=11069\"]}]},{\"@type\":\"ImageObject\",\"inLanguage\":\"en-US\",\"@id\":\"https:\/\/veritasinfo.org\/?p=11069#primaryimage\",\"url\":\"https:\/\/veritasinfo.org\/wp-content\/uploads\/2025\/09\/540678622_1313886273429242_8593579050479789770_n.jpg\",\"contentUrl\":\"https:\/\/veritasinfo.org\/wp-content\/uploads\/2025\/09\/540678622_1313886273429242_8593579050479789770_n.jpg\",\"width\":2048,\"height\":1368},{\"@type\":\"BreadcrumbList\",\"@id\":\"https:\/\/veritasinfo.org\/?p=11069#breadcrumb\",\"itemListElement\":[{\"@type\":\"ListItem\",\"position\":1,\"name\":\"Home\",\"item\":\"https:\/\/veritasinfo.org\/\"},{\"@type\":\"ListItem\",\"position\":2,\"name\":\"Presidentja Osmani do t\u2019i d\u00ebrgoj\u00eb Kushtetueses komente p\u00ebr \u00e7\u00ebshtjen e konstituimit t\u00eb Kuvendit\"}]},{\"@type\":\"WebSite\",\"@id\":\"https:\/\/veritasinfo.org\/#website\",\"url\":\"https:\/\/veritasinfo.org\/\",\"name\":\"\",\"description\":\"\",\"potentialAction\":[{\"@type\":\"SearchAction\",\"target\":{\"@type\":\"EntryPoint\",\"urlTemplate\":\"https:\/\/veritasinfo.org\/?s={search_term_string}\"},\"query-input\":{\"@type\":\"PropertyValueSpecification\",\"valueRequired\":true,\"valueName\":\"search_term_string\"}}],\"inLanguage\":\"en-US\"},{\"@type\":\"Person\",\"@id\":\"https:\/\/veritasinfo.org\/#\/schema\/person\/7701f8c088bece422266b100a712374f\",\"name\":\"admin\",\"image\":{\"@type\":\"ImageObject\",\"inLanguage\":\"en-US\",\"@id\":\"https:\/\/veritasinfo.org\/#\/schema\/person\/image\/\",\"url\":\"https:\/\/secure.gravatar.com\/avatar\/ea53aa3bf6c9a12d5fde8ce4deff43fef3885ae33cf60184161a50d6987cfd2f?s=96&d=mm&r=g\",\"contentUrl\":\"https:\/\/secure.gravatar.com\/avatar\/ea53aa3bf6c9a12d5fde8ce4deff43fef3885ae33cf60184161a50d6987cfd2f?s=96&d=mm&r=g\",\"caption\":\"admin\"},\"sameAs\":[\"https:\/\/veritasinfo.org\"],\"url\":\"https:\/\/veritasinfo.org\/?author=1\"}]}<\/script>\n<!-- \/ Yoast SEO plugin. -->","yoast_head_json":{"title":"Presidentja Osmani do t\u2019i d\u00ebrgoj\u00eb Kushtetueses komente p\u00ebr \u00e7\u00ebshtjen e konstituimit t\u00eb Kuvendit -","robots":{"index":"index","follow":"follow","max-snippet":"max-snippet:-1","max-image-preview":"max-image-preview:large","max-video-preview":"max-video-preview:-1"},"canonical":"https:\/\/veritasinfo.org\/?p=11069","og_locale":"en_US","og_type":"article","og_title":"Presidentja Osmani do t\u2019i d\u00ebrgoj\u00eb Kushtetueses komente p\u00ebr \u00e7\u00ebshtjen e konstituimit t\u00eb Kuvendit -","og_description":"Prishtin\u00eb, 08 shtator 2025 Presidentja e vendit, Vjosa Osmani do t\u2019i d\u00ebrgoj\u00eb nes\u00ebr Gjykat\u00ebs Kushtetuese komentet e saj p\u00ebr \u00e7\u00ebshtjen e konstituimit t\u00eb Kuvendit, konfirmoi","og_url":"https:\/\/veritasinfo.org\/?p=11069","article_published_time":"2025-09-08T10:53:37+00:00","og_image":[{"width":2048,"height":1368,"url":"https:\/\/veritasinfo.org\/wp-content\/uploads\/2025\/09\/540678622_1313886273429242_8593579050479789770_n.jpg","type":"image\/jpeg"}],"author":"admin","twitter_card":"summary_large_image","twitter_misc":{"Written by":"admin","Est. reading time":"2 minutes"},"schema":{"@context":"https:\/\/schema.org","@graph":[{"@type":"WebPage","@id":"https:\/\/veritasinfo.org\/?p=11069","url":"https:\/\/veritasinfo.org\/?p=11069","name":"Presidentja Osmani do t\u2019i d\u00ebrgoj\u00eb Kushtetueses komente p\u00ebr \u00e7\u00ebshtjen e konstituimit t\u00eb Kuvendit -","isPartOf":{"@id":"https:\/\/veritasinfo.org\/#website"},"primaryImageOfPage":{"@id":"https:\/\/veritasinfo.org\/?p=11069#primaryimage"},"image":{"@id":"https:\/\/veritasinfo.org\/?p=11069#primaryimage"},"thumbnailUrl":"https:\/\/veritasinfo.org\/wp-content\/uploads\/2025\/09\/540678622_1313886273429242_8593579050479789770_n.jpg","datePublished":"2025-09-08T10:53:37+00:00","author":{"@id":"https:\/\/veritasinfo.org\/#\/schema\/person\/7701f8c088bece422266b100a712374f"},"breadcrumb":{"@id":"https:\/\/veritasinfo.org\/?p=11069#breadcrumb"},"inLanguage":"en-US","potentialAction":[{"@type":"ReadAction","target":["https:\/\/veritasinfo.org\/?p=11069"]}]},{"@type":"ImageObject","inLanguage":"en-US","@id":"https:\/\/veritasinfo.org\/?p=11069#primaryimage","url":"https:\/\/veritasinfo.org\/wp-content\/uploads\/2025\/09\/540678622_1313886273429242_8593579050479789770_n.jpg","contentUrl":"https:\/\/veritasinfo.org\/wp-content\/uploads\/2025\/09\/540678622_1313886273429242_8593579050479789770_n.jpg","width":2048,"height":1368},{"@type":"BreadcrumbList","@id":"https:\/\/veritasinfo.org\/?p=11069#breadcrumb","itemListElement":[{"@type":"ListItem","position":1,"name":"Home","item":"https:\/\/veritasinfo.org\/"},{"@type":"ListItem","position":2,"name":"Presidentja Osmani do t\u2019i d\u00ebrgoj\u00eb Kushtetueses komente p\u00ebr \u00e7\u00ebshtjen e konstituimit t\u00eb Kuvendit"}]},{"@type":"WebSite","@id":"https:\/\/veritasinfo.org\/#website","url":"https:\/\/veritasinfo.org\/","name":"","description":"","potentialAction":[{"@type":"SearchAction","target":{"@type":"EntryPoint","urlTemplate":"https:\/\/veritasinfo.org\/?s={search_term_string}"},"query-input":{"@type":"PropertyValueSpecification","valueRequired":true,"valueName":"search_term_string"}}],"inLanguage":"en-US"},{"@type":"Person","@id":"https:\/\/veritasinfo.org\/#\/schema\/person\/7701f8c088bece422266b100a712374f","name":"admin","image":{"@type":"ImageObject","inLanguage":"en-US","@id":"https:\/\/veritasinfo.org\/#\/schema\/person\/image\/","url":"https:\/\/secure.gravatar.com\/avatar\/ea53aa3bf6c9a12d5fde8ce4deff43fef3885ae33cf60184161a50d6987cfd2f?s=96&d=mm&r=g","contentUrl":"https:\/\/secure.gravatar.com\/avatar\/ea53aa3bf6c9a12d5fde8ce4deff43fef3885ae33cf60184161a50d6987cfd2f?s=96&d=mm&r=g","caption":"admin"},"sameAs":["https:\/\/veritasinfo.org"],"url":"https:\/\/veritasinfo.org\/?author=1"}]}},"featured_image_urls":{"full":["https:\/\/veritasinfo.org\/wp-content\/uploads\/2025\/09\/540678622_1313886273429242_8593579050479789770_n.jpg",2048,1368,false],"thumbnail":["https:\/\/veritasinfo.org\/wp-content\/uploads\/2025\/09\/540678622_1313886273429242_8593579050479789770_n-150x150.jpg",150,150,true],"medium":["https:\/\/veritasinfo.org\/wp-content\/uploads\/2025\/09\/540678622_1313886273429242_8593579050479789770_n-300x200.jpg",300,200,true],"medium_large":["https:\/\/veritasinfo.org\/wp-content\/uploads\/2025\/09\/540678622_1313886273429242_8593579050479789770_n-768x513.jpg",640,428,true],"large":["https:\/\/veritasinfo.org\/wp-content\/uploads\/2025\/09\/540678622_1313886273429242_8593579050479789770_n-1024x684.jpg",640,428,true],"1536x1536":["https:\/\/veritasinfo.org\/wp-content\/uploads\/2025\/09\/540678622_1313886273429242_8593579050479789770_n-1536x1026.jpg",1536,1026,true],"2048x2048":["https:\/\/veritasinfo.org\/wp-content\/uploads\/2025\/09\/540678622_1313886273429242_8593579050479789770_n.jpg",2048,1368,false],"kreeti-slider-full":["https:\/\/veritasinfo.org\/wp-content\/uploads\/2025\/09\/540678622_1313886273429242_8593579050479789770_n.jpg",1078,720,false],"kreeti-featured":["https:\/\/veritasinfo.org\/wp-content\/uploads\/2025\/09\/540678622_1313886273429242_8593579050479789770_n.jpg",1024,684,false],"kreeti-medium":["https:\/\/veritasinfo.org\/wp-content\/uploads\/2025\/09\/540678622_1313886273429242_8593579050479789770_n.jpg",720,481,false],"kreeti-medium-square":["https:\/\/veritasinfo.org\/wp-content\/uploads\/2025\/09\/540678622_1313886273429242_8593579050479789770_n.jpg",350,234,false]},"author_info":{"info":["admin"]},"category_info":"<a href=\"https:\/\/veritasinfo.org\/?cat=58\" rel=\"category\">Politik\u00eb<\/a>","tag_info":"Politik\u00eb","comment_count":"0","_links":{"self":[{"href":"https:\/\/veritasinfo.org\/index.php?rest_route=\/wp\/v2\/posts\/11069","targetHints":{"allow":["GET"]}}],"collection":[{"href":"https:\/\/veritasinfo.org\/index.php?rest_route=\/wp\/v2\/posts"}],"about":[{"href":"https:\/\/veritasinfo.org\/index.php?rest_route=\/wp\/v2\/types\/post"}],"author":[{"embeddable":true,"href":"https:\/\/veritasinfo.org\/index.php?rest_route=\/wp\/v2\/users\/1"}],"replies":[{"embeddable":true,"href":"https:\/\/veritasinfo.org\/index.php?rest_route=%2Fwp%2Fv2%2Fcomments&post=11069"}],"version-history":[{"count":1,"href":"https:\/\/veritasinfo.org\/index.php?rest_route=\/wp\/v2\/posts\/11069\/revisions"}],"predecessor-version":[{"id":11071,"href":"https:\/\/veritasinfo.org\/index.php?rest_route=\/wp\/v2\/posts\/11069\/revisions\/11071"}],"wp:featuredmedia":[{"embeddable":true,"href":"https:\/\/veritasinfo.org\/index.php?rest_route=\/wp\/v2\/media\/11070"}],"wp:attachment":[{"href":"https:\/\/veritasinfo.org\/index.php?rest_route=%2Fwp%2Fv2%2Fmedia&parent=11069"}],"wp:term":[{"taxonomy":"category","embeddable":true,"href":"https:\/\/veritasinfo.org\/index.php?rest_route=%2Fwp%2Fv2%2Fcategories&post=11069"},{"taxonomy":"post_tag","embeddable":true,"href":"https:\/\/veritasinfo.org\/index.php?rest_route=%2Fwp%2Fv2%2Ftags&post=11069"}],"curies":[{"name":"wp","href":"https:\/\/api.w.org\/{rel}","templated":true}]}}