{"id":11053,"date":"2025-09-08T10:47:10","date_gmt":"2025-09-08T08:47:10","guid":{"rendered":"https:\/\/veritasinfo.org\/?p=11053"},"modified":"2025-09-08T10:48:50","modified_gmt":"2025-09-08T08:48:50","slug":"kurti-per-ushtrine-do-te-ndahen-mbi-1-miliard-euro-do-te-zhvillojme-dronet-ushtarake-made-in-kosova","status":"publish","type":"post","link":"https:\/\/veritasinfo.org\/?p=11053","title":{"rendered":"Kurti: P\u00ebr ushtrin\u00eb do t\u00eb ndahen mbi 1 miliard euro, do t\u00eb zhvillojm\u00eb dron\u00ebt ushtarak\u00eb \u201cMade in Kosova\u201d"},"content":{"rendered":"<p>Prishtin\u00eb, 08 shtator 2025<\/p>\n<p>Kryeministri n\u00eb detyr\u00eb, Albin Kurti, dje u votua unanimisht nga an\u00ebtar\u00ebt e K\u00ebshillit t\u00eb P\u00ebrgjithsh\u00ebm t\u00eb L\u00ebvizjes Vet\u00ebvendosje si mandatar p\u00ebr formimin e qeveris\u00eb s\u00eb re.<\/p>\n<p>Sa i p\u00ebrket siguris\u00eb, ai tha se p\u00ebr ushtrin\u00eb do t\u00eb ndahen mbi 1 miliard euro brenda mandatit t\u00eb ardhsh\u00ebm dhe paralajm\u00ebroi zhvillimin e dron\u00ebve ushtarak\u00eb \u201cMade in Kosova\u201d.<\/p>\n<p>\u201cP\u00ebr ushtrin\u00eb ton\u00eb n\u00eb kat\u00ebr vitet e mandatit t\u00eb ardhsh\u00ebm do t\u00eb ndajm\u00eb buxhet mbi 1 miliard\u00eb euro.<br \/>\nDo t\u00eb thellojm\u00eb dhe zgjerojm\u00eb bashk\u00ebpunimin nd\u00ebrkomb\u00ebtar bilateral dhe multilateral me shtetet an\u00ebtare t\u00eb NATO-s. Funksionalizimin e Fabrik\u00ebs s\u00eb Municioneve dhe zhvillimi i industris\u00eb ushtarake t\u00eb Kosov\u00ebs. E gjithashtu do t\u00eb zhvillojm\u00eb dron\u00ebt ushtarak\u00eb \u201cMade in Kosova\u201d\u201d, ka deklaruar Kurti.<\/p>\n<p>Ai tutje tha se fuqizimi i ushtris\u00eb do t\u00eb realizohet p\u00ebrmes blerjes s\u00eb armatimit, st\u00ebrvitjes dhe edukimit brenda vendit, dhe n\u00eb bashk\u00ebpunim me Shqip\u00ebrin\u00eb dhe n\u00eb akademit\u00eb m\u00eb t\u00eb shquara ushtarake n\u00eb vendet partnere.<\/p>\n<p>\u201cDo ta krijojm\u00eb Nj\u00ebsin\u00eb ushtarake t\u00eb p\u00ebrbashk\u00ebt me Forcat e Armatosura t\u00eb Republik\u00ebs s\u00eb Shqip\u00ebris\u00eb. Rekrutimi i kadet\u00ebve t\u00eb rinj do t\u00eb vijoj\u00eb me rit\u00ebm t\u00eb shtuar. Synojm\u00eb q\u00eb brenda mandatit t\u00eb ri t\u00eb kemi 1000 gra e vajza ushtarake.<br \/>\nProgrami i Mbrojtjes Gjith\u00ebp\u00ebrfshir\u00ebse do t\u00eb zbatohet n\u00eb t\u00eb gjith\u00eb vendin. N\u00eb kuad\u00ebr t\u00eb k\u00ebtij programi secili rezervist vullnetar do ta ket\u00eb trajnimin adekuat si dhe armatimin n\u00eb rast mobilizimi\u201d, ka deklaruar Kurti.<\/p>\n","protected":false},"excerpt":{"rendered":"<p>Prishtin\u00eb, 08 shtator 2025 Kryeministri n\u00eb detyr\u00eb, Albin Kurti, dje u votua unanimisht nga an\u00ebtar\u00ebt e K\u00ebshillit t\u00eb P\u00ebrgjithsh\u00ebm t\u00eb L\u00ebvizjes Vet\u00ebvendosje si mandatar p\u00ebr<\/p>\n","protected":false},"author":1,"featured_media":11054,"comment_status":"open","ping_status":"open","sticky":false,"template":"","format":"standard","meta":{"footnotes":""},"categories":[58],"tags":[],"class_list":["post-11053","post","type-post","status-publish","format-standard","has-post-thumbnail","hentry","category-politike-sq"],"yoast_head":"<!-- This site is optimized with the Yoast SEO plugin v25.3.1 - https:\/\/yoast.com\/wordpress\/plugins\/seo\/ -->\n<title>Kurti: P\u00ebr ushtrin\u00eb do t\u00eb ndahen mbi 1 miliard euro, do t\u00eb zhvillojm\u00eb dron\u00ebt ushtarak\u00eb \u201cMade in Kosova\u201d -<\/title>\n<meta name=\"robots\" content=\"index, follow, max-snippet:-1, max-image-preview:large, max-video-preview:-1\" \/>\n<link rel=\"canonical\" href=\"https:\/\/veritasinfo.org\/?p=11053\" \/>\n<meta property=\"og:locale\" content=\"en_US\" \/>\n<meta property=\"og:type\" content=\"article\" \/>\n<meta property=\"og:title\" content=\"Kurti: P\u00ebr ushtrin\u00eb do t\u00eb ndahen mbi 1 miliard euro, do t\u00eb zhvillojm\u00eb dron\u00ebt ushtarak\u00eb \u201cMade in Kosova\u201d -\" \/>\n<meta property=\"og:description\" content=\"Prishtin\u00eb, 08 shtator 2025 Kryeministri n\u00eb detyr\u00eb, Albin Kurti, dje u votua unanimisht nga an\u00ebtar\u00ebt e K\u00ebshillit t\u00eb P\u00ebrgjithsh\u00ebm t\u00eb L\u00ebvizjes Vet\u00ebvendosje si mandatar p\u00ebr\" \/>\n<meta property=\"og:url\" content=\"https:\/\/veritasinfo.org\/?p=11053\" \/>\n<meta property=\"article:published_time\" content=\"2025-09-08T08:47:10+00:00\" \/>\n<meta property=\"article:modified_time\" content=\"2025-09-08T08:48:50+00:00\" \/>\n<meta property=\"og:image\" content=\"https:\/\/veritasinfo.org\/wp-content\/uploads\/2025\/09\/kurti-fsk.jpg\" \/>\n\t<meta property=\"og:image:width\" content=\"1024\" \/>\n\t<meta property=\"og:image:height\" content=\"659\" \/>\n\t<meta property=\"og:image:type\" content=\"image\/jpeg\" \/>\n<meta name=\"author\" content=\"admin\" \/>\n<meta name=\"twitter:card\" content=\"summary_large_image\" \/>\n<meta name=\"twitter:label1\" content=\"Written by\" \/>\n\t<meta name=\"twitter:data1\" content=\"admin\" \/>\n\t<meta name=\"twitter:label2\" content=\"Est. reading time\" \/>\n\t<meta name=\"twitter:data2\" content=\"2 minutes\" \/>\n<script type=\"application\/ld+json\" class=\"yoast-schema-graph\">{\"@context\":\"https:\/\/schema.org\",\"@graph\":[{\"@type\":\"WebPage\",\"@id\":\"https:\/\/veritasinfo.org\/?p=11053\",\"url\":\"https:\/\/veritasinfo.org\/?p=11053\",\"name\":\"Kurti: P\u00ebr ushtrin\u00eb do t\u00eb ndahen mbi 1 miliard euro, do t\u00eb zhvillojm\u00eb dron\u00ebt ushtarak\u00eb \u201cMade in Kosova\u201d -\",\"isPartOf\":{\"@id\":\"https:\/\/veritasinfo.org\/#website\"},\"primaryImageOfPage\":{\"@id\":\"https:\/\/veritasinfo.org\/?p=11053#primaryimage\"},\"image\":{\"@id\":\"https:\/\/veritasinfo.org\/?p=11053#primaryimage\"},\"thumbnailUrl\":\"https:\/\/veritasinfo.org\/wp-content\/uploads\/2025\/09\/kurti-fsk.jpg\",\"datePublished\":\"2025-09-08T08:47:10+00:00\",\"dateModified\":\"2025-09-08T08:48:50+00:00\",\"author\":{\"@id\":\"https:\/\/veritasinfo.org\/#\/schema\/person\/7701f8c088bece422266b100a712374f\"},\"breadcrumb\":{\"@id\":\"https:\/\/veritasinfo.org\/?p=11053#breadcrumb\"},\"inLanguage\":\"en-US\",\"potentialAction\":[{\"@type\":\"ReadAction\",\"target\":[\"https:\/\/veritasinfo.org\/?p=11053\"]}]},{\"@type\":\"ImageObject\",\"inLanguage\":\"en-US\",\"@id\":\"https:\/\/veritasinfo.org\/?p=11053#primaryimage\",\"url\":\"https:\/\/veritasinfo.org\/wp-content\/uploads\/2025\/09\/kurti-fsk.jpg\",\"contentUrl\":\"https:\/\/veritasinfo.org\/wp-content\/uploads\/2025\/09\/kurti-fsk.jpg\",\"width\":1024,\"height\":659},{\"@type\":\"BreadcrumbList\",\"@id\":\"https:\/\/veritasinfo.org\/?p=11053#breadcrumb\",\"itemListElement\":[{\"@type\":\"ListItem\",\"position\":1,\"name\":\"Home\",\"item\":\"https:\/\/veritasinfo.org\/\"},{\"@type\":\"ListItem\",\"position\":2,\"name\":\"Kurti: P\u00ebr ushtrin\u00eb do t\u00eb ndahen mbi 1 miliard euro, do t\u00eb zhvillojm\u00eb dron\u00ebt ushtarak\u00eb \u201cMade in Kosova\u201d\"}]},{\"@type\":\"WebSite\",\"@id\":\"https:\/\/veritasinfo.org\/#website\",\"url\":\"https:\/\/veritasinfo.org\/\",\"name\":\"\",\"description\":\"\",\"potentialAction\":[{\"@type\":\"SearchAction\",\"target\":{\"@type\":\"EntryPoint\",\"urlTemplate\":\"https:\/\/veritasinfo.org\/?s={search_term_string}\"},\"query-input\":{\"@type\":\"PropertyValueSpecification\",\"valueRequired\":true,\"valueName\":\"search_term_string\"}}],\"inLanguage\":\"en-US\"},{\"@type\":\"Person\",\"@id\":\"https:\/\/veritasinfo.org\/#\/schema\/person\/7701f8c088bece422266b100a712374f\",\"name\":\"admin\",\"image\":{\"@type\":\"ImageObject\",\"inLanguage\":\"en-US\",\"@id\":\"https:\/\/veritasinfo.org\/#\/schema\/person\/image\/\",\"url\":\"https:\/\/secure.gravatar.com\/avatar\/ea53aa3bf6c9a12d5fde8ce4deff43fef3885ae33cf60184161a50d6987cfd2f?s=96&d=mm&r=g\",\"contentUrl\":\"https:\/\/secure.gravatar.com\/avatar\/ea53aa3bf6c9a12d5fde8ce4deff43fef3885ae33cf60184161a50d6987cfd2f?s=96&d=mm&r=g\",\"caption\":\"admin\"},\"sameAs\":[\"https:\/\/veritasinfo.org\"],\"url\":\"https:\/\/veritasinfo.org\/?author=1\"}]}<\/script>\n<!-- \/ Yoast SEO plugin. -->","yoast_head_json":{"title":"Kurti: P\u00ebr ushtrin\u00eb do t\u00eb ndahen mbi 1 miliard euro, do t\u00eb zhvillojm\u00eb dron\u00ebt ushtarak\u00eb \u201cMade in Kosova\u201d -","robots":{"index":"index","follow":"follow","max-snippet":"max-snippet:-1","max-image-preview":"max-image-preview:large","max-video-preview":"max-video-preview:-1"},"canonical":"https:\/\/veritasinfo.org\/?p=11053","og_locale":"en_US","og_type":"article","og_title":"Kurti: P\u00ebr ushtrin\u00eb do t\u00eb ndahen mbi 1 miliard euro, do t\u00eb zhvillojm\u00eb dron\u00ebt ushtarak\u00eb \u201cMade in Kosova\u201d -","og_description":"Prishtin\u00eb, 08 shtator 2025 Kryeministri n\u00eb detyr\u00eb, Albin Kurti, dje u votua unanimisht nga an\u00ebtar\u00ebt e K\u00ebshillit t\u00eb P\u00ebrgjithsh\u00ebm t\u00eb L\u00ebvizjes Vet\u00ebvendosje si mandatar p\u00ebr","og_url":"https:\/\/veritasinfo.org\/?p=11053","article_published_time":"2025-09-08T08:47:10+00:00","article_modified_time":"2025-09-08T08:48:50+00:00","og_image":[{"width":1024,"height":659,"url":"https:\/\/veritasinfo.org\/wp-content\/uploads\/2025\/09\/kurti-fsk.jpg","type":"image\/jpeg"}],"author":"admin","twitter_card":"summary_large_image","twitter_misc":{"Written by":"admin","Est. reading time":"2 minutes"},"schema":{"@context":"https:\/\/schema.org","@graph":[{"@type":"WebPage","@id":"https:\/\/veritasinfo.org\/?p=11053","url":"https:\/\/veritasinfo.org\/?p=11053","name":"Kurti: P\u00ebr ushtrin\u00eb do t\u00eb ndahen mbi 1 miliard euro, do t\u00eb zhvillojm\u00eb dron\u00ebt ushtarak\u00eb \u201cMade in Kosova\u201d -","isPartOf":{"@id":"https:\/\/veritasinfo.org\/#website"},"primaryImageOfPage":{"@id":"https:\/\/veritasinfo.org\/?p=11053#primaryimage"},"image":{"@id":"https:\/\/veritasinfo.org\/?p=11053#primaryimage"},"thumbnailUrl":"https:\/\/veritasinfo.org\/wp-content\/uploads\/2025\/09\/kurti-fsk.jpg","datePublished":"2025-09-08T08:47:10+00:00","dateModified":"2025-09-08T08:48:50+00:00","author":{"@id":"https:\/\/veritasinfo.org\/#\/schema\/person\/7701f8c088bece422266b100a712374f"},"breadcrumb":{"@id":"https:\/\/veritasinfo.org\/?p=11053#breadcrumb"},"inLanguage":"en-US","potentialAction":[{"@type":"ReadAction","target":["https:\/\/veritasinfo.org\/?p=11053"]}]},{"@type":"ImageObject","inLanguage":"en-US","@id":"https:\/\/veritasinfo.org\/?p=11053#primaryimage","url":"https:\/\/veritasinfo.org\/wp-content\/uploads\/2025\/09\/kurti-fsk.jpg","contentUrl":"https:\/\/veritasinfo.org\/wp-content\/uploads\/2025\/09\/kurti-fsk.jpg","width":1024,"height":659},{"@type":"BreadcrumbList","@id":"https:\/\/veritasinfo.org\/?p=11053#breadcrumb","itemListElement":[{"@type":"ListItem","position":1,"name":"Home","item":"https:\/\/veritasinfo.org\/"},{"@type":"ListItem","position":2,"name":"Kurti: P\u00ebr ushtrin\u00eb do t\u00eb ndahen mbi 1 miliard euro, do t\u00eb zhvillojm\u00eb dron\u00ebt ushtarak\u00eb \u201cMade in Kosova\u201d"}]},{"@type":"WebSite","@id":"https:\/\/veritasinfo.org\/#website","url":"https:\/\/veritasinfo.org\/","name":"","description":"","potentialAction":[{"@type":"SearchAction","target":{"@type":"EntryPoint","urlTemplate":"https:\/\/veritasinfo.org\/?s={search_term_string}"},"query-input":{"@type":"PropertyValueSpecification","valueRequired":true,"valueName":"search_term_string"}}],"inLanguage":"en-US"},{"@type":"Person","@id":"https:\/\/veritasinfo.org\/#\/schema\/person\/7701f8c088bece422266b100a712374f","name":"admin","image":{"@type":"ImageObject","inLanguage":"en-US","@id":"https:\/\/veritasinfo.org\/#\/schema\/person\/image\/","url":"https:\/\/secure.gravatar.com\/avatar\/ea53aa3bf6c9a12d5fde8ce4deff43fef3885ae33cf60184161a50d6987cfd2f?s=96&d=mm&r=g","contentUrl":"https:\/\/secure.gravatar.com\/avatar\/ea53aa3bf6c9a12d5fde8ce4deff43fef3885ae33cf60184161a50d6987cfd2f?s=96&d=mm&r=g","caption":"admin"},"sameAs":["https:\/\/veritasinfo.org"],"url":"https:\/\/veritasinfo.org\/?author=1"}]}},"featured_image_urls":{"full":["https:\/\/veritasinfo.org\/wp-content\/uploads\/2025\/09\/kurti-fsk.jpg",1024,659,false],"thumbnail":["https:\/\/veritasinfo.org\/wp-content\/uploads\/2025\/09\/kurti-fsk-150x150.jpg",150,150,true],"medium":["https:\/\/veritasinfo.org\/wp-content\/uploads\/2025\/09\/kurti-fsk-300x193.jpg",300,193,true],"medium_large":["https:\/\/veritasinfo.org\/wp-content\/uploads\/2025\/09\/kurti-fsk-768x494.jpg",640,412,true],"large":["https:\/\/veritasinfo.org\/wp-content\/uploads\/2025\/09\/kurti-fsk.jpg",640,412,false],"1536x1536":["https:\/\/veritasinfo.org\/wp-content\/uploads\/2025\/09\/kurti-fsk.jpg",1024,659,false],"2048x2048":["https:\/\/veritasinfo.org\/wp-content\/uploads\/2025\/09\/kurti-fsk.jpg",1024,659,false],"kreeti-slider-full":["https:\/\/veritasinfo.org\/wp-content\/uploads\/2025\/09\/kurti-fsk.jpg",1024,659,false],"kreeti-featured":["https:\/\/veritasinfo.org\/wp-content\/uploads\/2025\/09\/kurti-fsk.jpg",1024,659,false],"kreeti-medium":["https:\/\/veritasinfo.org\/wp-content\/uploads\/2025\/09\/kurti-fsk.jpg",720,463,false],"kreeti-medium-square":["https:\/\/veritasinfo.org\/wp-content\/uploads\/2025\/09\/kurti-fsk.jpg",350,225,false]},"author_info":{"info":["admin"]},"category_info":"<a href=\"https:\/\/veritasinfo.org\/?cat=58\" rel=\"category\">Politik\u00eb<\/a>","tag_info":"Politik\u00eb","comment_count":"0","_links":{"self":[{"href":"https:\/\/veritasinfo.org\/index.php?rest_route=\/wp\/v2\/posts\/11053","targetHints":{"allow":["GET"]}}],"collection":[{"href":"https:\/\/veritasinfo.org\/index.php?rest_route=\/wp\/v2\/posts"}],"about":[{"href":"https:\/\/veritasinfo.org\/index.php?rest_route=\/wp\/v2\/types\/post"}],"author":[{"embeddable":true,"href":"https:\/\/veritasinfo.org\/index.php?rest_route=\/wp\/v2\/users\/1"}],"replies":[{"embeddable":true,"href":"https:\/\/veritasinfo.org\/index.php?rest_route=%2Fwp%2Fv2%2Fcomments&post=11053"}],"version-history":[{"count":1,"href":"https:\/\/veritasinfo.org\/index.php?rest_route=\/wp\/v2\/posts\/11053\/revisions"}],"predecessor-version":[{"id":11055,"href":"https:\/\/veritasinfo.org\/index.php?rest_route=\/wp\/v2\/posts\/11053\/revisions\/11055"}],"wp:featuredmedia":[{"embeddable":true,"href":"https:\/\/veritasinfo.org\/index.php?rest_route=\/wp\/v2\/media\/11054"}],"wp:attachment":[{"href":"https:\/\/veritasinfo.org\/index.php?rest_route=%2Fwp%2Fv2%2Fmedia&parent=11053"}],"wp:term":[{"taxonomy":"category","embeddable":true,"href":"https:\/\/veritasinfo.org\/index.php?rest_route=%2Fwp%2Fv2%2Fcategories&post=11053"},{"taxonomy":"post_tag","embeddable":true,"href":"https:\/\/veritasinfo.org\/index.php?rest_route=%2Fwp%2Fv2%2Ftags&post=11053"}],"curies":[{"name":"wp","href":"https:\/\/api.w.org\/{rel}","templated":true}]}}