{"id":1105,"date":"2025-06-20T07:27:01","date_gmt":"2025-06-20T05:27:01","guid":{"rendered":"https:\/\/veritasinfo.org\/?p=1105"},"modified":"2025-06-20T07:27:01","modified_gmt":"2025-06-20T05:27:01","slug":"osmani-pret-owadeni-shpreh-mirenjohje-per-rolin-ndaj-shtetesise-se-kosoves","status":"publish","type":"post","link":"https:\/\/veritasinfo.org\/?p=1105","title":{"rendered":"Osmani pret Owad\u00ebn,i shpreh mir\u00ebnjohje p\u00ebr rolin ndaj shtet\u00ebsis\u00eb s\u00eb Kosov\u00ebs"},"content":{"rendered":"<p>Prishtin\u00eb, 20.06.2025<\/p>\n<p><strong>Presidentja Vjosa Osmani, ka pritur sot n\u00eb takim profesorin e s\u00eb drejt\u00ebs nd\u00ebrkomb\u00ebtare dhe ish-kryetarin e Gjykat\u00ebs Nd\u00ebrkomb\u00ebtare t\u00eb Drejt\u00ebsis\u00eb, Hisashi Owada.<\/strong><\/p>\n<p>N\u00eb postimin e Presidenc\u00ebs s\u00eb Kosov\u00ebs n\u00eb Facebook theksohet se Osmani ka th\u00ebn\u00eb q\u00eb Owada p\u00ebrfaq\u00ebson nj\u00eb figur\u00eb t\u00eb jasht\u00ebzakonshme n\u00eb fush\u00ebn e drejt\u00ebsis\u00eb nd\u00ebrkomb\u00ebtare dhe nj\u00eb promovues t\u00eb palodhur t\u00eb paqes globale.<\/p>\n<p>\u201cN\u00eb k\u00ebt\u00eb takim, presidentja Osmani shprehu mir\u00ebnjohjen e thell\u00eb t\u00eb institucioneve dhe qytetar\u00ebve t\u00eb Republik\u00ebs s\u00eb Kosov\u00ebs p\u00ebr rolin historik t\u00eb profesorit Owada, i cili si kryetar i GJND-s\u00eb ka drejtuar k\u00ebt\u00eb institucion n\u00eb nj\u00eb prej momenteve m\u00eb t\u00eb r\u00ebnd\u00ebsishme p\u00ebr shtetin e Kosov\u00ebs &#8211; dh\u00ebnien e opinionit k\u00ebshill\u00ebdh\u00ebn\u00ebs t\u00eb dat\u00ebs 22 korrik 2010, ku Gjykata konfirmoi se shpallja e pavar\u00ebsis\u00eb s\u00eb Kosov\u00ebs nuk ka shkelur t\u00eb drejt\u00ebn nd\u00ebrkomb\u00ebtare\u201d, thuhet n\u00eb njoftim.<\/p>\n<p>Presidentja vler\u00ebsoi kontributin e jasht\u00ebzakonsh\u00ebm t\u00eb profesorit Owada jo vet\u00ebm p\u00ebr Kosov\u00ebn, por edhe p\u00ebr zhvillimin dhe avancimin e t\u00eb drejt\u00ebs nd\u00ebrkomb\u00ebtare dhe p\u00ebrpjekjet p\u00ebr paqe globale.<\/p>\n<p>\u201cMe k\u00ebt\u00eb rast, presidentja Osmani e uroi profesorin Owada edhe p\u00ebr titullin \u201cDoctor Honoris Causa\u201d t\u00eb dh\u00ebn\u00eb nga Universiteti i Prishtin\u00ebs, duke theksuar se institucionet dhe qytetar\u00ebt e Republik\u00ebs s\u00eb Kosov\u00ebs do t\u00eb mbeten p\u00ebrjet\u00ebsisht mir\u00ebnjoh\u00ebs p\u00ebr mb\u00ebshtetjen dhe vizionin e tij\u201d, vazhdon njoftimi.<\/p>\n","protected":false},"excerpt":{"rendered":"<p>Prishtin\u00eb, 20.06.2025 Presidentja Vjosa Osmani, ka pritur sot n\u00eb takim profesorin e s\u00eb drejt\u00ebs nd\u00ebrkomb\u00ebtare dhe ish-kryetarin e Gjykat\u00ebs Nd\u00ebrkomb\u00ebtare t\u00eb Drejt\u00ebsis\u00eb, Hisashi Owada. N\u00eb<\/p>\n","protected":false},"author":1,"featured_media":1106,"comment_status":"open","ping_status":"open","sticky":false,"template":"","format":"standard","meta":{"footnotes":""},"categories":[58],"tags":[],"class_list":["post-1105","post","type-post","status-publish","format-standard","has-post-thumbnail","hentry","category-politike-sq"],"yoast_head":"<!-- This site is optimized with the Yoast SEO plugin v25.3.1 - https:\/\/yoast.com\/wordpress\/plugins\/seo\/ -->\n<title>Osmani pret Owad\u00ebn,i shpreh mir\u00ebnjohje p\u00ebr rolin ndaj shtet\u00ebsis\u00eb s\u00eb Kosov\u00ebs -<\/title>\n<meta name=\"robots\" content=\"index, follow, max-snippet:-1, max-image-preview:large, max-video-preview:-1\" \/>\n<link rel=\"canonical\" href=\"https:\/\/veritasinfo.org\/?p=1105\" \/>\n<meta property=\"og:locale\" content=\"en_US\" \/>\n<meta property=\"og:type\" content=\"article\" \/>\n<meta property=\"og:title\" content=\"Osmani pret Owad\u00ebn,i shpreh mir\u00ebnjohje p\u00ebr rolin ndaj shtet\u00ebsis\u00eb s\u00eb Kosov\u00ebs -\" \/>\n<meta property=\"og:description\" content=\"Prishtin\u00eb, 20.06.2025 Presidentja Vjosa Osmani, ka pritur sot n\u00eb takim profesorin e s\u00eb drejt\u00ebs nd\u00ebrkomb\u00ebtare dhe ish-kryetarin e Gjykat\u00ebs Nd\u00ebrkomb\u00ebtare t\u00eb Drejt\u00ebsis\u00eb, Hisashi Owada. N\u00eb\" \/>\n<meta property=\"og:url\" content=\"https:\/\/veritasinfo.org\/?p=1105\" \/>\n<meta property=\"article:published_time\" content=\"2025-06-20T05:27:01+00:00\" \/>\n<meta property=\"og:image\" content=\"https:\/\/veritasinfo.org\/wp-content\/uploads\/2025\/06\/IMG_1337.jpeg\" \/>\n\t<meta property=\"og:image:width\" content=\"780\" \/>\n\t<meta property=\"og:image:height\" content=\"500\" \/>\n\t<meta property=\"og:image:type\" content=\"image\/jpeg\" \/>\n<meta name=\"author\" content=\"admin\" \/>\n<meta name=\"twitter:card\" content=\"summary_large_image\" \/>\n<meta name=\"twitter:label1\" content=\"Written by\" \/>\n\t<meta name=\"twitter:data1\" content=\"admin\" \/>\n\t<meta name=\"twitter:label2\" content=\"Est. reading time\" \/>\n\t<meta name=\"twitter:data2\" content=\"2 minutes\" \/>\n<script type=\"application\/ld+json\" class=\"yoast-schema-graph\">{\"@context\":\"https:\/\/schema.org\",\"@graph\":[{\"@type\":\"WebPage\",\"@id\":\"https:\/\/veritasinfo.org\/?p=1105\",\"url\":\"https:\/\/veritasinfo.org\/?p=1105\",\"name\":\"Osmani pret Owad\u00ebn,i shpreh mir\u00ebnjohje p\u00ebr rolin ndaj shtet\u00ebsis\u00eb s\u00eb Kosov\u00ebs -\",\"isPartOf\":{\"@id\":\"https:\/\/veritasinfo.org\/#website\"},\"primaryImageOfPage\":{\"@id\":\"https:\/\/veritasinfo.org\/?p=1105#primaryimage\"},\"image\":{\"@id\":\"https:\/\/veritasinfo.org\/?p=1105#primaryimage\"},\"thumbnailUrl\":\"https:\/\/veritasinfo.org\/wp-content\/uploads\/2025\/06\/IMG_1337.jpeg\",\"datePublished\":\"2025-06-20T05:27:01+00:00\",\"author\":{\"@id\":\"https:\/\/veritasinfo.org\/#\/schema\/person\/7701f8c088bece422266b100a712374f\"},\"breadcrumb\":{\"@id\":\"https:\/\/veritasinfo.org\/?p=1105#breadcrumb\"},\"inLanguage\":\"en-US\",\"potentialAction\":[{\"@type\":\"ReadAction\",\"target\":[\"https:\/\/veritasinfo.org\/?p=1105\"]}]},{\"@type\":\"ImageObject\",\"inLanguage\":\"en-US\",\"@id\":\"https:\/\/veritasinfo.org\/?p=1105#primaryimage\",\"url\":\"https:\/\/veritasinfo.org\/wp-content\/uploads\/2025\/06\/IMG_1337.jpeg\",\"contentUrl\":\"https:\/\/veritasinfo.org\/wp-content\/uploads\/2025\/06\/IMG_1337.jpeg\",\"width\":780,\"height\":500},{\"@type\":\"BreadcrumbList\",\"@id\":\"https:\/\/veritasinfo.org\/?p=1105#breadcrumb\",\"itemListElement\":[{\"@type\":\"ListItem\",\"position\":1,\"name\":\"Home\",\"item\":\"https:\/\/veritasinfo.org\/\"},{\"@type\":\"ListItem\",\"position\":2,\"name\":\"Osmani pret Owad\u00ebn,i shpreh mir\u00ebnjohje p\u00ebr rolin ndaj shtet\u00ebsis\u00eb s\u00eb Kosov\u00ebs\"}]},{\"@type\":\"WebSite\",\"@id\":\"https:\/\/veritasinfo.org\/#website\",\"url\":\"https:\/\/veritasinfo.org\/\",\"name\":\"\",\"description\":\"\",\"potentialAction\":[{\"@type\":\"SearchAction\",\"target\":{\"@type\":\"EntryPoint\",\"urlTemplate\":\"https:\/\/veritasinfo.org\/?s={search_term_string}\"},\"query-input\":{\"@type\":\"PropertyValueSpecification\",\"valueRequired\":true,\"valueName\":\"search_term_string\"}}],\"inLanguage\":\"en-US\"},{\"@type\":\"Person\",\"@id\":\"https:\/\/veritasinfo.org\/#\/schema\/person\/7701f8c088bece422266b100a712374f\",\"name\":\"admin\",\"image\":{\"@type\":\"ImageObject\",\"inLanguage\":\"en-US\",\"@id\":\"https:\/\/veritasinfo.org\/#\/schema\/person\/image\/\",\"url\":\"https:\/\/secure.gravatar.com\/avatar\/ea53aa3bf6c9a12d5fde8ce4deff43fef3885ae33cf60184161a50d6987cfd2f?s=96&d=mm&r=g\",\"contentUrl\":\"https:\/\/secure.gravatar.com\/avatar\/ea53aa3bf6c9a12d5fde8ce4deff43fef3885ae33cf60184161a50d6987cfd2f?s=96&d=mm&r=g\",\"caption\":\"admin\"},\"sameAs\":[\"https:\/\/veritasinfo.org\"],\"url\":\"https:\/\/veritasinfo.org\/?author=1\"}]}<\/script>\n<!-- \/ Yoast SEO plugin. -->","yoast_head_json":{"title":"Osmani pret Owad\u00ebn,i shpreh mir\u00ebnjohje p\u00ebr rolin ndaj shtet\u00ebsis\u00eb s\u00eb Kosov\u00ebs -","robots":{"index":"index","follow":"follow","max-snippet":"max-snippet:-1","max-image-preview":"max-image-preview:large","max-video-preview":"max-video-preview:-1"},"canonical":"https:\/\/veritasinfo.org\/?p=1105","og_locale":"en_US","og_type":"article","og_title":"Osmani pret Owad\u00ebn,i shpreh mir\u00ebnjohje p\u00ebr rolin ndaj shtet\u00ebsis\u00eb s\u00eb Kosov\u00ebs -","og_description":"Prishtin\u00eb, 20.06.2025 Presidentja Vjosa Osmani, ka pritur sot n\u00eb takim profesorin e s\u00eb drejt\u00ebs nd\u00ebrkomb\u00ebtare dhe ish-kryetarin e Gjykat\u00ebs Nd\u00ebrkomb\u00ebtare t\u00eb Drejt\u00ebsis\u00eb, Hisashi Owada. N\u00eb","og_url":"https:\/\/veritasinfo.org\/?p=1105","article_published_time":"2025-06-20T05:27:01+00:00","og_image":[{"width":780,"height":500,"url":"https:\/\/veritasinfo.org\/wp-content\/uploads\/2025\/06\/IMG_1337.jpeg","type":"image\/jpeg"}],"author":"admin","twitter_card":"summary_large_image","twitter_misc":{"Written by":"admin","Est. reading time":"2 minutes"},"schema":{"@context":"https:\/\/schema.org","@graph":[{"@type":"WebPage","@id":"https:\/\/veritasinfo.org\/?p=1105","url":"https:\/\/veritasinfo.org\/?p=1105","name":"Osmani pret Owad\u00ebn,i shpreh mir\u00ebnjohje p\u00ebr rolin ndaj shtet\u00ebsis\u00eb s\u00eb Kosov\u00ebs -","isPartOf":{"@id":"https:\/\/veritasinfo.org\/#website"},"primaryImageOfPage":{"@id":"https:\/\/veritasinfo.org\/?p=1105#primaryimage"},"image":{"@id":"https:\/\/veritasinfo.org\/?p=1105#primaryimage"},"thumbnailUrl":"https:\/\/veritasinfo.org\/wp-content\/uploads\/2025\/06\/IMG_1337.jpeg","datePublished":"2025-06-20T05:27:01+00:00","author":{"@id":"https:\/\/veritasinfo.org\/#\/schema\/person\/7701f8c088bece422266b100a712374f"},"breadcrumb":{"@id":"https:\/\/veritasinfo.org\/?p=1105#breadcrumb"},"inLanguage":"en-US","potentialAction":[{"@type":"ReadAction","target":["https:\/\/veritasinfo.org\/?p=1105"]}]},{"@type":"ImageObject","inLanguage":"en-US","@id":"https:\/\/veritasinfo.org\/?p=1105#primaryimage","url":"https:\/\/veritasinfo.org\/wp-content\/uploads\/2025\/06\/IMG_1337.jpeg","contentUrl":"https:\/\/veritasinfo.org\/wp-content\/uploads\/2025\/06\/IMG_1337.jpeg","width":780,"height":500},{"@type":"BreadcrumbList","@id":"https:\/\/veritasinfo.org\/?p=1105#breadcrumb","itemListElement":[{"@type":"ListItem","position":1,"name":"Home","item":"https:\/\/veritasinfo.org\/"},{"@type":"ListItem","position":2,"name":"Osmani pret Owad\u00ebn,i shpreh mir\u00ebnjohje p\u00ebr rolin ndaj shtet\u00ebsis\u00eb s\u00eb Kosov\u00ebs"}]},{"@type":"WebSite","@id":"https:\/\/veritasinfo.org\/#website","url":"https:\/\/veritasinfo.org\/","name":"","description":"","potentialAction":[{"@type":"SearchAction","target":{"@type":"EntryPoint","urlTemplate":"https:\/\/veritasinfo.org\/?s={search_term_string}"},"query-input":{"@type":"PropertyValueSpecification","valueRequired":true,"valueName":"search_term_string"}}],"inLanguage":"en-US"},{"@type":"Person","@id":"https:\/\/veritasinfo.org\/#\/schema\/person\/7701f8c088bece422266b100a712374f","name":"admin","image":{"@type":"ImageObject","inLanguage":"en-US","@id":"https:\/\/veritasinfo.org\/#\/schema\/person\/image\/","url":"https:\/\/secure.gravatar.com\/avatar\/ea53aa3bf6c9a12d5fde8ce4deff43fef3885ae33cf60184161a50d6987cfd2f?s=96&d=mm&r=g","contentUrl":"https:\/\/secure.gravatar.com\/avatar\/ea53aa3bf6c9a12d5fde8ce4deff43fef3885ae33cf60184161a50d6987cfd2f?s=96&d=mm&r=g","caption":"admin"},"sameAs":["https:\/\/veritasinfo.org"],"url":"https:\/\/veritasinfo.org\/?author=1"}]}},"featured_image_urls":{"full":["https:\/\/veritasinfo.org\/wp-content\/uploads\/2025\/06\/IMG_1337.jpeg",780,500,false],"thumbnail":["https:\/\/veritasinfo.org\/wp-content\/uploads\/2025\/06\/IMG_1337-150x150.jpeg",150,150,true],"medium":["https:\/\/veritasinfo.org\/wp-content\/uploads\/2025\/06\/IMG_1337-300x192.jpeg",300,192,true],"medium_large":["https:\/\/veritasinfo.org\/wp-content\/uploads\/2025\/06\/IMG_1337-768x492.jpeg",640,410,true],"large":["https:\/\/veritasinfo.org\/wp-content\/uploads\/2025\/06\/IMG_1337.jpeg",640,410,false],"1536x1536":["https:\/\/veritasinfo.org\/wp-content\/uploads\/2025\/06\/IMG_1337.jpeg",780,500,false],"2048x2048":["https:\/\/veritasinfo.org\/wp-content\/uploads\/2025\/06\/IMG_1337.jpeg",780,500,false],"kreeti-slider-full":["https:\/\/veritasinfo.org\/wp-content\/uploads\/2025\/06\/IMG_1337.jpeg",780,500,false],"kreeti-featured":["https:\/\/veritasinfo.org\/wp-content\/uploads\/2025\/06\/IMG_1337.jpeg",780,500,false],"kreeti-medium":["https:\/\/veritasinfo.org\/wp-content\/uploads\/2025\/06\/IMG_1337.jpeg",720,462,false],"kreeti-medium-square":["https:\/\/veritasinfo.org\/wp-content\/uploads\/2025\/06\/IMG_1337.jpeg",350,224,false]},"author_info":{"info":["admin"]},"category_info":"<a href=\"https:\/\/veritasinfo.org\/?cat=58\" rel=\"category\">Politik\u00eb<\/a>","tag_info":"Politik\u00eb","comment_count":"0","_links":{"self":[{"href":"https:\/\/veritasinfo.org\/index.php?rest_route=\/wp\/v2\/posts\/1105","targetHints":{"allow":["GET"]}}],"collection":[{"href":"https:\/\/veritasinfo.org\/index.php?rest_route=\/wp\/v2\/posts"}],"about":[{"href":"https:\/\/veritasinfo.org\/index.php?rest_route=\/wp\/v2\/types\/post"}],"author":[{"embeddable":true,"href":"https:\/\/veritasinfo.org\/index.php?rest_route=\/wp\/v2\/users\/1"}],"replies":[{"embeddable":true,"href":"https:\/\/veritasinfo.org\/index.php?rest_route=%2Fwp%2Fv2%2Fcomments&post=1105"}],"version-history":[{"count":1,"href":"https:\/\/veritasinfo.org\/index.php?rest_route=\/wp\/v2\/posts\/1105\/revisions"}],"predecessor-version":[{"id":1107,"href":"https:\/\/veritasinfo.org\/index.php?rest_route=\/wp\/v2\/posts\/1105\/revisions\/1107"}],"wp:featuredmedia":[{"embeddable":true,"href":"https:\/\/veritasinfo.org\/index.php?rest_route=\/wp\/v2\/media\/1106"}],"wp:attachment":[{"href":"https:\/\/veritasinfo.org\/index.php?rest_route=%2Fwp%2Fv2%2Fmedia&parent=1105"}],"wp:term":[{"taxonomy":"category","embeddable":true,"href":"https:\/\/veritasinfo.org\/index.php?rest_route=%2Fwp%2Fv2%2Fcategories&post=1105"},{"taxonomy":"post_tag","embeddable":true,"href":"https:\/\/veritasinfo.org\/index.php?rest_route=%2Fwp%2Fv2%2Ftags&post=1105"}],"curies":[{"name":"wp","href":"https:\/\/api.w.org\/{rel}","templated":true}]}}