{"id":11043,"date":"2025-09-08T09:11:57","date_gmt":"2025-09-08T07:11:57","guid":{"rendered":"https:\/\/veritasinfo.org\/?p=11043"},"modified":"2025-09-08T09:11:57","modified_gmt":"2025-09-08T07:11:57","slug":"lejleku-shqip-sfidon-nacionalistet-serbe-me-shfaqje-ne-podgorice-cmim-per-sos","status":"publish","type":"post","link":"https:\/\/veritasinfo.org\/?p=11043","title":{"rendered":"\u201cLejleku\u201d shqip sfidon nacionalist\u00ebt serb\u00eb me shfaqje n\u00eb Podgoric\u00eb, \u00e7mim p\u00ebr \u201cSOS\u201d"},"content":{"rendered":"<p>Podgoric\u00eb, 08 shtator 2025<\/p>\n<p>P\u00ebrderisa nuk ndalen reagimet p\u00ebr nd\u00ebrprerjen e shfaqjes s\u00eb \u201cLejlekut\u201d nga nacionalist\u00ebt serb\u00eb q\u00eb s\u2019e durojn\u00eb shqipen, filmi, n\u00ebn regji t\u00eb Isa Qosjes, ka arritur te nj\u00eb pjes\u00eb e publikut n\u00eb Podgoric\u00eb. T\u00eb diel\u00ebn mbr\u00ebma \u00ebsht\u00eb shfaqur n\u00eb Kinotek\u00ebn e Malit t\u00eb Zi, nja 3 kilometra larg prej vendit ku dit\u00eb m\u00eb par\u00eb u nd\u00ebrpre. I pranish\u00ebm ka qen\u00eb edhe presidenti i Malit t\u00eb Zi, Jakov Millatoviq i cili ka th\u00ebn\u00eb se shfaqja \u00ebsht\u00eb mesazh i qart\u00eb. P\u00ebrderisa \u201cLejleku\u201d ka mbyllur edicionin e dhjet\u00eb t\u00eb Festivalit Nd\u00ebrkomb\u00ebtar t\u00eb Filmit Debutues t\u00eb Metrazhit t\u00eb Gjat\u00eb \u201cXhada\u201d, nj\u00eb tjet\u00ebr film shqip s\u2019ka kaluar pa v\u00ebmendjen e juris\u00eb. Aktori Gentrit Shala \u00ebsht\u00eb vler\u00ebsuar p\u00ebr rolin e tij n\u00eb filmin e shkurt\u00ebr \u201cSOS\u201d t\u00eb Anita Morin\u00ebs<\/p>\n<p>Filmi shqip i ndaluar nga nacionalist\u00ebt serb\u00eb q\u00eb arrit\u00ebn ta pamund\u00ebsonin shfaqjen e tij dit\u00eb m\u00eb par\u00eb, ka arritur te publiku n\u00eb Podgoric\u00eb. Ani pse jo n\u00eb vendin ku u nd\u00ebrpre, \u201cLejleku\u201d, n\u00ebn regji t\u00eb Isa Qosjes, ndezi projektorin t\u00eb diel\u00ebn mbr\u00ebma.<\/p>\n<p>Vendimi p\u00ebr ta shfaqur ka pasur edhe nj\u00eb tis simbolik: ka sfiduar nacionalizimin q\u00eb \u00e7oi krye hapur edhe p\u00ebrball\u00eb nj\u00eb filmi vet\u00ebm pse flet shqip.<\/p>\n<p>Organizator\u00ebt e Festivalit Nd\u00ebrkomb\u00ebtar t\u00eb Filmit Debutues t\u00eb Metrazhit t\u00eb Gjat\u00eb \u201cXhada\u201d, qysh t\u00eb m\u00ebrkur\u00ebn, kur akti i nd\u00ebrprerjes s\u00eb filmit b\u00ebri buj\u00eb \u2013 duke ndezur fitilin e reagimeve nga t\u00eb gjitha an\u00ebt, por duke shfaqur edhe heshtjen e nj\u00eb pjese t\u00eb udh\u00ebheqjes politike \u2013 paralajm\u00ebruan se me filmin \u201cLejleku\u201d \u2013 i cili n\u00eb Podgoric\u00eb u shfaq p\u00ebr her\u00eb t\u00eb par\u00eb dhjetorin e kaluar \u2013 do ta mbyllin edicionin e dhjet\u00eb t\u00eb festivalit. Kan\u00eb arritur ta b\u00ebjn\u00eb k\u00ebt\u00eb n\u00eb Kinotek\u00ebn e Malit t\u00eb Zi, nja 3 kilometra prej lokacionit ku \u201cprogramin\u201d e diktuan nacionalist\u00ebt, sepse u pengoi shqipja.<\/p>\n<p>Aty ka qen\u00eb i pranish\u00ebm edhe presidenti i Malit t\u00eb Zi, Jakov Millatoviq i cili ka th\u00ebn\u00eb se i cili ka th\u00ebn\u00eb se shfaqja \u00ebsht\u00eb mesazh i qart\u00eb.<\/p>\n<p>\u201cSonte, nga shfaqja e p\u00ebrs\u00ebritur e filmit \u2018Lejleku\u201d po d\u00ebrgojm\u00eb nj\u00eb mesazh t\u00eb qart\u00eb: Mali i Zi \u00ebsht\u00eb dhe duhet t\u00eb mbetet nj\u00eb shoq\u00ebri civile n\u00eb t\u00eb cil\u00ebn ushqehen liria e shprehjes artistike, diversiteti kulturor dhe respekti i nd\u00ebrsjell\u00eb. Ky film i madh malazez, i xhiruar n\u00eb gjuh\u00ebn shqipe, i cili trajton tema universale, tregon pasurin\u00eb e harmonis\u00eb son\u00eb shumetnike. N\u00eb nj\u00eb vend ku t\u00eb gjitha gjuh\u00ebt, kulturat dhe fet\u00eb respektohen dhe vler\u00ebsohen, nuk ka vend p\u00ebr ndarje. Vet\u00ebm n\u00eb k\u00ebt\u00eb m\u00ebnyr\u00eb mund ta nd\u00ebrtojm\u00eb Malin e Zi modern, demokratik dhe evropian. Kultura \u00ebsht\u00eb nj\u00eb hap\u00ebsir\u00eb bashkimi, jo ndarjeje. Dhe p\u00ebr k\u00ebt\u00eb mosdurimi dhe jotoleranca nuk duhet t\u00eb fitojn\u00eb. Kurr\u00eb\u201d, ka shkruar ai n\u00eb rrejte sociale, t\u00eb diel\u00ebn von\u00eb.<\/p>\n<p>Por edhe nj\u00eb tjet\u00ebr film shqip nuk ka kaluar pa v\u00ebmendjen e juris\u00eb. Aktori Gentrit Shala \u00ebsht\u00eb shp\u00ebrblyer p\u00ebr rolin e tij n\u00eb filmin e shkurt\u00ebr \u201cSOS\u201d t\u00eb Anita Morin\u00ebs.<\/p>\n<p>\u201cMe filmin \u2018Lejleku\u2019 simbolikisht e, mbi t\u00eb gjitha, n\u00eb m\u00ebnyr\u00eb t\u00eb r\u00ebnd\u00ebsishme e t\u00eb fuqishme, p\u00ebrmbyllim vitin e dhjet\u00eb t\u00eb shoq\u00ebrimit ton\u00eb t\u00eb p\u00ebrbashk\u00ebt me lavdin\u00eb e filmit e t\u00eb artit. E, ky \u00ebsht\u00eb vet\u00ebm fillimi\u201d, kan\u00eb th\u00ebn\u00eb organizator\u00ebt n\u00eb nj\u00eb njoftim.<\/p>\n<p>P\u00ebrmbylljes simbolike t\u00eb Festivalit i ka paraprir\u00eb ceremonia e ndarjes s\u00eb \u00e7mimeve t\u00eb shtun\u00ebn mbr\u00ebma. Sipas raportimeve t\u00eb mediave malazeze, fituesi i \u00e7mimit kryesor n\u00eb kategorin\u00eb e filmit t\u00eb gjat\u00eb, filmi \u201cLittle trouble girls\u201d, n\u00ebn regji t\u00eb Urshka Gjukiq nga Sllovenia, \u00ebsht\u00eb filmi m\u00eb i mir\u00eb debutues i metrazhit t\u00eb gjat\u00eb. Juria e k\u00ebsaj kategorie n\u00eb p\u00ebrb\u00ebrje t\u00eb aktorit e producentit Dushan Kova\u00e7eviq, aktores Marija Vickoviq dhe producentit Vlado Bulajiq, e ka \u00e7muar si nj\u00eb vep\u00ebr e cila n\u00ebp\u00ebrmjet \u201crr\u00ebfimit vizualisht ekspresiv dhe t\u00eb ngarkuar shpalos luft\u00ebn e brendshme t\u00eb nj\u00eb vajze, e cila shpesh form\u00ebsohet dhe kufizohet nga normat shoq\u00ebrore dhe kornizat fetare\u201d.<\/p>\n<p>\u201cP\u00ebr k\u00ebt\u00eb juria unanimisht e konsideron si nj\u00eb projekt nj\u00ebkoh\u00ebsisht t\u00eb guximsh\u00ebm dhe delikat me skica t\u00eb jasht\u00ebzakonshme dhe t\u00eb gjitha postulatet cil\u00ebsore t\u00eb nj\u00eb \u2018filmi evropian\u2019, i cili n\u00eb m\u00ebnyr\u00eb t\u00eb ndjeshme dhe nganj\u00ebher\u00eb fort dramatike p\u00ebrdor poezin\u00eb vizuale p\u00ebr t\u00eb folur rreth proceseve emocionale dhe identitare n\u00ebp\u00ebr t\u00eb cilat kalojn\u00eb grat\u00eb e reja. N\u00eb nj\u00eb det filmash dhe historish q\u00eb ende i vendosin personazhet n\u00eb sfond, pa u dh\u00ebn\u00eb atyre arsye t\u00eb v\u00ebrteta p\u00ebr ekzistenc\u00ebn e tyre, \u2018Good Girls\u2019 gjen rrug\u00ebn e tyre drejt zemr\u00ebs s\u00eb t\u00eb gjith\u00ebve\u201d, thuhet n\u00eb arsyetimin e juris\u00eb. Po n\u00eb k\u00ebt\u00eb kategori, \u00c7mimin p\u00ebr regjin\u00eb m\u00eb t\u00eb mir\u00eb e ka marr\u00eb Vladimir Tagiq p\u00ebr filmin \u201cYugo Florida\u201d.<\/p>\n<p>Festivali Nd\u00ebrkomb\u00ebtar i Filmit Debutues t\u00eb Metrazhit t\u00eb Gjat\u00eb \u201cXhada\u201d sivjet p\u00ebr her\u00eb t\u00eb par\u00eb ka futur n\u00eb program edhe kategorin\u00eb e filmit t\u00eb shkurt\u00ebr. Juria n\u00eb k\u00ebt\u00eb kategori, e p\u00ebrb\u00ebr\u00eb nga kritiku i filmit Zoran Jankoviq, producentja Marija Vlahoviq dhe regjisorja Carina-Gabriela Dasoveanu, \u00c7mimin kryesor n\u00eb k\u00ebt\u00eb kategori ia ka dh\u00ebn\u00eb filmit \u201cAstro\u201d, n\u00ebn regji t\u00eb regjisorit holandez Tim Ewalts.<\/p>\n<p>Po kjo juri ka vendosur q\u00eb n\u00eb k\u00ebt\u00eb kategori ta theksoj\u00eb edhe aktrimin.<\/p>\n<p>\u201cN\u00eb nj\u00eb p\u00ebrzgjedhje v\u00ebrtet t\u00eb pasur prej 22 filmash t\u00eb shkurt\u00ebr, juria shprehu d\u00ebshir\u00ebn p\u00ebr t\u00eb nxjerr\u00eb n\u00eb pah aktrimin nga dy filma t\u00eb tjer\u00eb. Konsiderojm\u00eb se meritojn\u00eb mir\u00ebnjohje interpretimet e pjekura, t\u00eb padukshme, por mbres\u00ebl\u00ebn\u00ebse t\u00eb Gentrit Shal\u00ebs n\u00eb filmin \u2018SOS\u2019 t\u00eb Anita Morin\u00ebs dhe post mortem, Dostana Nikoliqit n\u00eb filmin \u20185\/3\/0\u2019 t\u00eb regjisorit Danilo Stanimiroviq\u201d, thuhet n\u00eb arsyetimin e juris\u00eb.<\/p>\n","protected":false},"excerpt":{"rendered":"<p>Podgoric\u00eb, 08 shtator 2025 P\u00ebrderisa nuk ndalen reagimet p\u00ebr nd\u00ebrprerjen e shfaqjes s\u00eb \u201cLejlekut\u201d nga nacionalist\u00ebt serb\u00eb q\u00eb s\u2019e durojn\u00eb shqipen, filmi, n\u00ebn regji t\u00eb<\/p>\n","protected":false},"author":1,"featured_media":11044,"comment_status":"open","ping_status":"open","sticky":false,"template":"","format":"standard","meta":{"footnotes":""},"categories":[54],"tags":[],"class_list":["post-11043","post","type-post","status-publish","format-standard","has-post-thumbnail","hentry","category-kulture-sq"],"yoast_head":"<!-- This site is optimized with the Yoast SEO plugin v25.3.1 - https:\/\/yoast.com\/wordpress\/plugins\/seo\/ -->\n<title>\u201cLejleku\u201d shqip sfidon nacionalist\u00ebt serb\u00eb me shfaqje n\u00eb Podgoric\u00eb, \u00e7mim p\u00ebr \u201cSOS\u201d -<\/title>\n<meta name=\"robots\" content=\"index, follow, max-snippet:-1, max-image-preview:large, max-video-preview:-1\" \/>\n<link rel=\"canonical\" href=\"https:\/\/veritasinfo.org\/?p=11043\" \/>\n<meta property=\"og:locale\" content=\"en_US\" \/>\n<meta property=\"og:type\" content=\"article\" \/>\n<meta property=\"og:title\" content=\"\u201cLejleku\u201d shqip sfidon nacionalist\u00ebt serb\u00eb me shfaqje n\u00eb Podgoric\u00eb, \u00e7mim p\u00ebr \u201cSOS\u201d -\" \/>\n<meta property=\"og:description\" content=\"Podgoric\u00eb, 08 shtator 2025 P\u00ebrderisa nuk ndalen reagimet p\u00ebr nd\u00ebrprerjen e shfaqjes s\u00eb \u201cLejlekut\u201d nga nacionalist\u00ebt serb\u00eb q\u00eb s\u2019e durojn\u00eb shqipen, filmi, n\u00ebn regji t\u00eb\" \/>\n<meta property=\"og:url\" content=\"https:\/\/veritasinfo.org\/?p=11043\" \/>\n<meta property=\"article:published_time\" content=\"2025-09-08T07:11:57+00:00\" \/>\n<meta property=\"og:image\" content=\"https:\/\/veritasinfo.org\/wp-content\/uploads\/2025\/09\/a26b3612-b220-45b1-b8a1-2a51cd72b229.jpg\" \/>\n\t<meta property=\"og:image:width\" content=\"860\" \/>\n\t<meta property=\"og:image:height\" content=\"550\" \/>\n\t<meta property=\"og:image:type\" content=\"image\/jpeg\" \/>\n<meta name=\"author\" content=\"admin\" \/>\n<meta name=\"twitter:card\" content=\"summary_large_image\" \/>\n<meta name=\"twitter:label1\" content=\"Written by\" \/>\n\t<meta name=\"twitter:data1\" content=\"admin\" \/>\n\t<meta name=\"twitter:label2\" content=\"Est. reading time\" \/>\n\t<meta name=\"twitter:data2\" content=\"4 minutes\" \/>\n<script type=\"application\/ld+json\" class=\"yoast-schema-graph\">{\"@context\":\"https:\/\/schema.org\",\"@graph\":[{\"@type\":\"WebPage\",\"@id\":\"https:\/\/veritasinfo.org\/?p=11043\",\"url\":\"https:\/\/veritasinfo.org\/?p=11043\",\"name\":\"\u201cLejleku\u201d shqip sfidon nacionalist\u00ebt serb\u00eb me shfaqje n\u00eb Podgoric\u00eb, \u00e7mim p\u00ebr \u201cSOS\u201d -\",\"isPartOf\":{\"@id\":\"https:\/\/veritasinfo.org\/#website\"},\"primaryImageOfPage\":{\"@id\":\"https:\/\/veritasinfo.org\/?p=11043#primaryimage\"},\"image\":{\"@id\":\"https:\/\/veritasinfo.org\/?p=11043#primaryimage\"},\"thumbnailUrl\":\"https:\/\/veritasinfo.org\/wp-content\/uploads\/2025\/09\/a26b3612-b220-45b1-b8a1-2a51cd72b229.jpg\",\"datePublished\":\"2025-09-08T07:11:57+00:00\",\"author\":{\"@id\":\"https:\/\/veritasinfo.org\/#\/schema\/person\/7701f8c088bece422266b100a712374f\"},\"breadcrumb\":{\"@id\":\"https:\/\/veritasinfo.org\/?p=11043#breadcrumb\"},\"inLanguage\":\"en-US\",\"potentialAction\":[{\"@type\":\"ReadAction\",\"target\":[\"https:\/\/veritasinfo.org\/?p=11043\"]}]},{\"@type\":\"ImageObject\",\"inLanguage\":\"en-US\",\"@id\":\"https:\/\/veritasinfo.org\/?p=11043#primaryimage\",\"url\":\"https:\/\/veritasinfo.org\/wp-content\/uploads\/2025\/09\/a26b3612-b220-45b1-b8a1-2a51cd72b229.jpg\",\"contentUrl\":\"https:\/\/veritasinfo.org\/wp-content\/uploads\/2025\/09\/a26b3612-b220-45b1-b8a1-2a51cd72b229.jpg\",\"width\":860,\"height\":550},{\"@type\":\"BreadcrumbList\",\"@id\":\"https:\/\/veritasinfo.org\/?p=11043#breadcrumb\",\"itemListElement\":[{\"@type\":\"ListItem\",\"position\":1,\"name\":\"Home\",\"item\":\"https:\/\/veritasinfo.org\/\"},{\"@type\":\"ListItem\",\"position\":2,\"name\":\"\u201cLejleku\u201d shqip sfidon nacionalist\u00ebt serb\u00eb me shfaqje n\u00eb Podgoric\u00eb, \u00e7mim p\u00ebr \u201cSOS\u201d\"}]},{\"@type\":\"WebSite\",\"@id\":\"https:\/\/veritasinfo.org\/#website\",\"url\":\"https:\/\/veritasinfo.org\/\",\"name\":\"\",\"description\":\"\",\"potentialAction\":[{\"@type\":\"SearchAction\",\"target\":{\"@type\":\"EntryPoint\",\"urlTemplate\":\"https:\/\/veritasinfo.org\/?s={search_term_string}\"},\"query-input\":{\"@type\":\"PropertyValueSpecification\",\"valueRequired\":true,\"valueName\":\"search_term_string\"}}],\"inLanguage\":\"en-US\"},{\"@type\":\"Person\",\"@id\":\"https:\/\/veritasinfo.org\/#\/schema\/person\/7701f8c088bece422266b100a712374f\",\"name\":\"admin\",\"image\":{\"@type\":\"ImageObject\",\"inLanguage\":\"en-US\",\"@id\":\"https:\/\/veritasinfo.org\/#\/schema\/person\/image\/\",\"url\":\"https:\/\/secure.gravatar.com\/avatar\/ea53aa3bf6c9a12d5fde8ce4deff43fef3885ae33cf60184161a50d6987cfd2f?s=96&d=mm&r=g\",\"contentUrl\":\"https:\/\/secure.gravatar.com\/avatar\/ea53aa3bf6c9a12d5fde8ce4deff43fef3885ae33cf60184161a50d6987cfd2f?s=96&d=mm&r=g\",\"caption\":\"admin\"},\"sameAs\":[\"https:\/\/veritasinfo.org\"],\"url\":\"https:\/\/veritasinfo.org\/?author=1\"}]}<\/script>\n<!-- \/ Yoast SEO plugin. -->","yoast_head_json":{"title":"\u201cLejleku\u201d shqip sfidon nacionalist\u00ebt serb\u00eb me shfaqje n\u00eb Podgoric\u00eb, \u00e7mim p\u00ebr \u201cSOS\u201d -","robots":{"index":"index","follow":"follow","max-snippet":"max-snippet:-1","max-image-preview":"max-image-preview:large","max-video-preview":"max-video-preview:-1"},"canonical":"https:\/\/veritasinfo.org\/?p=11043","og_locale":"en_US","og_type":"article","og_title":"\u201cLejleku\u201d shqip sfidon nacionalist\u00ebt serb\u00eb me shfaqje n\u00eb Podgoric\u00eb, \u00e7mim p\u00ebr \u201cSOS\u201d -","og_description":"Podgoric\u00eb, 08 shtator 2025 P\u00ebrderisa nuk ndalen reagimet p\u00ebr nd\u00ebrprerjen e shfaqjes s\u00eb \u201cLejlekut\u201d nga nacionalist\u00ebt serb\u00eb q\u00eb s\u2019e durojn\u00eb shqipen, filmi, n\u00ebn regji t\u00eb","og_url":"https:\/\/veritasinfo.org\/?p=11043","article_published_time":"2025-09-08T07:11:57+00:00","og_image":[{"width":860,"height":550,"url":"https:\/\/veritasinfo.org\/wp-content\/uploads\/2025\/09\/a26b3612-b220-45b1-b8a1-2a51cd72b229.jpg","type":"image\/jpeg"}],"author":"admin","twitter_card":"summary_large_image","twitter_misc":{"Written by":"admin","Est. reading time":"4 minutes"},"schema":{"@context":"https:\/\/schema.org","@graph":[{"@type":"WebPage","@id":"https:\/\/veritasinfo.org\/?p=11043","url":"https:\/\/veritasinfo.org\/?p=11043","name":"\u201cLejleku\u201d shqip sfidon nacionalist\u00ebt serb\u00eb me shfaqje n\u00eb Podgoric\u00eb, \u00e7mim p\u00ebr \u201cSOS\u201d -","isPartOf":{"@id":"https:\/\/veritasinfo.org\/#website"},"primaryImageOfPage":{"@id":"https:\/\/veritasinfo.org\/?p=11043#primaryimage"},"image":{"@id":"https:\/\/veritasinfo.org\/?p=11043#primaryimage"},"thumbnailUrl":"https:\/\/veritasinfo.org\/wp-content\/uploads\/2025\/09\/a26b3612-b220-45b1-b8a1-2a51cd72b229.jpg","datePublished":"2025-09-08T07:11:57+00:00","author":{"@id":"https:\/\/veritasinfo.org\/#\/schema\/person\/7701f8c088bece422266b100a712374f"},"breadcrumb":{"@id":"https:\/\/veritasinfo.org\/?p=11043#breadcrumb"},"inLanguage":"en-US","potentialAction":[{"@type":"ReadAction","target":["https:\/\/veritasinfo.org\/?p=11043"]}]},{"@type":"ImageObject","inLanguage":"en-US","@id":"https:\/\/veritasinfo.org\/?p=11043#primaryimage","url":"https:\/\/veritasinfo.org\/wp-content\/uploads\/2025\/09\/a26b3612-b220-45b1-b8a1-2a51cd72b229.jpg","contentUrl":"https:\/\/veritasinfo.org\/wp-content\/uploads\/2025\/09\/a26b3612-b220-45b1-b8a1-2a51cd72b229.jpg","width":860,"height":550},{"@type":"BreadcrumbList","@id":"https:\/\/veritasinfo.org\/?p=11043#breadcrumb","itemListElement":[{"@type":"ListItem","position":1,"name":"Home","item":"https:\/\/veritasinfo.org\/"},{"@type":"ListItem","position":2,"name":"\u201cLejleku\u201d shqip sfidon nacionalist\u00ebt serb\u00eb me shfaqje n\u00eb Podgoric\u00eb, \u00e7mim p\u00ebr \u201cSOS\u201d"}]},{"@type":"WebSite","@id":"https:\/\/veritasinfo.org\/#website","url":"https:\/\/veritasinfo.org\/","name":"","description":"","potentialAction":[{"@type":"SearchAction","target":{"@type":"EntryPoint","urlTemplate":"https:\/\/veritasinfo.org\/?s={search_term_string}"},"query-input":{"@type":"PropertyValueSpecification","valueRequired":true,"valueName":"search_term_string"}}],"inLanguage":"en-US"},{"@type":"Person","@id":"https:\/\/veritasinfo.org\/#\/schema\/person\/7701f8c088bece422266b100a712374f","name":"admin","image":{"@type":"ImageObject","inLanguage":"en-US","@id":"https:\/\/veritasinfo.org\/#\/schema\/person\/image\/","url":"https:\/\/secure.gravatar.com\/avatar\/ea53aa3bf6c9a12d5fde8ce4deff43fef3885ae33cf60184161a50d6987cfd2f?s=96&d=mm&r=g","contentUrl":"https:\/\/secure.gravatar.com\/avatar\/ea53aa3bf6c9a12d5fde8ce4deff43fef3885ae33cf60184161a50d6987cfd2f?s=96&d=mm&r=g","caption":"admin"},"sameAs":["https:\/\/veritasinfo.org"],"url":"https:\/\/veritasinfo.org\/?author=1"}]}},"featured_image_urls":{"full":["https:\/\/veritasinfo.org\/wp-content\/uploads\/2025\/09\/a26b3612-b220-45b1-b8a1-2a51cd72b229.jpg",860,550,false],"thumbnail":["https:\/\/veritasinfo.org\/wp-content\/uploads\/2025\/09\/a26b3612-b220-45b1-b8a1-2a51cd72b229-150x150.jpg",150,150,true],"medium":["https:\/\/veritasinfo.org\/wp-content\/uploads\/2025\/09\/a26b3612-b220-45b1-b8a1-2a51cd72b229-300x192.jpg",300,192,true],"medium_large":["https:\/\/veritasinfo.org\/wp-content\/uploads\/2025\/09\/a26b3612-b220-45b1-b8a1-2a51cd72b229-768x491.jpg",640,409,true],"large":["https:\/\/veritasinfo.org\/wp-content\/uploads\/2025\/09\/a26b3612-b220-45b1-b8a1-2a51cd72b229.jpg",640,409,false],"1536x1536":["https:\/\/veritasinfo.org\/wp-content\/uploads\/2025\/09\/a26b3612-b220-45b1-b8a1-2a51cd72b229.jpg",860,550,false],"2048x2048":["https:\/\/veritasinfo.org\/wp-content\/uploads\/2025\/09\/a26b3612-b220-45b1-b8a1-2a51cd72b229.jpg",860,550,false],"kreeti-slider-full":["https:\/\/veritasinfo.org\/wp-content\/uploads\/2025\/09\/a26b3612-b220-45b1-b8a1-2a51cd72b229.jpg",860,550,false],"kreeti-featured":["https:\/\/veritasinfo.org\/wp-content\/uploads\/2025\/09\/a26b3612-b220-45b1-b8a1-2a51cd72b229.jpg",860,550,false],"kreeti-medium":["https:\/\/veritasinfo.org\/wp-content\/uploads\/2025\/09\/a26b3612-b220-45b1-b8a1-2a51cd72b229.jpg",720,460,false],"kreeti-medium-square":["https:\/\/veritasinfo.org\/wp-content\/uploads\/2025\/09\/a26b3612-b220-45b1-b8a1-2a51cd72b229.jpg",350,224,false]},"author_info":{"info":["admin"]},"category_info":"<a href=\"https:\/\/veritasinfo.org\/?cat=54\" rel=\"category\">Kultur\u00eb<\/a>","tag_info":"Kultur\u00eb","comment_count":"0","_links":{"self":[{"href":"https:\/\/veritasinfo.org\/index.php?rest_route=\/wp\/v2\/posts\/11043","targetHints":{"allow":["GET"]}}],"collection":[{"href":"https:\/\/veritasinfo.org\/index.php?rest_route=\/wp\/v2\/posts"}],"about":[{"href":"https:\/\/veritasinfo.org\/index.php?rest_route=\/wp\/v2\/types\/post"}],"author":[{"embeddable":true,"href":"https:\/\/veritasinfo.org\/index.php?rest_route=\/wp\/v2\/users\/1"}],"replies":[{"embeddable":true,"href":"https:\/\/veritasinfo.org\/index.php?rest_route=%2Fwp%2Fv2%2Fcomments&post=11043"}],"version-history":[{"count":1,"href":"https:\/\/veritasinfo.org\/index.php?rest_route=\/wp\/v2\/posts\/11043\/revisions"}],"predecessor-version":[{"id":11045,"href":"https:\/\/veritasinfo.org\/index.php?rest_route=\/wp\/v2\/posts\/11043\/revisions\/11045"}],"wp:featuredmedia":[{"embeddable":true,"href":"https:\/\/veritasinfo.org\/index.php?rest_route=\/wp\/v2\/media\/11044"}],"wp:attachment":[{"href":"https:\/\/veritasinfo.org\/index.php?rest_route=%2Fwp%2Fv2%2Fmedia&parent=11043"}],"wp:term":[{"taxonomy":"category","embeddable":true,"href":"https:\/\/veritasinfo.org\/index.php?rest_route=%2Fwp%2Fv2%2Fcategories&post=11043"},{"taxonomy":"post_tag","embeddable":true,"href":"https:\/\/veritasinfo.org\/index.php?rest_route=%2Fwp%2Fv2%2Ftags&post=11043"}],"curies":[{"name":"wp","href":"https:\/\/api.w.org\/{rel}","templated":true}]}}