{"id":11038,"date":"2025-09-08T08:57:13","date_gmt":"2025-09-08T06:57:13","guid":{"rendered":"https:\/\/veritasinfo.org\/?p=11038"},"modified":"2025-09-08T08:57:13","modified_gmt":"2025-09-08T06:57:13","slug":"maqedonia-e-veriut-kremton-34-vjetorin-e-pavaresise","status":"publish","type":"post","link":"https:\/\/veritasinfo.org\/?p=11038","title":{"rendered":"Maqedonia e Veriut kremton 34-vjetorin e pavar\u00ebsis\u00eb"},"content":{"rendered":"<p>Shkup, 08 shtator 025<\/p>\n<p>Republika e Maqedonis\u00eb s\u00eb Veriut sot sh\u00ebnon 34-vjetorin e pavar\u00ebsis\u00eb s\u00eb saj nga ish-Federata jugosllave, p\u00ebrmes nj\u00eb referendumi popullor.<\/p>\n<p>Ky referendum at\u00ebkoh\u00eb u bojkotua nga shqiptar\u00ebt n\u00eb Maqedoni, t\u00eb cil\u00ebt k\u00ebrkuan statusin e autonomis\u00eb dhe nuk ishin t\u00eb k\u00ebnaqur me pozit\u00ebn e arritur n\u00eb Kushtetut\u00ebn e re t\u00eb k\u00ebtij vendi. Sipas vler\u00ebsimeve shtet\u00ebrore t\u00eb asaj kohe, mbi 95 p\u00ebr qind t\u00eb qytetar\u00ebve q\u00eb dol\u00ebn n\u00eb referendumin e 8 shtatorit t\u00eb vitit 1991, iu p\u00ebrgjigj\u00ebn pozitivisht pyetjes s\u00eb referendumit \u201cA jeni p\u00ebr Maqedoni t\u00eb pavarur me t\u00eb drejt\u00eb t\u00eb hyj\u00eb n\u00eb fuqi n\u00eb aleanc\u00ebn e ardhshme t\u00eb shteteve sovrane t\u00eb Jugosllavis\u00eb\u201d.<\/p>\n<p>Referendumit i parapriu Deklarata p\u00ebr Pavar\u00ebsi, t\u00eb cil\u00ebn Parlamenti i par\u00eb i Maqedonis\u00eb shum\u00ebpartiake e miratoi m\u00eb 25 janar t\u00eb vitit 1991. Formalisht, vullneti i popullit p\u00ebr shtet t\u00eb pavarur ishte konstatuar me Deklarat\u00ebn p\u00ebr pranimin e rezultateve t\u00eb referendumit m\u00eb 18 shtator t\u00eb vitit 1991 n\u00eb Kuvendin e Republik\u00ebs s\u00eb Maqedonis\u00eb.<\/p>\n<p>Hap i ardhsh\u00ebm me r\u00ebnd\u00ebsi n\u00eb p\u00ebrforcimin e shtetit ishte miratimi i Kushtetut\u00ebs s\u00eb re m\u00eb 17 n\u00ebntor 1991. Hije n\u00eb ngjarjet me t\u00eb cilat u vendos\u00ebn themelet e Maqedonis\u00eb s\u00eb pavarur, hodhi bojkotimi i referendumit nga ana e nj\u00eb pjese t\u00eb bashk\u00ebsis\u00eb etnike shqiptare dhe mosp\u00ebrkrahja e Kushtetut\u00ebs s\u00eb re nga deputet\u00ebt shqiptar\u00eb. Dhjet\u00eb vite m\u00eb von\u00eb Kushtetuta u plot\u00ebsua pas konfliktit t\u00eb vitit 2001 dhe n\u00ebnshkrimit t\u00eb Marr\u00ebveshjes s\u00eb Ohrit.<\/p>\n<p>Shtet\u00ebsin\u00eb e Maqedonis\u00eb e para e njohu Republika e Bullgaris\u00eb, pas \u00e7far\u00eb pasuan njohjet nga Turqia, Sllovenia, Kroacia, Rusia, Bosnj\u00eb e Hercegovina\u2026<\/p>\n<p>Shteti u pavar\u00ebsua monetarisht me vendosjen e denarit m\u00eb 26 prill 1992, e m\u00eb pas fitoi edhe Armat\u00ebn e vet, e cila dit\u00eblindjen e feston m\u00eb 18 gusht.<\/p>\n<p>Subjektiviteti nd\u00ebrkomb\u00ebtar-juridik i shtetit definitivisht u konfirmua m\u00eb 8 prill t\u00eb vitit 1993, kur me aklamacion n\u00eb Asamblen\u00eb e P\u00ebrgjithshme t\u00eb Kombeve t\u00eb Bashkuara, Maqedonia u pranua si an\u00ebtare e 181-t\u00eb n\u00eb Organizat\u00ebn bot\u00ebrore. Megjithat\u00eb p\u00ebr shkak t\u00eb kund\u00ebrshtimeve dhe presioneve t\u00eb Greqis\u00eb, pr\u00eb shkak t\u00eb emrit, an\u00ebtar\u00ebsimi n\u00eb KB u b\u00eb n\u00ebn referenc\u00ebn e p\u00ebrkohshme Ish-Republika Jugosllave e Maqedonis\u00eb.<\/p>\n<p>Marr\u00ebveshja p\u00ebr zgjidhjen e kontestit me Greqin\u00eb ishte arritur m\u00eb 17 qershor 2018, sipas s\u00eb cil\u00ebs vendi em\u00ebrtohej si Maqedonia Veriore.<\/p>\n<p>Maqedonia Veriore deri tani ka vendosur marr\u00ebdh\u00ebnie diplomatike me 170 shtete n\u00eb bot\u00eb, nd\u00ebrsa me emrin kushtetues \u00ebsht\u00eb pranuar nga 135 shtete n\u00eb mesin e t\u00eb cilave edhe nga tre an\u00ebtaret n\u00eb K\u00ebshillin e Siguris\u00eb \u2013 Kina, Federata Ruse dhe SHBA-ja.<\/p>\n<p>Gjat\u00eb viteve t\u00eb kaluara t\u00eb pavar\u00ebsis\u00eb Maqedonia Veriore kaloi n\u00eb nj\u00eb s\u00ebr\u00eb problemesh dhe v\u00ebshtir\u00ebsish, derisa u b\u00eb an\u00ebtarja e tridhjet\u00eb e Aleanc\u00ebs Veri-Atlantike.<\/p>\n","protected":false},"excerpt":{"rendered":"<p>Shkup, 08 shtator 025 Republika e Maqedonis\u00eb s\u00eb Veriut sot sh\u00ebnon 34-vjetorin e pavar\u00ebsis\u00eb s\u00eb saj nga ish-Federata jugosllave, p\u00ebrmes nj\u00eb referendumi popullor. Ky referendum<\/p>\n","protected":false},"author":1,"featured_media":11039,"comment_status":"open","ping_status":"open","sticky":false,"template":"","format":"standard","meta":{"footnotes":""},"categories":[72],"tags":[],"class_list":["post-11038","post","type-post","status-publish","format-standard","has-post-thumbnail","hentry","category-bota"],"yoast_head":"<!-- This site is optimized with the Yoast SEO plugin v25.3.1 - https:\/\/yoast.com\/wordpress\/plugins\/seo\/ -->\n<title>Maqedonia e Veriut kremton 34-vjetorin e pavar\u00ebsis\u00eb -<\/title>\n<meta name=\"robots\" content=\"index, follow, max-snippet:-1, max-image-preview:large, max-video-preview:-1\" \/>\n<link rel=\"canonical\" href=\"https:\/\/veritasinfo.org\/?p=11038\" \/>\n<meta property=\"og:locale\" content=\"en_US\" \/>\n<meta property=\"og:type\" content=\"article\" \/>\n<meta property=\"og:title\" content=\"Maqedonia e Veriut kremton 34-vjetorin e pavar\u00ebsis\u00eb -\" \/>\n<meta property=\"og:description\" content=\"Shkup, 08 shtator 025 Republika e Maqedonis\u00eb s\u00eb Veriut sot sh\u00ebnon 34-vjetorin e pavar\u00ebsis\u00eb s\u00eb saj nga ish-Federata jugosllave, p\u00ebrmes nj\u00eb referendumi popullor. Ky referendum\" \/>\n<meta property=\"og:url\" content=\"https:\/\/veritasinfo.org\/?p=11038\" \/>\n<meta property=\"article:published_time\" content=\"2025-09-08T06:57:13+00:00\" \/>\n<meta property=\"og:image\" content=\"https:\/\/veritasinfo.org\/wp-content\/uploads\/2025\/09\/Screenshot-2025-09-08-085623.jpg\" \/>\n\t<meta property=\"og:image:width\" content=\"899\" \/>\n\t<meta property=\"og:image:height\" content=\"538\" \/>\n\t<meta property=\"og:image:type\" content=\"image\/jpeg\" \/>\n<meta name=\"author\" content=\"admin\" \/>\n<meta name=\"twitter:card\" content=\"summary_large_image\" \/>\n<meta name=\"twitter:label1\" content=\"Written by\" \/>\n\t<meta name=\"twitter:data1\" content=\"admin\" \/>\n\t<meta name=\"twitter:label2\" content=\"Est. reading time\" \/>\n\t<meta name=\"twitter:data2\" content=\"3 minutes\" \/>\n<script type=\"application\/ld+json\" class=\"yoast-schema-graph\">{\"@context\":\"https:\/\/schema.org\",\"@graph\":[{\"@type\":\"WebPage\",\"@id\":\"https:\/\/veritasinfo.org\/?p=11038\",\"url\":\"https:\/\/veritasinfo.org\/?p=11038\",\"name\":\"Maqedonia e Veriut kremton 34-vjetorin e pavar\u00ebsis\u00eb -\",\"isPartOf\":{\"@id\":\"https:\/\/veritasinfo.org\/#website\"},\"primaryImageOfPage\":{\"@id\":\"https:\/\/veritasinfo.org\/?p=11038#primaryimage\"},\"image\":{\"@id\":\"https:\/\/veritasinfo.org\/?p=11038#primaryimage\"},\"thumbnailUrl\":\"https:\/\/veritasinfo.org\/wp-content\/uploads\/2025\/09\/Screenshot-2025-09-08-085623.jpg\",\"datePublished\":\"2025-09-08T06:57:13+00:00\",\"author\":{\"@id\":\"https:\/\/veritasinfo.org\/#\/schema\/person\/7701f8c088bece422266b100a712374f\"},\"breadcrumb\":{\"@id\":\"https:\/\/veritasinfo.org\/?p=11038#breadcrumb\"},\"inLanguage\":\"en-US\",\"potentialAction\":[{\"@type\":\"ReadAction\",\"target\":[\"https:\/\/veritasinfo.org\/?p=11038\"]}]},{\"@type\":\"ImageObject\",\"inLanguage\":\"en-US\",\"@id\":\"https:\/\/veritasinfo.org\/?p=11038#primaryimage\",\"url\":\"https:\/\/veritasinfo.org\/wp-content\/uploads\/2025\/09\/Screenshot-2025-09-08-085623.jpg\",\"contentUrl\":\"https:\/\/veritasinfo.org\/wp-content\/uploads\/2025\/09\/Screenshot-2025-09-08-085623.jpg\",\"width\":899,\"height\":538},{\"@type\":\"BreadcrumbList\",\"@id\":\"https:\/\/veritasinfo.org\/?p=11038#breadcrumb\",\"itemListElement\":[{\"@type\":\"ListItem\",\"position\":1,\"name\":\"Home\",\"item\":\"https:\/\/veritasinfo.org\/\"},{\"@type\":\"ListItem\",\"position\":2,\"name\":\"Maqedonia e Veriut kremton 34-vjetorin e pavar\u00ebsis\u00eb\"}]},{\"@type\":\"WebSite\",\"@id\":\"https:\/\/veritasinfo.org\/#website\",\"url\":\"https:\/\/veritasinfo.org\/\",\"name\":\"\",\"description\":\"\",\"potentialAction\":[{\"@type\":\"SearchAction\",\"target\":{\"@type\":\"EntryPoint\",\"urlTemplate\":\"https:\/\/veritasinfo.org\/?s={search_term_string}\"},\"query-input\":{\"@type\":\"PropertyValueSpecification\",\"valueRequired\":true,\"valueName\":\"search_term_string\"}}],\"inLanguage\":\"en-US\"},{\"@type\":\"Person\",\"@id\":\"https:\/\/veritasinfo.org\/#\/schema\/person\/7701f8c088bece422266b100a712374f\",\"name\":\"admin\",\"image\":{\"@type\":\"ImageObject\",\"inLanguage\":\"en-US\",\"@id\":\"https:\/\/veritasinfo.org\/#\/schema\/person\/image\/\",\"url\":\"https:\/\/secure.gravatar.com\/avatar\/ea53aa3bf6c9a12d5fde8ce4deff43fef3885ae33cf60184161a50d6987cfd2f?s=96&d=mm&r=g\",\"contentUrl\":\"https:\/\/secure.gravatar.com\/avatar\/ea53aa3bf6c9a12d5fde8ce4deff43fef3885ae33cf60184161a50d6987cfd2f?s=96&d=mm&r=g\",\"caption\":\"admin\"},\"sameAs\":[\"https:\/\/veritasinfo.org\"],\"url\":\"https:\/\/veritasinfo.org\/?author=1\"}]}<\/script>\n<!-- \/ Yoast SEO plugin. -->","yoast_head_json":{"title":"Maqedonia e Veriut kremton 34-vjetorin e pavar\u00ebsis\u00eb -","robots":{"index":"index","follow":"follow","max-snippet":"max-snippet:-1","max-image-preview":"max-image-preview:large","max-video-preview":"max-video-preview:-1"},"canonical":"https:\/\/veritasinfo.org\/?p=11038","og_locale":"en_US","og_type":"article","og_title":"Maqedonia e Veriut kremton 34-vjetorin e pavar\u00ebsis\u00eb -","og_description":"Shkup, 08 shtator 025 Republika e Maqedonis\u00eb s\u00eb Veriut sot sh\u00ebnon 34-vjetorin e pavar\u00ebsis\u00eb s\u00eb saj nga ish-Federata jugosllave, p\u00ebrmes nj\u00eb referendumi popullor. Ky referendum","og_url":"https:\/\/veritasinfo.org\/?p=11038","article_published_time":"2025-09-08T06:57:13+00:00","og_image":[{"width":899,"height":538,"url":"https:\/\/veritasinfo.org\/wp-content\/uploads\/2025\/09\/Screenshot-2025-09-08-085623.jpg","type":"image\/jpeg"}],"author":"admin","twitter_card":"summary_large_image","twitter_misc":{"Written by":"admin","Est. reading time":"3 minutes"},"schema":{"@context":"https:\/\/schema.org","@graph":[{"@type":"WebPage","@id":"https:\/\/veritasinfo.org\/?p=11038","url":"https:\/\/veritasinfo.org\/?p=11038","name":"Maqedonia e Veriut kremton 34-vjetorin e pavar\u00ebsis\u00eb -","isPartOf":{"@id":"https:\/\/veritasinfo.org\/#website"},"primaryImageOfPage":{"@id":"https:\/\/veritasinfo.org\/?p=11038#primaryimage"},"image":{"@id":"https:\/\/veritasinfo.org\/?p=11038#primaryimage"},"thumbnailUrl":"https:\/\/veritasinfo.org\/wp-content\/uploads\/2025\/09\/Screenshot-2025-09-08-085623.jpg","datePublished":"2025-09-08T06:57:13+00:00","author":{"@id":"https:\/\/veritasinfo.org\/#\/schema\/person\/7701f8c088bece422266b100a712374f"},"breadcrumb":{"@id":"https:\/\/veritasinfo.org\/?p=11038#breadcrumb"},"inLanguage":"en-US","potentialAction":[{"@type":"ReadAction","target":["https:\/\/veritasinfo.org\/?p=11038"]}]},{"@type":"ImageObject","inLanguage":"en-US","@id":"https:\/\/veritasinfo.org\/?p=11038#primaryimage","url":"https:\/\/veritasinfo.org\/wp-content\/uploads\/2025\/09\/Screenshot-2025-09-08-085623.jpg","contentUrl":"https:\/\/veritasinfo.org\/wp-content\/uploads\/2025\/09\/Screenshot-2025-09-08-085623.jpg","width":899,"height":538},{"@type":"BreadcrumbList","@id":"https:\/\/veritasinfo.org\/?p=11038#breadcrumb","itemListElement":[{"@type":"ListItem","position":1,"name":"Home","item":"https:\/\/veritasinfo.org\/"},{"@type":"ListItem","position":2,"name":"Maqedonia e Veriut kremton 34-vjetorin e pavar\u00ebsis\u00eb"}]},{"@type":"WebSite","@id":"https:\/\/veritasinfo.org\/#website","url":"https:\/\/veritasinfo.org\/","name":"","description":"","potentialAction":[{"@type":"SearchAction","target":{"@type":"EntryPoint","urlTemplate":"https:\/\/veritasinfo.org\/?s={search_term_string}"},"query-input":{"@type":"PropertyValueSpecification","valueRequired":true,"valueName":"search_term_string"}}],"inLanguage":"en-US"},{"@type":"Person","@id":"https:\/\/veritasinfo.org\/#\/schema\/person\/7701f8c088bece422266b100a712374f","name":"admin","image":{"@type":"ImageObject","inLanguage":"en-US","@id":"https:\/\/veritasinfo.org\/#\/schema\/person\/image\/","url":"https:\/\/secure.gravatar.com\/avatar\/ea53aa3bf6c9a12d5fde8ce4deff43fef3885ae33cf60184161a50d6987cfd2f?s=96&d=mm&r=g","contentUrl":"https:\/\/secure.gravatar.com\/avatar\/ea53aa3bf6c9a12d5fde8ce4deff43fef3885ae33cf60184161a50d6987cfd2f?s=96&d=mm&r=g","caption":"admin"},"sameAs":["https:\/\/veritasinfo.org"],"url":"https:\/\/veritasinfo.org\/?author=1"}]}},"featured_image_urls":{"full":["https:\/\/veritasinfo.org\/wp-content\/uploads\/2025\/09\/Screenshot-2025-09-08-085623.jpg",899,538,false],"thumbnail":["https:\/\/veritasinfo.org\/wp-content\/uploads\/2025\/09\/Screenshot-2025-09-08-085623-150x150.jpg",150,150,true],"medium":["https:\/\/veritasinfo.org\/wp-content\/uploads\/2025\/09\/Screenshot-2025-09-08-085623-300x180.jpg",300,180,true],"medium_large":["https:\/\/veritasinfo.org\/wp-content\/uploads\/2025\/09\/Screenshot-2025-09-08-085623-768x460.jpg",640,383,true],"large":["https:\/\/veritasinfo.org\/wp-content\/uploads\/2025\/09\/Screenshot-2025-09-08-085623.jpg",640,383,false],"1536x1536":["https:\/\/veritasinfo.org\/wp-content\/uploads\/2025\/09\/Screenshot-2025-09-08-085623.jpg",899,538,false],"2048x2048":["https:\/\/veritasinfo.org\/wp-content\/uploads\/2025\/09\/Screenshot-2025-09-08-085623.jpg",899,538,false],"kreeti-slider-full":["https:\/\/veritasinfo.org\/wp-content\/uploads\/2025\/09\/Screenshot-2025-09-08-085623.jpg",899,538,false],"kreeti-featured":["https:\/\/veritasinfo.org\/wp-content\/uploads\/2025\/09\/Screenshot-2025-09-08-085623.jpg",899,538,false],"kreeti-medium":["https:\/\/veritasinfo.org\/wp-content\/uploads\/2025\/09\/Screenshot-2025-09-08-085623.jpg",720,431,false],"kreeti-medium-square":["https:\/\/veritasinfo.org\/wp-content\/uploads\/2025\/09\/Screenshot-2025-09-08-085623.jpg",350,209,false]},"author_info":{"info":["admin"]},"category_info":"<a href=\"https:\/\/veritasinfo.org\/?cat=72\" rel=\"category\">Bota<\/a>","tag_info":"Bota","comment_count":"0","_links":{"self":[{"href":"https:\/\/veritasinfo.org\/index.php?rest_route=\/wp\/v2\/posts\/11038","targetHints":{"allow":["GET"]}}],"collection":[{"href":"https:\/\/veritasinfo.org\/index.php?rest_route=\/wp\/v2\/posts"}],"about":[{"href":"https:\/\/veritasinfo.org\/index.php?rest_route=\/wp\/v2\/types\/post"}],"author":[{"embeddable":true,"href":"https:\/\/veritasinfo.org\/index.php?rest_route=\/wp\/v2\/users\/1"}],"replies":[{"embeddable":true,"href":"https:\/\/veritasinfo.org\/index.php?rest_route=%2Fwp%2Fv2%2Fcomments&post=11038"}],"version-history":[{"count":1,"href":"https:\/\/veritasinfo.org\/index.php?rest_route=\/wp\/v2\/posts\/11038\/revisions"}],"predecessor-version":[{"id":11040,"href":"https:\/\/veritasinfo.org\/index.php?rest_route=\/wp\/v2\/posts\/11038\/revisions\/11040"}],"wp:featuredmedia":[{"embeddable":true,"href":"https:\/\/veritasinfo.org\/index.php?rest_route=\/wp\/v2\/media\/11039"}],"wp:attachment":[{"href":"https:\/\/veritasinfo.org\/index.php?rest_route=%2Fwp%2Fv2%2Fmedia&parent=11038"}],"wp:term":[{"taxonomy":"category","embeddable":true,"href":"https:\/\/veritasinfo.org\/index.php?rest_route=%2Fwp%2Fv2%2Fcategories&post=11038"},{"taxonomy":"post_tag","embeddable":true,"href":"https:\/\/veritasinfo.org\/index.php?rest_route=%2Fwp%2Fv2%2Ftags&post=11038"}],"curies":[{"name":"wp","href":"https:\/\/api.w.org\/{rel}","templated":true}]}}