{"id":11031,"date":"2025-09-08T08:16:57","date_gmt":"2025-09-08T06:16:57","guid":{"rendered":"https:\/\/veritasinfo.org\/?p=11031"},"modified":"2025-09-08T08:16:57","modified_gmt":"2025-09-08T06:16:57","slug":"kfor-i-gjerman-trajnohet-per-neutralizim-te-droneve","status":"publish","type":"post","link":"https:\/\/veritasinfo.org\/?p=11031","title":{"rendered":"KFOR-i gjerman trajnohet p\u00ebr neutralizim t\u00eb dron\u00ebve"},"content":{"rendered":"<p><strong>Prishtin\u00eb, 08 shtator 2025<\/strong><\/p>\n<p>Misioni i NATO-s n\u00eb Kosov\u00eb, KFOR, ka njoftuar se ushtar\u00ebt gjerman\u00eb nga Komanda Rajonale Lindje kan\u00eb kryer s\u00eb fundmi nj\u00eb trajnim me q\u00ebllim p\u00ebrmir\u00ebsimin e aft\u00ebsis\u00eb s\u00eb tyre p\u00ebr t\u00eb zbuluar, ndjekur dhe neutralizuar dron\u00ebt.<\/p>\n<p>Sipas njoftimit t\u00eb l\u00ebshuar nga KFOR-i, kjo \u00ebsht\u00eb aft\u00ebsi gjithnj\u00eb e m\u00eb e domosdoshme n\u00eb skenarin e siguris\u00eb.<\/p>\n<p>Tutje b\u00ebhet e ditur se st\u00ebrvitja \u00ebsht\u00eb p\u00ebrqendruar n\u00eb sistemin \u00cbINGMAN p\u00ebr t\u00eb identifikuar dron\u00ebt dhe p\u00ebr t\u00eb gjurmuar operator\u00ebt e tyre, dhe n\u00eb HP-47 p\u00ebr t\u00eb kapur dhe \u00e7aktivizuar UAV-t\u00eb.<\/p>\n<p>\u201cSt\u00ebrvitje t\u00eb tilla rrisin aft\u00ebsin\u00eb teknike individuale, duke theksuar r\u00ebnd\u00ebsin\u00eb e koordinimit, pun\u00ebs n\u00eb grup dhe p\u00ebrshtatshm\u00ebris\u00eb n\u00eb p\u00ebrballimin e k\u00ebrc\u00ebnimeve ajrore n\u00eb zhvillim. Kjo ekspertiz\u00eb unike zgjeron fush\u00ebveprimin e misionit t\u00eb KFOR-it, duke rritur aft\u00ebsin\u00eb e tij p\u00ebr t\u2019u p\u00ebrballur me sfidat n\u00eb rritje t\u00eb siguris\u00eb\u201d, thuhet n\u00eb njoftim.<\/p>\n","protected":false},"excerpt":{"rendered":"<p>Prishtin\u00eb, 08 shtator 2025 Misioni i NATO-s n\u00eb Kosov\u00eb, KFOR, ka njoftuar se ushtar\u00ebt gjerman\u00eb nga Komanda Rajonale Lindje kan\u00eb kryer s\u00eb fundmi nj\u00eb trajnim<\/p>\n","protected":false},"author":2,"featured_media":11029,"comment_status":"open","ping_status":"open","sticky":false,"template":"","format":"standard","meta":{"footnotes":""},"categories":[60],"tags":[],"class_list":["post-11031","post","type-post","status-publish","format-standard","has-post-thumbnail","hentry","category-shoqerore-sq"],"yoast_head":"<!-- This site is optimized with the Yoast SEO plugin v25.3.1 - https:\/\/yoast.com\/wordpress\/plugins\/seo\/ -->\n<title>KFOR-i gjerman trajnohet p\u00ebr neutralizim t\u00eb dron\u00ebve -<\/title>\n<meta name=\"robots\" content=\"index, follow, max-snippet:-1, max-image-preview:large, max-video-preview:-1\" \/>\n<link rel=\"canonical\" href=\"https:\/\/veritasinfo.org\/?p=11031\" \/>\n<meta property=\"og:locale\" content=\"en_US\" \/>\n<meta property=\"og:type\" content=\"article\" \/>\n<meta property=\"og:title\" content=\"KFOR-i gjerman trajnohet p\u00ebr neutralizim t\u00eb dron\u00ebve -\" \/>\n<meta property=\"og:description\" content=\"Prishtin\u00eb, 08 shtator 2025 Misioni i NATO-s n\u00eb Kosov\u00eb, KFOR, ka njoftuar se ushtar\u00ebt gjerman\u00eb nga Komanda Rajonale Lindje kan\u00eb kryer s\u00eb fundmi nj\u00eb trajnim\" \/>\n<meta property=\"og:url\" content=\"https:\/\/veritasinfo.org\/?p=11031\" \/>\n<meta property=\"article:published_time\" content=\"2025-09-08T06:16:57+00:00\" \/>\n<meta property=\"og:image\" content=\"https:\/\/veritasinfo.org\/wp-content\/uploads\/2025\/09\/kfori-gjerman.webp\" \/>\n\t<meta property=\"og:image:width\" content=\"1360\" \/>\n\t<meta property=\"og:image:height\" content=\"870\" \/>\n\t<meta property=\"og:image:type\" content=\"image\/webp\" \/>\n<meta name=\"author\" content=\"US1\" \/>\n<meta name=\"twitter:card\" content=\"summary_large_image\" \/>\n<meta name=\"twitter:label1\" content=\"Written by\" \/>\n\t<meta name=\"twitter:data1\" content=\"US1\" \/>\n\t<meta name=\"twitter:label2\" content=\"Est. reading time\" \/>\n\t<meta name=\"twitter:data2\" content=\"1 minute\" \/>\n<script type=\"application\/ld+json\" class=\"yoast-schema-graph\">{\"@context\":\"https:\/\/schema.org\",\"@graph\":[{\"@type\":\"WebPage\",\"@id\":\"https:\/\/veritasinfo.org\/?p=11031\",\"url\":\"https:\/\/veritasinfo.org\/?p=11031\",\"name\":\"KFOR-i gjerman trajnohet p\u00ebr neutralizim t\u00eb dron\u00ebve -\",\"isPartOf\":{\"@id\":\"https:\/\/veritasinfo.org\/#website\"},\"primaryImageOfPage\":{\"@id\":\"https:\/\/veritasinfo.org\/?p=11031#primaryimage\"},\"image\":{\"@id\":\"https:\/\/veritasinfo.org\/?p=11031#primaryimage\"},\"thumbnailUrl\":\"https:\/\/veritasinfo.org\/wp-content\/uploads\/2025\/09\/kfori-gjerman.webp\",\"datePublished\":\"2025-09-08T06:16:57+00:00\",\"author\":{\"@id\":\"https:\/\/veritasinfo.org\/#\/schema\/person\/c2b8be262ea994d0995addca692c5e98\"},\"breadcrumb\":{\"@id\":\"https:\/\/veritasinfo.org\/?p=11031#breadcrumb\"},\"inLanguage\":\"en-US\",\"potentialAction\":[{\"@type\":\"ReadAction\",\"target\":[\"https:\/\/veritasinfo.org\/?p=11031\"]}]},{\"@type\":\"ImageObject\",\"inLanguage\":\"en-US\",\"@id\":\"https:\/\/veritasinfo.org\/?p=11031#primaryimage\",\"url\":\"https:\/\/veritasinfo.org\/wp-content\/uploads\/2025\/09\/kfori-gjerman.webp\",\"contentUrl\":\"https:\/\/veritasinfo.org\/wp-content\/uploads\/2025\/09\/kfori-gjerman.webp\",\"width\":1360,\"height\":870},{\"@type\":\"BreadcrumbList\",\"@id\":\"https:\/\/veritasinfo.org\/?p=11031#breadcrumb\",\"itemListElement\":[{\"@type\":\"ListItem\",\"position\":1,\"name\":\"Home\",\"item\":\"https:\/\/veritasinfo.org\/\"},{\"@type\":\"ListItem\",\"position\":2,\"name\":\"KFOR-i gjerman trajnohet p\u00ebr neutralizim t\u00eb dron\u00ebve\"}]},{\"@type\":\"WebSite\",\"@id\":\"https:\/\/veritasinfo.org\/#website\",\"url\":\"https:\/\/veritasinfo.org\/\",\"name\":\"\",\"description\":\"\",\"potentialAction\":[{\"@type\":\"SearchAction\",\"target\":{\"@type\":\"EntryPoint\",\"urlTemplate\":\"https:\/\/veritasinfo.org\/?s={search_term_string}\"},\"query-input\":{\"@type\":\"PropertyValueSpecification\",\"valueRequired\":true,\"valueName\":\"search_term_string\"}}],\"inLanguage\":\"en-US\"},{\"@type\":\"Person\",\"@id\":\"https:\/\/veritasinfo.org\/#\/schema\/person\/c2b8be262ea994d0995addca692c5e98\",\"name\":\"US1\",\"image\":{\"@type\":\"ImageObject\",\"inLanguage\":\"en-US\",\"@id\":\"https:\/\/veritasinfo.org\/#\/schema\/person\/image\/\",\"url\":\"https:\/\/secure.gravatar.com\/avatar\/4e96a59bd256abf9956eb9963ac891a47461ffb364d47b0e9aab113328fdb75b?s=96&d=mm&r=g\",\"contentUrl\":\"https:\/\/secure.gravatar.com\/avatar\/4e96a59bd256abf9956eb9963ac891a47461ffb364d47b0e9aab113328fdb75b?s=96&d=mm&r=g\",\"caption\":\"US1\"},\"url\":\"https:\/\/veritasinfo.org\/?author=2\"}]}<\/script>\n<!-- \/ Yoast SEO plugin. -->","yoast_head_json":{"title":"KFOR-i gjerman trajnohet p\u00ebr neutralizim t\u00eb dron\u00ebve -","robots":{"index":"index","follow":"follow","max-snippet":"max-snippet:-1","max-image-preview":"max-image-preview:large","max-video-preview":"max-video-preview:-1"},"canonical":"https:\/\/veritasinfo.org\/?p=11031","og_locale":"en_US","og_type":"article","og_title":"KFOR-i gjerman trajnohet p\u00ebr neutralizim t\u00eb dron\u00ebve -","og_description":"Prishtin\u00eb, 08 shtator 2025 Misioni i NATO-s n\u00eb Kosov\u00eb, KFOR, ka njoftuar se ushtar\u00ebt gjerman\u00eb nga Komanda Rajonale Lindje kan\u00eb kryer s\u00eb fundmi nj\u00eb trajnim","og_url":"https:\/\/veritasinfo.org\/?p=11031","article_published_time":"2025-09-08T06:16:57+00:00","og_image":[{"width":1360,"height":870,"url":"https:\/\/veritasinfo.org\/wp-content\/uploads\/2025\/09\/kfori-gjerman.webp","type":"image\/webp"}],"author":"US1","twitter_card":"summary_large_image","twitter_misc":{"Written by":"US1","Est. reading time":"1 minute"},"schema":{"@context":"https:\/\/schema.org","@graph":[{"@type":"WebPage","@id":"https:\/\/veritasinfo.org\/?p=11031","url":"https:\/\/veritasinfo.org\/?p=11031","name":"KFOR-i gjerman trajnohet p\u00ebr neutralizim t\u00eb dron\u00ebve -","isPartOf":{"@id":"https:\/\/veritasinfo.org\/#website"},"primaryImageOfPage":{"@id":"https:\/\/veritasinfo.org\/?p=11031#primaryimage"},"image":{"@id":"https:\/\/veritasinfo.org\/?p=11031#primaryimage"},"thumbnailUrl":"https:\/\/veritasinfo.org\/wp-content\/uploads\/2025\/09\/kfori-gjerman.webp","datePublished":"2025-09-08T06:16:57+00:00","author":{"@id":"https:\/\/veritasinfo.org\/#\/schema\/person\/c2b8be262ea994d0995addca692c5e98"},"breadcrumb":{"@id":"https:\/\/veritasinfo.org\/?p=11031#breadcrumb"},"inLanguage":"en-US","potentialAction":[{"@type":"ReadAction","target":["https:\/\/veritasinfo.org\/?p=11031"]}]},{"@type":"ImageObject","inLanguage":"en-US","@id":"https:\/\/veritasinfo.org\/?p=11031#primaryimage","url":"https:\/\/veritasinfo.org\/wp-content\/uploads\/2025\/09\/kfori-gjerman.webp","contentUrl":"https:\/\/veritasinfo.org\/wp-content\/uploads\/2025\/09\/kfori-gjerman.webp","width":1360,"height":870},{"@type":"BreadcrumbList","@id":"https:\/\/veritasinfo.org\/?p=11031#breadcrumb","itemListElement":[{"@type":"ListItem","position":1,"name":"Home","item":"https:\/\/veritasinfo.org\/"},{"@type":"ListItem","position":2,"name":"KFOR-i gjerman trajnohet p\u00ebr neutralizim t\u00eb dron\u00ebve"}]},{"@type":"WebSite","@id":"https:\/\/veritasinfo.org\/#website","url":"https:\/\/veritasinfo.org\/","name":"","description":"","potentialAction":[{"@type":"SearchAction","target":{"@type":"EntryPoint","urlTemplate":"https:\/\/veritasinfo.org\/?s={search_term_string}"},"query-input":{"@type":"PropertyValueSpecification","valueRequired":true,"valueName":"search_term_string"}}],"inLanguage":"en-US"},{"@type":"Person","@id":"https:\/\/veritasinfo.org\/#\/schema\/person\/c2b8be262ea994d0995addca692c5e98","name":"US1","image":{"@type":"ImageObject","inLanguage":"en-US","@id":"https:\/\/veritasinfo.org\/#\/schema\/person\/image\/","url":"https:\/\/secure.gravatar.com\/avatar\/4e96a59bd256abf9956eb9963ac891a47461ffb364d47b0e9aab113328fdb75b?s=96&d=mm&r=g","contentUrl":"https:\/\/secure.gravatar.com\/avatar\/4e96a59bd256abf9956eb9963ac891a47461ffb364d47b0e9aab113328fdb75b?s=96&d=mm&r=g","caption":"US1"},"url":"https:\/\/veritasinfo.org\/?author=2"}]}},"featured_image_urls":{"full":["https:\/\/veritasinfo.org\/wp-content\/uploads\/2025\/09\/kfori-gjerman.webp",1360,870,false],"thumbnail":["https:\/\/veritasinfo.org\/wp-content\/uploads\/2025\/09\/kfori-gjerman-150x150.webp",150,150,true],"medium":["https:\/\/veritasinfo.org\/wp-content\/uploads\/2025\/09\/kfori-gjerman-300x192.webp",300,192,true],"medium_large":["https:\/\/veritasinfo.org\/wp-content\/uploads\/2025\/09\/kfori-gjerman-768x491.webp",640,409,true],"large":["https:\/\/veritasinfo.org\/wp-content\/uploads\/2025\/09\/kfori-gjerman-1024x655.webp",640,409,true],"1536x1536":["https:\/\/veritasinfo.org\/wp-content\/uploads\/2025\/09\/kfori-gjerman.webp",1360,870,false],"2048x2048":["https:\/\/veritasinfo.org\/wp-content\/uploads\/2025\/09\/kfori-gjerman.webp",1360,870,false],"kreeti-slider-full":["https:\/\/veritasinfo.org\/wp-content\/uploads\/2025\/09\/kfori-gjerman.webp",1126,720,false],"kreeti-featured":["https:\/\/veritasinfo.org\/wp-content\/uploads\/2025\/09\/kfori-gjerman.webp",1024,655,false],"kreeti-medium":["https:\/\/veritasinfo.org\/wp-content\/uploads\/2025\/09\/kfori-gjerman.webp",720,461,false],"kreeti-medium-square":["https:\/\/veritasinfo.org\/wp-content\/uploads\/2025\/09\/kfori-gjerman.webp",350,224,false]},"author_info":{"info":["US1"]},"category_info":"<a href=\"https:\/\/veritasinfo.org\/?cat=60\" rel=\"category\">Shoq\u00ebrore<\/a>","tag_info":"Shoq\u00ebrore","comment_count":"0","_links":{"self":[{"href":"https:\/\/veritasinfo.org\/index.php?rest_route=\/wp\/v2\/posts\/11031","targetHints":{"allow":["GET"]}}],"collection":[{"href":"https:\/\/veritasinfo.org\/index.php?rest_route=\/wp\/v2\/posts"}],"about":[{"href":"https:\/\/veritasinfo.org\/index.php?rest_route=\/wp\/v2\/types\/post"}],"author":[{"embeddable":true,"href":"https:\/\/veritasinfo.org\/index.php?rest_route=\/wp\/v2\/users\/2"}],"replies":[{"embeddable":true,"href":"https:\/\/veritasinfo.org\/index.php?rest_route=%2Fwp%2Fv2%2Fcomments&post=11031"}],"version-history":[{"count":1,"href":"https:\/\/veritasinfo.org\/index.php?rest_route=\/wp\/v2\/posts\/11031\/revisions"}],"predecessor-version":[{"id":11032,"href":"https:\/\/veritasinfo.org\/index.php?rest_route=\/wp\/v2\/posts\/11031\/revisions\/11032"}],"wp:featuredmedia":[{"embeddable":true,"href":"https:\/\/veritasinfo.org\/index.php?rest_route=\/wp\/v2\/media\/11029"}],"wp:attachment":[{"href":"https:\/\/veritasinfo.org\/index.php?rest_route=%2Fwp%2Fv2%2Fmedia&parent=11031"}],"wp:term":[{"taxonomy":"category","embeddable":true,"href":"https:\/\/veritasinfo.org\/index.php?rest_route=%2Fwp%2Fv2%2Fcategories&post=11031"},{"taxonomy":"post_tag","embeddable":true,"href":"https:\/\/veritasinfo.org\/index.php?rest_route=%2Fwp%2Fv2%2Ftags&post=11031"}],"curies":[{"name":"wp","href":"https:\/\/api.w.org\/{rel}","templated":true}]}}