{"id":11014,"date":"2025-09-08T07:21:10","date_gmt":"2025-09-08T05:21:10","guid":{"rendered":"https:\/\/veritasinfo.org\/?p=11014"},"modified":"2025-09-08T07:21:10","modified_gmt":"2025-09-08T05:21:10","slug":"ne-kosove-moti-i-ngrohte-ne-fillim-te-javes-nga-e-enjtja-reshje-shiu-nga-e-enjtja","status":"publish","type":"post","link":"https:\/\/veritasinfo.org\/?p=11014","title":{"rendered":"N\u00eb Kosov\u00eb, moti i ngroht\u00eb n\u00eb fillim t\u00eb jav\u00ebs, nga e enjtja reshje shiu nga e enjtja"},"content":{"rendered":"<p><strong>Prishtin\u00eb, 08 shtator 2025<\/strong><\/p>\n<p>Kjo jav\u00eb n\u00eb Kosov\u00eb do t\u00eb nis\u00eb me mot t\u00eb mir\u00eb dhe stabil, por sipas parashikimeve t\u00eb fundit meteorologjike, nga dita e enjte pritet rikthimi i reshjeve t\u00eb shiut.<\/p>\n<p>Tri dit\u00ebt e para t\u00eb jav\u00ebs, p\u00ebrkat\u00ebsisht nga e h\u00ebna deri t\u00eb m\u00ebrkur\u00ebn, do t\u00eb karakterizohen nga mot me diell dhe vran\u00ebsira t\u00eb shp\u00ebrndara ose t\u00eb pjesshme. Temperaturat do t\u00eb jen\u00eb t\u00eb larta p\u00ebr k\u00ebt\u00eb periudh\u00eb t\u00eb vitit, me vlera maksimale q\u00eb n\u00eb disa rajone do t\u00eb arrijn\u00eb deri n\u00eb 32 grad\u00eb Celsius.<\/p>\n<p>T\u00eb h\u00ebn\u00ebn, temperaturat minimale do t\u00eb l\u00ebvizin nga 10 deri n\u00eb 14 grad\u00eb, nd\u00ebrsa maksimalet nga 25 deri n\u00eb 31 grad\u00eb Celsius. Era do t\u00eb fryj\u00eb nga drejtimi i veriper\u00ebndimit me intensitet t\u00eb leht\u00eb deri mesatar.<\/p>\n<p>E marta do t\u00eb vijoj\u00eb me mot t\u00eb ngjash\u00ebm, ku temperaturat minimale do t\u00eb jen\u00eb nga 11 deri n\u00eb 14 grad\u00eb, dhe maksimalet nga 27 deri n\u00eb 32 grad\u00eb, nd\u00ebrsa era pritet t\u00eb fryj\u00eb po ashtu nga veriper\u00ebndimi me shpejt\u00ebsi prej 1 deri n\u00eb 4 metra p\u00ebr sekond\u00eb.<\/p>\n<p>E m\u00ebrkura do t\u00eb jet\u00eb me diell dhe vran\u00ebsira t\u00eb pakta, me temperatura q\u00eb do t\u00eb sillen nga 10 deri n\u00eb 13 grad\u00eb minimalet dhe nga 27 deri n\u00eb 32 grad\u00eb maksimalet, nd\u00ebrkoh\u00eb q\u00eb era nga veriper\u00ebndimi mund t\u00eb jet\u00eb lokalisht m\u00eb e fort\u00eb.<\/p>\n<p>Nga dita e enjte pritet ndryshim n\u00eb kushte meteorologjike. Moti do t\u00eb jet\u00eb me diell dhe vran\u00ebsira t\u00eb shp\u00ebrndara, por gjat\u00eb pasdites parashihen reshje lokale shiu. Temperaturat minimale do t\u00eb l\u00ebvizin nga 11 deri n\u00eb 15 grad\u00eb, nd\u00ebrsa ato maksimale nga 27 deri n\u00eb 31 grad\u00eb Celsius. Era do t\u00eb fryj\u00eb nga verilindja me intensitet nga 1 deri n\u00eb 8 metra p\u00ebr sekond\u00eb.<\/p>\n<p>T\u00eb premten do t\u00eb mbizot\u00ebroj\u00eb mot me diell dhe vran\u00ebsira t\u00eb shp\u00ebrndara, nd\u00ebrsa gjat\u00eb dit\u00ebs pritet t\u00eb ket\u00eb reshje shiu. Temperaturat do t\u00eb p\u00ebsojn\u00eb r\u00ebnie, me minimalet q\u00eb priten t\u00eb sillen nga 10 deri n\u00eb 13 grad\u00eb dhe maksimalet nga 24 deri n\u00eb 27 grad\u00eb Celsius. Era do t\u00eb fryj\u00eb nga drejtimi i jugper\u00ebndimit me intensitet t\u00eb leht\u00eb deri mesatar.<\/p>\n","protected":false},"excerpt":{"rendered":"<p>Prishtin\u00eb, 08 shtator 2025 Kjo jav\u00eb n\u00eb Kosov\u00eb do t\u00eb nis\u00eb me mot t\u00eb mir\u00eb dhe stabil, por sipas parashikimeve t\u00eb fundit meteorologjike, nga dita<\/p>\n","protected":false},"author":2,"featured_media":10416,"comment_status":"open","ping_status":"open","sticky":false,"template":"","format":"standard","meta":{"footnotes":""},"categories":[60],"tags":[],"class_list":["post-11014","post","type-post","status-publish","format-standard","has-post-thumbnail","hentry","category-shoqerore-sq"],"yoast_head":"<!-- This site is optimized with the Yoast SEO plugin v25.3.1 - https:\/\/yoast.com\/wordpress\/plugins\/seo\/ -->\n<title>N\u00eb Kosov\u00eb, moti i ngroht\u00eb n\u00eb fillim t\u00eb jav\u00ebs, nga e enjtja reshje shiu nga e enjtja -<\/title>\n<meta name=\"robots\" content=\"index, follow, max-snippet:-1, max-image-preview:large, max-video-preview:-1\" \/>\n<link rel=\"canonical\" href=\"https:\/\/veritasinfo.org\/?p=11014\" \/>\n<meta property=\"og:locale\" content=\"en_US\" \/>\n<meta property=\"og:type\" content=\"article\" \/>\n<meta property=\"og:title\" content=\"N\u00eb Kosov\u00eb, moti i ngroht\u00eb n\u00eb fillim t\u00eb jav\u00ebs, nga e enjtja reshje shiu nga e enjtja -\" \/>\n<meta property=\"og:description\" content=\"Prishtin\u00eb, 08 shtator 2025 Kjo jav\u00eb n\u00eb Kosov\u00eb do t\u00eb nis\u00eb me mot t\u00eb mir\u00eb dhe stabil, por sipas parashikimeve t\u00eb fundit meteorologjike, nga dita\" \/>\n<meta property=\"og:url\" content=\"https:\/\/veritasinfo.org\/?p=11014\" \/>\n<meta property=\"article:published_time\" content=\"2025-09-08T05:21:10+00:00\" \/>\n<meta property=\"og:image\" content=\"https:\/\/veritasinfo.org\/wp-content\/uploads\/2025\/09\/moti.jpg\" \/>\n\t<meta property=\"og:image:width\" content=\"780\" \/>\n\t<meta property=\"og:image:height\" content=\"500\" \/>\n\t<meta property=\"og:image:type\" content=\"image\/jpeg\" \/>\n<meta name=\"author\" content=\"US1\" \/>\n<meta name=\"twitter:card\" content=\"summary_large_image\" \/>\n<meta name=\"twitter:label1\" content=\"Written by\" \/>\n\t<meta name=\"twitter:data1\" content=\"US1\" \/>\n\t<meta name=\"twitter:label2\" content=\"Est. reading time\" \/>\n\t<meta name=\"twitter:data2\" content=\"2 minutes\" \/>\n<script type=\"application\/ld+json\" class=\"yoast-schema-graph\">{\"@context\":\"https:\/\/schema.org\",\"@graph\":[{\"@type\":\"WebPage\",\"@id\":\"https:\/\/veritasinfo.org\/?p=11014\",\"url\":\"https:\/\/veritasinfo.org\/?p=11014\",\"name\":\"N\u00eb Kosov\u00eb, moti i ngroht\u00eb n\u00eb fillim t\u00eb jav\u00ebs, nga e enjtja reshje shiu nga e enjtja -\",\"isPartOf\":{\"@id\":\"https:\/\/veritasinfo.org\/#website\"},\"primaryImageOfPage\":{\"@id\":\"https:\/\/veritasinfo.org\/?p=11014#primaryimage\"},\"image\":{\"@id\":\"https:\/\/veritasinfo.org\/?p=11014#primaryimage\"},\"thumbnailUrl\":\"https:\/\/veritasinfo.org\/wp-content\/uploads\/2025\/09\/moti.jpg\",\"datePublished\":\"2025-09-08T05:21:10+00:00\",\"author\":{\"@id\":\"https:\/\/veritasinfo.org\/#\/schema\/person\/c2b8be262ea994d0995addca692c5e98\"},\"breadcrumb\":{\"@id\":\"https:\/\/veritasinfo.org\/?p=11014#breadcrumb\"},\"inLanguage\":\"en-US\",\"potentialAction\":[{\"@type\":\"ReadAction\",\"target\":[\"https:\/\/veritasinfo.org\/?p=11014\"]}]},{\"@type\":\"ImageObject\",\"inLanguage\":\"en-US\",\"@id\":\"https:\/\/veritasinfo.org\/?p=11014#primaryimage\",\"url\":\"https:\/\/veritasinfo.org\/wp-content\/uploads\/2025\/09\/moti.jpg\",\"contentUrl\":\"https:\/\/veritasinfo.org\/wp-content\/uploads\/2025\/09\/moti.jpg\",\"width\":780,\"height\":500},{\"@type\":\"BreadcrumbList\",\"@id\":\"https:\/\/veritasinfo.org\/?p=11014#breadcrumb\",\"itemListElement\":[{\"@type\":\"ListItem\",\"position\":1,\"name\":\"Home\",\"item\":\"https:\/\/veritasinfo.org\/\"},{\"@type\":\"ListItem\",\"position\":2,\"name\":\"N\u00eb Kosov\u00eb, moti i ngroht\u00eb n\u00eb fillim t\u00eb jav\u00ebs, nga e enjtja reshje shiu nga e enjtja\"}]},{\"@type\":\"WebSite\",\"@id\":\"https:\/\/veritasinfo.org\/#website\",\"url\":\"https:\/\/veritasinfo.org\/\",\"name\":\"\",\"description\":\"\",\"potentialAction\":[{\"@type\":\"SearchAction\",\"target\":{\"@type\":\"EntryPoint\",\"urlTemplate\":\"https:\/\/veritasinfo.org\/?s={search_term_string}\"},\"query-input\":{\"@type\":\"PropertyValueSpecification\",\"valueRequired\":true,\"valueName\":\"search_term_string\"}}],\"inLanguage\":\"en-US\"},{\"@type\":\"Person\",\"@id\":\"https:\/\/veritasinfo.org\/#\/schema\/person\/c2b8be262ea994d0995addca692c5e98\",\"name\":\"US1\",\"image\":{\"@type\":\"ImageObject\",\"inLanguage\":\"en-US\",\"@id\":\"https:\/\/veritasinfo.org\/#\/schema\/person\/image\/\",\"url\":\"https:\/\/secure.gravatar.com\/avatar\/4e96a59bd256abf9956eb9963ac891a47461ffb364d47b0e9aab113328fdb75b?s=96&d=mm&r=g\",\"contentUrl\":\"https:\/\/secure.gravatar.com\/avatar\/4e96a59bd256abf9956eb9963ac891a47461ffb364d47b0e9aab113328fdb75b?s=96&d=mm&r=g\",\"caption\":\"US1\"},\"url\":\"https:\/\/veritasinfo.org\/?author=2\"}]}<\/script>\n<!-- \/ Yoast SEO plugin. -->","yoast_head_json":{"title":"N\u00eb Kosov\u00eb, moti i ngroht\u00eb n\u00eb fillim t\u00eb jav\u00ebs, nga e enjtja reshje shiu nga e enjtja -","robots":{"index":"index","follow":"follow","max-snippet":"max-snippet:-1","max-image-preview":"max-image-preview:large","max-video-preview":"max-video-preview:-1"},"canonical":"https:\/\/veritasinfo.org\/?p=11014","og_locale":"en_US","og_type":"article","og_title":"N\u00eb Kosov\u00eb, moti i ngroht\u00eb n\u00eb fillim t\u00eb jav\u00ebs, nga e enjtja reshje shiu nga e enjtja -","og_description":"Prishtin\u00eb, 08 shtator 2025 Kjo jav\u00eb n\u00eb Kosov\u00eb do t\u00eb nis\u00eb me mot t\u00eb mir\u00eb dhe stabil, por sipas parashikimeve t\u00eb fundit meteorologjike, nga dita","og_url":"https:\/\/veritasinfo.org\/?p=11014","article_published_time":"2025-09-08T05:21:10+00:00","og_image":[{"width":780,"height":500,"url":"https:\/\/veritasinfo.org\/wp-content\/uploads\/2025\/09\/moti.jpg","type":"image\/jpeg"}],"author":"US1","twitter_card":"summary_large_image","twitter_misc":{"Written by":"US1","Est. reading time":"2 minutes"},"schema":{"@context":"https:\/\/schema.org","@graph":[{"@type":"WebPage","@id":"https:\/\/veritasinfo.org\/?p=11014","url":"https:\/\/veritasinfo.org\/?p=11014","name":"N\u00eb Kosov\u00eb, moti i ngroht\u00eb n\u00eb fillim t\u00eb jav\u00ebs, nga e enjtja reshje shiu nga e enjtja -","isPartOf":{"@id":"https:\/\/veritasinfo.org\/#website"},"primaryImageOfPage":{"@id":"https:\/\/veritasinfo.org\/?p=11014#primaryimage"},"image":{"@id":"https:\/\/veritasinfo.org\/?p=11014#primaryimage"},"thumbnailUrl":"https:\/\/veritasinfo.org\/wp-content\/uploads\/2025\/09\/moti.jpg","datePublished":"2025-09-08T05:21:10+00:00","author":{"@id":"https:\/\/veritasinfo.org\/#\/schema\/person\/c2b8be262ea994d0995addca692c5e98"},"breadcrumb":{"@id":"https:\/\/veritasinfo.org\/?p=11014#breadcrumb"},"inLanguage":"en-US","potentialAction":[{"@type":"ReadAction","target":["https:\/\/veritasinfo.org\/?p=11014"]}]},{"@type":"ImageObject","inLanguage":"en-US","@id":"https:\/\/veritasinfo.org\/?p=11014#primaryimage","url":"https:\/\/veritasinfo.org\/wp-content\/uploads\/2025\/09\/moti.jpg","contentUrl":"https:\/\/veritasinfo.org\/wp-content\/uploads\/2025\/09\/moti.jpg","width":780,"height":500},{"@type":"BreadcrumbList","@id":"https:\/\/veritasinfo.org\/?p=11014#breadcrumb","itemListElement":[{"@type":"ListItem","position":1,"name":"Home","item":"https:\/\/veritasinfo.org\/"},{"@type":"ListItem","position":2,"name":"N\u00eb Kosov\u00eb, moti i ngroht\u00eb n\u00eb fillim t\u00eb jav\u00ebs, nga e enjtja reshje shiu nga e enjtja"}]},{"@type":"WebSite","@id":"https:\/\/veritasinfo.org\/#website","url":"https:\/\/veritasinfo.org\/","name":"","description":"","potentialAction":[{"@type":"SearchAction","target":{"@type":"EntryPoint","urlTemplate":"https:\/\/veritasinfo.org\/?s={search_term_string}"},"query-input":{"@type":"PropertyValueSpecification","valueRequired":true,"valueName":"search_term_string"}}],"inLanguage":"en-US"},{"@type":"Person","@id":"https:\/\/veritasinfo.org\/#\/schema\/person\/c2b8be262ea994d0995addca692c5e98","name":"US1","image":{"@type":"ImageObject","inLanguage":"en-US","@id":"https:\/\/veritasinfo.org\/#\/schema\/person\/image\/","url":"https:\/\/secure.gravatar.com\/avatar\/4e96a59bd256abf9956eb9963ac891a47461ffb364d47b0e9aab113328fdb75b?s=96&d=mm&r=g","contentUrl":"https:\/\/secure.gravatar.com\/avatar\/4e96a59bd256abf9956eb9963ac891a47461ffb364d47b0e9aab113328fdb75b?s=96&d=mm&r=g","caption":"US1"},"url":"https:\/\/veritasinfo.org\/?author=2"}]}},"featured_image_urls":{"full":["https:\/\/veritasinfo.org\/wp-content\/uploads\/2025\/09\/moti.jpg",780,500,false],"thumbnail":["https:\/\/veritasinfo.org\/wp-content\/uploads\/2025\/09\/moti-150x150.jpg",150,150,true],"medium":["https:\/\/veritasinfo.org\/wp-content\/uploads\/2025\/09\/moti-300x192.jpg",300,192,true],"medium_large":["https:\/\/veritasinfo.org\/wp-content\/uploads\/2025\/09\/moti-768x492.jpg",640,410,true],"large":["https:\/\/veritasinfo.org\/wp-content\/uploads\/2025\/09\/moti.jpg",640,410,false],"1536x1536":["https:\/\/veritasinfo.org\/wp-content\/uploads\/2025\/09\/moti.jpg",780,500,false],"2048x2048":["https:\/\/veritasinfo.org\/wp-content\/uploads\/2025\/09\/moti.jpg",780,500,false],"kreeti-slider-full":["https:\/\/veritasinfo.org\/wp-content\/uploads\/2025\/09\/moti.jpg",780,500,false],"kreeti-featured":["https:\/\/veritasinfo.org\/wp-content\/uploads\/2025\/09\/moti.jpg",780,500,false],"kreeti-medium":["https:\/\/veritasinfo.org\/wp-content\/uploads\/2025\/09\/moti.jpg",720,462,false],"kreeti-medium-square":["https:\/\/veritasinfo.org\/wp-content\/uploads\/2025\/09\/moti.jpg",350,224,false]},"author_info":{"info":["US1"]},"category_info":"<a href=\"https:\/\/veritasinfo.org\/?cat=60\" rel=\"category\">Shoq\u00ebrore<\/a>","tag_info":"Shoq\u00ebrore","comment_count":"0","_links":{"self":[{"href":"https:\/\/veritasinfo.org\/index.php?rest_route=\/wp\/v2\/posts\/11014","targetHints":{"allow":["GET"]}}],"collection":[{"href":"https:\/\/veritasinfo.org\/index.php?rest_route=\/wp\/v2\/posts"}],"about":[{"href":"https:\/\/veritasinfo.org\/index.php?rest_route=\/wp\/v2\/types\/post"}],"author":[{"embeddable":true,"href":"https:\/\/veritasinfo.org\/index.php?rest_route=\/wp\/v2\/users\/2"}],"replies":[{"embeddable":true,"href":"https:\/\/veritasinfo.org\/index.php?rest_route=%2Fwp%2Fv2%2Fcomments&post=11014"}],"version-history":[{"count":1,"href":"https:\/\/veritasinfo.org\/index.php?rest_route=\/wp\/v2\/posts\/11014\/revisions"}],"predecessor-version":[{"id":11015,"href":"https:\/\/veritasinfo.org\/index.php?rest_route=\/wp\/v2\/posts\/11014\/revisions\/11015"}],"wp:featuredmedia":[{"embeddable":true,"href":"https:\/\/veritasinfo.org\/index.php?rest_route=\/wp\/v2\/media\/10416"}],"wp:attachment":[{"href":"https:\/\/veritasinfo.org\/index.php?rest_route=%2Fwp%2Fv2%2Fmedia&parent=11014"}],"wp:term":[{"taxonomy":"category","embeddable":true,"href":"https:\/\/veritasinfo.org\/index.php?rest_route=%2Fwp%2Fv2%2Fcategories&post=11014"},{"taxonomy":"post_tag","embeddable":true,"href":"https:\/\/veritasinfo.org\/index.php?rest_route=%2Fwp%2Fv2%2Ftags&post=11014"}],"curies":[{"name":"wp","href":"https:\/\/api.w.org\/{rel}","templated":true}]}}