{"id":11009,"date":"2025-09-07T20:52:56","date_gmt":"2025-09-07T18:52:56","guid":{"rendered":"https:\/\/veritasinfo.org\/?p=11009"},"modified":"2025-09-07T20:52:56","modified_gmt":"2025-09-07T18:52:56","slug":"grantet-per-energji-te-paster-neser-nenshkruhet-marreveshja-me-agjencine-nga-luksemburgu","status":"publish","type":"post","link":"https:\/\/veritasinfo.org\/?p=11009","title":{"rendered":"Grantet p\u00ebr energji t\u00eb past\u00ebr, nes\u00ebr n\u00ebnshkruhet marr\u00ebveshja me agjencin\u00eb nga Luksemburgu"},"content":{"rendered":"<p>Prishtin\u00eb, 07 shtator 2025<\/p>\n<p>Kosova dhe Luksemburgu do t\u00eb n\u00ebnshkruajn\u00eb marr\u00ebveshje p\u00ebr skem\u00ebn e granteve p\u00ebr energji t\u00eb past\u00ebr.<\/p>\n<p>Lajmin e ka b\u00ebr\u00eb t\u00eb ditur Ministria e Industris\u00eb, Nd\u00ebrmarr\u00ebsis\u00eb dhe Tregtis\u00eb, shkruan IndeksOnline.<\/p>\n<p>Marr\u00ebveshja mes KIESA-s dhe LUX DEV-it p\u00ebr tranzicionin e energjis\u00eb dhe zbutjen e ndryshimeve klimatike n\u00eb Kosov\u00eb do t\u00eb n\u00ebnshkruhet n\u00eb ambientet e MINT-it, n\u00eb or\u00ebs 14:00.<\/p>\n<p>Pjes\u00ebmarr\u00ebs n\u00eb ceremoni do t\u00eb jen\u00eb ministret ne detyre, Rozeta Hajdari e Artane Rizvanolli, si dhe ambasadori i Luksemburgut n\u00eb Kosov\u00eb, Eric Dietz.<\/p>\n","protected":false},"excerpt":{"rendered":"<p>Prishtin\u00eb, 07 shtator 2025 Kosova dhe Luksemburgu do t\u00eb n\u00ebnshkruajn\u00eb marr\u00ebveshje p\u00ebr skem\u00ebn e granteve p\u00ebr energji t\u00eb past\u00ebr. Lajmin e ka b\u00ebr\u00eb t\u00eb ditur<\/p>\n","protected":false},"author":1,"featured_media":11010,"comment_status":"open","ping_status":"open","sticky":false,"template":"","format":"standard","meta":{"footnotes":""},"categories":[60],"tags":[],"class_list":["post-11009","post","type-post","status-publish","format-standard","has-post-thumbnail","hentry","category-shoqerore-sq"],"yoast_head":"<!-- This site is optimized with the Yoast SEO plugin v25.3.1 - https:\/\/yoast.com\/wordpress\/plugins\/seo\/ -->\n<title>Grantet p\u00ebr energji t\u00eb past\u00ebr, nes\u00ebr n\u00ebnshkruhet marr\u00ebveshja me agjencin\u00eb nga Luksemburgu -<\/title>\n<meta name=\"robots\" content=\"index, follow, max-snippet:-1, max-image-preview:large, max-video-preview:-1\" \/>\n<link rel=\"canonical\" href=\"https:\/\/veritasinfo.org\/?p=11009\" \/>\n<meta property=\"og:locale\" content=\"en_US\" \/>\n<meta property=\"og:type\" content=\"article\" \/>\n<meta property=\"og:title\" content=\"Grantet p\u00ebr energji t\u00eb past\u00ebr, nes\u00ebr n\u00ebnshkruhet marr\u00ebveshja me agjencin\u00eb nga Luksemburgu -\" \/>\n<meta property=\"og:description\" content=\"Prishtin\u00eb, 07 shtator 2025 Kosova dhe Luksemburgu do t\u00eb n\u00ebnshkruajn\u00eb marr\u00ebveshje p\u00ebr skem\u00ebn e granteve p\u00ebr energji t\u00eb past\u00ebr. Lajmin e ka b\u00ebr\u00eb t\u00eb ditur\" \/>\n<meta property=\"og:url\" content=\"https:\/\/veritasinfo.org\/?p=11009\" \/>\n<meta property=\"article:published_time\" content=\"2025-09-07T18:52:56+00:00\" \/>\n<meta property=\"og:image\" content=\"https:\/\/veritasinfo.org\/wp-content\/uploads\/2025\/09\/energjia.png\" \/>\n\t<meta property=\"og:image:width\" content=\"935\" \/>\n\t<meta property=\"og:image:height\" content=\"614\" \/>\n\t<meta property=\"og:image:type\" content=\"image\/png\" \/>\n<meta name=\"author\" content=\"admin\" \/>\n<meta name=\"twitter:card\" content=\"summary_large_image\" \/>\n<meta name=\"twitter:label1\" content=\"Written by\" \/>\n\t<meta name=\"twitter:data1\" content=\"admin\" \/>\n\t<meta name=\"twitter:label2\" content=\"Est. reading time\" \/>\n\t<meta name=\"twitter:data2\" content=\"1 minute\" \/>\n<script type=\"application\/ld+json\" class=\"yoast-schema-graph\">{\"@context\":\"https:\/\/schema.org\",\"@graph\":[{\"@type\":\"WebPage\",\"@id\":\"https:\/\/veritasinfo.org\/?p=11009\",\"url\":\"https:\/\/veritasinfo.org\/?p=11009\",\"name\":\"Grantet p\u00ebr energji t\u00eb past\u00ebr, nes\u00ebr n\u00ebnshkruhet marr\u00ebveshja me agjencin\u00eb nga Luksemburgu -\",\"isPartOf\":{\"@id\":\"https:\/\/veritasinfo.org\/#website\"},\"primaryImageOfPage\":{\"@id\":\"https:\/\/veritasinfo.org\/?p=11009#primaryimage\"},\"image\":{\"@id\":\"https:\/\/veritasinfo.org\/?p=11009#primaryimage\"},\"thumbnailUrl\":\"https:\/\/veritasinfo.org\/wp-content\/uploads\/2025\/09\/energjia.png\",\"datePublished\":\"2025-09-07T18:52:56+00:00\",\"author\":{\"@id\":\"https:\/\/veritasinfo.org\/#\/schema\/person\/7701f8c088bece422266b100a712374f\"},\"breadcrumb\":{\"@id\":\"https:\/\/veritasinfo.org\/?p=11009#breadcrumb\"},\"inLanguage\":\"en-US\",\"potentialAction\":[{\"@type\":\"ReadAction\",\"target\":[\"https:\/\/veritasinfo.org\/?p=11009\"]}]},{\"@type\":\"ImageObject\",\"inLanguage\":\"en-US\",\"@id\":\"https:\/\/veritasinfo.org\/?p=11009#primaryimage\",\"url\":\"https:\/\/veritasinfo.org\/wp-content\/uploads\/2025\/09\/energjia.png\",\"contentUrl\":\"https:\/\/veritasinfo.org\/wp-content\/uploads\/2025\/09\/energjia.png\",\"width\":935,\"height\":614},{\"@type\":\"BreadcrumbList\",\"@id\":\"https:\/\/veritasinfo.org\/?p=11009#breadcrumb\",\"itemListElement\":[{\"@type\":\"ListItem\",\"position\":1,\"name\":\"Home\",\"item\":\"https:\/\/veritasinfo.org\/\"},{\"@type\":\"ListItem\",\"position\":2,\"name\":\"Grantet p\u00ebr energji t\u00eb past\u00ebr, nes\u00ebr n\u00ebnshkruhet marr\u00ebveshja me agjencin\u00eb nga Luksemburgu\"}]},{\"@type\":\"WebSite\",\"@id\":\"https:\/\/veritasinfo.org\/#website\",\"url\":\"https:\/\/veritasinfo.org\/\",\"name\":\"\",\"description\":\"\",\"potentialAction\":[{\"@type\":\"SearchAction\",\"target\":{\"@type\":\"EntryPoint\",\"urlTemplate\":\"https:\/\/veritasinfo.org\/?s={search_term_string}\"},\"query-input\":{\"@type\":\"PropertyValueSpecification\",\"valueRequired\":true,\"valueName\":\"search_term_string\"}}],\"inLanguage\":\"en-US\"},{\"@type\":\"Person\",\"@id\":\"https:\/\/veritasinfo.org\/#\/schema\/person\/7701f8c088bece422266b100a712374f\",\"name\":\"admin\",\"image\":{\"@type\":\"ImageObject\",\"inLanguage\":\"en-US\",\"@id\":\"https:\/\/veritasinfo.org\/#\/schema\/person\/image\/\",\"url\":\"https:\/\/secure.gravatar.com\/avatar\/ea53aa3bf6c9a12d5fde8ce4deff43fef3885ae33cf60184161a50d6987cfd2f?s=96&d=mm&r=g\",\"contentUrl\":\"https:\/\/secure.gravatar.com\/avatar\/ea53aa3bf6c9a12d5fde8ce4deff43fef3885ae33cf60184161a50d6987cfd2f?s=96&d=mm&r=g\",\"caption\":\"admin\"},\"sameAs\":[\"https:\/\/veritasinfo.org\"],\"url\":\"https:\/\/veritasinfo.org\/?author=1\"}]}<\/script>\n<!-- \/ Yoast SEO plugin. -->","yoast_head_json":{"title":"Grantet p\u00ebr energji t\u00eb past\u00ebr, nes\u00ebr n\u00ebnshkruhet marr\u00ebveshja me agjencin\u00eb nga Luksemburgu -","robots":{"index":"index","follow":"follow","max-snippet":"max-snippet:-1","max-image-preview":"max-image-preview:large","max-video-preview":"max-video-preview:-1"},"canonical":"https:\/\/veritasinfo.org\/?p=11009","og_locale":"en_US","og_type":"article","og_title":"Grantet p\u00ebr energji t\u00eb past\u00ebr, nes\u00ebr n\u00ebnshkruhet marr\u00ebveshja me agjencin\u00eb nga Luksemburgu -","og_description":"Prishtin\u00eb, 07 shtator 2025 Kosova dhe Luksemburgu do t\u00eb n\u00ebnshkruajn\u00eb marr\u00ebveshje p\u00ebr skem\u00ebn e granteve p\u00ebr energji t\u00eb past\u00ebr. Lajmin e ka b\u00ebr\u00eb t\u00eb ditur","og_url":"https:\/\/veritasinfo.org\/?p=11009","article_published_time":"2025-09-07T18:52:56+00:00","og_image":[{"width":935,"height":614,"url":"https:\/\/veritasinfo.org\/wp-content\/uploads\/2025\/09\/energjia.png","type":"image\/png"}],"author":"admin","twitter_card":"summary_large_image","twitter_misc":{"Written by":"admin","Est. reading time":"1 minute"},"schema":{"@context":"https:\/\/schema.org","@graph":[{"@type":"WebPage","@id":"https:\/\/veritasinfo.org\/?p=11009","url":"https:\/\/veritasinfo.org\/?p=11009","name":"Grantet p\u00ebr energji t\u00eb past\u00ebr, nes\u00ebr n\u00ebnshkruhet marr\u00ebveshja me agjencin\u00eb nga Luksemburgu -","isPartOf":{"@id":"https:\/\/veritasinfo.org\/#website"},"primaryImageOfPage":{"@id":"https:\/\/veritasinfo.org\/?p=11009#primaryimage"},"image":{"@id":"https:\/\/veritasinfo.org\/?p=11009#primaryimage"},"thumbnailUrl":"https:\/\/veritasinfo.org\/wp-content\/uploads\/2025\/09\/energjia.png","datePublished":"2025-09-07T18:52:56+00:00","author":{"@id":"https:\/\/veritasinfo.org\/#\/schema\/person\/7701f8c088bece422266b100a712374f"},"breadcrumb":{"@id":"https:\/\/veritasinfo.org\/?p=11009#breadcrumb"},"inLanguage":"en-US","potentialAction":[{"@type":"ReadAction","target":["https:\/\/veritasinfo.org\/?p=11009"]}]},{"@type":"ImageObject","inLanguage":"en-US","@id":"https:\/\/veritasinfo.org\/?p=11009#primaryimage","url":"https:\/\/veritasinfo.org\/wp-content\/uploads\/2025\/09\/energjia.png","contentUrl":"https:\/\/veritasinfo.org\/wp-content\/uploads\/2025\/09\/energjia.png","width":935,"height":614},{"@type":"BreadcrumbList","@id":"https:\/\/veritasinfo.org\/?p=11009#breadcrumb","itemListElement":[{"@type":"ListItem","position":1,"name":"Home","item":"https:\/\/veritasinfo.org\/"},{"@type":"ListItem","position":2,"name":"Grantet p\u00ebr energji t\u00eb past\u00ebr, nes\u00ebr n\u00ebnshkruhet marr\u00ebveshja me agjencin\u00eb nga Luksemburgu"}]},{"@type":"WebSite","@id":"https:\/\/veritasinfo.org\/#website","url":"https:\/\/veritasinfo.org\/","name":"","description":"","potentialAction":[{"@type":"SearchAction","target":{"@type":"EntryPoint","urlTemplate":"https:\/\/veritasinfo.org\/?s={search_term_string}"},"query-input":{"@type":"PropertyValueSpecification","valueRequired":true,"valueName":"search_term_string"}}],"inLanguage":"en-US"},{"@type":"Person","@id":"https:\/\/veritasinfo.org\/#\/schema\/person\/7701f8c088bece422266b100a712374f","name":"admin","image":{"@type":"ImageObject","inLanguage":"en-US","@id":"https:\/\/veritasinfo.org\/#\/schema\/person\/image\/","url":"https:\/\/secure.gravatar.com\/avatar\/ea53aa3bf6c9a12d5fde8ce4deff43fef3885ae33cf60184161a50d6987cfd2f?s=96&d=mm&r=g","contentUrl":"https:\/\/secure.gravatar.com\/avatar\/ea53aa3bf6c9a12d5fde8ce4deff43fef3885ae33cf60184161a50d6987cfd2f?s=96&d=mm&r=g","caption":"admin"},"sameAs":["https:\/\/veritasinfo.org"],"url":"https:\/\/veritasinfo.org\/?author=1"}]}},"featured_image_urls":{"full":["https:\/\/veritasinfo.org\/wp-content\/uploads\/2025\/09\/energjia.png",935,614,false],"thumbnail":["https:\/\/veritasinfo.org\/wp-content\/uploads\/2025\/09\/energjia-150x150.png",150,150,true],"medium":["https:\/\/veritasinfo.org\/wp-content\/uploads\/2025\/09\/energjia-300x197.png",300,197,true],"medium_large":["https:\/\/veritasinfo.org\/wp-content\/uploads\/2025\/09\/energjia-768x504.png",640,420,true],"large":["https:\/\/veritasinfo.org\/wp-content\/uploads\/2025\/09\/energjia.png",640,420,false],"1536x1536":["https:\/\/veritasinfo.org\/wp-content\/uploads\/2025\/09\/energjia.png",935,614,false],"2048x2048":["https:\/\/veritasinfo.org\/wp-content\/uploads\/2025\/09\/energjia.png",935,614,false],"kreeti-slider-full":["https:\/\/veritasinfo.org\/wp-content\/uploads\/2025\/09\/energjia.png",935,614,false],"kreeti-featured":["https:\/\/veritasinfo.org\/wp-content\/uploads\/2025\/09\/energjia.png",935,614,false],"kreeti-medium":["https:\/\/veritasinfo.org\/wp-content\/uploads\/2025\/09\/energjia.png",720,473,false],"kreeti-medium-square":["https:\/\/veritasinfo.org\/wp-content\/uploads\/2025\/09\/energjia.png",350,230,false]},"author_info":{"info":["admin"]},"category_info":"<a href=\"https:\/\/veritasinfo.org\/?cat=60\" rel=\"category\">Shoq\u00ebrore<\/a>","tag_info":"Shoq\u00ebrore","comment_count":"0","_links":{"self":[{"href":"https:\/\/veritasinfo.org\/index.php?rest_route=\/wp\/v2\/posts\/11009","targetHints":{"allow":["GET"]}}],"collection":[{"href":"https:\/\/veritasinfo.org\/index.php?rest_route=\/wp\/v2\/posts"}],"about":[{"href":"https:\/\/veritasinfo.org\/index.php?rest_route=\/wp\/v2\/types\/post"}],"author":[{"embeddable":true,"href":"https:\/\/veritasinfo.org\/index.php?rest_route=\/wp\/v2\/users\/1"}],"replies":[{"embeddable":true,"href":"https:\/\/veritasinfo.org\/index.php?rest_route=%2Fwp%2Fv2%2Fcomments&post=11009"}],"version-history":[{"count":1,"href":"https:\/\/veritasinfo.org\/index.php?rest_route=\/wp\/v2\/posts\/11009\/revisions"}],"predecessor-version":[{"id":11011,"href":"https:\/\/veritasinfo.org\/index.php?rest_route=\/wp\/v2\/posts\/11009\/revisions\/11011"}],"wp:featuredmedia":[{"embeddable":true,"href":"https:\/\/veritasinfo.org\/index.php?rest_route=\/wp\/v2\/media\/11010"}],"wp:attachment":[{"href":"https:\/\/veritasinfo.org\/index.php?rest_route=%2Fwp%2Fv2%2Fmedia&parent=11009"}],"wp:term":[{"taxonomy":"category","embeddable":true,"href":"https:\/\/veritasinfo.org\/index.php?rest_route=%2Fwp%2Fv2%2Fcategories&post=11009"},{"taxonomy":"post_tag","embeddable":true,"href":"https:\/\/veritasinfo.org\/index.php?rest_route=%2Fwp%2Fv2%2Ftags&post=11009"}],"curies":[{"name":"wp","href":"https:\/\/api.w.org\/{rel}","templated":true}]}}