{"id":11004,"date":"2025-09-07T20:49:13","date_gmt":"2025-09-07T18:49:13","guid":{"rendered":"https:\/\/veritasinfo.org\/?p=11004"},"modified":"2025-09-07T20:49:13","modified_gmt":"2025-09-07T18:49:13","slug":"nga-mungesa-e-zenelit-te-aktivizimi-i-isak-dhe-perballja-me-kosoven-perzgjedhesi-tommason-jep-vleresimet-e-tij","status":"publish","type":"post","link":"https:\/\/veritasinfo.org\/?p=11004","title":{"rendered":"Nga mungesa e Zenelit, te aktivizimi i Isak dhe p\u00ebrballja me Kosov\u00ebn \u2013 p\u00ebrzgjedh\u00ebsi Tommason jep vler\u00ebsimet e tij"},"content":{"rendered":"<p>Prishtin\u00eb, 07 shtator 2025<\/p>\n<p>Para ndeshjes kund\u00ebr Kosov\u00ebs, n\u00eb kuad\u00ebr t\u00eb kualifikueseve p\u00ebr Kampionatin Bot\u00ebror 2026, p\u00ebrzgjedh\u00ebsi i Suedis\u00eb, danezi Jon Dahl Tomasson, foli p\u00ebr gjendjen e skuadr\u00ebs s\u00eb tij dhe p\u00ebr ekipin ton\u00eb.<\/p>\n<p>Ai u pyet edhe p\u00ebr talentin shqiptar, Besfort Zeneli, i cili ka zgjedhur nga Kosova t\u00eb kaloj\u00eb te Suedia.<\/p>\n<p>\u201cBesfort Zeneli ka qen\u00eb n\u00eb form\u00eb t\u00eb mir\u00eb koh\u00ebve t\u00eb fundit. \u00cbsht\u00eb i ri, kam folur me t\u00eb dhe i kam th\u00ebn\u00eb se dua t\u00eb shoh edhe m\u00eb shum\u00eb prej tij. Po zhvillon nj\u00eb sezon t\u00eb shk\u00eblqyer n\u00eb klubin ku luan\u201d, deklaroi Tomasson.<\/p>\n<p>Duke folur p\u00ebr Kosov\u00ebn, p\u00ebrzgjedh\u00ebsi suedez nuk kurseu vler\u00ebsimet, por mendon vet\u00ebm p\u00ebr objektivat e Suedis\u00eb.<\/p>\n<p>\u201cKosova \u00ebsht\u00eb nj\u00eb ekip i shk\u00eblqyer, e do futbollin dhe ka ide t\u00eb qarta p\u00ebr loj\u00ebn. I p\u00eblqejn\u00eb pasimet e shkurtra dhe e kemi par\u00eb edhe n\u00eb Lig\u00ebn e Kombeve se ka treguar paraqitje t\u00eb mira. Megjithat\u00eb, ne jemi t\u00eb p\u00ebrqendruar tek objektivat tan\u00eb\u201d, ka th\u00ebn\u00eb Tomasson.<\/p>\n<p>Tomasson foli edhe p\u00ebr Alexander Isak, duke deklaruar se nuk do ta rrezikojn\u00eb, pasi ka vet\u00ebm pes\u00eb st\u00ebrvitje.<\/p>\n<p>\u201cPara ndeshjes me Sllovenin\u00eb pati vet\u00ebm tre seanca st\u00ebrvitore, nd\u00ebrsa tani ka zhvilluar pes\u00eb t\u00eb tilla. N\u00eb at\u00eb ndeshje, n\u00ebse rezultati do t\u00eb ishte 1-1, me siguri do t\u00eb aktivizohej. Por tani duhet t\u00eb shohim edhe aspektin afatgjat\u00eb, jo vet\u00ebm at\u00eb afatshkurt\u00ebr\u201d, n\u00ebnvizoi danezi q\u00eb udh\u00ebheq Suedin\u00eb.<\/p>\n<p>P\u00ebrzgjedh\u00ebsi Tomasson theksoi r\u00ebnd\u00ebsin\u00eb e fokusit t\u00eb plot\u00eb dhe disiplin\u00ebs taktike, duke n\u00ebnvizuar se ekipi suedez do t\u00eb k\u00ebrkoj\u00eb t\u00eb zhvilloj\u00eb loj\u00eb kontrolluese dhe t\u00eb minimizoj\u00eb gabimet n\u00eb mbrojtje.<\/p>\n<p>Ndeshja Kosov\u00eb \u2013 Suedia zhvillohet t\u00eb h\u00ebn\u00ebn n\u00eb or\u00ebn 20:45 n\u00eb stadiumin \u201cFadil Vokrri\u201d.<\/p>\n","protected":false},"excerpt":{"rendered":"<p>Prishtin\u00eb, 07 shtator 2025 Para ndeshjes kund\u00ebr Kosov\u00ebs, n\u00eb kuad\u00ebr t\u00eb kualifikueseve p\u00ebr Kampionatin Bot\u00ebror 2026, p\u00ebrzgjedh\u00ebsi i Suedis\u00eb, danezi Jon Dahl Tomasson, foli p\u00ebr<\/p>\n","protected":false},"author":1,"featured_media":11005,"comment_status":"open","ping_status":"open","sticky":false,"template":"","format":"standard","meta":{"footnotes":""},"categories":[5],"tags":[],"class_list":["post-11004","post","type-post","status-publish","format-standard","has-post-thumbnail","hentry","category-sport-sq"],"yoast_head":"<!-- This site is optimized with the Yoast SEO plugin v25.3.1 - https:\/\/yoast.com\/wordpress\/plugins\/seo\/ -->\n<title>Nga mungesa e Zenelit, te aktivizimi i Isak dhe p\u00ebrballja me Kosov\u00ebn \u2013 p\u00ebrzgjedh\u00ebsi Tommason jep vler\u00ebsimet e tij -<\/title>\n<meta name=\"robots\" content=\"index, follow, max-snippet:-1, max-image-preview:large, max-video-preview:-1\" \/>\n<link rel=\"canonical\" href=\"https:\/\/veritasinfo.org\/?p=11004\" \/>\n<meta property=\"og:locale\" content=\"en_US\" \/>\n<meta property=\"og:type\" content=\"article\" \/>\n<meta property=\"og:title\" content=\"Nga mungesa e Zenelit, te aktivizimi i Isak dhe p\u00ebrballja me Kosov\u00ebn \u2013 p\u00ebrzgjedh\u00ebsi Tommason jep vler\u00ebsimet e tij -\" \/>\n<meta property=\"og:description\" content=\"Prishtin\u00eb, 07 shtator 2025 Para ndeshjes kund\u00ebr Kosov\u00ebs, n\u00eb kuad\u00ebr t\u00eb kualifikueseve p\u00ebr Kampionatin Bot\u00ebror 2026, p\u00ebrzgjedh\u00ebsi i Suedis\u00eb, danezi Jon Dahl Tomasson, foli p\u00ebr\" \/>\n<meta property=\"og:url\" content=\"https:\/\/veritasinfo.org\/?p=11004\" \/>\n<meta property=\"article:published_time\" content=\"2025-09-07T18:49:13+00:00\" \/>\n<meta property=\"og:image\" content=\"https:\/\/veritasinfo.org\/wp-content\/uploads\/2025\/09\/Screenshot-2025-09-07-194433-780x439-1.png\" \/>\n\t<meta property=\"og:image:width\" content=\"780\" \/>\n\t<meta property=\"og:image:height\" content=\"439\" \/>\n\t<meta property=\"og:image:type\" content=\"image\/png\" \/>\n<meta name=\"author\" content=\"admin\" \/>\n<meta name=\"twitter:card\" content=\"summary_large_image\" \/>\n<meta name=\"twitter:label1\" content=\"Written by\" \/>\n\t<meta name=\"twitter:data1\" content=\"admin\" \/>\n\t<meta name=\"twitter:label2\" content=\"Est. reading time\" \/>\n\t<meta name=\"twitter:data2\" content=\"2 minutes\" \/>\n<script type=\"application\/ld+json\" class=\"yoast-schema-graph\">{\"@context\":\"https:\/\/schema.org\",\"@graph\":[{\"@type\":\"WebPage\",\"@id\":\"https:\/\/veritasinfo.org\/?p=11004\",\"url\":\"https:\/\/veritasinfo.org\/?p=11004\",\"name\":\"Nga mungesa e Zenelit, te aktivizimi i Isak dhe p\u00ebrballja me Kosov\u00ebn \u2013 p\u00ebrzgjedh\u00ebsi Tommason jep vler\u00ebsimet e tij -\",\"isPartOf\":{\"@id\":\"https:\/\/veritasinfo.org\/#website\"},\"primaryImageOfPage\":{\"@id\":\"https:\/\/veritasinfo.org\/?p=11004#primaryimage\"},\"image\":{\"@id\":\"https:\/\/veritasinfo.org\/?p=11004#primaryimage\"},\"thumbnailUrl\":\"https:\/\/veritasinfo.org\/wp-content\/uploads\/2025\/09\/Screenshot-2025-09-07-194433-780x439-1.png\",\"datePublished\":\"2025-09-07T18:49:13+00:00\",\"author\":{\"@id\":\"https:\/\/veritasinfo.org\/#\/schema\/person\/7701f8c088bece422266b100a712374f\"},\"breadcrumb\":{\"@id\":\"https:\/\/veritasinfo.org\/?p=11004#breadcrumb\"},\"inLanguage\":\"en-US\",\"potentialAction\":[{\"@type\":\"ReadAction\",\"target\":[\"https:\/\/veritasinfo.org\/?p=11004\"]}]},{\"@type\":\"ImageObject\",\"inLanguage\":\"en-US\",\"@id\":\"https:\/\/veritasinfo.org\/?p=11004#primaryimage\",\"url\":\"https:\/\/veritasinfo.org\/wp-content\/uploads\/2025\/09\/Screenshot-2025-09-07-194433-780x439-1.png\",\"contentUrl\":\"https:\/\/veritasinfo.org\/wp-content\/uploads\/2025\/09\/Screenshot-2025-09-07-194433-780x439-1.png\",\"width\":780,\"height\":439},{\"@type\":\"BreadcrumbList\",\"@id\":\"https:\/\/veritasinfo.org\/?p=11004#breadcrumb\",\"itemListElement\":[{\"@type\":\"ListItem\",\"position\":1,\"name\":\"Home\",\"item\":\"https:\/\/veritasinfo.org\/\"},{\"@type\":\"ListItem\",\"position\":2,\"name\":\"Nga mungesa e Zenelit, te aktivizimi i Isak dhe p\u00ebrballja me Kosov\u00ebn \u2013 p\u00ebrzgjedh\u00ebsi Tommason jep vler\u00ebsimet e tij\"}]},{\"@type\":\"WebSite\",\"@id\":\"https:\/\/veritasinfo.org\/#website\",\"url\":\"https:\/\/veritasinfo.org\/\",\"name\":\"\",\"description\":\"\",\"potentialAction\":[{\"@type\":\"SearchAction\",\"target\":{\"@type\":\"EntryPoint\",\"urlTemplate\":\"https:\/\/veritasinfo.org\/?s={search_term_string}\"},\"query-input\":{\"@type\":\"PropertyValueSpecification\",\"valueRequired\":true,\"valueName\":\"search_term_string\"}}],\"inLanguage\":\"en-US\"},{\"@type\":\"Person\",\"@id\":\"https:\/\/veritasinfo.org\/#\/schema\/person\/7701f8c088bece422266b100a712374f\",\"name\":\"admin\",\"image\":{\"@type\":\"ImageObject\",\"inLanguage\":\"en-US\",\"@id\":\"https:\/\/veritasinfo.org\/#\/schema\/person\/image\/\",\"url\":\"https:\/\/secure.gravatar.com\/avatar\/ea53aa3bf6c9a12d5fde8ce4deff43fef3885ae33cf60184161a50d6987cfd2f?s=96&d=mm&r=g\",\"contentUrl\":\"https:\/\/secure.gravatar.com\/avatar\/ea53aa3bf6c9a12d5fde8ce4deff43fef3885ae33cf60184161a50d6987cfd2f?s=96&d=mm&r=g\",\"caption\":\"admin\"},\"sameAs\":[\"https:\/\/veritasinfo.org\"],\"url\":\"https:\/\/veritasinfo.org\/?author=1\"}]}<\/script>\n<!-- \/ Yoast SEO plugin. -->","yoast_head_json":{"title":"Nga mungesa e Zenelit, te aktivizimi i Isak dhe p\u00ebrballja me Kosov\u00ebn \u2013 p\u00ebrzgjedh\u00ebsi Tommason jep vler\u00ebsimet e tij -","robots":{"index":"index","follow":"follow","max-snippet":"max-snippet:-1","max-image-preview":"max-image-preview:large","max-video-preview":"max-video-preview:-1"},"canonical":"https:\/\/veritasinfo.org\/?p=11004","og_locale":"en_US","og_type":"article","og_title":"Nga mungesa e Zenelit, te aktivizimi i Isak dhe p\u00ebrballja me Kosov\u00ebn \u2013 p\u00ebrzgjedh\u00ebsi Tommason jep vler\u00ebsimet e tij -","og_description":"Prishtin\u00eb, 07 shtator 2025 Para ndeshjes kund\u00ebr Kosov\u00ebs, n\u00eb kuad\u00ebr t\u00eb kualifikueseve p\u00ebr Kampionatin Bot\u00ebror 2026, p\u00ebrzgjedh\u00ebsi i Suedis\u00eb, danezi Jon Dahl Tomasson, foli p\u00ebr","og_url":"https:\/\/veritasinfo.org\/?p=11004","article_published_time":"2025-09-07T18:49:13+00:00","og_image":[{"width":780,"height":439,"url":"https:\/\/veritasinfo.org\/wp-content\/uploads\/2025\/09\/Screenshot-2025-09-07-194433-780x439-1.png","type":"image\/png"}],"author":"admin","twitter_card":"summary_large_image","twitter_misc":{"Written by":"admin","Est. reading time":"2 minutes"},"schema":{"@context":"https:\/\/schema.org","@graph":[{"@type":"WebPage","@id":"https:\/\/veritasinfo.org\/?p=11004","url":"https:\/\/veritasinfo.org\/?p=11004","name":"Nga mungesa e Zenelit, te aktivizimi i Isak dhe p\u00ebrballja me Kosov\u00ebn \u2013 p\u00ebrzgjedh\u00ebsi Tommason jep vler\u00ebsimet e tij -","isPartOf":{"@id":"https:\/\/veritasinfo.org\/#website"},"primaryImageOfPage":{"@id":"https:\/\/veritasinfo.org\/?p=11004#primaryimage"},"image":{"@id":"https:\/\/veritasinfo.org\/?p=11004#primaryimage"},"thumbnailUrl":"https:\/\/veritasinfo.org\/wp-content\/uploads\/2025\/09\/Screenshot-2025-09-07-194433-780x439-1.png","datePublished":"2025-09-07T18:49:13+00:00","author":{"@id":"https:\/\/veritasinfo.org\/#\/schema\/person\/7701f8c088bece422266b100a712374f"},"breadcrumb":{"@id":"https:\/\/veritasinfo.org\/?p=11004#breadcrumb"},"inLanguage":"en-US","potentialAction":[{"@type":"ReadAction","target":["https:\/\/veritasinfo.org\/?p=11004"]}]},{"@type":"ImageObject","inLanguage":"en-US","@id":"https:\/\/veritasinfo.org\/?p=11004#primaryimage","url":"https:\/\/veritasinfo.org\/wp-content\/uploads\/2025\/09\/Screenshot-2025-09-07-194433-780x439-1.png","contentUrl":"https:\/\/veritasinfo.org\/wp-content\/uploads\/2025\/09\/Screenshot-2025-09-07-194433-780x439-1.png","width":780,"height":439},{"@type":"BreadcrumbList","@id":"https:\/\/veritasinfo.org\/?p=11004#breadcrumb","itemListElement":[{"@type":"ListItem","position":1,"name":"Home","item":"https:\/\/veritasinfo.org\/"},{"@type":"ListItem","position":2,"name":"Nga mungesa e Zenelit, te aktivizimi i Isak dhe p\u00ebrballja me Kosov\u00ebn \u2013 p\u00ebrzgjedh\u00ebsi Tommason jep vler\u00ebsimet e tij"}]},{"@type":"WebSite","@id":"https:\/\/veritasinfo.org\/#website","url":"https:\/\/veritasinfo.org\/","name":"","description":"","potentialAction":[{"@type":"SearchAction","target":{"@type":"EntryPoint","urlTemplate":"https:\/\/veritasinfo.org\/?s={search_term_string}"},"query-input":{"@type":"PropertyValueSpecification","valueRequired":true,"valueName":"search_term_string"}}],"inLanguage":"en-US"},{"@type":"Person","@id":"https:\/\/veritasinfo.org\/#\/schema\/person\/7701f8c088bece422266b100a712374f","name":"admin","image":{"@type":"ImageObject","inLanguage":"en-US","@id":"https:\/\/veritasinfo.org\/#\/schema\/person\/image\/","url":"https:\/\/secure.gravatar.com\/avatar\/ea53aa3bf6c9a12d5fde8ce4deff43fef3885ae33cf60184161a50d6987cfd2f?s=96&d=mm&r=g","contentUrl":"https:\/\/secure.gravatar.com\/avatar\/ea53aa3bf6c9a12d5fde8ce4deff43fef3885ae33cf60184161a50d6987cfd2f?s=96&d=mm&r=g","caption":"admin"},"sameAs":["https:\/\/veritasinfo.org"],"url":"https:\/\/veritasinfo.org\/?author=1"}]}},"featured_image_urls":{"full":["https:\/\/veritasinfo.org\/wp-content\/uploads\/2025\/09\/Screenshot-2025-09-07-194433-780x439-1.png",780,439,false],"thumbnail":["https:\/\/veritasinfo.org\/wp-content\/uploads\/2025\/09\/Screenshot-2025-09-07-194433-780x439-1-150x150.png",150,150,true],"medium":["https:\/\/veritasinfo.org\/wp-content\/uploads\/2025\/09\/Screenshot-2025-09-07-194433-780x439-1-300x169.png",300,169,true],"medium_large":["https:\/\/veritasinfo.org\/wp-content\/uploads\/2025\/09\/Screenshot-2025-09-07-194433-780x439-1-768x432.png",640,360,true],"large":["https:\/\/veritasinfo.org\/wp-content\/uploads\/2025\/09\/Screenshot-2025-09-07-194433-780x439-1.png",640,360,false],"1536x1536":["https:\/\/veritasinfo.org\/wp-content\/uploads\/2025\/09\/Screenshot-2025-09-07-194433-780x439-1.png",780,439,false],"2048x2048":["https:\/\/veritasinfo.org\/wp-content\/uploads\/2025\/09\/Screenshot-2025-09-07-194433-780x439-1.png",780,439,false],"kreeti-slider-full":["https:\/\/veritasinfo.org\/wp-content\/uploads\/2025\/09\/Screenshot-2025-09-07-194433-780x439-1.png",780,439,false],"kreeti-featured":["https:\/\/veritasinfo.org\/wp-content\/uploads\/2025\/09\/Screenshot-2025-09-07-194433-780x439-1.png",780,439,false],"kreeti-medium":["https:\/\/veritasinfo.org\/wp-content\/uploads\/2025\/09\/Screenshot-2025-09-07-194433-780x439-1.png",720,405,false],"kreeti-medium-square":["https:\/\/veritasinfo.org\/wp-content\/uploads\/2025\/09\/Screenshot-2025-09-07-194433-780x439-1.png",350,197,false]},"author_info":{"info":["admin"]},"category_info":"<a href=\"https:\/\/veritasinfo.org\/?cat=5\" rel=\"category\">Sport<\/a>","tag_info":"Sport","comment_count":"0","_links":{"self":[{"href":"https:\/\/veritasinfo.org\/index.php?rest_route=\/wp\/v2\/posts\/11004","targetHints":{"allow":["GET"]}}],"collection":[{"href":"https:\/\/veritasinfo.org\/index.php?rest_route=\/wp\/v2\/posts"}],"about":[{"href":"https:\/\/veritasinfo.org\/index.php?rest_route=\/wp\/v2\/types\/post"}],"author":[{"embeddable":true,"href":"https:\/\/veritasinfo.org\/index.php?rest_route=\/wp\/v2\/users\/1"}],"replies":[{"embeddable":true,"href":"https:\/\/veritasinfo.org\/index.php?rest_route=%2Fwp%2Fv2%2Fcomments&post=11004"}],"version-history":[{"count":1,"href":"https:\/\/veritasinfo.org\/index.php?rest_route=\/wp\/v2\/posts\/11004\/revisions"}],"predecessor-version":[{"id":11006,"href":"https:\/\/veritasinfo.org\/index.php?rest_route=\/wp\/v2\/posts\/11004\/revisions\/11006"}],"wp:featuredmedia":[{"embeddable":true,"href":"https:\/\/veritasinfo.org\/index.php?rest_route=\/wp\/v2\/media\/11005"}],"wp:attachment":[{"href":"https:\/\/veritasinfo.org\/index.php?rest_route=%2Fwp%2Fv2%2Fmedia&parent=11004"}],"wp:term":[{"taxonomy":"category","embeddable":true,"href":"https:\/\/veritasinfo.org\/index.php?rest_route=%2Fwp%2Fv2%2Fcategories&post=11004"},{"taxonomy":"post_tag","embeddable":true,"href":"https:\/\/veritasinfo.org\/index.php?rest_route=%2Fwp%2Fv2%2Ftags&post=11004"}],"curies":[{"name":"wp","href":"https:\/\/api.w.org\/{rel}","templated":true}]}}