{"id":10989,"date":"2025-09-07T14:38:43","date_gmt":"2025-09-07T12:38:43","guid":{"rendered":"https:\/\/veritasinfo.org\/?p=10989"},"modified":"2025-09-07T14:38:43","modified_gmt":"2025-09-07T12:38:43","slug":"mustafi-e-fshin-emrin-e-mladiqit-ne-bujanoc-institucionet-heshten-por-une-smunda","status":"publish","type":"post","link":"https:\/\/veritasinfo.org\/?p=10989","title":{"rendered":"Mustafi e fshin emrin e Mladiqit n\u00eb Bujanoc: Institucionet hesht\u00ebn, por un\u00eb s\u2019munda"},"content":{"rendered":"<p>Preshev\u00eb, 07 shtator 2025<\/p>\n<p>Politikani nga Lugina e Preshev\u00ebs, Ragmi Mustafi, ka th\u00ebn\u00eb se e ka fshir\u00eb grafitin ku shkruhej emri i kriminelit Ratko Mladiqi n\u00eb qend\u00ebr t\u00eb Bujanocit.<\/p>\n<p>P\u00ebrmes nj\u00eb postimi n\u00eb Facebook ka th\u00ebn\u00eb se nuk mund t\u00eb q\u00ebndronte i heshtur, ani pse institucionet hesht\u00ebn.<\/p>\n<p>\u201cNuk munda ta shikoj i heshtur. N\u00eb qend\u00ebr t\u00eb Bujanocit, aty ku kalojn\u00eb f\u00ebmij\u00ebt tan\u00eb, ishte shkruar me t\u00eb kuqe emri i kriminelit luft\u00ebs q\u00eb urdh\u00ebroi masakr\u00ebn e Srebrenic\u00ebs- &#8221; \u0420\u0410\u0422\u041a\u041e \u041c\u041b\u0410\u0414\u0418\u040b&#8221; me simbolet nacionaliste me kat\u00ebr \u2018C\u2019. Institucionet hesht\u00ebn. Policia heshti. Edhe ata q\u00eb flasin p\u00ebr \u201cmultietnicitet\u201d \u2013 hesht\u00ebn. Un\u00eb nuk munda. Shkova bashk\u00eb me djalin tim Lisarin dhe e fshiva publikisht. Jo p\u00ebr vete. P\u00ebr f\u00ebmij\u00ebt e k\u00ebtij qyteti. P\u00ebr ata q\u00eb u vran\u00eb. P\u00ebr ata q\u00eb ende kan\u00eb nevoj\u00eb p\u00ebr drejt\u00ebsi. P\u00ebr ata q\u00eb nuk guxojn\u00eb m\u00eb t\u00eb flasin, por q\u00eb nuk jan\u00eb pajtuar kurr\u00eb. Fshim nj\u00eb em\u00ebr. Por edhe nj\u00eb turp\u201d, ka shkruar ai.<\/p>\n","protected":false},"excerpt":{"rendered":"<p>Preshev\u00eb, 07 shtator 2025 Politikani nga Lugina e Preshev\u00ebs, Ragmi Mustafi, ka th\u00ebn\u00eb se e ka fshir\u00eb grafitin ku shkruhej emri i kriminelit Ratko Mladiqi<\/p>\n","protected":false},"author":1,"featured_media":10990,"comment_status":"open","ping_status":"open","sticky":false,"template":"","format":"standard","meta":{"footnotes":""},"categories":[60],"tags":[],"class_list":["post-10989","post","type-post","status-publish","format-standard","has-post-thumbnail","hentry","category-shoqerore-sq"],"yoast_head":"<!-- This site is optimized with the Yoast SEO plugin v25.3.1 - https:\/\/yoast.com\/wordpress\/plugins\/seo\/ -->\n<title>Mustafi e fshin emrin e Mladiqit n\u00eb Bujanoc: Institucionet hesht\u00ebn, por un\u00eb s\u2019munda -<\/title>\n<meta name=\"robots\" content=\"index, follow, max-snippet:-1, max-image-preview:large, max-video-preview:-1\" \/>\n<link rel=\"canonical\" href=\"https:\/\/veritasinfo.org\/?p=10989\" \/>\n<meta property=\"og:locale\" content=\"en_US\" \/>\n<meta property=\"og:type\" content=\"article\" \/>\n<meta property=\"og:title\" content=\"Mustafi e fshin emrin e Mladiqit n\u00eb Bujanoc: Institucionet hesht\u00ebn, por un\u00eb s\u2019munda -\" \/>\n<meta property=\"og:description\" content=\"Preshev\u00eb, 07 shtator 2025 Politikani nga Lugina e Preshev\u00ebs, Ragmi Mustafi, ka th\u00ebn\u00eb se e ka fshir\u00eb grafitin ku shkruhej emri i kriminelit Ratko Mladiqi\" \/>\n<meta property=\"og:url\" content=\"https:\/\/veritasinfo.org\/?p=10989\" \/>\n<meta property=\"article:published_time\" content=\"2025-09-07T12:38:43+00:00\" \/>\n<meta property=\"og:image\" content=\"https:\/\/veritasinfo.org\/wp-content\/uploads\/2025\/09\/544833605_10236283422801509_1395036008460444367_n.jpg\" \/>\n\t<meta property=\"og:image:width\" content=\"2048\" \/>\n\t<meta property=\"og:image:height\" content=\"1536\" \/>\n\t<meta property=\"og:image:type\" content=\"image\/jpeg\" \/>\n<meta name=\"author\" content=\"admin\" \/>\n<meta name=\"twitter:card\" content=\"summary_large_image\" \/>\n<meta name=\"twitter:label1\" content=\"Written by\" \/>\n\t<meta name=\"twitter:data1\" content=\"admin\" \/>\n\t<meta name=\"twitter:label2\" content=\"Est. reading time\" \/>\n\t<meta name=\"twitter:data2\" content=\"1 minute\" \/>\n<script type=\"application\/ld+json\" class=\"yoast-schema-graph\">{\"@context\":\"https:\/\/schema.org\",\"@graph\":[{\"@type\":\"WebPage\",\"@id\":\"https:\/\/veritasinfo.org\/?p=10989\",\"url\":\"https:\/\/veritasinfo.org\/?p=10989\",\"name\":\"Mustafi e fshin emrin e Mladiqit n\u00eb Bujanoc: Institucionet hesht\u00ebn, por un\u00eb s\u2019munda -\",\"isPartOf\":{\"@id\":\"https:\/\/veritasinfo.org\/#website\"},\"primaryImageOfPage\":{\"@id\":\"https:\/\/veritasinfo.org\/?p=10989#primaryimage\"},\"image\":{\"@id\":\"https:\/\/veritasinfo.org\/?p=10989#primaryimage\"},\"thumbnailUrl\":\"https:\/\/veritasinfo.org\/wp-content\/uploads\/2025\/09\/544833605_10236283422801509_1395036008460444367_n.jpg\",\"datePublished\":\"2025-09-07T12:38:43+00:00\",\"author\":{\"@id\":\"https:\/\/veritasinfo.org\/#\/schema\/person\/7701f8c088bece422266b100a712374f\"},\"breadcrumb\":{\"@id\":\"https:\/\/veritasinfo.org\/?p=10989#breadcrumb\"},\"inLanguage\":\"en-US\",\"potentialAction\":[{\"@type\":\"ReadAction\",\"target\":[\"https:\/\/veritasinfo.org\/?p=10989\"]}]},{\"@type\":\"ImageObject\",\"inLanguage\":\"en-US\",\"@id\":\"https:\/\/veritasinfo.org\/?p=10989#primaryimage\",\"url\":\"https:\/\/veritasinfo.org\/wp-content\/uploads\/2025\/09\/544833605_10236283422801509_1395036008460444367_n.jpg\",\"contentUrl\":\"https:\/\/veritasinfo.org\/wp-content\/uploads\/2025\/09\/544833605_10236283422801509_1395036008460444367_n.jpg\",\"width\":2048,\"height\":1536},{\"@type\":\"BreadcrumbList\",\"@id\":\"https:\/\/veritasinfo.org\/?p=10989#breadcrumb\",\"itemListElement\":[{\"@type\":\"ListItem\",\"position\":1,\"name\":\"Home\",\"item\":\"https:\/\/veritasinfo.org\/\"},{\"@type\":\"ListItem\",\"position\":2,\"name\":\"Mustafi e fshin emrin e Mladiqit n\u00eb Bujanoc: Institucionet hesht\u00ebn, por un\u00eb s\u2019munda\"}]},{\"@type\":\"WebSite\",\"@id\":\"https:\/\/veritasinfo.org\/#website\",\"url\":\"https:\/\/veritasinfo.org\/\",\"name\":\"\",\"description\":\"\",\"potentialAction\":[{\"@type\":\"SearchAction\",\"target\":{\"@type\":\"EntryPoint\",\"urlTemplate\":\"https:\/\/veritasinfo.org\/?s={search_term_string}\"},\"query-input\":{\"@type\":\"PropertyValueSpecification\",\"valueRequired\":true,\"valueName\":\"search_term_string\"}}],\"inLanguage\":\"en-US\"},{\"@type\":\"Person\",\"@id\":\"https:\/\/veritasinfo.org\/#\/schema\/person\/7701f8c088bece422266b100a712374f\",\"name\":\"admin\",\"image\":{\"@type\":\"ImageObject\",\"inLanguage\":\"en-US\",\"@id\":\"https:\/\/veritasinfo.org\/#\/schema\/person\/image\/\",\"url\":\"https:\/\/secure.gravatar.com\/avatar\/ea53aa3bf6c9a12d5fde8ce4deff43fef3885ae33cf60184161a50d6987cfd2f?s=96&d=mm&r=g\",\"contentUrl\":\"https:\/\/secure.gravatar.com\/avatar\/ea53aa3bf6c9a12d5fde8ce4deff43fef3885ae33cf60184161a50d6987cfd2f?s=96&d=mm&r=g\",\"caption\":\"admin\"},\"sameAs\":[\"https:\/\/veritasinfo.org\"],\"url\":\"https:\/\/veritasinfo.org\/?author=1\"}]}<\/script>\n<!-- \/ Yoast SEO plugin. -->","yoast_head_json":{"title":"Mustafi e fshin emrin e Mladiqit n\u00eb Bujanoc: Institucionet hesht\u00ebn, por un\u00eb s\u2019munda -","robots":{"index":"index","follow":"follow","max-snippet":"max-snippet:-1","max-image-preview":"max-image-preview:large","max-video-preview":"max-video-preview:-1"},"canonical":"https:\/\/veritasinfo.org\/?p=10989","og_locale":"en_US","og_type":"article","og_title":"Mustafi e fshin emrin e Mladiqit n\u00eb Bujanoc: Institucionet hesht\u00ebn, por un\u00eb s\u2019munda -","og_description":"Preshev\u00eb, 07 shtator 2025 Politikani nga Lugina e Preshev\u00ebs, Ragmi Mustafi, ka th\u00ebn\u00eb se e ka fshir\u00eb grafitin ku shkruhej emri i kriminelit Ratko Mladiqi","og_url":"https:\/\/veritasinfo.org\/?p=10989","article_published_time":"2025-09-07T12:38:43+00:00","og_image":[{"width":2048,"height":1536,"url":"https:\/\/veritasinfo.org\/wp-content\/uploads\/2025\/09\/544833605_10236283422801509_1395036008460444367_n.jpg","type":"image\/jpeg"}],"author":"admin","twitter_card":"summary_large_image","twitter_misc":{"Written by":"admin","Est. reading time":"1 minute"},"schema":{"@context":"https:\/\/schema.org","@graph":[{"@type":"WebPage","@id":"https:\/\/veritasinfo.org\/?p=10989","url":"https:\/\/veritasinfo.org\/?p=10989","name":"Mustafi e fshin emrin e Mladiqit n\u00eb Bujanoc: Institucionet hesht\u00ebn, por un\u00eb s\u2019munda -","isPartOf":{"@id":"https:\/\/veritasinfo.org\/#website"},"primaryImageOfPage":{"@id":"https:\/\/veritasinfo.org\/?p=10989#primaryimage"},"image":{"@id":"https:\/\/veritasinfo.org\/?p=10989#primaryimage"},"thumbnailUrl":"https:\/\/veritasinfo.org\/wp-content\/uploads\/2025\/09\/544833605_10236283422801509_1395036008460444367_n.jpg","datePublished":"2025-09-07T12:38:43+00:00","author":{"@id":"https:\/\/veritasinfo.org\/#\/schema\/person\/7701f8c088bece422266b100a712374f"},"breadcrumb":{"@id":"https:\/\/veritasinfo.org\/?p=10989#breadcrumb"},"inLanguage":"en-US","potentialAction":[{"@type":"ReadAction","target":["https:\/\/veritasinfo.org\/?p=10989"]}]},{"@type":"ImageObject","inLanguage":"en-US","@id":"https:\/\/veritasinfo.org\/?p=10989#primaryimage","url":"https:\/\/veritasinfo.org\/wp-content\/uploads\/2025\/09\/544833605_10236283422801509_1395036008460444367_n.jpg","contentUrl":"https:\/\/veritasinfo.org\/wp-content\/uploads\/2025\/09\/544833605_10236283422801509_1395036008460444367_n.jpg","width":2048,"height":1536},{"@type":"BreadcrumbList","@id":"https:\/\/veritasinfo.org\/?p=10989#breadcrumb","itemListElement":[{"@type":"ListItem","position":1,"name":"Home","item":"https:\/\/veritasinfo.org\/"},{"@type":"ListItem","position":2,"name":"Mustafi e fshin emrin e Mladiqit n\u00eb Bujanoc: Institucionet hesht\u00ebn, por un\u00eb s\u2019munda"}]},{"@type":"WebSite","@id":"https:\/\/veritasinfo.org\/#website","url":"https:\/\/veritasinfo.org\/","name":"","description":"","potentialAction":[{"@type":"SearchAction","target":{"@type":"EntryPoint","urlTemplate":"https:\/\/veritasinfo.org\/?s={search_term_string}"},"query-input":{"@type":"PropertyValueSpecification","valueRequired":true,"valueName":"search_term_string"}}],"inLanguage":"en-US"},{"@type":"Person","@id":"https:\/\/veritasinfo.org\/#\/schema\/person\/7701f8c088bece422266b100a712374f","name":"admin","image":{"@type":"ImageObject","inLanguage":"en-US","@id":"https:\/\/veritasinfo.org\/#\/schema\/person\/image\/","url":"https:\/\/secure.gravatar.com\/avatar\/ea53aa3bf6c9a12d5fde8ce4deff43fef3885ae33cf60184161a50d6987cfd2f?s=96&d=mm&r=g","contentUrl":"https:\/\/secure.gravatar.com\/avatar\/ea53aa3bf6c9a12d5fde8ce4deff43fef3885ae33cf60184161a50d6987cfd2f?s=96&d=mm&r=g","caption":"admin"},"sameAs":["https:\/\/veritasinfo.org"],"url":"https:\/\/veritasinfo.org\/?author=1"}]}},"featured_image_urls":{"full":["https:\/\/veritasinfo.org\/wp-content\/uploads\/2025\/09\/544833605_10236283422801509_1395036008460444367_n.jpg",2048,1536,false],"thumbnail":["https:\/\/veritasinfo.org\/wp-content\/uploads\/2025\/09\/544833605_10236283422801509_1395036008460444367_n-150x150.jpg",150,150,true],"medium":["https:\/\/veritasinfo.org\/wp-content\/uploads\/2025\/09\/544833605_10236283422801509_1395036008460444367_n-300x225.jpg",300,225,true],"medium_large":["https:\/\/veritasinfo.org\/wp-content\/uploads\/2025\/09\/544833605_10236283422801509_1395036008460444367_n-768x576.jpg",640,480,true],"large":["https:\/\/veritasinfo.org\/wp-content\/uploads\/2025\/09\/544833605_10236283422801509_1395036008460444367_n-1024x768.jpg",640,480,true],"1536x1536":["https:\/\/veritasinfo.org\/wp-content\/uploads\/2025\/09\/544833605_10236283422801509_1395036008460444367_n-1536x1152.jpg",1536,1152,true],"2048x2048":["https:\/\/veritasinfo.org\/wp-content\/uploads\/2025\/09\/544833605_10236283422801509_1395036008460444367_n.jpg",2048,1536,false],"kreeti-slider-full":["https:\/\/veritasinfo.org\/wp-content\/uploads\/2025\/09\/544833605_10236283422801509_1395036008460444367_n.jpg",960,720,false],"kreeti-featured":["https:\/\/veritasinfo.org\/wp-content\/uploads\/2025\/09\/544833605_10236283422801509_1395036008460444367_n.jpg",1024,768,false],"kreeti-medium":["https:\/\/veritasinfo.org\/wp-content\/uploads\/2025\/09\/544833605_10236283422801509_1395036008460444367_n.jpg",707,530,false],"kreeti-medium-square":["https:\/\/veritasinfo.org\/wp-content\/uploads\/2025\/09\/544833605_10236283422801509_1395036008460444367_n.jpg",350,263,false]},"author_info":{"info":["admin"]},"category_info":"<a href=\"https:\/\/veritasinfo.org\/?cat=60\" rel=\"category\">Shoq\u00ebrore<\/a>","tag_info":"Shoq\u00ebrore","comment_count":"0","_links":{"self":[{"href":"https:\/\/veritasinfo.org\/index.php?rest_route=\/wp\/v2\/posts\/10989","targetHints":{"allow":["GET"]}}],"collection":[{"href":"https:\/\/veritasinfo.org\/index.php?rest_route=\/wp\/v2\/posts"}],"about":[{"href":"https:\/\/veritasinfo.org\/index.php?rest_route=\/wp\/v2\/types\/post"}],"author":[{"embeddable":true,"href":"https:\/\/veritasinfo.org\/index.php?rest_route=\/wp\/v2\/users\/1"}],"replies":[{"embeddable":true,"href":"https:\/\/veritasinfo.org\/index.php?rest_route=%2Fwp%2Fv2%2Fcomments&post=10989"}],"version-history":[{"count":1,"href":"https:\/\/veritasinfo.org\/index.php?rest_route=\/wp\/v2\/posts\/10989\/revisions"}],"predecessor-version":[{"id":10991,"href":"https:\/\/veritasinfo.org\/index.php?rest_route=\/wp\/v2\/posts\/10989\/revisions\/10991"}],"wp:featuredmedia":[{"embeddable":true,"href":"https:\/\/veritasinfo.org\/index.php?rest_route=\/wp\/v2\/media\/10990"}],"wp:attachment":[{"href":"https:\/\/veritasinfo.org\/index.php?rest_route=%2Fwp%2Fv2%2Fmedia&parent=10989"}],"wp:term":[{"taxonomy":"category","embeddable":true,"href":"https:\/\/veritasinfo.org\/index.php?rest_route=%2Fwp%2Fv2%2Fcategories&post=10989"},{"taxonomy":"post_tag","embeddable":true,"href":"https:\/\/veritasinfo.org\/index.php?rest_route=%2Fwp%2Fv2%2Ftags&post=10989"}],"curies":[{"name":"wp","href":"https:\/\/api.w.org\/{rel}","templated":true}]}}