{"id":10984,"date":"2025-09-07T13:34:02","date_gmt":"2025-09-07T11:34:02","guid":{"rendered":"https:\/\/veritasinfo.org\/?p=10984"},"modified":"2025-09-07T13:34:02","modified_gmt":"2025-09-07T11:34:02","slug":"kurti-aleksander-vuciqit-protestat-po-ia-organizon-populli-i-serbise-jo-une","status":"publish","type":"post","link":"https:\/\/veritasinfo.org\/?p=10984","title":{"rendered":"Kurti: Aleksand\u00ebr Vu\u00e7iqit protestat po ia organizon populli i Serbis\u00eb, jo un\u00eb"},"content":{"rendered":"<p><strong>Prishtin\u00eb, 07 shtator 2025<\/strong><\/p>\n<p>Kryeministri n\u00eb detyr\u00eb i Kosov\u00ebs, Albin Kurti, ka reaguar ndaj akuzave t\u00eb presidentit serb Aleksandar Vu\u00e7iq, i cili e ka faj\u00ebsuar at\u00eb p\u00ebr organizimin e protestave n\u00eb Serbi.<\/p>\n<p>Gjat\u00eb mbledhjes s\u00eb K\u00ebshillit t\u00eb P\u00ebrgjithsh\u00ebm t\u00eb VV-s\u00eb, Kurti theksoi se protestat n\u00eb Serbi jan\u00eb shprehje e pak\u00ebnaq\u00ebsis\u00eb s\u00eb vet\u00eb qytetar\u00ebve serb\u00eb dhe jo ndonj\u00eb nd\u00ebrhyrje nga Kosova.<\/p>\n<p>\u201cDuhet pasur kujdes edhe p\u00ebr adresat ku po informohemi dhe kush po i thot\u00eb ato. N\u00ebse ata q\u00eb e kan\u00eb p\u00ebr detyr\u00eb t\u00eb informojn\u00eb nuk kan\u00eb filtrat e lajmeve, n\u00ebse nuk i b\u00ebjn\u00eb me q\u00ebllim, duhet ne t\u00eb kemi filtrat ton\u00eb t\u00eb k\u00ebtyre informacioneve, shpesh dezinformuese. Nuk ka si t\u00eb mos t\u00eb lidhet me fqinj\u00ebt tan\u00eb verior\u00eb, me t\u00eb cil\u00ebt kemi kontrast t\u00eb thell\u00eb, edhe sa i p\u00ebrket t\u00eb kaluar\u00ebs, tashmes dhe t\u00eb ardhmes. Ne luftojm\u00eb krimet e luft\u00ebs, i zbardhim ato, nd\u00ebrkaq ata nuk i pranojn\u00eb dhe i mohojn\u00eb krimet e kryera. Meqen\u00ebse ne d\u00ebshirojm\u00eb BE-n\u00eb dhe NATO-n, Serbia po orientohet nga Federata Ruse. Ju e pat\u00eb q\u00eb Vu\u00e7iq m\u00eb kishte akuzuar mua se un\u00eb po i organizoj e urdh\u00ebroj protestat atje, se ato po b\u00ebhen nga ne. Kjo nuk \u00ebsht\u00eb \u00e7udi, po ndodh me t\u00eb gjith\u00eb diktator\u00ebt q\u00eb jan\u00eb shk\u00ebputur nga populli i tyre, t\u00eb cilin e shtypin dhe nuk i besojn\u00eb. N\u00eb rrethana kur nuk i beson popullit, gjith\u00e7ka po duket se ia b\u00ebjn\u00eb nga jasht\u00eb. Aleksand\u00ebr Vu\u00e7iqit protestat po ia organizon populli i Serbis\u00eb, dhe jo kryeministri i Kosov\u00ebs,\u201d ka th\u00ebn\u00eb ai.<\/p>\n","protected":false},"excerpt":{"rendered":"<p>Prishtin\u00eb, 07 shtator 2025 Kryeministri n\u00eb detyr\u00eb i Kosov\u00ebs, Albin Kurti, ka reaguar ndaj akuzave t\u00eb presidentit serb Aleksandar Vu\u00e7iq, i cili e ka faj\u00ebsuar<\/p>\n","protected":false},"author":2,"featured_media":10985,"comment_status":"open","ping_status":"open","sticky":false,"template":"","format":"standard","meta":{"footnotes":""},"categories":[58],"tags":[],"class_list":["post-10984","post","type-post","status-publish","format-standard","has-post-thumbnail","hentry","category-politike-sq"],"yoast_head":"<!-- This site is optimized with the Yoast SEO plugin v25.3.1 - https:\/\/yoast.com\/wordpress\/plugins\/seo\/ -->\n<title>Kurti: Aleksand\u00ebr Vu\u00e7iqit protestat po ia organizon populli i Serbis\u00eb, jo un\u00eb -<\/title>\n<meta name=\"robots\" content=\"index, follow, max-snippet:-1, max-image-preview:large, max-video-preview:-1\" \/>\n<link rel=\"canonical\" href=\"https:\/\/veritasinfo.org\/?p=10984\" \/>\n<meta property=\"og:locale\" content=\"en_US\" \/>\n<meta property=\"og:type\" content=\"article\" \/>\n<meta property=\"og:title\" content=\"Kurti: Aleksand\u00ebr Vu\u00e7iqit protestat po ia organizon populli i Serbis\u00eb, jo un\u00eb -\" \/>\n<meta property=\"og:description\" content=\"Prishtin\u00eb, 07 shtator 2025 Kryeministri n\u00eb detyr\u00eb i Kosov\u00ebs, Albin Kurti, ka reaguar ndaj akuzave t\u00eb presidentit serb Aleksandar Vu\u00e7iq, i cili e ka faj\u00ebsuar\" \/>\n<meta property=\"og:url\" content=\"https:\/\/veritasinfo.org\/?p=10984\" \/>\n<meta property=\"article:published_time\" content=\"2025-09-07T11:34:02+00:00\" \/>\n<meta property=\"og:image\" content=\"https:\/\/veritasinfo.org\/wp-content\/uploads\/2025\/09\/vetvendosje.jpg\" \/>\n\t<meta property=\"og:image:width\" content=\"720\" \/>\n\t<meta property=\"og:image:height\" content=\"480\" \/>\n\t<meta property=\"og:image:type\" content=\"image\/jpeg\" \/>\n<meta name=\"author\" content=\"US1\" \/>\n<meta name=\"twitter:card\" content=\"summary_large_image\" \/>\n<meta name=\"twitter:label1\" content=\"Written by\" \/>\n\t<meta name=\"twitter:data1\" content=\"US1\" \/>\n\t<meta name=\"twitter:label2\" content=\"Est. reading time\" \/>\n\t<meta name=\"twitter:data2\" content=\"2 minutes\" \/>\n<script type=\"application\/ld+json\" class=\"yoast-schema-graph\">{\"@context\":\"https:\/\/schema.org\",\"@graph\":[{\"@type\":\"WebPage\",\"@id\":\"https:\/\/veritasinfo.org\/?p=10984\",\"url\":\"https:\/\/veritasinfo.org\/?p=10984\",\"name\":\"Kurti: Aleksand\u00ebr Vu\u00e7iqit protestat po ia organizon populli i Serbis\u00eb, jo un\u00eb -\",\"isPartOf\":{\"@id\":\"https:\/\/veritasinfo.org\/#website\"},\"primaryImageOfPage\":{\"@id\":\"https:\/\/veritasinfo.org\/?p=10984#primaryimage\"},\"image\":{\"@id\":\"https:\/\/veritasinfo.org\/?p=10984#primaryimage\"},\"thumbnailUrl\":\"https:\/\/veritasinfo.org\/wp-content\/uploads\/2025\/09\/vetvendosje.jpg\",\"datePublished\":\"2025-09-07T11:34:02+00:00\",\"author\":{\"@id\":\"https:\/\/veritasinfo.org\/#\/schema\/person\/c2b8be262ea994d0995addca692c5e98\"},\"breadcrumb\":{\"@id\":\"https:\/\/veritasinfo.org\/?p=10984#breadcrumb\"},\"inLanguage\":\"en-US\",\"potentialAction\":[{\"@type\":\"ReadAction\",\"target\":[\"https:\/\/veritasinfo.org\/?p=10984\"]}]},{\"@type\":\"ImageObject\",\"inLanguage\":\"en-US\",\"@id\":\"https:\/\/veritasinfo.org\/?p=10984#primaryimage\",\"url\":\"https:\/\/veritasinfo.org\/wp-content\/uploads\/2025\/09\/vetvendosje.jpg\",\"contentUrl\":\"https:\/\/veritasinfo.org\/wp-content\/uploads\/2025\/09\/vetvendosje.jpg\",\"width\":720,\"height\":480},{\"@type\":\"BreadcrumbList\",\"@id\":\"https:\/\/veritasinfo.org\/?p=10984#breadcrumb\",\"itemListElement\":[{\"@type\":\"ListItem\",\"position\":1,\"name\":\"Home\",\"item\":\"https:\/\/veritasinfo.org\/\"},{\"@type\":\"ListItem\",\"position\":2,\"name\":\"Kurti: Aleksand\u00ebr Vu\u00e7iqit protestat po ia organizon populli i Serbis\u00eb, jo un\u00eb\"}]},{\"@type\":\"WebSite\",\"@id\":\"https:\/\/veritasinfo.org\/#website\",\"url\":\"https:\/\/veritasinfo.org\/\",\"name\":\"\",\"description\":\"\",\"potentialAction\":[{\"@type\":\"SearchAction\",\"target\":{\"@type\":\"EntryPoint\",\"urlTemplate\":\"https:\/\/veritasinfo.org\/?s={search_term_string}\"},\"query-input\":{\"@type\":\"PropertyValueSpecification\",\"valueRequired\":true,\"valueName\":\"search_term_string\"}}],\"inLanguage\":\"en-US\"},{\"@type\":\"Person\",\"@id\":\"https:\/\/veritasinfo.org\/#\/schema\/person\/c2b8be262ea994d0995addca692c5e98\",\"name\":\"US1\",\"image\":{\"@type\":\"ImageObject\",\"inLanguage\":\"en-US\",\"@id\":\"https:\/\/veritasinfo.org\/#\/schema\/person\/image\/\",\"url\":\"https:\/\/secure.gravatar.com\/avatar\/4e96a59bd256abf9956eb9963ac891a47461ffb364d47b0e9aab113328fdb75b?s=96&d=mm&r=g\",\"contentUrl\":\"https:\/\/secure.gravatar.com\/avatar\/4e96a59bd256abf9956eb9963ac891a47461ffb364d47b0e9aab113328fdb75b?s=96&d=mm&r=g\",\"caption\":\"US1\"},\"url\":\"https:\/\/veritasinfo.org\/?author=2\"}]}<\/script>\n<!-- \/ Yoast SEO plugin. -->","yoast_head_json":{"title":"Kurti: Aleksand\u00ebr Vu\u00e7iqit protestat po ia organizon populli i Serbis\u00eb, jo un\u00eb -","robots":{"index":"index","follow":"follow","max-snippet":"max-snippet:-1","max-image-preview":"max-image-preview:large","max-video-preview":"max-video-preview:-1"},"canonical":"https:\/\/veritasinfo.org\/?p=10984","og_locale":"en_US","og_type":"article","og_title":"Kurti: Aleksand\u00ebr Vu\u00e7iqit protestat po ia organizon populli i Serbis\u00eb, jo un\u00eb -","og_description":"Prishtin\u00eb, 07 shtator 2025 Kryeministri n\u00eb detyr\u00eb i Kosov\u00ebs, Albin Kurti, ka reaguar ndaj akuzave t\u00eb presidentit serb Aleksandar Vu\u00e7iq, i cili e ka faj\u00ebsuar","og_url":"https:\/\/veritasinfo.org\/?p=10984","article_published_time":"2025-09-07T11:34:02+00:00","og_image":[{"width":720,"height":480,"url":"https:\/\/veritasinfo.org\/wp-content\/uploads\/2025\/09\/vetvendosje.jpg","type":"image\/jpeg"}],"author":"US1","twitter_card":"summary_large_image","twitter_misc":{"Written by":"US1","Est. reading time":"2 minutes"},"schema":{"@context":"https:\/\/schema.org","@graph":[{"@type":"WebPage","@id":"https:\/\/veritasinfo.org\/?p=10984","url":"https:\/\/veritasinfo.org\/?p=10984","name":"Kurti: Aleksand\u00ebr Vu\u00e7iqit protestat po ia organizon populli i Serbis\u00eb, jo un\u00eb -","isPartOf":{"@id":"https:\/\/veritasinfo.org\/#website"},"primaryImageOfPage":{"@id":"https:\/\/veritasinfo.org\/?p=10984#primaryimage"},"image":{"@id":"https:\/\/veritasinfo.org\/?p=10984#primaryimage"},"thumbnailUrl":"https:\/\/veritasinfo.org\/wp-content\/uploads\/2025\/09\/vetvendosje.jpg","datePublished":"2025-09-07T11:34:02+00:00","author":{"@id":"https:\/\/veritasinfo.org\/#\/schema\/person\/c2b8be262ea994d0995addca692c5e98"},"breadcrumb":{"@id":"https:\/\/veritasinfo.org\/?p=10984#breadcrumb"},"inLanguage":"en-US","potentialAction":[{"@type":"ReadAction","target":["https:\/\/veritasinfo.org\/?p=10984"]}]},{"@type":"ImageObject","inLanguage":"en-US","@id":"https:\/\/veritasinfo.org\/?p=10984#primaryimage","url":"https:\/\/veritasinfo.org\/wp-content\/uploads\/2025\/09\/vetvendosje.jpg","contentUrl":"https:\/\/veritasinfo.org\/wp-content\/uploads\/2025\/09\/vetvendosje.jpg","width":720,"height":480},{"@type":"BreadcrumbList","@id":"https:\/\/veritasinfo.org\/?p=10984#breadcrumb","itemListElement":[{"@type":"ListItem","position":1,"name":"Home","item":"https:\/\/veritasinfo.org\/"},{"@type":"ListItem","position":2,"name":"Kurti: Aleksand\u00ebr Vu\u00e7iqit protestat po ia organizon populli i Serbis\u00eb, jo un\u00eb"}]},{"@type":"WebSite","@id":"https:\/\/veritasinfo.org\/#website","url":"https:\/\/veritasinfo.org\/","name":"","description":"","potentialAction":[{"@type":"SearchAction","target":{"@type":"EntryPoint","urlTemplate":"https:\/\/veritasinfo.org\/?s={search_term_string}"},"query-input":{"@type":"PropertyValueSpecification","valueRequired":true,"valueName":"search_term_string"}}],"inLanguage":"en-US"},{"@type":"Person","@id":"https:\/\/veritasinfo.org\/#\/schema\/person\/c2b8be262ea994d0995addca692c5e98","name":"US1","image":{"@type":"ImageObject","inLanguage":"en-US","@id":"https:\/\/veritasinfo.org\/#\/schema\/person\/image\/","url":"https:\/\/secure.gravatar.com\/avatar\/4e96a59bd256abf9956eb9963ac891a47461ffb364d47b0e9aab113328fdb75b?s=96&d=mm&r=g","contentUrl":"https:\/\/secure.gravatar.com\/avatar\/4e96a59bd256abf9956eb9963ac891a47461ffb364d47b0e9aab113328fdb75b?s=96&d=mm&r=g","caption":"US1"},"url":"https:\/\/veritasinfo.org\/?author=2"}]}},"featured_image_urls":{"full":["https:\/\/veritasinfo.org\/wp-content\/uploads\/2025\/09\/vetvendosje.jpg",720,480,false],"thumbnail":["https:\/\/veritasinfo.org\/wp-content\/uploads\/2025\/09\/vetvendosje-150x150.jpg",150,150,true],"medium":["https:\/\/veritasinfo.org\/wp-content\/uploads\/2025\/09\/vetvendosje-300x200.jpg",300,200,true],"medium_large":["https:\/\/veritasinfo.org\/wp-content\/uploads\/2025\/09\/vetvendosje.jpg",640,427,false],"large":["https:\/\/veritasinfo.org\/wp-content\/uploads\/2025\/09\/vetvendosje.jpg",640,427,false],"1536x1536":["https:\/\/veritasinfo.org\/wp-content\/uploads\/2025\/09\/vetvendosje.jpg",720,480,false],"2048x2048":["https:\/\/veritasinfo.org\/wp-content\/uploads\/2025\/09\/vetvendosje.jpg",720,480,false],"kreeti-slider-full":["https:\/\/veritasinfo.org\/wp-content\/uploads\/2025\/09\/vetvendosje.jpg",720,480,false],"kreeti-featured":["https:\/\/veritasinfo.org\/wp-content\/uploads\/2025\/09\/vetvendosje.jpg",720,480,false],"kreeti-medium":["https:\/\/veritasinfo.org\/wp-content\/uploads\/2025\/09\/vetvendosje.jpg",720,480,false],"kreeti-medium-square":["https:\/\/veritasinfo.org\/wp-content\/uploads\/2025\/09\/vetvendosje.jpg",350,233,false]},"author_info":{"info":["US1"]},"category_info":"<a href=\"https:\/\/veritasinfo.org\/?cat=58\" rel=\"category\">Politik\u00eb<\/a>","tag_info":"Politik\u00eb","comment_count":"0","_links":{"self":[{"href":"https:\/\/veritasinfo.org\/index.php?rest_route=\/wp\/v2\/posts\/10984","targetHints":{"allow":["GET"]}}],"collection":[{"href":"https:\/\/veritasinfo.org\/index.php?rest_route=\/wp\/v2\/posts"}],"about":[{"href":"https:\/\/veritasinfo.org\/index.php?rest_route=\/wp\/v2\/types\/post"}],"author":[{"embeddable":true,"href":"https:\/\/veritasinfo.org\/index.php?rest_route=\/wp\/v2\/users\/2"}],"replies":[{"embeddable":true,"href":"https:\/\/veritasinfo.org\/index.php?rest_route=%2Fwp%2Fv2%2Fcomments&post=10984"}],"version-history":[{"count":1,"href":"https:\/\/veritasinfo.org\/index.php?rest_route=\/wp\/v2\/posts\/10984\/revisions"}],"predecessor-version":[{"id":10986,"href":"https:\/\/veritasinfo.org\/index.php?rest_route=\/wp\/v2\/posts\/10984\/revisions\/10986"}],"wp:featuredmedia":[{"embeddable":true,"href":"https:\/\/veritasinfo.org\/index.php?rest_route=\/wp\/v2\/media\/10985"}],"wp:attachment":[{"href":"https:\/\/veritasinfo.org\/index.php?rest_route=%2Fwp%2Fv2%2Fmedia&parent=10984"}],"wp:term":[{"taxonomy":"category","embeddable":true,"href":"https:\/\/veritasinfo.org\/index.php?rest_route=%2Fwp%2Fv2%2Fcategories&post=10984"},{"taxonomy":"post_tag","embeddable":true,"href":"https:\/\/veritasinfo.org\/index.php?rest_route=%2Fwp%2Fv2%2Ftags&post=10984"}],"curies":[{"name":"wp","href":"https:\/\/api.w.org\/{rel}","templated":true}]}}