{"id":10973,"date":"2025-09-07T12:41:15","date_gmt":"2025-09-07T10:41:15","guid":{"rendered":"https:\/\/veritasinfo.org\/?p=10973"},"modified":"2025-09-07T12:41:15","modified_gmt":"2025-09-07T10:41:15","slug":"osmani-kushtetuta-e-kacanikut-themeli-mbi-te-cilin-u-ngrit-republika-e-kosoves","status":"publish","type":"post","link":"https:\/\/veritasinfo.org\/?p=10973","title":{"rendered":"Osmani: Kushtetuta e Ka\u00e7anikut, themeli mbi t\u00eb cilin u ngrit Republika e Kosov\u00ebs"},"content":{"rendered":"<p><strong>Prishtin\u00eb, 07 shtator 2025<\/strong><\/p>\n<p>Presidentja e Kosov\u00ebs, Vjosa Osmani, n\u00eb 35-vjetorin e Kushtetut\u00ebs s\u00eb Ka\u00e7anikut ka th\u00ebn\u00eb se ajo ishte shk\u00ebndija q\u00eb mbajti gjall\u00eb shpres\u00ebn dhe q\u00ebndres\u00ebn.<\/p>\n<p>Sipas saj, kjo Kushtetut\u00eb ishte themeli mbi t\u00eb cilin u ngrit Republika e Kosov\u00ebs.<\/p>\n<p>\u201cM\u00eb 7 shtator 1990, delegat\u00ebt e Kuvendit t\u00eb Kosov\u00ebs i dhan\u00eb jet\u00eb Kushtetut\u00ebs s\u00eb Ka\u00e7anikut, aktit m\u00eb t\u00eb lart\u00eb t\u00eb guximit politik dhe besimit n\u00eb lirin\u00eb dhe pavar\u00ebsin\u00eb ton\u00eb. Kjo Kushtetut\u00eb ishte shk\u00ebndija q\u00eb mbajti gjall\u00eb shpres\u00ebn dhe q\u00ebndres\u00ebn, si dhe themeli mbi t\u00eb cilin u ngrit Republika e Kosov\u00ebs\u201d, ka th\u00ebn\u00eb ajo.<\/p>\n<p>Sipas saj, ky akt sublim ishte m\u00eb shum\u00eb se nj\u00eb dokument juridik.\u201cIshte betim q\u00eb Kosova do t\u00eb jet\u00eb e lir\u00eb dhe e pavarur n\u00eb mesin e kombeve t\u00eb tjera t\u00eb lira. Sot, p\u00ebrulemi me nderim para atyre q\u00eb guxuan at\u00ebher\u00eb kur duhej t\u00eb rrezikonin gjith\u00e7ka dhe me krenari vazhdojm\u00eb rrug\u00ebn q\u00eb ata trasuan\u201d, ka th\u00ebn\u00eb ajo, thuhet n\u00eb nj\u00eb komunikat\u00eb p\u00ebr media.<\/p>\n","protected":false},"excerpt":{"rendered":"<p>Prishtin\u00eb, 07 shtator 2025 Presidentja e Kosov\u00ebs, Vjosa Osmani, n\u00eb 35-vjetorin e Kushtetut\u00ebs s\u00eb Ka\u00e7anikut ka th\u00ebn\u00eb se ajo ishte shk\u00ebndija q\u00eb mbajti gjall\u00eb shpres\u00ebn<\/p>\n","protected":false},"author":2,"featured_media":10974,"comment_status":"open","ping_status":"open","sticky":false,"template":"","format":"standard","meta":{"footnotes":""},"categories":[58],"tags":[],"class_list":["post-10973","post","type-post","status-publish","format-standard","has-post-thumbnail","hentry","category-politike-sq"],"yoast_head":"<!-- This site is optimized with the Yoast SEO plugin v25.3.1 - https:\/\/yoast.com\/wordpress\/plugins\/seo\/ -->\n<title>Osmani: Kushtetuta e Ka\u00e7anikut, themeli mbi t\u00eb cilin u ngrit Republika e Kosov\u00ebs -<\/title>\n<meta name=\"robots\" content=\"index, follow, max-snippet:-1, max-image-preview:large, max-video-preview:-1\" \/>\n<link rel=\"canonical\" href=\"https:\/\/veritasinfo.org\/?p=10973\" \/>\n<meta property=\"og:locale\" content=\"en_US\" \/>\n<meta property=\"og:type\" content=\"article\" \/>\n<meta property=\"og:title\" content=\"Osmani: Kushtetuta e Ka\u00e7anikut, themeli mbi t\u00eb cilin u ngrit Republika e Kosov\u00ebs -\" \/>\n<meta property=\"og:description\" content=\"Prishtin\u00eb, 07 shtator 2025 Presidentja e Kosov\u00ebs, Vjosa Osmani, n\u00eb 35-vjetorin e Kushtetut\u00ebs s\u00eb Ka\u00e7anikut ka th\u00ebn\u00eb se ajo ishte shk\u00ebndija q\u00eb mbajti gjall\u00eb shpres\u00ebn\" \/>\n<meta property=\"og:url\" content=\"https:\/\/veritasinfo.org\/?p=10973\" \/>\n<meta property=\"article:published_time\" content=\"2025-09-07T10:41:15+00:00\" \/>\n<meta property=\"og:image\" content=\"https:\/\/veritasinfo.org\/wp-content\/uploads\/2025\/09\/osmani-1.jpg\" \/>\n\t<meta property=\"og:image:width\" content=\"1360\" \/>\n\t<meta property=\"og:image:height\" content=\"870\" \/>\n\t<meta property=\"og:image:type\" content=\"image\/jpeg\" \/>\n<meta name=\"author\" content=\"US1\" \/>\n<meta name=\"twitter:card\" content=\"summary_large_image\" \/>\n<meta name=\"twitter:label1\" content=\"Written by\" \/>\n\t<meta name=\"twitter:data1\" content=\"US1\" \/>\n\t<meta name=\"twitter:label2\" content=\"Est. reading time\" \/>\n\t<meta name=\"twitter:data2\" content=\"1 minute\" \/>\n<script type=\"application\/ld+json\" class=\"yoast-schema-graph\">{\"@context\":\"https:\/\/schema.org\",\"@graph\":[{\"@type\":\"WebPage\",\"@id\":\"https:\/\/veritasinfo.org\/?p=10973\",\"url\":\"https:\/\/veritasinfo.org\/?p=10973\",\"name\":\"Osmani: Kushtetuta e Ka\u00e7anikut, themeli mbi t\u00eb cilin u ngrit Republika e Kosov\u00ebs -\",\"isPartOf\":{\"@id\":\"https:\/\/veritasinfo.org\/#website\"},\"primaryImageOfPage\":{\"@id\":\"https:\/\/veritasinfo.org\/?p=10973#primaryimage\"},\"image\":{\"@id\":\"https:\/\/veritasinfo.org\/?p=10973#primaryimage\"},\"thumbnailUrl\":\"https:\/\/veritasinfo.org\/wp-content\/uploads\/2025\/09\/osmani-1.jpg\",\"datePublished\":\"2025-09-07T10:41:15+00:00\",\"author\":{\"@id\":\"https:\/\/veritasinfo.org\/#\/schema\/person\/c2b8be262ea994d0995addca692c5e98\"},\"breadcrumb\":{\"@id\":\"https:\/\/veritasinfo.org\/?p=10973#breadcrumb\"},\"inLanguage\":\"en-US\",\"potentialAction\":[{\"@type\":\"ReadAction\",\"target\":[\"https:\/\/veritasinfo.org\/?p=10973\"]}]},{\"@type\":\"ImageObject\",\"inLanguage\":\"en-US\",\"@id\":\"https:\/\/veritasinfo.org\/?p=10973#primaryimage\",\"url\":\"https:\/\/veritasinfo.org\/wp-content\/uploads\/2025\/09\/osmani-1.jpg\",\"contentUrl\":\"https:\/\/veritasinfo.org\/wp-content\/uploads\/2025\/09\/osmani-1.jpg\",\"width\":1360,\"height\":870},{\"@type\":\"BreadcrumbList\",\"@id\":\"https:\/\/veritasinfo.org\/?p=10973#breadcrumb\",\"itemListElement\":[{\"@type\":\"ListItem\",\"position\":1,\"name\":\"Home\",\"item\":\"https:\/\/veritasinfo.org\/\"},{\"@type\":\"ListItem\",\"position\":2,\"name\":\"Osmani: Kushtetuta e Ka\u00e7anikut, themeli mbi t\u00eb cilin u ngrit Republika e Kosov\u00ebs\"}]},{\"@type\":\"WebSite\",\"@id\":\"https:\/\/veritasinfo.org\/#website\",\"url\":\"https:\/\/veritasinfo.org\/\",\"name\":\"\",\"description\":\"\",\"potentialAction\":[{\"@type\":\"SearchAction\",\"target\":{\"@type\":\"EntryPoint\",\"urlTemplate\":\"https:\/\/veritasinfo.org\/?s={search_term_string}\"},\"query-input\":{\"@type\":\"PropertyValueSpecification\",\"valueRequired\":true,\"valueName\":\"search_term_string\"}}],\"inLanguage\":\"en-US\"},{\"@type\":\"Person\",\"@id\":\"https:\/\/veritasinfo.org\/#\/schema\/person\/c2b8be262ea994d0995addca692c5e98\",\"name\":\"US1\",\"image\":{\"@type\":\"ImageObject\",\"inLanguage\":\"en-US\",\"@id\":\"https:\/\/veritasinfo.org\/#\/schema\/person\/image\/\",\"url\":\"https:\/\/secure.gravatar.com\/avatar\/4e96a59bd256abf9956eb9963ac891a47461ffb364d47b0e9aab113328fdb75b?s=96&d=mm&r=g\",\"contentUrl\":\"https:\/\/secure.gravatar.com\/avatar\/4e96a59bd256abf9956eb9963ac891a47461ffb364d47b0e9aab113328fdb75b?s=96&d=mm&r=g\",\"caption\":\"US1\"},\"url\":\"https:\/\/veritasinfo.org\/?author=2\"}]}<\/script>\n<!-- \/ Yoast SEO plugin. -->","yoast_head_json":{"title":"Osmani: Kushtetuta e Ka\u00e7anikut, themeli mbi t\u00eb cilin u ngrit Republika e Kosov\u00ebs -","robots":{"index":"index","follow":"follow","max-snippet":"max-snippet:-1","max-image-preview":"max-image-preview:large","max-video-preview":"max-video-preview:-1"},"canonical":"https:\/\/veritasinfo.org\/?p=10973","og_locale":"en_US","og_type":"article","og_title":"Osmani: Kushtetuta e Ka\u00e7anikut, themeli mbi t\u00eb cilin u ngrit Republika e Kosov\u00ebs -","og_description":"Prishtin\u00eb, 07 shtator 2025 Presidentja e Kosov\u00ebs, Vjosa Osmani, n\u00eb 35-vjetorin e Kushtetut\u00ebs s\u00eb Ka\u00e7anikut ka th\u00ebn\u00eb se ajo ishte shk\u00ebndija q\u00eb mbajti gjall\u00eb shpres\u00ebn","og_url":"https:\/\/veritasinfo.org\/?p=10973","article_published_time":"2025-09-07T10:41:15+00:00","og_image":[{"width":1360,"height":870,"url":"https:\/\/veritasinfo.org\/wp-content\/uploads\/2025\/09\/osmani-1.jpg","type":"image\/jpeg"}],"author":"US1","twitter_card":"summary_large_image","twitter_misc":{"Written by":"US1","Est. reading time":"1 minute"},"schema":{"@context":"https:\/\/schema.org","@graph":[{"@type":"WebPage","@id":"https:\/\/veritasinfo.org\/?p=10973","url":"https:\/\/veritasinfo.org\/?p=10973","name":"Osmani: Kushtetuta e Ka\u00e7anikut, themeli mbi t\u00eb cilin u ngrit Republika e Kosov\u00ebs -","isPartOf":{"@id":"https:\/\/veritasinfo.org\/#website"},"primaryImageOfPage":{"@id":"https:\/\/veritasinfo.org\/?p=10973#primaryimage"},"image":{"@id":"https:\/\/veritasinfo.org\/?p=10973#primaryimage"},"thumbnailUrl":"https:\/\/veritasinfo.org\/wp-content\/uploads\/2025\/09\/osmani-1.jpg","datePublished":"2025-09-07T10:41:15+00:00","author":{"@id":"https:\/\/veritasinfo.org\/#\/schema\/person\/c2b8be262ea994d0995addca692c5e98"},"breadcrumb":{"@id":"https:\/\/veritasinfo.org\/?p=10973#breadcrumb"},"inLanguage":"en-US","potentialAction":[{"@type":"ReadAction","target":["https:\/\/veritasinfo.org\/?p=10973"]}]},{"@type":"ImageObject","inLanguage":"en-US","@id":"https:\/\/veritasinfo.org\/?p=10973#primaryimage","url":"https:\/\/veritasinfo.org\/wp-content\/uploads\/2025\/09\/osmani-1.jpg","contentUrl":"https:\/\/veritasinfo.org\/wp-content\/uploads\/2025\/09\/osmani-1.jpg","width":1360,"height":870},{"@type":"BreadcrumbList","@id":"https:\/\/veritasinfo.org\/?p=10973#breadcrumb","itemListElement":[{"@type":"ListItem","position":1,"name":"Home","item":"https:\/\/veritasinfo.org\/"},{"@type":"ListItem","position":2,"name":"Osmani: Kushtetuta e Ka\u00e7anikut, themeli mbi t\u00eb cilin u ngrit Republika e Kosov\u00ebs"}]},{"@type":"WebSite","@id":"https:\/\/veritasinfo.org\/#website","url":"https:\/\/veritasinfo.org\/","name":"","description":"","potentialAction":[{"@type":"SearchAction","target":{"@type":"EntryPoint","urlTemplate":"https:\/\/veritasinfo.org\/?s={search_term_string}"},"query-input":{"@type":"PropertyValueSpecification","valueRequired":true,"valueName":"search_term_string"}}],"inLanguage":"en-US"},{"@type":"Person","@id":"https:\/\/veritasinfo.org\/#\/schema\/person\/c2b8be262ea994d0995addca692c5e98","name":"US1","image":{"@type":"ImageObject","inLanguage":"en-US","@id":"https:\/\/veritasinfo.org\/#\/schema\/person\/image\/","url":"https:\/\/secure.gravatar.com\/avatar\/4e96a59bd256abf9956eb9963ac891a47461ffb364d47b0e9aab113328fdb75b?s=96&d=mm&r=g","contentUrl":"https:\/\/secure.gravatar.com\/avatar\/4e96a59bd256abf9956eb9963ac891a47461ffb364d47b0e9aab113328fdb75b?s=96&d=mm&r=g","caption":"US1"},"url":"https:\/\/veritasinfo.org\/?author=2"}]}},"featured_image_urls":{"full":["https:\/\/veritasinfo.org\/wp-content\/uploads\/2025\/09\/osmani-1.jpg",1360,870,false],"thumbnail":["https:\/\/veritasinfo.org\/wp-content\/uploads\/2025\/09\/osmani-1-150x150.jpg",150,150,true],"medium":["https:\/\/veritasinfo.org\/wp-content\/uploads\/2025\/09\/osmani-1-300x192.jpg",300,192,true],"medium_large":["https:\/\/veritasinfo.org\/wp-content\/uploads\/2025\/09\/osmani-1-768x491.jpg",640,409,true],"large":["https:\/\/veritasinfo.org\/wp-content\/uploads\/2025\/09\/osmani-1-1024x655.jpg",640,409,true],"1536x1536":["https:\/\/veritasinfo.org\/wp-content\/uploads\/2025\/09\/osmani-1.jpg",1360,870,false],"2048x2048":["https:\/\/veritasinfo.org\/wp-content\/uploads\/2025\/09\/osmani-1.jpg",1360,870,false],"kreeti-slider-full":["https:\/\/veritasinfo.org\/wp-content\/uploads\/2025\/09\/osmani-1.jpg",1126,720,false],"kreeti-featured":["https:\/\/veritasinfo.org\/wp-content\/uploads\/2025\/09\/osmani-1.jpg",1024,655,false],"kreeti-medium":["https:\/\/veritasinfo.org\/wp-content\/uploads\/2025\/09\/osmani-1.jpg",720,461,false],"kreeti-medium-square":["https:\/\/veritasinfo.org\/wp-content\/uploads\/2025\/09\/osmani-1.jpg",350,224,false]},"author_info":{"info":["US1"]},"category_info":"<a href=\"https:\/\/veritasinfo.org\/?cat=58\" rel=\"category\">Politik\u00eb<\/a>","tag_info":"Politik\u00eb","comment_count":"0","_links":{"self":[{"href":"https:\/\/veritasinfo.org\/index.php?rest_route=\/wp\/v2\/posts\/10973","targetHints":{"allow":["GET"]}}],"collection":[{"href":"https:\/\/veritasinfo.org\/index.php?rest_route=\/wp\/v2\/posts"}],"about":[{"href":"https:\/\/veritasinfo.org\/index.php?rest_route=\/wp\/v2\/types\/post"}],"author":[{"embeddable":true,"href":"https:\/\/veritasinfo.org\/index.php?rest_route=\/wp\/v2\/users\/2"}],"replies":[{"embeddable":true,"href":"https:\/\/veritasinfo.org\/index.php?rest_route=%2Fwp%2Fv2%2Fcomments&post=10973"}],"version-history":[{"count":1,"href":"https:\/\/veritasinfo.org\/index.php?rest_route=\/wp\/v2\/posts\/10973\/revisions"}],"predecessor-version":[{"id":10975,"href":"https:\/\/veritasinfo.org\/index.php?rest_route=\/wp\/v2\/posts\/10973\/revisions\/10975"}],"wp:featuredmedia":[{"embeddable":true,"href":"https:\/\/veritasinfo.org\/index.php?rest_route=\/wp\/v2\/media\/10974"}],"wp:attachment":[{"href":"https:\/\/veritasinfo.org\/index.php?rest_route=%2Fwp%2Fv2%2Fmedia&parent=10973"}],"wp:term":[{"taxonomy":"category","embeddable":true,"href":"https:\/\/veritasinfo.org\/index.php?rest_route=%2Fwp%2Fv2%2Fcategories&post=10973"},{"taxonomy":"post_tag","embeddable":true,"href":"https:\/\/veritasinfo.org\/index.php?rest_route=%2Fwp%2Fv2%2Ftags&post=10973"}],"curies":[{"name":"wp","href":"https:\/\/api.w.org\/{rel}","templated":true}]}}