{"id":10968,"date":"2025-09-07T10:43:32","date_gmt":"2025-09-07T08:43:32","guid":{"rendered":"https:\/\/veritasinfo.org\/?p=10968"},"modified":"2025-09-07T10:43:32","modified_gmt":"2025-09-07T08:43:32","slug":"svecla-cdo-force-per-te-na-sulmuar-deshton-perballe-guximit-te-policise-se-kosoves","status":"publish","type":"post","link":"https:\/\/veritasinfo.org\/?p=10968","title":{"rendered":"Sve\u00e7la: \u00c7do forc\u00eb p\u00ebr t\u00eb na sulmuar d\u00ebshton p\u00ebrball\u00eb guximit t\u00eb Policis\u00eb s\u00eb Kosov\u00ebs"},"content":{"rendered":"<p>Prishtin\u00eb, 07 shtator 2025<\/p>\n<p>Ministri n\u00eb detyr\u00eb i Pun\u00ebve t\u00eb Brendshme, Xhelal Sve\u00e7la, \u00ebsht\u00eb shprehur mir\u00ebnjoh\u00ebs e fal\u00ebnderues p\u00ebr Policin\u00eb e Kosov\u00ebs, n\u00eb 26-vjetorin e themelimit t\u00eb saj, sot m\u00eb 06.09.2025.<\/p>\n<p>Ai u shpreh se 26 vite m\u00eb par\u00eb, pas p\u00ebrpjekjeve t\u00eb pareshtura t\u00eb popullit t\u00eb Kosov\u00ebs p\u00ebr liri dhe \u00e7lirim, uniforma e Policis\u00eb s\u00eb Kosov\u00ebs u kthye n\u00eb besim dhe shpres\u00eb p\u00ebr qytetar\u00ebt.<\/p>\n<p>Ai p\u00ebrkujtoi 24 polic\u00ebt e r\u00ebn\u00eb n\u00eb detyr\u00eb, p\u00ebr t\u00eb cil\u00ebt tha se jan\u00eb d\u00ebshmia m\u00eb e qart\u00eb e sh\u00ebrbimit me nder p\u00ebr qytetar\u00ebt dhe Republik\u00ebn.<\/p>\n<p>\u201cBesimi nga qytetar\u00ebt p\u00ebr k\u00ebto vite \u00ebsht\u00eb trofeu m\u00eb i madh e m\u00eb i vlefsh\u00ebm q\u00eb duhet ruajtur\u201d-u shpreh Sve\u00e7la.<\/p>\n<p>Ministri fal\u00ebnderoi publikisht t\u00eb gjith\u00eb pjes\u00ebtar\u00ebt e Policis\u00eb s\u00eb Kosov\u00ebs, t\u00eb cil\u00ebt gjenden n\u00eb mbrojtje t\u00eb kufijve dhe territorit t\u00eb vendit.<\/p>\n<p>\u201c\u00c7do forc\u00eb e \u00e7do synim p\u00ebr t\u00eb na sulmuar e dob\u00ebsuar, d\u00ebshton p\u00ebrball\u00eb guximit e p\u00ebrkushtimit t\u00eb tyre\u201d- p\u00ebrfundoi Sve\u00e7la.<\/p>\n","protected":false},"excerpt":{"rendered":"<p>Prishtin\u00eb, 07 shtator 2025 Ministri n\u00eb detyr\u00eb i Pun\u00ebve t\u00eb Brendshme, Xhelal Sve\u00e7la, \u00ebsht\u00eb shprehur mir\u00ebnjoh\u00ebs e fal\u00ebnderues p\u00ebr Policin\u00eb e Kosov\u00ebs, n\u00eb 26-vjetorin e<\/p>\n","protected":false},"author":1,"featured_media":10969,"comment_status":"open","ping_status":"open","sticky":false,"template":"","format":"standard","meta":{"footnotes":""},"categories":[60],"tags":[],"class_list":["post-10968","post","type-post","status-publish","format-standard","has-post-thumbnail","hentry","category-shoqerore-sq"],"yoast_head":"<!-- This site is optimized with the Yoast SEO plugin v25.3.1 - https:\/\/yoast.com\/wordpress\/plugins\/seo\/ -->\n<title>Sve\u00e7la: \u00c7do forc\u00eb p\u00ebr t\u00eb na sulmuar d\u00ebshton p\u00ebrball\u00eb guximit t\u00eb Policis\u00eb s\u00eb Kosov\u00ebs -<\/title>\n<meta name=\"robots\" content=\"index, follow, max-snippet:-1, max-image-preview:large, max-video-preview:-1\" \/>\n<link rel=\"canonical\" href=\"https:\/\/veritasinfo.org\/?p=10968\" \/>\n<meta property=\"og:locale\" content=\"en_US\" \/>\n<meta property=\"og:type\" content=\"article\" \/>\n<meta property=\"og:title\" content=\"Sve\u00e7la: \u00c7do forc\u00eb p\u00ebr t\u00eb na sulmuar d\u00ebshton p\u00ebrball\u00eb guximit t\u00eb Policis\u00eb s\u00eb Kosov\u00ebs -\" \/>\n<meta property=\"og:description\" content=\"Prishtin\u00eb, 07 shtator 2025 Ministri n\u00eb detyr\u00eb i Pun\u00ebve t\u00eb Brendshme, Xhelal Sve\u00e7la, \u00ebsht\u00eb shprehur mir\u00ebnjoh\u00ebs e fal\u00ebnderues p\u00ebr Policin\u00eb e Kosov\u00ebs, n\u00eb 26-vjetorin e\" \/>\n<meta property=\"og:url\" content=\"https:\/\/veritasinfo.org\/?p=10968\" \/>\n<meta property=\"article:published_time\" content=\"2025-09-07T08:43:32+00:00\" \/>\n<meta property=\"og:image\" content=\"https:\/\/veritasinfo.org\/wp-content\/uploads\/2025\/09\/482076825_1147280534074888_3453409427610457028_n.jpg\" \/>\n\t<meta property=\"og:image:width\" content=\"1316\" \/>\n\t<meta property=\"og:image:height\" content=\"1315\" \/>\n\t<meta property=\"og:image:type\" content=\"image\/jpeg\" \/>\n<meta name=\"author\" content=\"admin\" \/>\n<meta name=\"twitter:card\" content=\"summary_large_image\" \/>\n<meta name=\"twitter:label1\" content=\"Written by\" \/>\n\t<meta name=\"twitter:data1\" content=\"admin\" \/>\n\t<meta name=\"twitter:label2\" content=\"Est. reading time\" \/>\n\t<meta name=\"twitter:data2\" content=\"1 minute\" \/>\n<script type=\"application\/ld+json\" class=\"yoast-schema-graph\">{\"@context\":\"https:\/\/schema.org\",\"@graph\":[{\"@type\":\"WebPage\",\"@id\":\"https:\/\/veritasinfo.org\/?p=10968\",\"url\":\"https:\/\/veritasinfo.org\/?p=10968\",\"name\":\"Sve\u00e7la: \u00c7do forc\u00eb p\u00ebr t\u00eb na sulmuar d\u00ebshton p\u00ebrball\u00eb guximit t\u00eb Policis\u00eb s\u00eb Kosov\u00ebs -\",\"isPartOf\":{\"@id\":\"https:\/\/veritasinfo.org\/#website\"},\"primaryImageOfPage\":{\"@id\":\"https:\/\/veritasinfo.org\/?p=10968#primaryimage\"},\"image\":{\"@id\":\"https:\/\/veritasinfo.org\/?p=10968#primaryimage\"},\"thumbnailUrl\":\"https:\/\/veritasinfo.org\/wp-content\/uploads\/2025\/09\/482076825_1147280534074888_3453409427610457028_n.jpg\",\"datePublished\":\"2025-09-07T08:43:32+00:00\",\"author\":{\"@id\":\"https:\/\/veritasinfo.org\/#\/schema\/person\/7701f8c088bece422266b100a712374f\"},\"breadcrumb\":{\"@id\":\"https:\/\/veritasinfo.org\/?p=10968#breadcrumb\"},\"inLanguage\":\"en-US\",\"potentialAction\":[{\"@type\":\"ReadAction\",\"target\":[\"https:\/\/veritasinfo.org\/?p=10968\"]}]},{\"@type\":\"ImageObject\",\"inLanguage\":\"en-US\",\"@id\":\"https:\/\/veritasinfo.org\/?p=10968#primaryimage\",\"url\":\"https:\/\/veritasinfo.org\/wp-content\/uploads\/2025\/09\/482076825_1147280534074888_3453409427610457028_n.jpg\",\"contentUrl\":\"https:\/\/veritasinfo.org\/wp-content\/uploads\/2025\/09\/482076825_1147280534074888_3453409427610457028_n.jpg\",\"width\":1316,\"height\":1315},{\"@type\":\"BreadcrumbList\",\"@id\":\"https:\/\/veritasinfo.org\/?p=10968#breadcrumb\",\"itemListElement\":[{\"@type\":\"ListItem\",\"position\":1,\"name\":\"Home\",\"item\":\"https:\/\/veritasinfo.org\/\"},{\"@type\":\"ListItem\",\"position\":2,\"name\":\"Sve\u00e7la: \u00c7do forc\u00eb p\u00ebr t\u00eb na sulmuar d\u00ebshton p\u00ebrball\u00eb guximit t\u00eb Policis\u00eb s\u00eb Kosov\u00ebs\"}]},{\"@type\":\"WebSite\",\"@id\":\"https:\/\/veritasinfo.org\/#website\",\"url\":\"https:\/\/veritasinfo.org\/\",\"name\":\"\",\"description\":\"\",\"potentialAction\":[{\"@type\":\"SearchAction\",\"target\":{\"@type\":\"EntryPoint\",\"urlTemplate\":\"https:\/\/veritasinfo.org\/?s={search_term_string}\"},\"query-input\":{\"@type\":\"PropertyValueSpecification\",\"valueRequired\":true,\"valueName\":\"search_term_string\"}}],\"inLanguage\":\"en-US\"},{\"@type\":\"Person\",\"@id\":\"https:\/\/veritasinfo.org\/#\/schema\/person\/7701f8c088bece422266b100a712374f\",\"name\":\"admin\",\"image\":{\"@type\":\"ImageObject\",\"inLanguage\":\"en-US\",\"@id\":\"https:\/\/veritasinfo.org\/#\/schema\/person\/image\/\",\"url\":\"https:\/\/secure.gravatar.com\/avatar\/ea53aa3bf6c9a12d5fde8ce4deff43fef3885ae33cf60184161a50d6987cfd2f?s=96&d=mm&r=g\",\"contentUrl\":\"https:\/\/secure.gravatar.com\/avatar\/ea53aa3bf6c9a12d5fde8ce4deff43fef3885ae33cf60184161a50d6987cfd2f?s=96&d=mm&r=g\",\"caption\":\"admin\"},\"sameAs\":[\"https:\/\/veritasinfo.org\"],\"url\":\"https:\/\/veritasinfo.org\/?author=1\"}]}<\/script>\n<!-- \/ Yoast SEO plugin. -->","yoast_head_json":{"title":"Sve\u00e7la: \u00c7do forc\u00eb p\u00ebr t\u00eb na sulmuar d\u00ebshton p\u00ebrball\u00eb guximit t\u00eb Policis\u00eb s\u00eb Kosov\u00ebs -","robots":{"index":"index","follow":"follow","max-snippet":"max-snippet:-1","max-image-preview":"max-image-preview:large","max-video-preview":"max-video-preview:-1"},"canonical":"https:\/\/veritasinfo.org\/?p=10968","og_locale":"en_US","og_type":"article","og_title":"Sve\u00e7la: \u00c7do forc\u00eb p\u00ebr t\u00eb na sulmuar d\u00ebshton p\u00ebrball\u00eb guximit t\u00eb Policis\u00eb s\u00eb Kosov\u00ebs -","og_description":"Prishtin\u00eb, 07 shtator 2025 Ministri n\u00eb detyr\u00eb i Pun\u00ebve t\u00eb Brendshme, Xhelal Sve\u00e7la, \u00ebsht\u00eb shprehur mir\u00ebnjoh\u00ebs e fal\u00ebnderues p\u00ebr Policin\u00eb e Kosov\u00ebs, n\u00eb 26-vjetorin e","og_url":"https:\/\/veritasinfo.org\/?p=10968","article_published_time":"2025-09-07T08:43:32+00:00","og_image":[{"width":1316,"height":1315,"url":"https:\/\/veritasinfo.org\/wp-content\/uploads\/2025\/09\/482076825_1147280534074888_3453409427610457028_n.jpg","type":"image\/jpeg"}],"author":"admin","twitter_card":"summary_large_image","twitter_misc":{"Written by":"admin","Est. reading time":"1 minute"},"schema":{"@context":"https:\/\/schema.org","@graph":[{"@type":"WebPage","@id":"https:\/\/veritasinfo.org\/?p=10968","url":"https:\/\/veritasinfo.org\/?p=10968","name":"Sve\u00e7la: \u00c7do forc\u00eb p\u00ebr t\u00eb na sulmuar d\u00ebshton p\u00ebrball\u00eb guximit t\u00eb Policis\u00eb s\u00eb Kosov\u00ebs -","isPartOf":{"@id":"https:\/\/veritasinfo.org\/#website"},"primaryImageOfPage":{"@id":"https:\/\/veritasinfo.org\/?p=10968#primaryimage"},"image":{"@id":"https:\/\/veritasinfo.org\/?p=10968#primaryimage"},"thumbnailUrl":"https:\/\/veritasinfo.org\/wp-content\/uploads\/2025\/09\/482076825_1147280534074888_3453409427610457028_n.jpg","datePublished":"2025-09-07T08:43:32+00:00","author":{"@id":"https:\/\/veritasinfo.org\/#\/schema\/person\/7701f8c088bece422266b100a712374f"},"breadcrumb":{"@id":"https:\/\/veritasinfo.org\/?p=10968#breadcrumb"},"inLanguage":"en-US","potentialAction":[{"@type":"ReadAction","target":["https:\/\/veritasinfo.org\/?p=10968"]}]},{"@type":"ImageObject","inLanguage":"en-US","@id":"https:\/\/veritasinfo.org\/?p=10968#primaryimage","url":"https:\/\/veritasinfo.org\/wp-content\/uploads\/2025\/09\/482076825_1147280534074888_3453409427610457028_n.jpg","contentUrl":"https:\/\/veritasinfo.org\/wp-content\/uploads\/2025\/09\/482076825_1147280534074888_3453409427610457028_n.jpg","width":1316,"height":1315},{"@type":"BreadcrumbList","@id":"https:\/\/veritasinfo.org\/?p=10968#breadcrumb","itemListElement":[{"@type":"ListItem","position":1,"name":"Home","item":"https:\/\/veritasinfo.org\/"},{"@type":"ListItem","position":2,"name":"Sve\u00e7la: \u00c7do forc\u00eb p\u00ebr t\u00eb na sulmuar d\u00ebshton p\u00ebrball\u00eb guximit t\u00eb Policis\u00eb s\u00eb Kosov\u00ebs"}]},{"@type":"WebSite","@id":"https:\/\/veritasinfo.org\/#website","url":"https:\/\/veritasinfo.org\/","name":"","description":"","potentialAction":[{"@type":"SearchAction","target":{"@type":"EntryPoint","urlTemplate":"https:\/\/veritasinfo.org\/?s={search_term_string}"},"query-input":{"@type":"PropertyValueSpecification","valueRequired":true,"valueName":"search_term_string"}}],"inLanguage":"en-US"},{"@type":"Person","@id":"https:\/\/veritasinfo.org\/#\/schema\/person\/7701f8c088bece422266b100a712374f","name":"admin","image":{"@type":"ImageObject","inLanguage":"en-US","@id":"https:\/\/veritasinfo.org\/#\/schema\/person\/image\/","url":"https:\/\/secure.gravatar.com\/avatar\/ea53aa3bf6c9a12d5fde8ce4deff43fef3885ae33cf60184161a50d6987cfd2f?s=96&d=mm&r=g","contentUrl":"https:\/\/secure.gravatar.com\/avatar\/ea53aa3bf6c9a12d5fde8ce4deff43fef3885ae33cf60184161a50d6987cfd2f?s=96&d=mm&r=g","caption":"admin"},"sameAs":["https:\/\/veritasinfo.org"],"url":"https:\/\/veritasinfo.org\/?author=1"}]}},"featured_image_urls":{"full":["https:\/\/veritasinfo.org\/wp-content\/uploads\/2025\/09\/482076825_1147280534074888_3453409427610457028_n.jpg",1316,1315,false],"thumbnail":["https:\/\/veritasinfo.org\/wp-content\/uploads\/2025\/09\/482076825_1147280534074888_3453409427610457028_n-150x150.jpg",150,150,true],"medium":["https:\/\/veritasinfo.org\/wp-content\/uploads\/2025\/09\/482076825_1147280534074888_3453409427610457028_n-300x300.jpg",300,300,true],"medium_large":["https:\/\/veritasinfo.org\/wp-content\/uploads\/2025\/09\/482076825_1147280534074888_3453409427610457028_n-768x767.jpg",640,639,true],"large":["https:\/\/veritasinfo.org\/wp-content\/uploads\/2025\/09\/482076825_1147280534074888_3453409427610457028_n-1024x1024.jpg",640,640,true],"1536x1536":["https:\/\/veritasinfo.org\/wp-content\/uploads\/2025\/09\/482076825_1147280534074888_3453409427610457028_n.jpg",1316,1315,false],"2048x2048":["https:\/\/veritasinfo.org\/wp-content\/uploads\/2025\/09\/482076825_1147280534074888_3453409427610457028_n.jpg",1316,1315,false],"kreeti-slider-full":["https:\/\/veritasinfo.org\/wp-content\/uploads\/2025\/09\/482076825_1147280534074888_3453409427610457028_n.jpg",721,720,false],"kreeti-featured":["https:\/\/veritasinfo.org\/wp-content\/uploads\/2025\/09\/482076825_1147280534074888_3453409427610457028_n.jpg",1024,1023,false],"kreeti-medium":["https:\/\/veritasinfo.org\/wp-content\/uploads\/2025\/09\/482076825_1147280534074888_3453409427610457028_n.jpg",530,530,false],"kreeti-medium-square":["https:\/\/veritasinfo.org\/wp-content\/uploads\/2025\/09\/482076825_1147280534074888_3453409427610457028_n.jpg",350,350,false]},"author_info":{"info":["admin"]},"category_info":"<a href=\"https:\/\/veritasinfo.org\/?cat=60\" rel=\"category\">Shoq\u00ebrore<\/a>","tag_info":"Shoq\u00ebrore","comment_count":"0","_links":{"self":[{"href":"https:\/\/veritasinfo.org\/index.php?rest_route=\/wp\/v2\/posts\/10968","targetHints":{"allow":["GET"]}}],"collection":[{"href":"https:\/\/veritasinfo.org\/index.php?rest_route=\/wp\/v2\/posts"}],"about":[{"href":"https:\/\/veritasinfo.org\/index.php?rest_route=\/wp\/v2\/types\/post"}],"author":[{"embeddable":true,"href":"https:\/\/veritasinfo.org\/index.php?rest_route=\/wp\/v2\/users\/1"}],"replies":[{"embeddable":true,"href":"https:\/\/veritasinfo.org\/index.php?rest_route=%2Fwp%2Fv2%2Fcomments&post=10968"}],"version-history":[{"count":1,"href":"https:\/\/veritasinfo.org\/index.php?rest_route=\/wp\/v2\/posts\/10968\/revisions"}],"predecessor-version":[{"id":10970,"href":"https:\/\/veritasinfo.org\/index.php?rest_route=\/wp\/v2\/posts\/10968\/revisions\/10970"}],"wp:featuredmedia":[{"embeddable":true,"href":"https:\/\/veritasinfo.org\/index.php?rest_route=\/wp\/v2\/media\/10969"}],"wp:attachment":[{"href":"https:\/\/veritasinfo.org\/index.php?rest_route=%2Fwp%2Fv2%2Fmedia&parent=10968"}],"wp:term":[{"taxonomy":"category","embeddable":true,"href":"https:\/\/veritasinfo.org\/index.php?rest_route=%2Fwp%2Fv2%2Fcategories&post=10968"},{"taxonomy":"post_tag","embeddable":true,"href":"https:\/\/veritasinfo.org\/index.php?rest_route=%2Fwp%2Fv2%2Ftags&post=10968"}],"curies":[{"name":"wp","href":"https:\/\/api.w.org\/{rel}","templated":true}]}}