{"id":10963,"date":"2025-09-07T10:26:55","date_gmt":"2025-09-07T08:26:55","guid":{"rendered":"https:\/\/veritasinfo.org\/?p=10963"},"modified":"2025-09-07T10:35:30","modified_gmt":"2025-09-07T08:35:30","slug":"cfare-ndikimi-pritet-te-kete-paraqitja-e-provave-nga-mbrojtja-e-ish-krereve-te-uck-se","status":"publish","type":"post","link":"https:\/\/veritasinfo.org\/?p=10963","title":{"rendered":"\u00c7far\u00eb ndikimi pritet t\u00eb ket\u00eb paraqitja e provave nga mbrojtja e ish-krer\u00ebve t\u00eb U\u00c7K-s\u00eb?"},"content":{"rendered":"<p>Prishtin\u00eb, 07 shtator 2025<\/p>\n<p>Njoh\u00ebsit e \u00e7\u00ebshtjeve t\u00eb drejt\u00ebsis\u00eb vler\u00ebsojn\u00eb se paraqitja e provave nga mbrojtja e ish-krer\u00ebve t\u00eb U\u00c7K-s\u00eb do t\u00eb ket\u00eb \u201cpesh\u00eb t\u00eb ve\u00e7ant\u00eb\u201d dhe \u201ct\u00eb r\u00ebnd\u00ebsishme\u201d n\u00eb proces.<\/p>\n<p>Mbrojtja e ish-krer\u00ebve t\u00eb Ushtris\u00eb \u00c7lirimtare t\u00eb Kosov\u00ebs do t\u00eb nis\u00eb paraqitjen e provave p\u00ebr rastin e saj m\u00eb 15 shtator. Trupi gjykues ka shprehur se koha e k\u00ebrkuar nga mbrojtja e ish-presidentit Hashim Tha\u00e7i p\u00ebr paraqitjen e provave dhe dh\u00ebnien e d\u00ebshmive \u00ebsht\u00eb e gjat\u00eb, af\u00ebrsisht 150 or\u00eb.<\/p>\n<p>P\u00ebr dallim nga proceset e m\u00ebparshme dhe d\u00ebshmit\u00eb e dh\u00ebna deri tani, kjo faz\u00eb e re ndaj ish-krer\u00ebve t\u00eb U\u00c7K-s\u00eb, sipas njoh\u00ebsve t\u00eb \u00e7\u00ebshtjeve t\u00eb drejt\u00ebsis\u00eb, pritet t\u00eb ket\u00eb ndikim pozitiv.<\/p>\n<p>Avokati i akredituar n\u00eb Dhomat e Specializuara p\u00ebr Kosov\u00ebn, Artan Qerkini, ka deklaruar p\u00ebr Albanian Post se d\u00ebshmit\u00eb e thirrura nga mbrojtja pritet t\u00eb ken\u00eb \u201cpesh\u00eb t\u00eb ve\u00e7ant\u00eb\u201d n\u00eb proces.<\/p>\n<p>\u201cMbrojtja ka thirrur d\u00ebshmitar\u00eb kredibil\u00eb, pik\u00ebrisht p\u00ebr shkak t\u00eb personalitetit t\u00eb tyre dhe funksioneve q\u00eb kan\u00eb mbajtur m\u00eb par\u00eb. Ne besojm\u00eb se d\u00ebshmit\u00eb e tyre do t\u00eb ken\u00eb pesh\u00eb t\u00eb ve\u00e7ant\u00eb n\u00eb proces dhe do t\u00eb kontribuojn\u00eb n\u00eb pasqyrimin sa m\u00eb t\u00eb drejt\u00eb t\u00eb rrethanave\u201d, ka th\u00ebn\u00eb Qerkini p\u00ebr AP.<\/p>\n<p>N\u00eb linj\u00eb t\u00eb ngjashme me Qerkinin, \u00ebsht\u00eb shprehur edhe njoh\u00ebsi i \u00e7\u00ebshtjeve t\u00eb drejt\u00ebsis\u00eb, Ardian Bajraktari.<\/p>\n<p>Bajraktari, n\u00eb nj\u00eb p\u00ebrgjigje p\u00ebr Albanian Post, ka vler\u00ebsuar se roli i pal\u00ebs mbrojt\u00ebse \u201c\u00ebsht\u00eb tejet i r\u00ebnd\u00ebsish\u00ebm\u201d.<\/p>\n<p>\u201cLista e d\u00ebshmitar\u00ebve q\u00eb \u00ebsht\u00eb konfirmuar p\u00ebr t\u00eb d\u00ebshmuar n\u00eb k\u00ebt\u00eb proces \u00ebsht\u00eb shum\u00eb kredibile dhe besoj se do t\u00eb ndikoj\u00eb duksh\u00ebm n\u00eb konstatimin e s\u00eb v\u00ebrtet\u00ebs. Ajo tashm\u00eb \u00ebsht\u00eb e ditur: se U\u00c7K-ja nuk ka kryer krime dhe nuk ka pasur nj\u00eb struktur\u00eb apo hierarki t\u00eb mir\u00ebfillt\u00eb komanduese\u201d, ka th\u00ebn\u00eb Bajraktari p\u00ebr AP.<\/p>\n<p>Sipas tij, epilogu gjyq\u00ebsor duhet t\u00eb p\u00ebrfundoj\u00eb me shpalljen e pafaj\u00ebsis\u00eb s\u00eb ish-krer\u00ebve t\u00eb U\u00c7K-s\u00eb.<\/p>\n<p>\u201cN\u00ebse ka drejt\u00ebsi dhe nj\u00eb vendim t\u00eb drejt\u00eb, at\u00ebher\u00eb, me aq sa kemi par\u00eb, vendimi duhet t\u00eb jet\u00eb lirues p\u00ebr ish-krer\u00ebt e U\u00c7K-s\u00eb\u201d.<\/p>\n<p>Mbrojtja e ish-presidentit Tha\u00e7i, n\u00eb konferenc\u00ebn statusore t\u00eb mbajtur m\u00eb 19 gusht n\u00eb Dhomat e Specializuara n\u00eb Hag\u00eb, ka njoftuar se do t\u00eb d\u00ebshmitar\u00eb nga ShBA-ja q\u00eb jan\u00eb figura t\u00eb larta dhe t\u00eb r\u00ebnd\u00ebsishme, por nuk ka zbuluar identitetin e tyre.<\/p>\n<p>\u201cUn\u00eb nuk mund t\u00eb p\u00ebrmend emra n\u00eb publik, sepse b\u00ebhet fjal\u00eb p\u00ebr persona me nj\u00eb statur\u00eb t\u00eb lart\u00eb, shum\u00eb t\u00eb njohur, si p\u00ebr shembull sekretarja Albright, Richard Holbrooke, senatori Dole etj\u201d, \u00ebsht\u00eb shprehur nj\u00ebri nga avokat\u00ebt e Tha\u00e7it.<\/p>\n<p>Qeveria e SHBA-s\u00eb ka b\u00ebr\u00eb t\u00eb ditur se mbrojtja \u00ebsht\u00eb duke punuar p\u00ebr t\u00eb siguruar autorizimet e duhura p\u00ebr k\u00ebta d\u00ebshmitar\u00eb, pasi sipas mbrojtjes, ata do t\u00eb paraqesin informacione shfaj\u00ebsuese.<\/p>\n<p>Prokuroria e Specializuar ka theksuar se do t\u2019i duhen rreth nj\u00eb muaj koh\u00eb nga momenti kur mbrojtja t\u00eb dor\u00ebzoj\u00eb deklaratat e d\u00ebshmitar\u00ebve deri n\u00eb paraqitjen e tyre n\u00eb gjykat\u00eb. Por mbrojtja ka sqaruar se nuk \u00ebsht\u00eb e obliguar t\u2019i dor\u00ebzoj\u00eb p\u00ebrmbledhjet e tyre.<\/p>\n<p>Nga ana tjet\u00ebr, mbrojtja e Jakup Krasniqit ka njoftuar se planifikon q\u00eb dy d\u00ebshmitar\u00eb t\u00eb d\u00ebshmojn\u00eb n\u00eb gjykat\u00eb, nd\u00ebrsa dy t\u00eb tjer\u00eb t\u00eb japin d\u00ebshmin\u00eb me shkrim, e cila tashm\u00eb i \u00ebsht\u00eb dor\u00ebzuar prokuroris\u00eb.<\/p>\n","protected":false},"excerpt":{"rendered":"<p>Prishtin\u00eb, 07 shtator 2025 Njoh\u00ebsit e \u00e7\u00ebshtjeve t\u00eb drejt\u00ebsis\u00eb vler\u00ebsojn\u00eb se paraqitja e provave nga mbrojtja e ish-krer\u00ebve t\u00eb U\u00c7K-s\u00eb do t\u00eb ket\u00eb \u201cpesh\u00eb t\u00eb<\/p>\n","protected":false},"author":1,"featured_media":10964,"comment_status":"open","ping_status":"open","sticky":false,"template":"","format":"standard","meta":{"footnotes":""},"categories":[58],"tags":[],"class_list":["post-10963","post","type-post","status-publish","format-standard","has-post-thumbnail","hentry","category-politike-sq"],"yoast_head":"<!-- This site is optimized with the Yoast SEO plugin v25.3.1 - https:\/\/yoast.com\/wordpress\/plugins\/seo\/ -->\n<title>\u00c7far\u00eb ndikimi pritet t\u00eb ket\u00eb paraqitja e provave nga mbrojtja e ish-krer\u00ebve t\u00eb U\u00c7K-s\u00eb? -<\/title>\n<meta name=\"robots\" content=\"index, follow, max-snippet:-1, max-image-preview:large, max-video-preview:-1\" \/>\n<link rel=\"canonical\" href=\"https:\/\/veritasinfo.org\/?p=10963\" \/>\n<meta property=\"og:locale\" content=\"en_US\" \/>\n<meta property=\"og:type\" content=\"article\" \/>\n<meta property=\"og:title\" content=\"\u00c7far\u00eb ndikimi pritet t\u00eb ket\u00eb paraqitja e provave nga mbrojtja e ish-krer\u00ebve t\u00eb U\u00c7K-s\u00eb? -\" \/>\n<meta property=\"og:description\" content=\"Prishtin\u00eb, 07 shtator 2025 Njoh\u00ebsit e \u00e7\u00ebshtjeve t\u00eb drejt\u00ebsis\u00eb vler\u00ebsojn\u00eb se paraqitja e provave nga mbrojtja e ish-krer\u00ebve t\u00eb U\u00c7K-s\u00eb do t\u00eb ket\u00eb \u201cpesh\u00eb t\u00eb\" \/>\n<meta property=\"og:url\" content=\"https:\/\/veritasinfo.org\/?p=10963\" \/>\n<meta property=\"article:published_time\" content=\"2025-09-07T08:26:55+00:00\" \/>\n<meta property=\"article:modified_time\" content=\"2025-09-07T08:35:30+00:00\" \/>\n<meta property=\"og:image\" content=\"https:\/\/veritasinfo.org\/wp-content\/uploads\/2025\/09\/Haga-1.jpg\" \/>\n\t<meta property=\"og:image:width\" content=\"1284\" \/>\n\t<meta property=\"og:image:height\" content=\"706\" \/>\n\t<meta property=\"og:image:type\" content=\"image\/jpeg\" \/>\n<meta name=\"author\" content=\"admin\" \/>\n<meta name=\"twitter:card\" content=\"summary_large_image\" \/>\n<meta name=\"twitter:label1\" content=\"Written by\" \/>\n\t<meta name=\"twitter:data1\" content=\"admin\" \/>\n\t<meta name=\"twitter:label2\" content=\"Est. reading time\" \/>\n\t<meta name=\"twitter:data2\" content=\"3 minutes\" \/>\n<script type=\"application\/ld+json\" class=\"yoast-schema-graph\">{\"@context\":\"https:\/\/schema.org\",\"@graph\":[{\"@type\":\"WebPage\",\"@id\":\"https:\/\/veritasinfo.org\/?p=10963\",\"url\":\"https:\/\/veritasinfo.org\/?p=10963\",\"name\":\"\u00c7far\u00eb ndikimi pritet t\u00eb ket\u00eb paraqitja e provave nga mbrojtja e ish-krer\u00ebve t\u00eb U\u00c7K-s\u00eb? -\",\"isPartOf\":{\"@id\":\"https:\/\/veritasinfo.org\/#website\"},\"primaryImageOfPage\":{\"@id\":\"https:\/\/veritasinfo.org\/?p=10963#primaryimage\"},\"image\":{\"@id\":\"https:\/\/veritasinfo.org\/?p=10963#primaryimage\"},\"thumbnailUrl\":\"https:\/\/veritasinfo.org\/wp-content\/uploads\/2025\/09\/Haga-1.jpg\",\"datePublished\":\"2025-09-07T08:26:55+00:00\",\"dateModified\":\"2025-09-07T08:35:30+00:00\",\"author\":{\"@id\":\"https:\/\/veritasinfo.org\/#\/schema\/person\/7701f8c088bece422266b100a712374f\"},\"breadcrumb\":{\"@id\":\"https:\/\/veritasinfo.org\/?p=10963#breadcrumb\"},\"inLanguage\":\"en-US\",\"potentialAction\":[{\"@type\":\"ReadAction\",\"target\":[\"https:\/\/veritasinfo.org\/?p=10963\"]}]},{\"@type\":\"ImageObject\",\"inLanguage\":\"en-US\",\"@id\":\"https:\/\/veritasinfo.org\/?p=10963#primaryimage\",\"url\":\"https:\/\/veritasinfo.org\/wp-content\/uploads\/2025\/09\/Haga-1.jpg\",\"contentUrl\":\"https:\/\/veritasinfo.org\/wp-content\/uploads\/2025\/09\/Haga-1.jpg\",\"width\":1284,\"height\":706},{\"@type\":\"BreadcrumbList\",\"@id\":\"https:\/\/veritasinfo.org\/?p=10963#breadcrumb\",\"itemListElement\":[{\"@type\":\"ListItem\",\"position\":1,\"name\":\"Home\",\"item\":\"https:\/\/veritasinfo.org\/\"},{\"@type\":\"ListItem\",\"position\":2,\"name\":\"\u00c7far\u00eb ndikimi pritet t\u00eb ket\u00eb paraqitja e provave nga mbrojtja e ish-krer\u00ebve t\u00eb U\u00c7K-s\u00eb?\"}]},{\"@type\":\"WebSite\",\"@id\":\"https:\/\/veritasinfo.org\/#website\",\"url\":\"https:\/\/veritasinfo.org\/\",\"name\":\"\",\"description\":\"\",\"potentialAction\":[{\"@type\":\"SearchAction\",\"target\":{\"@type\":\"EntryPoint\",\"urlTemplate\":\"https:\/\/veritasinfo.org\/?s={search_term_string}\"},\"query-input\":{\"@type\":\"PropertyValueSpecification\",\"valueRequired\":true,\"valueName\":\"search_term_string\"}}],\"inLanguage\":\"en-US\"},{\"@type\":\"Person\",\"@id\":\"https:\/\/veritasinfo.org\/#\/schema\/person\/7701f8c088bece422266b100a712374f\",\"name\":\"admin\",\"image\":{\"@type\":\"ImageObject\",\"inLanguage\":\"en-US\",\"@id\":\"https:\/\/veritasinfo.org\/#\/schema\/person\/image\/\",\"url\":\"https:\/\/secure.gravatar.com\/avatar\/ea53aa3bf6c9a12d5fde8ce4deff43fef3885ae33cf60184161a50d6987cfd2f?s=96&d=mm&r=g\",\"contentUrl\":\"https:\/\/secure.gravatar.com\/avatar\/ea53aa3bf6c9a12d5fde8ce4deff43fef3885ae33cf60184161a50d6987cfd2f?s=96&d=mm&r=g\",\"caption\":\"admin\"},\"sameAs\":[\"https:\/\/veritasinfo.org\"],\"url\":\"https:\/\/veritasinfo.org\/?author=1\"}]}<\/script>\n<!-- \/ Yoast SEO plugin. -->","yoast_head_json":{"title":"\u00c7far\u00eb ndikimi pritet t\u00eb ket\u00eb paraqitja e provave nga mbrojtja e ish-krer\u00ebve t\u00eb U\u00c7K-s\u00eb? -","robots":{"index":"index","follow":"follow","max-snippet":"max-snippet:-1","max-image-preview":"max-image-preview:large","max-video-preview":"max-video-preview:-1"},"canonical":"https:\/\/veritasinfo.org\/?p=10963","og_locale":"en_US","og_type":"article","og_title":"\u00c7far\u00eb ndikimi pritet t\u00eb ket\u00eb paraqitja e provave nga mbrojtja e ish-krer\u00ebve t\u00eb U\u00c7K-s\u00eb? -","og_description":"Prishtin\u00eb, 07 shtator 2025 Njoh\u00ebsit e \u00e7\u00ebshtjeve t\u00eb drejt\u00ebsis\u00eb vler\u00ebsojn\u00eb se paraqitja e provave nga mbrojtja e ish-krer\u00ebve t\u00eb U\u00c7K-s\u00eb do t\u00eb ket\u00eb \u201cpesh\u00eb t\u00eb","og_url":"https:\/\/veritasinfo.org\/?p=10963","article_published_time":"2025-09-07T08:26:55+00:00","article_modified_time":"2025-09-07T08:35:30+00:00","og_image":[{"width":1284,"height":706,"url":"https:\/\/veritasinfo.org\/wp-content\/uploads\/2025\/09\/Haga-1.jpg","type":"image\/jpeg"}],"author":"admin","twitter_card":"summary_large_image","twitter_misc":{"Written by":"admin","Est. reading time":"3 minutes"},"schema":{"@context":"https:\/\/schema.org","@graph":[{"@type":"WebPage","@id":"https:\/\/veritasinfo.org\/?p=10963","url":"https:\/\/veritasinfo.org\/?p=10963","name":"\u00c7far\u00eb ndikimi pritet t\u00eb ket\u00eb paraqitja e provave nga mbrojtja e ish-krer\u00ebve t\u00eb U\u00c7K-s\u00eb? -","isPartOf":{"@id":"https:\/\/veritasinfo.org\/#website"},"primaryImageOfPage":{"@id":"https:\/\/veritasinfo.org\/?p=10963#primaryimage"},"image":{"@id":"https:\/\/veritasinfo.org\/?p=10963#primaryimage"},"thumbnailUrl":"https:\/\/veritasinfo.org\/wp-content\/uploads\/2025\/09\/Haga-1.jpg","datePublished":"2025-09-07T08:26:55+00:00","dateModified":"2025-09-07T08:35:30+00:00","author":{"@id":"https:\/\/veritasinfo.org\/#\/schema\/person\/7701f8c088bece422266b100a712374f"},"breadcrumb":{"@id":"https:\/\/veritasinfo.org\/?p=10963#breadcrumb"},"inLanguage":"en-US","potentialAction":[{"@type":"ReadAction","target":["https:\/\/veritasinfo.org\/?p=10963"]}]},{"@type":"ImageObject","inLanguage":"en-US","@id":"https:\/\/veritasinfo.org\/?p=10963#primaryimage","url":"https:\/\/veritasinfo.org\/wp-content\/uploads\/2025\/09\/Haga-1.jpg","contentUrl":"https:\/\/veritasinfo.org\/wp-content\/uploads\/2025\/09\/Haga-1.jpg","width":1284,"height":706},{"@type":"BreadcrumbList","@id":"https:\/\/veritasinfo.org\/?p=10963#breadcrumb","itemListElement":[{"@type":"ListItem","position":1,"name":"Home","item":"https:\/\/veritasinfo.org\/"},{"@type":"ListItem","position":2,"name":"\u00c7far\u00eb ndikimi pritet t\u00eb ket\u00eb paraqitja e provave nga mbrojtja e ish-krer\u00ebve t\u00eb U\u00c7K-s\u00eb?"}]},{"@type":"WebSite","@id":"https:\/\/veritasinfo.org\/#website","url":"https:\/\/veritasinfo.org\/","name":"","description":"","potentialAction":[{"@type":"SearchAction","target":{"@type":"EntryPoint","urlTemplate":"https:\/\/veritasinfo.org\/?s={search_term_string}"},"query-input":{"@type":"PropertyValueSpecification","valueRequired":true,"valueName":"search_term_string"}}],"inLanguage":"en-US"},{"@type":"Person","@id":"https:\/\/veritasinfo.org\/#\/schema\/person\/7701f8c088bece422266b100a712374f","name":"admin","image":{"@type":"ImageObject","inLanguage":"en-US","@id":"https:\/\/veritasinfo.org\/#\/schema\/person\/image\/","url":"https:\/\/secure.gravatar.com\/avatar\/ea53aa3bf6c9a12d5fde8ce4deff43fef3885ae33cf60184161a50d6987cfd2f?s=96&d=mm&r=g","contentUrl":"https:\/\/secure.gravatar.com\/avatar\/ea53aa3bf6c9a12d5fde8ce4deff43fef3885ae33cf60184161a50d6987cfd2f?s=96&d=mm&r=g","caption":"admin"},"sameAs":["https:\/\/veritasinfo.org"],"url":"https:\/\/veritasinfo.org\/?author=1"}]}},"featured_image_urls":{"full":["https:\/\/veritasinfo.org\/wp-content\/uploads\/2025\/09\/Haga-1.jpg",1284,706,false],"thumbnail":["https:\/\/veritasinfo.org\/wp-content\/uploads\/2025\/09\/Haga-1-150x150.jpg",150,150,true],"medium":["https:\/\/veritasinfo.org\/wp-content\/uploads\/2025\/09\/Haga-1-300x165.jpg",300,165,true],"medium_large":["https:\/\/veritasinfo.org\/wp-content\/uploads\/2025\/09\/Haga-1-768x422.jpg",640,352,true],"large":["https:\/\/veritasinfo.org\/wp-content\/uploads\/2025\/09\/Haga-1-1024x563.jpg",640,352,true],"1536x1536":["https:\/\/veritasinfo.org\/wp-content\/uploads\/2025\/09\/Haga-1.jpg",1284,706,false],"2048x2048":["https:\/\/veritasinfo.org\/wp-content\/uploads\/2025\/09\/Haga-1.jpg",1284,706,false],"kreeti-slider-full":["https:\/\/veritasinfo.org\/wp-content\/uploads\/2025\/09\/Haga-1.jpg",1280,704,false],"kreeti-featured":["https:\/\/veritasinfo.org\/wp-content\/uploads\/2025\/09\/Haga-1.jpg",1024,563,false],"kreeti-medium":["https:\/\/veritasinfo.org\/wp-content\/uploads\/2025\/09\/Haga-1.jpg",720,396,false],"kreeti-medium-square":["https:\/\/veritasinfo.org\/wp-content\/uploads\/2025\/09\/Haga-1.jpg",350,192,false]},"author_info":{"info":["admin"]},"category_info":"<a href=\"https:\/\/veritasinfo.org\/?cat=58\" rel=\"category\">Politik\u00eb<\/a>","tag_info":"Politik\u00eb","comment_count":"0","_links":{"self":[{"href":"https:\/\/veritasinfo.org\/index.php?rest_route=\/wp\/v2\/posts\/10963","targetHints":{"allow":["GET"]}}],"collection":[{"href":"https:\/\/veritasinfo.org\/index.php?rest_route=\/wp\/v2\/posts"}],"about":[{"href":"https:\/\/veritasinfo.org\/index.php?rest_route=\/wp\/v2\/types\/post"}],"author":[{"embeddable":true,"href":"https:\/\/veritasinfo.org\/index.php?rest_route=\/wp\/v2\/users\/1"}],"replies":[{"embeddable":true,"href":"https:\/\/veritasinfo.org\/index.php?rest_route=%2Fwp%2Fv2%2Fcomments&post=10963"}],"version-history":[{"count":1,"href":"https:\/\/veritasinfo.org\/index.php?rest_route=\/wp\/v2\/posts\/10963\/revisions"}],"predecessor-version":[{"id":10965,"href":"https:\/\/veritasinfo.org\/index.php?rest_route=\/wp\/v2\/posts\/10963\/revisions\/10965"}],"wp:featuredmedia":[{"embeddable":true,"href":"https:\/\/veritasinfo.org\/index.php?rest_route=\/wp\/v2\/media\/10964"}],"wp:attachment":[{"href":"https:\/\/veritasinfo.org\/index.php?rest_route=%2Fwp%2Fv2%2Fmedia&parent=10963"}],"wp:term":[{"taxonomy":"category","embeddable":true,"href":"https:\/\/veritasinfo.org\/index.php?rest_route=%2Fwp%2Fv2%2Fcategories&post=10963"},{"taxonomy":"post_tag","embeddable":true,"href":"https:\/\/veritasinfo.org\/index.php?rest_route=%2Fwp%2Fv2%2Ftags&post=10963"}],"curies":[{"name":"wp","href":"https:\/\/api.w.org\/{rel}","templated":true}]}}