{"id":10933,"date":"2025-09-07T09:21:42","date_gmt":"2025-09-07T07:21:42","guid":{"rendered":"https:\/\/veritasinfo.org\/?p=10933"},"modified":"2025-09-07T09:21:42","modified_gmt":"2025-09-07T07:21:42","slug":"kroacia-dhe-sllovenia-nenshkruan-nje-deklarate-mbi-bashkepunimin-ushtarak","status":"publish","type":"post","link":"https:\/\/veritasinfo.org\/?p=10933","title":{"rendered":"Kroacia dhe Sllovenia n\u00ebnshkruan nj\u00eb deklarat\u00eb mbi bashk\u00ebpunimin ushtarak"},"content":{"rendered":"<p><strong>Zagreb, 7 shtator 2025<\/strong><\/p>\n<p>Kroacia dhe Sllovenia n\u00ebnshkruan nj\u00eb deklarat\u00eb mbi bashk\u00ebpunimin ushtarak, t\u00eb cil\u00ebn Ministri i Mbrojtjes Ivan Anushiq e quajti nj\u00eb &#8220;kapitull t\u00eb ri&#8221; n\u00eb marr\u00ebdh\u00ebniet tashm\u00eb t\u00eb shk\u00eblqyera mbrojt\u00ebse t\u00eb dy vendeve.<\/p>\n<p>Anushiq dhe Ministri i Mbrojtjes Sllovene Borut Sajoviq n\u00ebnshkruan nj\u00eb deklarat\u00eb mbi bashk\u00ebpunimin ushtarak n\u00eb Zagreb, e cila p\u00ebrfshin &#8220;gjith\u00e7ka q\u00eb mund t\u00eb b\u00ebhet midis dy vendeve&#8221; p\u00ebr t&#8217;i b\u00ebr\u00eb forcat e armatosura dhe industrit\u00eb mbrojt\u00ebse t\u00eb dy vendeve &#8220;t\u00eb funksionojn\u00eb gjithnj\u00eb e m\u00eb mir\u00eb&#8221;, tha ministri kroat.<\/p>\n<p>Kur u pyet p\u00ebr krahasimin e asaj marr\u00ebveshjeje me deklarat\u00ebn q\u00eb Ministria e Mbrojtjes n\u00ebnshkroi me Shqip\u00ebrin\u00eb dhe Kosov\u00ebn n\u00eb mars t\u00eb k\u00ebtij viti, Anushiq u p\u00ebrgjigj se &#8220;nuk ka ndonj\u00eb ndryshim t\u00eb madh&#8221; midis tyre.<\/p>\n<p>Ministria e Mbrojtjes \u00ebsht\u00eb n\u00eb kontakt me Bullgarin\u00eb, e cila gjithashtu mund t&#8217;i bashkohet iniciativ\u00ebs, zbuloi Anushiq. Ministrja theksoi se ushtrit\u00eb kroate dhe sllovene tashm\u00eb po bashk\u00ebpunojn\u00eb shum\u00eb mir\u00eb, por se me n\u00ebnshkrimin e sot\u00ebm, ka filluar &#8220;nj\u00eb kapitull i ri n\u00eb marr\u00ebdh\u00ebnie&#8221;.<\/p>\n<p>T\u00eb dyja pal\u00ebt tani po vazhdojn\u00eb me nj\u00eb &#8220;hap\u00ebsir\u00eb \u200b\u200bm\u00eb t\u00eb gjer\u00eb bashk\u00ebpunimi&#8221; dhe po punojn\u00eb mbi &#8220;propozime konkrete&#8221; q\u00eb do t\u00eb diskutohen n\u00eb panairin e arm\u00ebve n\u00eb tetor n\u00eb Lubjan\u00eb, njoftoi ai.<\/p>\n","protected":false},"excerpt":{"rendered":"<p>Zagreb, 7 shtator 2025 Kroacia dhe Sllovenia n\u00ebnshkruan nj\u00eb deklarat\u00eb mbi bashk\u00ebpunimin ushtarak, t\u00eb cil\u00ebn Ministri i Mbrojtjes Ivan Anushiq e quajti nj\u00eb &#8220;kapitull t\u00eb<\/p>\n","protected":false},"author":2,"featured_media":10934,"comment_status":"open","ping_status":"open","sticky":false,"template":"","format":"standard","meta":{"footnotes":""},"categories":[72],"tags":[],"class_list":["post-10933","post","type-post","status-publish","format-standard","has-post-thumbnail","hentry","category-bota"],"yoast_head":"<!-- This site is optimized with the Yoast SEO plugin v25.3.1 - https:\/\/yoast.com\/wordpress\/plugins\/seo\/ -->\n<title>Kroacia dhe Sllovenia n\u00ebnshkruan nj\u00eb deklarat\u00eb mbi bashk\u00ebpunimin ushtarak -<\/title>\n<meta name=\"robots\" content=\"index, follow, max-snippet:-1, max-image-preview:large, max-video-preview:-1\" \/>\n<link rel=\"canonical\" href=\"https:\/\/veritasinfo.org\/?p=10933\" \/>\n<meta property=\"og:locale\" content=\"en_US\" \/>\n<meta property=\"og:type\" content=\"article\" \/>\n<meta property=\"og:title\" content=\"Kroacia dhe Sllovenia n\u00ebnshkruan nj\u00eb deklarat\u00eb mbi bashk\u00ebpunimin ushtarak -\" \/>\n<meta property=\"og:description\" content=\"Zagreb, 7 shtator 2025 Kroacia dhe Sllovenia n\u00ebnshkruan nj\u00eb deklarat\u00eb mbi bashk\u00ebpunimin ushtarak, t\u00eb cil\u00ebn Ministri i Mbrojtjes Ivan Anushiq e quajti nj\u00eb &#8220;kapitull t\u00eb\" \/>\n<meta property=\"og:url\" content=\"https:\/\/veritasinfo.org\/?p=10933\" \/>\n<meta property=\"article:published_time\" content=\"2025-09-07T07:21:42+00:00\" \/>\n<meta property=\"og:image\" content=\"https:\/\/veritasinfo.org\/wp-content\/uploads\/2025\/09\/Hrvatska.webp\" \/>\n\t<meta property=\"og:image:width\" content=\"1998\" \/>\n\t<meta property=\"og:image:height\" content=\"1049\" \/>\n\t<meta property=\"og:image:type\" content=\"image\/webp\" \/>\n<meta name=\"author\" content=\"US1\" \/>\n<meta name=\"twitter:card\" content=\"summary_large_image\" \/>\n<meta name=\"twitter:label1\" content=\"Written by\" \/>\n\t<meta name=\"twitter:data1\" content=\"US1\" \/>\n\t<meta name=\"twitter:label2\" content=\"Est. reading time\" \/>\n\t<meta name=\"twitter:data2\" content=\"1 minute\" \/>\n<script type=\"application\/ld+json\" class=\"yoast-schema-graph\">{\"@context\":\"https:\/\/schema.org\",\"@graph\":[{\"@type\":\"WebPage\",\"@id\":\"https:\/\/veritasinfo.org\/?p=10933\",\"url\":\"https:\/\/veritasinfo.org\/?p=10933\",\"name\":\"Kroacia dhe Sllovenia n\u00ebnshkruan nj\u00eb deklarat\u00eb mbi bashk\u00ebpunimin ushtarak -\",\"isPartOf\":{\"@id\":\"https:\/\/veritasinfo.org\/#website\"},\"primaryImageOfPage\":{\"@id\":\"https:\/\/veritasinfo.org\/?p=10933#primaryimage\"},\"image\":{\"@id\":\"https:\/\/veritasinfo.org\/?p=10933#primaryimage\"},\"thumbnailUrl\":\"https:\/\/veritasinfo.org\/wp-content\/uploads\/2025\/09\/Hrvatska.webp\",\"datePublished\":\"2025-09-07T07:21:42+00:00\",\"author\":{\"@id\":\"https:\/\/veritasinfo.org\/#\/schema\/person\/c2b8be262ea994d0995addca692c5e98\"},\"breadcrumb\":{\"@id\":\"https:\/\/veritasinfo.org\/?p=10933#breadcrumb\"},\"inLanguage\":\"en-US\",\"potentialAction\":[{\"@type\":\"ReadAction\",\"target\":[\"https:\/\/veritasinfo.org\/?p=10933\"]}]},{\"@type\":\"ImageObject\",\"inLanguage\":\"en-US\",\"@id\":\"https:\/\/veritasinfo.org\/?p=10933#primaryimage\",\"url\":\"https:\/\/veritasinfo.org\/wp-content\/uploads\/2025\/09\/Hrvatska.webp\",\"contentUrl\":\"https:\/\/veritasinfo.org\/wp-content\/uploads\/2025\/09\/Hrvatska.webp\",\"width\":1998,\"height\":1049},{\"@type\":\"BreadcrumbList\",\"@id\":\"https:\/\/veritasinfo.org\/?p=10933#breadcrumb\",\"itemListElement\":[{\"@type\":\"ListItem\",\"position\":1,\"name\":\"Home\",\"item\":\"https:\/\/veritasinfo.org\/\"},{\"@type\":\"ListItem\",\"position\":2,\"name\":\"Kroacia dhe Sllovenia n\u00ebnshkruan nj\u00eb deklarat\u00eb mbi bashk\u00ebpunimin ushtarak\"}]},{\"@type\":\"WebSite\",\"@id\":\"https:\/\/veritasinfo.org\/#website\",\"url\":\"https:\/\/veritasinfo.org\/\",\"name\":\"\",\"description\":\"\",\"potentialAction\":[{\"@type\":\"SearchAction\",\"target\":{\"@type\":\"EntryPoint\",\"urlTemplate\":\"https:\/\/veritasinfo.org\/?s={search_term_string}\"},\"query-input\":{\"@type\":\"PropertyValueSpecification\",\"valueRequired\":true,\"valueName\":\"search_term_string\"}}],\"inLanguage\":\"en-US\"},{\"@type\":\"Person\",\"@id\":\"https:\/\/veritasinfo.org\/#\/schema\/person\/c2b8be262ea994d0995addca692c5e98\",\"name\":\"US1\",\"image\":{\"@type\":\"ImageObject\",\"inLanguage\":\"en-US\",\"@id\":\"https:\/\/veritasinfo.org\/#\/schema\/person\/image\/\",\"url\":\"https:\/\/secure.gravatar.com\/avatar\/4e96a59bd256abf9956eb9963ac891a47461ffb364d47b0e9aab113328fdb75b?s=96&d=mm&r=g\",\"contentUrl\":\"https:\/\/secure.gravatar.com\/avatar\/4e96a59bd256abf9956eb9963ac891a47461ffb364d47b0e9aab113328fdb75b?s=96&d=mm&r=g\",\"caption\":\"US1\"},\"url\":\"https:\/\/veritasinfo.org\/?author=2\"}]}<\/script>\n<!-- \/ Yoast SEO plugin. -->","yoast_head_json":{"title":"Kroacia dhe Sllovenia n\u00ebnshkruan nj\u00eb deklarat\u00eb mbi bashk\u00ebpunimin ushtarak -","robots":{"index":"index","follow":"follow","max-snippet":"max-snippet:-1","max-image-preview":"max-image-preview:large","max-video-preview":"max-video-preview:-1"},"canonical":"https:\/\/veritasinfo.org\/?p=10933","og_locale":"en_US","og_type":"article","og_title":"Kroacia dhe Sllovenia n\u00ebnshkruan nj\u00eb deklarat\u00eb mbi bashk\u00ebpunimin ushtarak -","og_description":"Zagreb, 7 shtator 2025 Kroacia dhe Sllovenia n\u00ebnshkruan nj\u00eb deklarat\u00eb mbi bashk\u00ebpunimin ushtarak, t\u00eb cil\u00ebn Ministri i Mbrojtjes Ivan Anushiq e quajti nj\u00eb &#8220;kapitull t\u00eb","og_url":"https:\/\/veritasinfo.org\/?p=10933","article_published_time":"2025-09-07T07:21:42+00:00","og_image":[{"width":1998,"height":1049,"url":"https:\/\/veritasinfo.org\/wp-content\/uploads\/2025\/09\/Hrvatska.webp","type":"image\/webp"}],"author":"US1","twitter_card":"summary_large_image","twitter_misc":{"Written by":"US1","Est. reading time":"1 minute"},"schema":{"@context":"https:\/\/schema.org","@graph":[{"@type":"WebPage","@id":"https:\/\/veritasinfo.org\/?p=10933","url":"https:\/\/veritasinfo.org\/?p=10933","name":"Kroacia dhe Sllovenia n\u00ebnshkruan nj\u00eb deklarat\u00eb mbi bashk\u00ebpunimin ushtarak -","isPartOf":{"@id":"https:\/\/veritasinfo.org\/#website"},"primaryImageOfPage":{"@id":"https:\/\/veritasinfo.org\/?p=10933#primaryimage"},"image":{"@id":"https:\/\/veritasinfo.org\/?p=10933#primaryimage"},"thumbnailUrl":"https:\/\/veritasinfo.org\/wp-content\/uploads\/2025\/09\/Hrvatska.webp","datePublished":"2025-09-07T07:21:42+00:00","author":{"@id":"https:\/\/veritasinfo.org\/#\/schema\/person\/c2b8be262ea994d0995addca692c5e98"},"breadcrumb":{"@id":"https:\/\/veritasinfo.org\/?p=10933#breadcrumb"},"inLanguage":"en-US","potentialAction":[{"@type":"ReadAction","target":["https:\/\/veritasinfo.org\/?p=10933"]}]},{"@type":"ImageObject","inLanguage":"en-US","@id":"https:\/\/veritasinfo.org\/?p=10933#primaryimage","url":"https:\/\/veritasinfo.org\/wp-content\/uploads\/2025\/09\/Hrvatska.webp","contentUrl":"https:\/\/veritasinfo.org\/wp-content\/uploads\/2025\/09\/Hrvatska.webp","width":1998,"height":1049},{"@type":"BreadcrumbList","@id":"https:\/\/veritasinfo.org\/?p=10933#breadcrumb","itemListElement":[{"@type":"ListItem","position":1,"name":"Home","item":"https:\/\/veritasinfo.org\/"},{"@type":"ListItem","position":2,"name":"Kroacia dhe Sllovenia n\u00ebnshkruan nj\u00eb deklarat\u00eb mbi bashk\u00ebpunimin ushtarak"}]},{"@type":"WebSite","@id":"https:\/\/veritasinfo.org\/#website","url":"https:\/\/veritasinfo.org\/","name":"","description":"","potentialAction":[{"@type":"SearchAction","target":{"@type":"EntryPoint","urlTemplate":"https:\/\/veritasinfo.org\/?s={search_term_string}"},"query-input":{"@type":"PropertyValueSpecification","valueRequired":true,"valueName":"search_term_string"}}],"inLanguage":"en-US"},{"@type":"Person","@id":"https:\/\/veritasinfo.org\/#\/schema\/person\/c2b8be262ea994d0995addca692c5e98","name":"US1","image":{"@type":"ImageObject","inLanguage":"en-US","@id":"https:\/\/veritasinfo.org\/#\/schema\/person\/image\/","url":"https:\/\/secure.gravatar.com\/avatar\/4e96a59bd256abf9956eb9963ac891a47461ffb364d47b0e9aab113328fdb75b?s=96&d=mm&r=g","contentUrl":"https:\/\/secure.gravatar.com\/avatar\/4e96a59bd256abf9956eb9963ac891a47461ffb364d47b0e9aab113328fdb75b?s=96&d=mm&r=g","caption":"US1"},"url":"https:\/\/veritasinfo.org\/?author=2"}]}},"featured_image_urls":{"full":["https:\/\/veritasinfo.org\/wp-content\/uploads\/2025\/09\/Hrvatska.webp",1998,1049,false],"thumbnail":["https:\/\/veritasinfo.org\/wp-content\/uploads\/2025\/09\/Hrvatska-150x150.webp",150,150,true],"medium":["https:\/\/veritasinfo.org\/wp-content\/uploads\/2025\/09\/Hrvatska-300x158.webp",300,158,true],"medium_large":["https:\/\/veritasinfo.org\/wp-content\/uploads\/2025\/09\/Hrvatska-768x403.webp",640,336,true],"large":["https:\/\/veritasinfo.org\/wp-content\/uploads\/2025\/09\/Hrvatska-1024x538.webp",640,336,true],"1536x1536":["https:\/\/veritasinfo.org\/wp-content\/uploads\/2025\/09\/Hrvatska-1536x806.webp",1536,806,true],"2048x2048":["https:\/\/veritasinfo.org\/wp-content\/uploads\/2025\/09\/Hrvatska.webp",1998,1049,false],"kreeti-slider-full":["https:\/\/veritasinfo.org\/wp-content\/uploads\/2025\/09\/Hrvatska.webp",1280,672,false],"kreeti-featured":["https:\/\/veritasinfo.org\/wp-content\/uploads\/2025\/09\/Hrvatska.webp",1024,538,false],"kreeti-medium":["https:\/\/veritasinfo.org\/wp-content\/uploads\/2025\/09\/Hrvatska.webp",720,378,false],"kreeti-medium-square":["https:\/\/veritasinfo.org\/wp-content\/uploads\/2025\/09\/Hrvatska.webp",350,184,false]},"author_info":{"info":["US1"]},"category_info":"<a href=\"https:\/\/veritasinfo.org\/?cat=72\" rel=\"category\">Bota<\/a>","tag_info":"Bota","comment_count":"0","_links":{"self":[{"href":"https:\/\/veritasinfo.org\/index.php?rest_route=\/wp\/v2\/posts\/10933","targetHints":{"allow":["GET"]}}],"collection":[{"href":"https:\/\/veritasinfo.org\/index.php?rest_route=\/wp\/v2\/posts"}],"about":[{"href":"https:\/\/veritasinfo.org\/index.php?rest_route=\/wp\/v2\/types\/post"}],"author":[{"embeddable":true,"href":"https:\/\/veritasinfo.org\/index.php?rest_route=\/wp\/v2\/users\/2"}],"replies":[{"embeddable":true,"href":"https:\/\/veritasinfo.org\/index.php?rest_route=%2Fwp%2Fv2%2Fcomments&post=10933"}],"version-history":[{"count":1,"href":"https:\/\/veritasinfo.org\/index.php?rest_route=\/wp\/v2\/posts\/10933\/revisions"}],"predecessor-version":[{"id":10935,"href":"https:\/\/veritasinfo.org\/index.php?rest_route=\/wp\/v2\/posts\/10933\/revisions\/10935"}],"wp:featuredmedia":[{"embeddable":true,"href":"https:\/\/veritasinfo.org\/index.php?rest_route=\/wp\/v2\/media\/10934"}],"wp:attachment":[{"href":"https:\/\/veritasinfo.org\/index.php?rest_route=%2Fwp%2Fv2%2Fmedia&parent=10933"}],"wp:term":[{"taxonomy":"category","embeddable":true,"href":"https:\/\/veritasinfo.org\/index.php?rest_route=%2Fwp%2Fv2%2Fcategories&post=10933"},{"taxonomy":"post_tag","embeddable":true,"href":"https:\/\/veritasinfo.org\/index.php?rest_route=%2Fwp%2Fv2%2Ftags&post=10933"}],"curies":[{"name":"wp","href":"https:\/\/api.w.org\/{rel}","templated":true}]}}