{"id":10901,"date":"2025-09-06T16:00:46","date_gmt":"2025-09-06T14:00:46","guid":{"rendered":"https:\/\/veritasinfo.org\/?p=10901"},"modified":"2025-09-06T16:00:46","modified_gmt":"2025-09-06T14:00:46","slug":"vuciq-frikesohet-nga-protestat-fajeson-kurtin-per-revolten-qytetare-ne-serbi","status":"publish","type":"post","link":"https:\/\/veritasinfo.org\/?p=10901","title":{"rendered":"Vu\u00e7iq frik\u00ebsohet nga protestat, faj\u00ebson Kurtin p\u00ebr revolt\u00ebn qytetare n\u00eb Serbi"},"content":{"rendered":"<p><strong>Beograd, 06 shtator 2025<\/strong><\/p>\n<p>Presidenti i Serbis\u00eb, Aleksand\u00ebr Vu\u00e7iq, n\u00eb nj\u00eb intervist\u00eb p\u00ebr Tv Pink ka folur p\u00ebr protestat masive q\u00eb po organizohen tash e nj\u00eb koh\u00eb n\u00eb Serbi kund\u00ebr regjimit t\u00eb tij.<\/p>\n<p>Si\u00e7 ka th\u00ebn\u00eb Vu\u00e7iq, me dat\u00ebn 19 shtator jan\u00eb duke u p\u00ebrgatitur protesta t\u00eb reja dhe se \u201csh\u00ebnjestra\u201d e protestuesve, sipas tij, \u00ebsht\u00eb e ashtuquajtura \u201cZyra p\u00ebr Kosov\u00ebn\u201d n\u00eb qeverin\u00eb serbe.<\/p>\n<p>Kreu i shtetit serb i cili \u00ebsht\u00eb kthyer n\u00eb Serbi pas vizit\u00ebs s\u00eb p\u00ebrbashk\u00ebt q\u00eb ka pasur n\u00eb Kin\u00eb bashk\u00eb me Vladimir Putinin e Kim Jong Un, ka th\u00ebn\u00eb se nj\u00eb protest\u00eb e till\u00eb \u201cduket sikur t\u00eb ishte urdh\u00ebruar Kurti\u201d<\/p>\n<p>\u201cNd\u00ebrsa k\u00ebta njer\u00ebz po rrihnin policin\u00eb, ata mor\u00ebn nj\u00eb vendim n\u00eb Beograd, sikur Kurti t\u2019i kishte urdh\u00ebruar ta b\u00ebnin k\u00ebt\u00eb, p\u00ebr t\u00eb organizuar nj\u00eb demonstrat\u00eb m\u00eb 19 dhe nuk do ta besoni, kund\u00ebr Zyr\u00ebs p\u00ebr Kosov\u00ebn\u201d, ka th\u00ebn\u00eb ai.<\/p>\n","protected":false},"excerpt":{"rendered":"<p>Beograd, 06 shtator 2025 Presidenti i Serbis\u00eb, Aleksand\u00ebr Vu\u00e7iq, n\u00eb nj\u00eb intervist\u00eb p\u00ebr Tv Pink ka folur p\u00ebr protestat masive q\u00eb po organizohen tash e<\/p>\n","protected":false},"author":2,"featured_media":10902,"comment_status":"open","ping_status":"open","sticky":false,"template":"","format":"standard","meta":{"footnotes":""},"categories":[58],"tags":[],"class_list":["post-10901","post","type-post","status-publish","format-standard","has-post-thumbnail","hentry","category-politike-sq"],"yoast_head":"<!-- This site is optimized with the Yoast SEO plugin v25.3.1 - https:\/\/yoast.com\/wordpress\/plugins\/seo\/ -->\n<title>Vu\u00e7iq frik\u00ebsohet nga protestat, faj\u00ebson Kurtin p\u00ebr revolt\u00ebn qytetare n\u00eb Serbi -<\/title>\n<meta name=\"robots\" content=\"index, follow, max-snippet:-1, max-image-preview:large, max-video-preview:-1\" \/>\n<link rel=\"canonical\" href=\"https:\/\/veritasinfo.org\/?p=10901\" \/>\n<meta property=\"og:locale\" content=\"en_US\" \/>\n<meta property=\"og:type\" content=\"article\" \/>\n<meta property=\"og:title\" content=\"Vu\u00e7iq frik\u00ebsohet nga protestat, faj\u00ebson Kurtin p\u00ebr revolt\u00ebn qytetare n\u00eb Serbi -\" \/>\n<meta property=\"og:description\" content=\"Beograd, 06 shtator 2025 Presidenti i Serbis\u00eb, Aleksand\u00ebr Vu\u00e7iq, n\u00eb nj\u00eb intervist\u00eb p\u00ebr Tv Pink ka folur p\u00ebr protestat masive q\u00eb po organizohen tash e\" \/>\n<meta property=\"og:url\" content=\"https:\/\/veritasinfo.org\/?p=10901\" \/>\n<meta property=\"article:published_time\" content=\"2025-09-06T14:00:46+00:00\" \/>\n<meta property=\"og:image\" content=\"https:\/\/veritasinfo.org\/wp-content\/uploads\/2025\/09\/vucic-1.jpg\" \/>\n\t<meta property=\"og:image:width\" content=\"460\" \/>\n\t<meta property=\"og:image:height\" content=\"259\" \/>\n\t<meta property=\"og:image:type\" content=\"image\/jpeg\" \/>\n<meta name=\"author\" content=\"US1\" \/>\n<meta name=\"twitter:card\" content=\"summary_large_image\" \/>\n<meta name=\"twitter:label1\" content=\"Written by\" \/>\n\t<meta name=\"twitter:data1\" content=\"US1\" \/>\n\t<meta name=\"twitter:label2\" content=\"Est. reading time\" \/>\n\t<meta name=\"twitter:data2\" content=\"1 minute\" \/>\n<script type=\"application\/ld+json\" class=\"yoast-schema-graph\">{\"@context\":\"https:\/\/schema.org\",\"@graph\":[{\"@type\":\"WebPage\",\"@id\":\"https:\/\/veritasinfo.org\/?p=10901\",\"url\":\"https:\/\/veritasinfo.org\/?p=10901\",\"name\":\"Vu\u00e7iq frik\u00ebsohet nga protestat, faj\u00ebson Kurtin p\u00ebr revolt\u00ebn qytetare n\u00eb Serbi -\",\"isPartOf\":{\"@id\":\"https:\/\/veritasinfo.org\/#website\"},\"primaryImageOfPage\":{\"@id\":\"https:\/\/veritasinfo.org\/?p=10901#primaryimage\"},\"image\":{\"@id\":\"https:\/\/veritasinfo.org\/?p=10901#primaryimage\"},\"thumbnailUrl\":\"https:\/\/veritasinfo.org\/wp-content\/uploads\/2025\/09\/vucic-1.jpg\",\"datePublished\":\"2025-09-06T14:00:46+00:00\",\"author\":{\"@id\":\"https:\/\/veritasinfo.org\/#\/schema\/person\/c2b8be262ea994d0995addca692c5e98\"},\"breadcrumb\":{\"@id\":\"https:\/\/veritasinfo.org\/?p=10901#breadcrumb\"},\"inLanguage\":\"en-US\",\"potentialAction\":[{\"@type\":\"ReadAction\",\"target\":[\"https:\/\/veritasinfo.org\/?p=10901\"]}]},{\"@type\":\"ImageObject\",\"inLanguage\":\"en-US\",\"@id\":\"https:\/\/veritasinfo.org\/?p=10901#primaryimage\",\"url\":\"https:\/\/veritasinfo.org\/wp-content\/uploads\/2025\/09\/vucic-1.jpg\",\"contentUrl\":\"https:\/\/veritasinfo.org\/wp-content\/uploads\/2025\/09\/vucic-1.jpg\",\"width\":460,\"height\":259},{\"@type\":\"BreadcrumbList\",\"@id\":\"https:\/\/veritasinfo.org\/?p=10901#breadcrumb\",\"itemListElement\":[{\"@type\":\"ListItem\",\"position\":1,\"name\":\"Home\",\"item\":\"https:\/\/veritasinfo.org\/\"},{\"@type\":\"ListItem\",\"position\":2,\"name\":\"Vu\u00e7iq frik\u00ebsohet nga protestat, faj\u00ebson Kurtin p\u00ebr revolt\u00ebn qytetare n\u00eb Serbi\"}]},{\"@type\":\"WebSite\",\"@id\":\"https:\/\/veritasinfo.org\/#website\",\"url\":\"https:\/\/veritasinfo.org\/\",\"name\":\"\",\"description\":\"\",\"potentialAction\":[{\"@type\":\"SearchAction\",\"target\":{\"@type\":\"EntryPoint\",\"urlTemplate\":\"https:\/\/veritasinfo.org\/?s={search_term_string}\"},\"query-input\":{\"@type\":\"PropertyValueSpecification\",\"valueRequired\":true,\"valueName\":\"search_term_string\"}}],\"inLanguage\":\"en-US\"},{\"@type\":\"Person\",\"@id\":\"https:\/\/veritasinfo.org\/#\/schema\/person\/c2b8be262ea994d0995addca692c5e98\",\"name\":\"US1\",\"image\":{\"@type\":\"ImageObject\",\"inLanguage\":\"en-US\",\"@id\":\"https:\/\/veritasinfo.org\/#\/schema\/person\/image\/\",\"url\":\"https:\/\/secure.gravatar.com\/avatar\/4e96a59bd256abf9956eb9963ac891a47461ffb364d47b0e9aab113328fdb75b?s=96&d=mm&r=g\",\"contentUrl\":\"https:\/\/secure.gravatar.com\/avatar\/4e96a59bd256abf9956eb9963ac891a47461ffb364d47b0e9aab113328fdb75b?s=96&d=mm&r=g\",\"caption\":\"US1\"},\"url\":\"https:\/\/veritasinfo.org\/?author=2\"}]}<\/script>\n<!-- \/ Yoast SEO plugin. -->","yoast_head_json":{"title":"Vu\u00e7iq frik\u00ebsohet nga protestat, faj\u00ebson Kurtin p\u00ebr revolt\u00ebn qytetare n\u00eb Serbi -","robots":{"index":"index","follow":"follow","max-snippet":"max-snippet:-1","max-image-preview":"max-image-preview:large","max-video-preview":"max-video-preview:-1"},"canonical":"https:\/\/veritasinfo.org\/?p=10901","og_locale":"en_US","og_type":"article","og_title":"Vu\u00e7iq frik\u00ebsohet nga protestat, faj\u00ebson Kurtin p\u00ebr revolt\u00ebn qytetare n\u00eb Serbi -","og_description":"Beograd, 06 shtator 2025 Presidenti i Serbis\u00eb, Aleksand\u00ebr Vu\u00e7iq, n\u00eb nj\u00eb intervist\u00eb p\u00ebr Tv Pink ka folur p\u00ebr protestat masive q\u00eb po organizohen tash e","og_url":"https:\/\/veritasinfo.org\/?p=10901","article_published_time":"2025-09-06T14:00:46+00:00","og_image":[{"width":460,"height":259,"url":"https:\/\/veritasinfo.org\/wp-content\/uploads\/2025\/09\/vucic-1.jpg","type":"image\/jpeg"}],"author":"US1","twitter_card":"summary_large_image","twitter_misc":{"Written by":"US1","Est. reading time":"1 minute"},"schema":{"@context":"https:\/\/schema.org","@graph":[{"@type":"WebPage","@id":"https:\/\/veritasinfo.org\/?p=10901","url":"https:\/\/veritasinfo.org\/?p=10901","name":"Vu\u00e7iq frik\u00ebsohet nga protestat, faj\u00ebson Kurtin p\u00ebr revolt\u00ebn qytetare n\u00eb Serbi -","isPartOf":{"@id":"https:\/\/veritasinfo.org\/#website"},"primaryImageOfPage":{"@id":"https:\/\/veritasinfo.org\/?p=10901#primaryimage"},"image":{"@id":"https:\/\/veritasinfo.org\/?p=10901#primaryimage"},"thumbnailUrl":"https:\/\/veritasinfo.org\/wp-content\/uploads\/2025\/09\/vucic-1.jpg","datePublished":"2025-09-06T14:00:46+00:00","author":{"@id":"https:\/\/veritasinfo.org\/#\/schema\/person\/c2b8be262ea994d0995addca692c5e98"},"breadcrumb":{"@id":"https:\/\/veritasinfo.org\/?p=10901#breadcrumb"},"inLanguage":"en-US","potentialAction":[{"@type":"ReadAction","target":["https:\/\/veritasinfo.org\/?p=10901"]}]},{"@type":"ImageObject","inLanguage":"en-US","@id":"https:\/\/veritasinfo.org\/?p=10901#primaryimage","url":"https:\/\/veritasinfo.org\/wp-content\/uploads\/2025\/09\/vucic-1.jpg","contentUrl":"https:\/\/veritasinfo.org\/wp-content\/uploads\/2025\/09\/vucic-1.jpg","width":460,"height":259},{"@type":"BreadcrumbList","@id":"https:\/\/veritasinfo.org\/?p=10901#breadcrumb","itemListElement":[{"@type":"ListItem","position":1,"name":"Home","item":"https:\/\/veritasinfo.org\/"},{"@type":"ListItem","position":2,"name":"Vu\u00e7iq frik\u00ebsohet nga protestat, faj\u00ebson Kurtin p\u00ebr revolt\u00ebn qytetare n\u00eb Serbi"}]},{"@type":"WebSite","@id":"https:\/\/veritasinfo.org\/#website","url":"https:\/\/veritasinfo.org\/","name":"","description":"","potentialAction":[{"@type":"SearchAction","target":{"@type":"EntryPoint","urlTemplate":"https:\/\/veritasinfo.org\/?s={search_term_string}"},"query-input":{"@type":"PropertyValueSpecification","valueRequired":true,"valueName":"search_term_string"}}],"inLanguage":"en-US"},{"@type":"Person","@id":"https:\/\/veritasinfo.org\/#\/schema\/person\/c2b8be262ea994d0995addca692c5e98","name":"US1","image":{"@type":"ImageObject","inLanguage":"en-US","@id":"https:\/\/veritasinfo.org\/#\/schema\/person\/image\/","url":"https:\/\/secure.gravatar.com\/avatar\/4e96a59bd256abf9956eb9963ac891a47461ffb364d47b0e9aab113328fdb75b?s=96&d=mm&r=g","contentUrl":"https:\/\/secure.gravatar.com\/avatar\/4e96a59bd256abf9956eb9963ac891a47461ffb364d47b0e9aab113328fdb75b?s=96&d=mm&r=g","caption":"US1"},"url":"https:\/\/veritasinfo.org\/?author=2"}]}},"featured_image_urls":{"full":["https:\/\/veritasinfo.org\/wp-content\/uploads\/2025\/09\/vucic-1.jpg",460,259,false],"thumbnail":["https:\/\/veritasinfo.org\/wp-content\/uploads\/2025\/09\/vucic-1-150x150.jpg",150,150,true],"medium":["https:\/\/veritasinfo.org\/wp-content\/uploads\/2025\/09\/vucic-1-300x169.jpg",300,169,true],"medium_large":["https:\/\/veritasinfo.org\/wp-content\/uploads\/2025\/09\/vucic-1.jpg",460,259,false],"large":["https:\/\/veritasinfo.org\/wp-content\/uploads\/2025\/09\/vucic-1.jpg",460,259,false],"1536x1536":["https:\/\/veritasinfo.org\/wp-content\/uploads\/2025\/09\/vucic-1.jpg",460,259,false],"2048x2048":["https:\/\/veritasinfo.org\/wp-content\/uploads\/2025\/09\/vucic-1.jpg",460,259,false],"kreeti-slider-full":["https:\/\/veritasinfo.org\/wp-content\/uploads\/2025\/09\/vucic-1.jpg",460,259,false],"kreeti-featured":["https:\/\/veritasinfo.org\/wp-content\/uploads\/2025\/09\/vucic-1.jpg",460,259,false],"kreeti-medium":["https:\/\/veritasinfo.org\/wp-content\/uploads\/2025\/09\/vucic-1.jpg",460,259,false],"kreeti-medium-square":["https:\/\/veritasinfo.org\/wp-content\/uploads\/2025\/09\/vucic-1.jpg",350,197,false]},"author_info":{"info":["US1"]},"category_info":"<a href=\"https:\/\/veritasinfo.org\/?cat=58\" rel=\"category\">Politik\u00eb<\/a>","tag_info":"Politik\u00eb","comment_count":"0","_links":{"self":[{"href":"https:\/\/veritasinfo.org\/index.php?rest_route=\/wp\/v2\/posts\/10901","targetHints":{"allow":["GET"]}}],"collection":[{"href":"https:\/\/veritasinfo.org\/index.php?rest_route=\/wp\/v2\/posts"}],"about":[{"href":"https:\/\/veritasinfo.org\/index.php?rest_route=\/wp\/v2\/types\/post"}],"author":[{"embeddable":true,"href":"https:\/\/veritasinfo.org\/index.php?rest_route=\/wp\/v2\/users\/2"}],"replies":[{"embeddable":true,"href":"https:\/\/veritasinfo.org\/index.php?rest_route=%2Fwp%2Fv2%2Fcomments&post=10901"}],"version-history":[{"count":1,"href":"https:\/\/veritasinfo.org\/index.php?rest_route=\/wp\/v2\/posts\/10901\/revisions"}],"predecessor-version":[{"id":10903,"href":"https:\/\/veritasinfo.org\/index.php?rest_route=\/wp\/v2\/posts\/10901\/revisions\/10903"}],"wp:featuredmedia":[{"embeddable":true,"href":"https:\/\/veritasinfo.org\/index.php?rest_route=\/wp\/v2\/media\/10902"}],"wp:attachment":[{"href":"https:\/\/veritasinfo.org\/index.php?rest_route=%2Fwp%2Fv2%2Fmedia&parent=10901"}],"wp:term":[{"taxonomy":"category","embeddable":true,"href":"https:\/\/veritasinfo.org\/index.php?rest_route=%2Fwp%2Fv2%2Fcategories&post=10901"},{"taxonomy":"post_tag","embeddable":true,"href":"https:\/\/veritasinfo.org\/index.php?rest_route=%2Fwp%2Fv2%2Ftags&post=10901"}],"curies":[{"name":"wp","href":"https:\/\/api.w.org\/{rel}","templated":true}]}}