{"id":10896,"date":"2025-09-06T15:35:55","date_gmt":"2025-09-06T13:35:55","guid":{"rendered":"https:\/\/veritasinfo.org\/?p=10896"},"modified":"2025-09-06T15:35:55","modified_gmt":"2025-09-06T13:35:55","slug":"ne-bujanoc-shfaqen-grafite-me-emer-te-kriminelit-te-luftes-ratko-mladiq-reagon-mustafi","status":"publish","type":"post","link":"https:\/\/veritasinfo.org\/?p=10896","title":{"rendered":"N\u00eb Bujanoc shfaqen grafite me em\u00ebr t\u00eb kriminelit t\u00eb luft\u00ebs Ratko Mladiq, reagon Mustafi"},"content":{"rendered":"<p><strong>Bujanoc, 06 shtator 2025<\/strong><\/p>\n<p>N\u00eb qend\u00ebr t\u00eb Bujanocit jan\u00eb shfaqur grafite me emrin e kriminelit t\u00eb luft\u00ebs Ratko Mladiq. Politikani nga Lugina e Preshev\u00ebs, Ragmi Mustafi, i ka quajtur grafitet t\u00eb papranueshme dhe k\u00ebrc\u00ebnim ndaj siguris\u00eb e bashk\u00ebjetes\u00ebs.<\/p>\n<p>Mustafi, q\u00eb \u00ebsht\u00eb k\u00ebshilltar i z\u00ebvend\u00ebskryeministrit n\u00eb detyr\u00eb t\u00eb Kosov\u00ebs, Besnik Bislimi, tha se grafitet jan\u00eb shfaqur n\u00eb qend\u00ebr t\u00eb Bujanocit.<\/p>\n<p>\u201cN\u00eb nj\u00eb qytet me shumic\u00eb shqiptare, n\u00eb vitin 2025, t\u00eb shfaqet publikisht emri i gjeneralit t\u00eb d\u00ebnuar p\u00ebr gjenocid n\u00eb Srebrenic\u00eb, bashk\u00eb me simbole nacionaliste e urrejt\u00ebse, \u00ebsht\u00eb d\u00ebshmi e qart\u00eb e rr\u00ebnimit t\u00eb siguris\u00eb publike dhe mosnd\u00ebshkimit institucional. N\u00eb gusht, u thye billboard-i i Komandant Lleshit, nj\u00eb figur\u00eb e dashur p\u00ebr shqiptar\u00ebt e Lugin\u00ebs, n\u00eb p\u00ebrvjetorin e r\u00ebnies s\u00eb tij. Asnj\u00eb reagim nga autoritetet. As policore. As institucionale. Paraprakisht ishin shfaq\u00eb grafite me thirrje p\u00ebr vrasje t\u00eb shqiptar\u00ebve dy her\u00eb tek Sht\u00ebpia e Sh\u00ebndetit. Prap\u00eb heshtje. Sot, kemi k\u00ebt\u00eb: \u201c\u0420\u0410\u0422\u041a\u041e \u041c\u041b\u0410\u0414\u0418\u040b\u201d me t\u00eb kuqe n\u00eb qend\u00ebr t\u00eb qytetit. E njohim mir\u00eb k\u00ebt\u00eb stil: nacionaliz\u00ebm, provokim dhe frik\u00ebsim i q\u00ebllimsh\u00ebm i shqiptar\u00ebve n\u00eb vendin e tyre\u201d, ka shkruar Mustafi n\u00eb Facebook.\u00a0 \u201cAty ku \u201cmultietniciteti\u201d po nd\u00ebrton realitetin e ri. Serbizimi sistematik i Bujanocit\u201d<\/p>\n<p>Ai ka th\u00ebn\u00eb se serbizimi sistematik i Bujanocit po ndodh me mjete m\u00eb t\u00eb sofistikuara.<\/p>\n","protected":false},"excerpt":{"rendered":"<p>Bujanoc, 06 shtator 2025 N\u00eb qend\u00ebr t\u00eb Bujanocit jan\u00eb shfaqur grafite me emrin e kriminelit t\u00eb luft\u00ebs Ratko Mladiq. Politikani nga Lugina e Preshev\u00ebs, Ragmi<\/p>\n","protected":false},"author":2,"featured_media":10897,"comment_status":"open","ping_status":"open","sticky":false,"template":"","format":"standard","meta":{"footnotes":""},"categories":[58],"tags":[],"class_list":["post-10896","post","type-post","status-publish","format-standard","has-post-thumbnail","hentry","category-politike-sq"],"yoast_head":"<!-- This site is optimized with the Yoast SEO plugin v25.3.1 - https:\/\/yoast.com\/wordpress\/plugins\/seo\/ -->\n<title>N\u00eb Bujanoc shfaqen grafite me em\u00ebr t\u00eb kriminelit t\u00eb luft\u00ebs Ratko Mladiq, reagon Mustafi -<\/title>\n<meta name=\"robots\" content=\"index, follow, max-snippet:-1, max-image-preview:large, max-video-preview:-1\" \/>\n<link rel=\"canonical\" href=\"https:\/\/veritasinfo.org\/?p=10896\" \/>\n<meta property=\"og:locale\" content=\"en_US\" \/>\n<meta property=\"og:type\" content=\"article\" \/>\n<meta property=\"og:title\" content=\"N\u00eb Bujanoc shfaqen grafite me em\u00ebr t\u00eb kriminelit t\u00eb luft\u00ebs Ratko Mladiq, reagon Mustafi -\" \/>\n<meta property=\"og:description\" content=\"Bujanoc, 06 shtator 2025 N\u00eb qend\u00ebr t\u00eb Bujanocit jan\u00eb shfaqur grafite me emrin e kriminelit t\u00eb luft\u00ebs Ratko Mladiq. Politikani nga Lugina e Preshev\u00ebs, Ragmi\" \/>\n<meta property=\"og:url\" content=\"https:\/\/veritasinfo.org\/?p=10896\" \/>\n<meta property=\"article:published_time\" content=\"2025-09-06T13:35:55+00:00\" \/>\n<meta property=\"og:image\" content=\"https:\/\/veritasinfo.org\/wp-content\/uploads\/2025\/09\/bujanoc.webp\" \/>\n\t<meta property=\"og:image:width\" content=\"1360\" \/>\n\t<meta property=\"og:image:height\" content=\"870\" \/>\n\t<meta property=\"og:image:type\" content=\"image\/webp\" \/>\n<meta name=\"author\" content=\"US1\" \/>\n<meta name=\"twitter:card\" content=\"summary_large_image\" \/>\n<meta name=\"twitter:label1\" content=\"Written by\" \/>\n\t<meta name=\"twitter:data1\" content=\"US1\" \/>\n\t<meta name=\"twitter:label2\" content=\"Est. reading time\" \/>\n\t<meta name=\"twitter:data2\" content=\"1 minute\" \/>\n<script type=\"application\/ld+json\" class=\"yoast-schema-graph\">{\"@context\":\"https:\/\/schema.org\",\"@graph\":[{\"@type\":\"WebPage\",\"@id\":\"https:\/\/veritasinfo.org\/?p=10896\",\"url\":\"https:\/\/veritasinfo.org\/?p=10896\",\"name\":\"N\u00eb Bujanoc shfaqen grafite me em\u00ebr t\u00eb kriminelit t\u00eb luft\u00ebs Ratko Mladiq, reagon Mustafi -\",\"isPartOf\":{\"@id\":\"https:\/\/veritasinfo.org\/#website\"},\"primaryImageOfPage\":{\"@id\":\"https:\/\/veritasinfo.org\/?p=10896#primaryimage\"},\"image\":{\"@id\":\"https:\/\/veritasinfo.org\/?p=10896#primaryimage\"},\"thumbnailUrl\":\"https:\/\/veritasinfo.org\/wp-content\/uploads\/2025\/09\/bujanoc.webp\",\"datePublished\":\"2025-09-06T13:35:55+00:00\",\"author\":{\"@id\":\"https:\/\/veritasinfo.org\/#\/schema\/person\/c2b8be262ea994d0995addca692c5e98\"},\"breadcrumb\":{\"@id\":\"https:\/\/veritasinfo.org\/?p=10896#breadcrumb\"},\"inLanguage\":\"en-US\",\"potentialAction\":[{\"@type\":\"ReadAction\",\"target\":[\"https:\/\/veritasinfo.org\/?p=10896\"]}]},{\"@type\":\"ImageObject\",\"inLanguage\":\"en-US\",\"@id\":\"https:\/\/veritasinfo.org\/?p=10896#primaryimage\",\"url\":\"https:\/\/veritasinfo.org\/wp-content\/uploads\/2025\/09\/bujanoc.webp\",\"contentUrl\":\"https:\/\/veritasinfo.org\/wp-content\/uploads\/2025\/09\/bujanoc.webp\",\"width\":1360,\"height\":870},{\"@type\":\"BreadcrumbList\",\"@id\":\"https:\/\/veritasinfo.org\/?p=10896#breadcrumb\",\"itemListElement\":[{\"@type\":\"ListItem\",\"position\":1,\"name\":\"Home\",\"item\":\"https:\/\/veritasinfo.org\/\"},{\"@type\":\"ListItem\",\"position\":2,\"name\":\"N\u00eb Bujanoc shfaqen grafite me em\u00ebr t\u00eb kriminelit t\u00eb luft\u00ebs Ratko Mladiq, reagon Mustafi\"}]},{\"@type\":\"WebSite\",\"@id\":\"https:\/\/veritasinfo.org\/#website\",\"url\":\"https:\/\/veritasinfo.org\/\",\"name\":\"\",\"description\":\"\",\"potentialAction\":[{\"@type\":\"SearchAction\",\"target\":{\"@type\":\"EntryPoint\",\"urlTemplate\":\"https:\/\/veritasinfo.org\/?s={search_term_string}\"},\"query-input\":{\"@type\":\"PropertyValueSpecification\",\"valueRequired\":true,\"valueName\":\"search_term_string\"}}],\"inLanguage\":\"en-US\"},{\"@type\":\"Person\",\"@id\":\"https:\/\/veritasinfo.org\/#\/schema\/person\/c2b8be262ea994d0995addca692c5e98\",\"name\":\"US1\",\"image\":{\"@type\":\"ImageObject\",\"inLanguage\":\"en-US\",\"@id\":\"https:\/\/veritasinfo.org\/#\/schema\/person\/image\/\",\"url\":\"https:\/\/secure.gravatar.com\/avatar\/4e96a59bd256abf9956eb9963ac891a47461ffb364d47b0e9aab113328fdb75b?s=96&d=mm&r=g\",\"contentUrl\":\"https:\/\/secure.gravatar.com\/avatar\/4e96a59bd256abf9956eb9963ac891a47461ffb364d47b0e9aab113328fdb75b?s=96&d=mm&r=g\",\"caption\":\"US1\"},\"url\":\"https:\/\/veritasinfo.org\/?author=2\"}]}<\/script>\n<!-- \/ Yoast SEO plugin. -->","yoast_head_json":{"title":"N\u00eb Bujanoc shfaqen grafite me em\u00ebr t\u00eb kriminelit t\u00eb luft\u00ebs Ratko Mladiq, reagon Mustafi -","robots":{"index":"index","follow":"follow","max-snippet":"max-snippet:-1","max-image-preview":"max-image-preview:large","max-video-preview":"max-video-preview:-1"},"canonical":"https:\/\/veritasinfo.org\/?p=10896","og_locale":"en_US","og_type":"article","og_title":"N\u00eb Bujanoc shfaqen grafite me em\u00ebr t\u00eb kriminelit t\u00eb luft\u00ebs Ratko Mladiq, reagon Mustafi -","og_description":"Bujanoc, 06 shtator 2025 N\u00eb qend\u00ebr t\u00eb Bujanocit jan\u00eb shfaqur grafite me emrin e kriminelit t\u00eb luft\u00ebs Ratko Mladiq. Politikani nga Lugina e Preshev\u00ebs, Ragmi","og_url":"https:\/\/veritasinfo.org\/?p=10896","article_published_time":"2025-09-06T13:35:55+00:00","og_image":[{"width":1360,"height":870,"url":"https:\/\/veritasinfo.org\/wp-content\/uploads\/2025\/09\/bujanoc.webp","type":"image\/webp"}],"author":"US1","twitter_card":"summary_large_image","twitter_misc":{"Written by":"US1","Est. reading time":"1 minute"},"schema":{"@context":"https:\/\/schema.org","@graph":[{"@type":"WebPage","@id":"https:\/\/veritasinfo.org\/?p=10896","url":"https:\/\/veritasinfo.org\/?p=10896","name":"N\u00eb Bujanoc shfaqen grafite me em\u00ebr t\u00eb kriminelit t\u00eb luft\u00ebs Ratko Mladiq, reagon Mustafi -","isPartOf":{"@id":"https:\/\/veritasinfo.org\/#website"},"primaryImageOfPage":{"@id":"https:\/\/veritasinfo.org\/?p=10896#primaryimage"},"image":{"@id":"https:\/\/veritasinfo.org\/?p=10896#primaryimage"},"thumbnailUrl":"https:\/\/veritasinfo.org\/wp-content\/uploads\/2025\/09\/bujanoc.webp","datePublished":"2025-09-06T13:35:55+00:00","author":{"@id":"https:\/\/veritasinfo.org\/#\/schema\/person\/c2b8be262ea994d0995addca692c5e98"},"breadcrumb":{"@id":"https:\/\/veritasinfo.org\/?p=10896#breadcrumb"},"inLanguage":"en-US","potentialAction":[{"@type":"ReadAction","target":["https:\/\/veritasinfo.org\/?p=10896"]}]},{"@type":"ImageObject","inLanguage":"en-US","@id":"https:\/\/veritasinfo.org\/?p=10896#primaryimage","url":"https:\/\/veritasinfo.org\/wp-content\/uploads\/2025\/09\/bujanoc.webp","contentUrl":"https:\/\/veritasinfo.org\/wp-content\/uploads\/2025\/09\/bujanoc.webp","width":1360,"height":870},{"@type":"BreadcrumbList","@id":"https:\/\/veritasinfo.org\/?p=10896#breadcrumb","itemListElement":[{"@type":"ListItem","position":1,"name":"Home","item":"https:\/\/veritasinfo.org\/"},{"@type":"ListItem","position":2,"name":"N\u00eb Bujanoc shfaqen grafite me em\u00ebr t\u00eb kriminelit t\u00eb luft\u00ebs Ratko Mladiq, reagon Mustafi"}]},{"@type":"WebSite","@id":"https:\/\/veritasinfo.org\/#website","url":"https:\/\/veritasinfo.org\/","name":"","description":"","potentialAction":[{"@type":"SearchAction","target":{"@type":"EntryPoint","urlTemplate":"https:\/\/veritasinfo.org\/?s={search_term_string}"},"query-input":{"@type":"PropertyValueSpecification","valueRequired":true,"valueName":"search_term_string"}}],"inLanguage":"en-US"},{"@type":"Person","@id":"https:\/\/veritasinfo.org\/#\/schema\/person\/c2b8be262ea994d0995addca692c5e98","name":"US1","image":{"@type":"ImageObject","inLanguage":"en-US","@id":"https:\/\/veritasinfo.org\/#\/schema\/person\/image\/","url":"https:\/\/secure.gravatar.com\/avatar\/4e96a59bd256abf9956eb9963ac891a47461ffb364d47b0e9aab113328fdb75b?s=96&d=mm&r=g","contentUrl":"https:\/\/secure.gravatar.com\/avatar\/4e96a59bd256abf9956eb9963ac891a47461ffb364d47b0e9aab113328fdb75b?s=96&d=mm&r=g","caption":"US1"},"url":"https:\/\/veritasinfo.org\/?author=2"}]}},"featured_image_urls":{"full":["https:\/\/veritasinfo.org\/wp-content\/uploads\/2025\/09\/bujanoc.webp",1360,870,false],"thumbnail":["https:\/\/veritasinfo.org\/wp-content\/uploads\/2025\/09\/bujanoc-150x150.webp",150,150,true],"medium":["https:\/\/veritasinfo.org\/wp-content\/uploads\/2025\/09\/bujanoc-300x192.webp",300,192,true],"medium_large":["https:\/\/veritasinfo.org\/wp-content\/uploads\/2025\/09\/bujanoc-768x491.webp",640,409,true],"large":["https:\/\/veritasinfo.org\/wp-content\/uploads\/2025\/09\/bujanoc-1024x655.webp",640,409,true],"1536x1536":["https:\/\/veritasinfo.org\/wp-content\/uploads\/2025\/09\/bujanoc.webp",1360,870,false],"2048x2048":["https:\/\/veritasinfo.org\/wp-content\/uploads\/2025\/09\/bujanoc.webp",1360,870,false],"kreeti-slider-full":["https:\/\/veritasinfo.org\/wp-content\/uploads\/2025\/09\/bujanoc.webp",1126,720,false],"kreeti-featured":["https:\/\/veritasinfo.org\/wp-content\/uploads\/2025\/09\/bujanoc.webp",1024,655,false],"kreeti-medium":["https:\/\/veritasinfo.org\/wp-content\/uploads\/2025\/09\/bujanoc.webp",720,461,false],"kreeti-medium-square":["https:\/\/veritasinfo.org\/wp-content\/uploads\/2025\/09\/bujanoc.webp",350,224,false]},"author_info":{"info":["US1"]},"category_info":"<a href=\"https:\/\/veritasinfo.org\/?cat=58\" rel=\"category\">Politik\u00eb<\/a>","tag_info":"Politik\u00eb","comment_count":"0","_links":{"self":[{"href":"https:\/\/veritasinfo.org\/index.php?rest_route=\/wp\/v2\/posts\/10896","targetHints":{"allow":["GET"]}}],"collection":[{"href":"https:\/\/veritasinfo.org\/index.php?rest_route=\/wp\/v2\/posts"}],"about":[{"href":"https:\/\/veritasinfo.org\/index.php?rest_route=\/wp\/v2\/types\/post"}],"author":[{"embeddable":true,"href":"https:\/\/veritasinfo.org\/index.php?rest_route=\/wp\/v2\/users\/2"}],"replies":[{"embeddable":true,"href":"https:\/\/veritasinfo.org\/index.php?rest_route=%2Fwp%2Fv2%2Fcomments&post=10896"}],"version-history":[{"count":1,"href":"https:\/\/veritasinfo.org\/index.php?rest_route=\/wp\/v2\/posts\/10896\/revisions"}],"predecessor-version":[{"id":10898,"href":"https:\/\/veritasinfo.org\/index.php?rest_route=\/wp\/v2\/posts\/10896\/revisions\/10898"}],"wp:featuredmedia":[{"embeddable":true,"href":"https:\/\/veritasinfo.org\/index.php?rest_route=\/wp\/v2\/media\/10897"}],"wp:attachment":[{"href":"https:\/\/veritasinfo.org\/index.php?rest_route=%2Fwp%2Fv2%2Fmedia&parent=10896"}],"wp:term":[{"taxonomy":"category","embeddable":true,"href":"https:\/\/veritasinfo.org\/index.php?rest_route=%2Fwp%2Fv2%2Fcategories&post=10896"},{"taxonomy":"post_tag","embeddable":true,"href":"https:\/\/veritasinfo.org\/index.php?rest_route=%2Fwp%2Fv2%2Ftags&post=10896"}],"curies":[{"name":"wp","href":"https:\/\/api.w.org\/{rel}","templated":true}]}}