{"id":10885,"date":"2025-09-06T14:13:14","date_gmt":"2025-09-06T12:13:14","guid":{"rendered":"https:\/\/veritasinfo.org\/?p=10885"},"modified":"2025-09-06T14:13:14","modified_gmt":"2025-09-06T12:13:14","slug":"largimi-gradual-i-masave-qeveria-ne-detyre-jane-zhbllokuar-fondet-per-kosoven","status":"publish","type":"post","link":"https:\/\/veritasinfo.org\/?p=10885","title":{"rendered":"Largimi gradual i masave, qeveria n\u00eb detyr\u00eb: Jan\u00eb zhbllokuar fondet p\u00ebr Kosov\u00ebn"},"content":{"rendered":"<p>Prishtin\u00eb, 06 shtator 2025<\/p>\n<p>Me largimin gradual t\u00eb masave nd\u00ebshkuese t\u00eb Bashkimit Evropian jan\u00eb zhbllokuar fonde p\u00ebr Kosov\u00ebn nga Korniza Investuese p\u00ebr Ballkanin Per\u00ebndimor (WBIF), thon\u00eb n\u00eb qeverin\u00eb n\u00eb detyr\u00eb.<\/p>\n<p>Sipas tyre, pas rifillimit t\u00eb mbajtjes s\u00eb takimeve n\u00eb kuad\u00ebr t\u00eb n\u00ebnkomiteteve t\u00eb Marr\u00ebveshjes s\u00eb Stabilizim-Asocimit (MSA) jan\u00eb aprovuar edhe projekte me t\u00eb cilat Kosova ka aplikuar n\u00eb fusha si energjia apo digjitalizimi.<\/p>\n<p>Masat nd\u00ebshkuese ndaj Kosov\u00ebs jan\u00eb vendosur n\u00eb vitin 2023 pas tensioneve n\u00eb veri t\u00eb vendit. Fillimi gradual i tyre ka nisur tek n\u00eb muajin korrik t\u00eb k\u00ebtij viti, pas paralajm\u00ebrimit t\u00eb b\u00ebr\u00eb nga p\u00ebrfaq\u00ebsuesja e lart\u00eb e BE-s\u00eb p\u00ebr Politik\u00eb t\u00eb Jashtme, Kaja Kallas.<\/p>\n<p>N\u00eb lidhje me projektet konkrete q\u00eb Kosova ka p\u00ebrfituar me largimin gradual t\u00eb masave nd\u00ebshkuese nuk u p\u00ebrgjigj\u00ebn n\u00eb Bashkimin Evropian.<\/p>\n<p>Mir\u00ebpo, Klisman Kadiu, k\u00ebshilltar i z\u00ebvend\u00ebskryeministrit n\u00eb detyr\u00eb p\u00ebr Integrime Evropiane, Besnik Bislimi, thot\u00eb p\u00ebr KosovaPress, se BE-ja ka zhbllokuar fonde p\u00ebr Kosov\u00ebn e ka aprovuar projekte t\u00eb reja.<\/p>\n<p>Ai ritheksoi se Kosova ka p\u00ebrmbushur t\u00eb gjitha hapat e k\u00ebrkuar nga BE-ja p\u00ebr heqjen e masave, andaj unioni evropian duhet t\u2019i heq\u00eb t\u00eb nj\u00ebjtat sa m\u00eb par\u00eb.<\/p>\n<p>\u201cQ\u00eb n\u00eb krye t\u00eb her\u00ebs, Kosova i ka p\u00ebrmbushur hapat e k\u00ebrkuar nga Bashkimi Evropian p\u00ebr heqjen e masave, bazuar n\u00eb marr\u00ebveshjen e Bratisllav\u00ebs t\u00eb 10 korrikut 2023. Edhe pse rekomandimi p\u00ebr heqjen e masave nga Bashkimi Evropian erdhi para nj\u00eb viti, fillimi i largimit t\u00eb tyre nisi nga korriku i kaluar. Me largimin gradual t\u00eb masave tashm\u00eb kan\u00eb rifilluar t\u00eb mbahen takimet n\u00eb kuad\u00ebr t\u00eb n\u00ebnkomiteteve t\u00eb Marr\u00ebveshjes s\u00eb Stabilizim-Asocimit, jan\u00eb zhbllokuar fonde nga Korniza Investuese p\u00ebr Ballkanin Per\u00ebndimor (\u00cbBIF) e aprovuar projekte me t\u00eb cilat kemi aplikuar n\u00eb fusha si energjia apo digjitalizimi. Qeveria e Republik\u00ebs s\u00eb Kosov\u00ebs rithekson se masat e padrejta t\u00eb vendosura ndaj vendit duhet t\u00eb hiqen n\u00eb t\u00ebr\u00ebsi e sa m\u00eb par\u00eb\u201d, thot\u00eb Kadiu p\u00ebr KosovaPress.<\/p>\n<p>N\u00eb an\u00ebn tjet\u00ebr, analisti Visar Imeri, thot\u00eb p\u00ebr KosovaPress, se vendi po humb shum\u00eb p\u00ebr shkak t\u00eb masave.<\/p>\n<p>Sipas tij, me largimin gradual t\u00eb tyre s\u2019po shihen p\u00ebrfitimet, pasi n\u00eb Kosov\u00eb ka nj\u00eb stagnim t\u00eb madh ekonomik.<\/p>\n<p>\u201cKosova po humb shum\u00eb p\u00ebr shkak t\u00eb shum\u00ebs q\u00eb nuk po investohet n\u00eb Kosov\u00eb t\u00eb cilat kan\u00eb qen\u00eb t\u00eb planifikuara. Po ashtu edhe p\u00ebr shkak t\u00eb koh\u00ebzgjatjes sepse \u00ebsht\u00eb krejt ndryshe t\u00eb kishim ato para n\u00eb fillim t\u00eb vitit t\u00eb kaluar e krejt ndryshe t\u2019i marrim pas tri vjet\u00ebsh. T\u00eb gjitha vendet tjera, p\u00ebrfshir\u00eb edhe vendet e BE-s\u00eb ecin tutje, kurse Kosova po stagnon. K\u00ebto jan\u00eb nj\u00eb shum\u00eb e dobishme e parave, diku 600\u2013700 milion\u00eb para q\u00eb jan\u00eb t\u00eb bllokuara p\u00ebr shkak t\u00eb sanksioneve. Kur i shtojm\u00eb k\u00ebtu edhe parat\u00eb q\u00eb po presin nga Plani i Rritjes s\u00eb BE-s\u00eb q\u00eb Kosova ende s\u2019ka mundur t\u2019i marr\u00eb p\u00ebr shkak q\u00eb s\u2019kemi institucione funksionale\u2026 Kemi nj\u00eb stagnim t\u00eb madh ekonomik dhe n\u00eb k\u00ebt\u00eb drejtim Kosova \u00ebsht\u00eb nj\u00eb prej vendeve t\u00eb rajonit q\u00eb do t\u00eb kishte m\u00eb shum\u00eb nevoj\u00eb\u201d, deklaron ai.<\/p>\n","protected":false},"excerpt":{"rendered":"<p>Prishtin\u00eb, 06 shtator 2025 Me largimin gradual t\u00eb masave nd\u00ebshkuese t\u00eb Bashkimit Evropian jan\u00eb zhbllokuar fonde p\u00ebr Kosov\u00ebn nga Korniza Investuese p\u00ebr Ballkanin Per\u00ebndimor (WBIF),<\/p>\n","protected":false},"author":1,"featured_media":10886,"comment_status":"open","ping_status":"open","sticky":false,"template":"","format":"standard","meta":{"footnotes":""},"categories":[58],"tags":[],"class_list":["post-10885","post","type-post","status-publish","format-standard","has-post-thumbnail","hentry","category-politike-sq"],"yoast_head":"<!-- This site is optimized with the Yoast SEO plugin v25.3.1 - https:\/\/yoast.com\/wordpress\/plugins\/seo\/ -->\n<title>Largimi gradual i masave, qeveria n\u00eb detyr\u00eb: Jan\u00eb zhbllokuar fondet p\u00ebr Kosov\u00ebn -<\/title>\n<meta name=\"robots\" content=\"index, follow, max-snippet:-1, max-image-preview:large, max-video-preview:-1\" \/>\n<link rel=\"canonical\" href=\"https:\/\/veritasinfo.org\/?p=10885\" \/>\n<meta property=\"og:locale\" content=\"en_US\" \/>\n<meta property=\"og:type\" content=\"article\" \/>\n<meta property=\"og:title\" content=\"Largimi gradual i masave, qeveria n\u00eb detyr\u00eb: Jan\u00eb zhbllokuar fondet p\u00ebr Kosov\u00ebn -\" \/>\n<meta property=\"og:description\" content=\"Prishtin\u00eb, 06 shtator 2025 Me largimin gradual t\u00eb masave nd\u00ebshkuese t\u00eb Bashkimit Evropian jan\u00eb zhbllokuar fonde p\u00ebr Kosov\u00ebn nga Korniza Investuese p\u00ebr Ballkanin Per\u00ebndimor (WBIF),\" \/>\n<meta property=\"og:url\" content=\"https:\/\/veritasinfo.org\/?p=10885\" \/>\n<meta property=\"article:published_time\" content=\"2025-09-06T12:13:14+00:00\" \/>\n<meta property=\"og:image\" content=\"https:\/\/veritasinfo.org\/wp-content\/uploads\/2025\/09\/BE-kosove.jpg\" \/>\n\t<meta property=\"og:image:width\" content=\"810\" \/>\n\t<meta property=\"og:image:height\" content=\"461\" \/>\n\t<meta property=\"og:image:type\" content=\"image\/jpeg\" \/>\n<meta name=\"author\" content=\"admin\" \/>\n<meta name=\"twitter:card\" content=\"summary_large_image\" \/>\n<meta name=\"twitter:label1\" content=\"Written by\" \/>\n\t<meta name=\"twitter:data1\" content=\"admin\" \/>\n\t<meta name=\"twitter:label2\" content=\"Est. reading time\" \/>\n\t<meta name=\"twitter:data2\" content=\"3 minutes\" \/>\n<script type=\"application\/ld+json\" class=\"yoast-schema-graph\">{\"@context\":\"https:\/\/schema.org\",\"@graph\":[{\"@type\":\"WebPage\",\"@id\":\"https:\/\/veritasinfo.org\/?p=10885\",\"url\":\"https:\/\/veritasinfo.org\/?p=10885\",\"name\":\"Largimi gradual i masave, qeveria n\u00eb detyr\u00eb: Jan\u00eb zhbllokuar fondet p\u00ebr Kosov\u00ebn -\",\"isPartOf\":{\"@id\":\"https:\/\/veritasinfo.org\/#website\"},\"primaryImageOfPage\":{\"@id\":\"https:\/\/veritasinfo.org\/?p=10885#primaryimage\"},\"image\":{\"@id\":\"https:\/\/veritasinfo.org\/?p=10885#primaryimage\"},\"thumbnailUrl\":\"https:\/\/veritasinfo.org\/wp-content\/uploads\/2025\/09\/BE-kosove.jpg\",\"datePublished\":\"2025-09-06T12:13:14+00:00\",\"author\":{\"@id\":\"https:\/\/veritasinfo.org\/#\/schema\/person\/7701f8c088bece422266b100a712374f\"},\"breadcrumb\":{\"@id\":\"https:\/\/veritasinfo.org\/?p=10885#breadcrumb\"},\"inLanguage\":\"en-US\",\"potentialAction\":[{\"@type\":\"ReadAction\",\"target\":[\"https:\/\/veritasinfo.org\/?p=10885\"]}]},{\"@type\":\"ImageObject\",\"inLanguage\":\"en-US\",\"@id\":\"https:\/\/veritasinfo.org\/?p=10885#primaryimage\",\"url\":\"https:\/\/veritasinfo.org\/wp-content\/uploads\/2025\/09\/BE-kosove.jpg\",\"contentUrl\":\"https:\/\/veritasinfo.org\/wp-content\/uploads\/2025\/09\/BE-kosove.jpg\",\"width\":810,\"height\":461},{\"@type\":\"BreadcrumbList\",\"@id\":\"https:\/\/veritasinfo.org\/?p=10885#breadcrumb\",\"itemListElement\":[{\"@type\":\"ListItem\",\"position\":1,\"name\":\"Home\",\"item\":\"https:\/\/veritasinfo.org\/\"},{\"@type\":\"ListItem\",\"position\":2,\"name\":\"Largimi gradual i masave, qeveria n\u00eb detyr\u00eb: Jan\u00eb zhbllokuar fondet p\u00ebr Kosov\u00ebn\"}]},{\"@type\":\"WebSite\",\"@id\":\"https:\/\/veritasinfo.org\/#website\",\"url\":\"https:\/\/veritasinfo.org\/\",\"name\":\"\",\"description\":\"\",\"potentialAction\":[{\"@type\":\"SearchAction\",\"target\":{\"@type\":\"EntryPoint\",\"urlTemplate\":\"https:\/\/veritasinfo.org\/?s={search_term_string}\"},\"query-input\":{\"@type\":\"PropertyValueSpecification\",\"valueRequired\":true,\"valueName\":\"search_term_string\"}}],\"inLanguage\":\"en-US\"},{\"@type\":\"Person\",\"@id\":\"https:\/\/veritasinfo.org\/#\/schema\/person\/7701f8c088bece422266b100a712374f\",\"name\":\"admin\",\"image\":{\"@type\":\"ImageObject\",\"inLanguage\":\"en-US\",\"@id\":\"https:\/\/veritasinfo.org\/#\/schema\/person\/image\/\",\"url\":\"https:\/\/secure.gravatar.com\/avatar\/ea53aa3bf6c9a12d5fde8ce4deff43fef3885ae33cf60184161a50d6987cfd2f?s=96&d=mm&r=g\",\"contentUrl\":\"https:\/\/secure.gravatar.com\/avatar\/ea53aa3bf6c9a12d5fde8ce4deff43fef3885ae33cf60184161a50d6987cfd2f?s=96&d=mm&r=g\",\"caption\":\"admin\"},\"sameAs\":[\"https:\/\/veritasinfo.org\"],\"url\":\"https:\/\/veritasinfo.org\/?author=1\"}]}<\/script>\n<!-- \/ Yoast SEO plugin. -->","yoast_head_json":{"title":"Largimi gradual i masave, qeveria n\u00eb detyr\u00eb: Jan\u00eb zhbllokuar fondet p\u00ebr Kosov\u00ebn -","robots":{"index":"index","follow":"follow","max-snippet":"max-snippet:-1","max-image-preview":"max-image-preview:large","max-video-preview":"max-video-preview:-1"},"canonical":"https:\/\/veritasinfo.org\/?p=10885","og_locale":"en_US","og_type":"article","og_title":"Largimi gradual i masave, qeveria n\u00eb detyr\u00eb: Jan\u00eb zhbllokuar fondet p\u00ebr Kosov\u00ebn -","og_description":"Prishtin\u00eb, 06 shtator 2025 Me largimin gradual t\u00eb masave nd\u00ebshkuese t\u00eb Bashkimit Evropian jan\u00eb zhbllokuar fonde p\u00ebr Kosov\u00ebn nga Korniza Investuese p\u00ebr Ballkanin Per\u00ebndimor (WBIF),","og_url":"https:\/\/veritasinfo.org\/?p=10885","article_published_time":"2025-09-06T12:13:14+00:00","og_image":[{"width":810,"height":461,"url":"https:\/\/veritasinfo.org\/wp-content\/uploads\/2025\/09\/BE-kosove.jpg","type":"image\/jpeg"}],"author":"admin","twitter_card":"summary_large_image","twitter_misc":{"Written by":"admin","Est. reading time":"3 minutes"},"schema":{"@context":"https:\/\/schema.org","@graph":[{"@type":"WebPage","@id":"https:\/\/veritasinfo.org\/?p=10885","url":"https:\/\/veritasinfo.org\/?p=10885","name":"Largimi gradual i masave, qeveria n\u00eb detyr\u00eb: Jan\u00eb zhbllokuar fondet p\u00ebr Kosov\u00ebn -","isPartOf":{"@id":"https:\/\/veritasinfo.org\/#website"},"primaryImageOfPage":{"@id":"https:\/\/veritasinfo.org\/?p=10885#primaryimage"},"image":{"@id":"https:\/\/veritasinfo.org\/?p=10885#primaryimage"},"thumbnailUrl":"https:\/\/veritasinfo.org\/wp-content\/uploads\/2025\/09\/BE-kosove.jpg","datePublished":"2025-09-06T12:13:14+00:00","author":{"@id":"https:\/\/veritasinfo.org\/#\/schema\/person\/7701f8c088bece422266b100a712374f"},"breadcrumb":{"@id":"https:\/\/veritasinfo.org\/?p=10885#breadcrumb"},"inLanguage":"en-US","potentialAction":[{"@type":"ReadAction","target":["https:\/\/veritasinfo.org\/?p=10885"]}]},{"@type":"ImageObject","inLanguage":"en-US","@id":"https:\/\/veritasinfo.org\/?p=10885#primaryimage","url":"https:\/\/veritasinfo.org\/wp-content\/uploads\/2025\/09\/BE-kosove.jpg","contentUrl":"https:\/\/veritasinfo.org\/wp-content\/uploads\/2025\/09\/BE-kosove.jpg","width":810,"height":461},{"@type":"BreadcrumbList","@id":"https:\/\/veritasinfo.org\/?p=10885#breadcrumb","itemListElement":[{"@type":"ListItem","position":1,"name":"Home","item":"https:\/\/veritasinfo.org\/"},{"@type":"ListItem","position":2,"name":"Largimi gradual i masave, qeveria n\u00eb detyr\u00eb: Jan\u00eb zhbllokuar fondet p\u00ebr Kosov\u00ebn"}]},{"@type":"WebSite","@id":"https:\/\/veritasinfo.org\/#website","url":"https:\/\/veritasinfo.org\/","name":"","description":"","potentialAction":[{"@type":"SearchAction","target":{"@type":"EntryPoint","urlTemplate":"https:\/\/veritasinfo.org\/?s={search_term_string}"},"query-input":{"@type":"PropertyValueSpecification","valueRequired":true,"valueName":"search_term_string"}}],"inLanguage":"en-US"},{"@type":"Person","@id":"https:\/\/veritasinfo.org\/#\/schema\/person\/7701f8c088bece422266b100a712374f","name":"admin","image":{"@type":"ImageObject","inLanguage":"en-US","@id":"https:\/\/veritasinfo.org\/#\/schema\/person\/image\/","url":"https:\/\/secure.gravatar.com\/avatar\/ea53aa3bf6c9a12d5fde8ce4deff43fef3885ae33cf60184161a50d6987cfd2f?s=96&d=mm&r=g","contentUrl":"https:\/\/secure.gravatar.com\/avatar\/ea53aa3bf6c9a12d5fde8ce4deff43fef3885ae33cf60184161a50d6987cfd2f?s=96&d=mm&r=g","caption":"admin"},"sameAs":["https:\/\/veritasinfo.org"],"url":"https:\/\/veritasinfo.org\/?author=1"}]}},"featured_image_urls":{"full":["https:\/\/veritasinfo.org\/wp-content\/uploads\/2025\/09\/BE-kosove.jpg",810,461,false],"thumbnail":["https:\/\/veritasinfo.org\/wp-content\/uploads\/2025\/09\/BE-kosove-150x150.jpg",150,150,true],"medium":["https:\/\/veritasinfo.org\/wp-content\/uploads\/2025\/09\/BE-kosove-300x171.jpg",300,171,true],"medium_large":["https:\/\/veritasinfo.org\/wp-content\/uploads\/2025\/09\/BE-kosove-768x437.jpg",640,364,true],"large":["https:\/\/veritasinfo.org\/wp-content\/uploads\/2025\/09\/BE-kosove.jpg",640,364,false],"1536x1536":["https:\/\/veritasinfo.org\/wp-content\/uploads\/2025\/09\/BE-kosove.jpg",810,461,false],"2048x2048":["https:\/\/veritasinfo.org\/wp-content\/uploads\/2025\/09\/BE-kosove.jpg",810,461,false],"kreeti-slider-full":["https:\/\/veritasinfo.org\/wp-content\/uploads\/2025\/09\/BE-kosove.jpg",810,461,false],"kreeti-featured":["https:\/\/veritasinfo.org\/wp-content\/uploads\/2025\/09\/BE-kosove.jpg",810,461,false],"kreeti-medium":["https:\/\/veritasinfo.org\/wp-content\/uploads\/2025\/09\/BE-kosove.jpg",720,410,false],"kreeti-medium-square":["https:\/\/veritasinfo.org\/wp-content\/uploads\/2025\/09\/BE-kosove.jpg",350,199,false]},"author_info":{"info":["admin"]},"category_info":"<a href=\"https:\/\/veritasinfo.org\/?cat=58\" rel=\"category\">Politik\u00eb<\/a>","tag_info":"Politik\u00eb","comment_count":"0","_links":{"self":[{"href":"https:\/\/veritasinfo.org\/index.php?rest_route=\/wp\/v2\/posts\/10885","targetHints":{"allow":["GET"]}}],"collection":[{"href":"https:\/\/veritasinfo.org\/index.php?rest_route=\/wp\/v2\/posts"}],"about":[{"href":"https:\/\/veritasinfo.org\/index.php?rest_route=\/wp\/v2\/types\/post"}],"author":[{"embeddable":true,"href":"https:\/\/veritasinfo.org\/index.php?rest_route=\/wp\/v2\/users\/1"}],"replies":[{"embeddable":true,"href":"https:\/\/veritasinfo.org\/index.php?rest_route=%2Fwp%2Fv2%2Fcomments&post=10885"}],"version-history":[{"count":1,"href":"https:\/\/veritasinfo.org\/index.php?rest_route=\/wp\/v2\/posts\/10885\/revisions"}],"predecessor-version":[{"id":10887,"href":"https:\/\/veritasinfo.org\/index.php?rest_route=\/wp\/v2\/posts\/10885\/revisions\/10887"}],"wp:featuredmedia":[{"embeddable":true,"href":"https:\/\/veritasinfo.org\/index.php?rest_route=\/wp\/v2\/media\/10886"}],"wp:attachment":[{"href":"https:\/\/veritasinfo.org\/index.php?rest_route=%2Fwp%2Fv2%2Fmedia&parent=10885"}],"wp:term":[{"taxonomy":"category","embeddable":true,"href":"https:\/\/veritasinfo.org\/index.php?rest_route=%2Fwp%2Fv2%2Fcategories&post=10885"},{"taxonomy":"post_tag","embeddable":true,"href":"https:\/\/veritasinfo.org\/index.php?rest_route=%2Fwp%2Fv2%2Ftags&post=10885"}],"curies":[{"name":"wp","href":"https:\/\/api.w.org\/{rel}","templated":true}]}}