{"id":10880,"date":"2025-09-06T11:45:15","date_gmt":"2025-09-06T09:45:15","guid":{"rendered":"https:\/\/veritasinfo.org\/?p=10880"},"modified":"2025-09-06T11:45:15","modified_gmt":"2025-09-06T09:45:15","slug":"nenad-canak-serbia-drejt-nje-radikalizimi-pas-10-muajsh-protestash","status":"publish","type":"post","link":"https:\/\/veritasinfo.org\/?p=10880","title":{"rendered":"Nenad \u00c7anak: Serbia drejt nj\u00eb radikalizimi pas 10 muajsh protestash"},"content":{"rendered":"<p><strong>Beograd, 06 shtator 2025<\/strong><\/p>\n<p>Situata n\u00eb Novi Sad vazhdon t\u00eb jet\u00eb e tensionuar, me protesta masive q\u00eb po zgjasin prej muajsh, nd\u00ebrsa p\u00ebrdorimi i dhun\u00ebs nga ana e policis\u00eb \u00ebsht\u00eb rritur ndjesh\u00ebm. K\u00ebshtu u shpreh analisti i politik\u00ebs n\u00eb Serbi, Nenad \u00c7anak, i cili dha detaje nga Novi Sad-i lidhur me situat\u00ebn n\u00eb qytet.<\/p>\n<p>Sipas \u00c7anak, mitingjet vazhdojn\u00eb pa nd\u00ebrprerje dhe rrug\u00ebt kryesore jan\u00eb bllokuar.<\/p>\n<p>\u201cN\u00eb jav\u00ebt e fundit policia u b\u00eb m\u00eb e dhunshme, p\u00ebr shkak t\u00eb k\u00ebsaj njer\u00ebzit jan\u00eb t\u00eb zem\u00ebruar. Kemi nj\u00eb miting masiv n\u00eb Novi Sad, kund\u00ebr dhun\u00ebs brutale t\u00eb regjimit. \u00cbsht\u00eb e pamundur t\u00eb hysh n\u00eb qytet, jan\u00eb bllokuar rrug\u00ebt dhe regjimi po p\u00ebrdor bomba trondit\u00ebse, gaz lotsjell\u00ebs dhe municione t\u00eb tjera\u201d, tha ai.<\/p>\n<p>\u00c7anak theksoi se protestat nuk jan\u00eb vet\u00ebm n\u00eb Novi Sad, por edhe n\u00eb qytete t\u00eb tjera t\u00eb Serbis\u00eb, ku qytetar\u00ebt mb\u00ebshtesin kryengritjen kund\u00ebr regjimit t\u00eb Aleksand\u00ebr Vu\u00e7i\u00e7.<\/p>\n<p>\u201cInformacioni i fundit q\u00eb kam \u00ebsht\u00eb se protestat po mbahen n\u00eb qyete t\u00eb ndryshme t\u00eb Serbis\u00eb n\u00eb mb\u00ebshtetje t\u00eb atyre n\u00eb Novi Sad, q\u00eb po lufton kund\u00ebr regjimit t\u00eb Vu\u00e7i\u00e7-it prej 10 muajsh p\u00ebr shkak t\u00eb tragjedis\u00eb q\u00eb pam\u00eb n\u00eb n\u00ebntor\u201d, shtoi analisti.<\/p>\n<p>I pyetur n\u00ebse vendi po p\u00ebrjeton nj\u00eb revolt\u00eb apo kryengritje popullore, analisti u shpreh i bindur se ai pret nj\u00eb radikalizim n\u00eb t\u00eb ardhmen e af\u00ebrt.<\/p>\n<p>\u201cPo pres radikalizim n\u00eb t\u00eb ardhmen e af\u00ebrt, sepse protestat nuk kan\u00eb siguruar rezultate. N\u00eb fillim ishte k\u00ebrkesa p\u00ebr dor\u00ebheqje e kryeminsitrit i cili u largua m\u00eb pas u largua edhe kryebashkiaku i Novi Sadit por asgj\u00eb nuk ka ndryshuar pasi shumica parlamentare dhe vet\u00eb politika mbetet e nj\u00ebjta dhe kriminaliteti mbetet i mbrojtur\u201d, tha Nenad \u00c7anak.<\/p>\n","protected":false},"excerpt":{"rendered":"<p>Beograd, 06 shtator 2025 Situata n\u00eb Novi Sad vazhdon t\u00eb jet\u00eb e tensionuar, me protesta masive q\u00eb po zgjasin prej muajsh, nd\u00ebrsa p\u00ebrdorimi i dhun\u00ebs<\/p>\n","protected":false},"author":2,"featured_media":10881,"comment_status":"open","ping_status":"open","sticky":false,"template":"","format":"standard","meta":{"footnotes":""},"categories":[58],"tags":[],"class_list":["post-10880","post","type-post","status-publish","format-standard","has-post-thumbnail","hentry","category-politike-sq"],"yoast_head":"<!-- This site is optimized with the Yoast SEO plugin v25.3.1 - https:\/\/yoast.com\/wordpress\/plugins\/seo\/ -->\n<title>Nenad \u00c7anak: Serbia drejt nj\u00eb radikalizimi pas 10 muajsh protestash -<\/title>\n<meta name=\"robots\" content=\"index, follow, max-snippet:-1, max-image-preview:large, max-video-preview:-1\" \/>\n<link rel=\"canonical\" href=\"https:\/\/veritasinfo.org\/?p=10880\" \/>\n<meta property=\"og:locale\" content=\"en_US\" \/>\n<meta property=\"og:type\" content=\"article\" \/>\n<meta property=\"og:title\" content=\"Nenad \u00c7anak: Serbia drejt nj\u00eb radikalizimi pas 10 muajsh protestash -\" \/>\n<meta property=\"og:description\" content=\"Beograd, 06 shtator 2025 Situata n\u00eb Novi Sad vazhdon t\u00eb jet\u00eb e tensionuar, me protesta masive q\u00eb po zgjasin prej muajsh, nd\u00ebrsa p\u00ebrdorimi i dhun\u00ebs\" \/>\n<meta property=\"og:url\" content=\"https:\/\/veritasinfo.org\/?p=10880\" \/>\n<meta property=\"article:published_time\" content=\"2025-09-06T09:45:15+00:00\" \/>\n<meta property=\"og:image\" content=\"https:\/\/veritasinfo.org\/wp-content\/uploads\/2025\/09\/Nenad-Canak.jpg\" \/>\n\t<meta property=\"og:image:width\" content=\"539\" \/>\n\t<meta property=\"og:image:height\" content=\"305\" \/>\n\t<meta property=\"og:image:type\" content=\"image\/jpeg\" \/>\n<meta name=\"author\" content=\"US1\" \/>\n<meta name=\"twitter:card\" content=\"summary_large_image\" \/>\n<meta name=\"twitter:label1\" content=\"Written by\" \/>\n\t<meta name=\"twitter:data1\" content=\"US1\" \/>\n\t<meta name=\"twitter:label2\" content=\"Est. reading time\" \/>\n\t<meta name=\"twitter:data2\" content=\"2 minutes\" \/>\n<script type=\"application\/ld+json\" class=\"yoast-schema-graph\">{\"@context\":\"https:\/\/schema.org\",\"@graph\":[{\"@type\":\"WebPage\",\"@id\":\"https:\/\/veritasinfo.org\/?p=10880\",\"url\":\"https:\/\/veritasinfo.org\/?p=10880\",\"name\":\"Nenad \u00c7anak: Serbia drejt nj\u00eb radikalizimi pas 10 muajsh protestash -\",\"isPartOf\":{\"@id\":\"https:\/\/veritasinfo.org\/#website\"},\"primaryImageOfPage\":{\"@id\":\"https:\/\/veritasinfo.org\/?p=10880#primaryimage\"},\"image\":{\"@id\":\"https:\/\/veritasinfo.org\/?p=10880#primaryimage\"},\"thumbnailUrl\":\"https:\/\/veritasinfo.org\/wp-content\/uploads\/2025\/09\/Nenad-Canak.jpg\",\"datePublished\":\"2025-09-06T09:45:15+00:00\",\"author\":{\"@id\":\"https:\/\/veritasinfo.org\/#\/schema\/person\/c2b8be262ea994d0995addca692c5e98\"},\"breadcrumb\":{\"@id\":\"https:\/\/veritasinfo.org\/?p=10880#breadcrumb\"},\"inLanguage\":\"en-US\",\"potentialAction\":[{\"@type\":\"ReadAction\",\"target\":[\"https:\/\/veritasinfo.org\/?p=10880\"]}]},{\"@type\":\"ImageObject\",\"inLanguage\":\"en-US\",\"@id\":\"https:\/\/veritasinfo.org\/?p=10880#primaryimage\",\"url\":\"https:\/\/veritasinfo.org\/wp-content\/uploads\/2025\/09\/Nenad-Canak.jpg\",\"contentUrl\":\"https:\/\/veritasinfo.org\/wp-content\/uploads\/2025\/09\/Nenad-Canak.jpg\",\"width\":539,\"height\":305},{\"@type\":\"BreadcrumbList\",\"@id\":\"https:\/\/veritasinfo.org\/?p=10880#breadcrumb\",\"itemListElement\":[{\"@type\":\"ListItem\",\"position\":1,\"name\":\"Home\",\"item\":\"https:\/\/veritasinfo.org\/\"},{\"@type\":\"ListItem\",\"position\":2,\"name\":\"Nenad \u00c7anak: Serbia drejt nj\u00eb radikalizimi pas 10 muajsh protestash\"}]},{\"@type\":\"WebSite\",\"@id\":\"https:\/\/veritasinfo.org\/#website\",\"url\":\"https:\/\/veritasinfo.org\/\",\"name\":\"\",\"description\":\"\",\"potentialAction\":[{\"@type\":\"SearchAction\",\"target\":{\"@type\":\"EntryPoint\",\"urlTemplate\":\"https:\/\/veritasinfo.org\/?s={search_term_string}\"},\"query-input\":{\"@type\":\"PropertyValueSpecification\",\"valueRequired\":true,\"valueName\":\"search_term_string\"}}],\"inLanguage\":\"en-US\"},{\"@type\":\"Person\",\"@id\":\"https:\/\/veritasinfo.org\/#\/schema\/person\/c2b8be262ea994d0995addca692c5e98\",\"name\":\"US1\",\"image\":{\"@type\":\"ImageObject\",\"inLanguage\":\"en-US\",\"@id\":\"https:\/\/veritasinfo.org\/#\/schema\/person\/image\/\",\"url\":\"https:\/\/secure.gravatar.com\/avatar\/4e96a59bd256abf9956eb9963ac891a47461ffb364d47b0e9aab113328fdb75b?s=96&d=mm&r=g\",\"contentUrl\":\"https:\/\/secure.gravatar.com\/avatar\/4e96a59bd256abf9956eb9963ac891a47461ffb364d47b0e9aab113328fdb75b?s=96&d=mm&r=g\",\"caption\":\"US1\"},\"url\":\"https:\/\/veritasinfo.org\/?author=2\"}]}<\/script>\n<!-- \/ Yoast SEO plugin. -->","yoast_head_json":{"title":"Nenad \u00c7anak: Serbia drejt nj\u00eb radikalizimi pas 10 muajsh protestash -","robots":{"index":"index","follow":"follow","max-snippet":"max-snippet:-1","max-image-preview":"max-image-preview:large","max-video-preview":"max-video-preview:-1"},"canonical":"https:\/\/veritasinfo.org\/?p=10880","og_locale":"en_US","og_type":"article","og_title":"Nenad \u00c7anak: Serbia drejt nj\u00eb radikalizimi pas 10 muajsh protestash -","og_description":"Beograd, 06 shtator 2025 Situata n\u00eb Novi Sad vazhdon t\u00eb jet\u00eb e tensionuar, me protesta masive q\u00eb po zgjasin prej muajsh, nd\u00ebrsa p\u00ebrdorimi i dhun\u00ebs","og_url":"https:\/\/veritasinfo.org\/?p=10880","article_published_time":"2025-09-06T09:45:15+00:00","og_image":[{"width":539,"height":305,"url":"https:\/\/veritasinfo.org\/wp-content\/uploads\/2025\/09\/Nenad-Canak.jpg","type":"image\/jpeg"}],"author":"US1","twitter_card":"summary_large_image","twitter_misc":{"Written by":"US1","Est. reading time":"2 minutes"},"schema":{"@context":"https:\/\/schema.org","@graph":[{"@type":"WebPage","@id":"https:\/\/veritasinfo.org\/?p=10880","url":"https:\/\/veritasinfo.org\/?p=10880","name":"Nenad \u00c7anak: Serbia drejt nj\u00eb radikalizimi pas 10 muajsh protestash -","isPartOf":{"@id":"https:\/\/veritasinfo.org\/#website"},"primaryImageOfPage":{"@id":"https:\/\/veritasinfo.org\/?p=10880#primaryimage"},"image":{"@id":"https:\/\/veritasinfo.org\/?p=10880#primaryimage"},"thumbnailUrl":"https:\/\/veritasinfo.org\/wp-content\/uploads\/2025\/09\/Nenad-Canak.jpg","datePublished":"2025-09-06T09:45:15+00:00","author":{"@id":"https:\/\/veritasinfo.org\/#\/schema\/person\/c2b8be262ea994d0995addca692c5e98"},"breadcrumb":{"@id":"https:\/\/veritasinfo.org\/?p=10880#breadcrumb"},"inLanguage":"en-US","potentialAction":[{"@type":"ReadAction","target":["https:\/\/veritasinfo.org\/?p=10880"]}]},{"@type":"ImageObject","inLanguage":"en-US","@id":"https:\/\/veritasinfo.org\/?p=10880#primaryimage","url":"https:\/\/veritasinfo.org\/wp-content\/uploads\/2025\/09\/Nenad-Canak.jpg","contentUrl":"https:\/\/veritasinfo.org\/wp-content\/uploads\/2025\/09\/Nenad-Canak.jpg","width":539,"height":305},{"@type":"BreadcrumbList","@id":"https:\/\/veritasinfo.org\/?p=10880#breadcrumb","itemListElement":[{"@type":"ListItem","position":1,"name":"Home","item":"https:\/\/veritasinfo.org\/"},{"@type":"ListItem","position":2,"name":"Nenad \u00c7anak: Serbia drejt nj\u00eb radikalizimi pas 10 muajsh protestash"}]},{"@type":"WebSite","@id":"https:\/\/veritasinfo.org\/#website","url":"https:\/\/veritasinfo.org\/","name":"","description":"","potentialAction":[{"@type":"SearchAction","target":{"@type":"EntryPoint","urlTemplate":"https:\/\/veritasinfo.org\/?s={search_term_string}"},"query-input":{"@type":"PropertyValueSpecification","valueRequired":true,"valueName":"search_term_string"}}],"inLanguage":"en-US"},{"@type":"Person","@id":"https:\/\/veritasinfo.org\/#\/schema\/person\/c2b8be262ea994d0995addca692c5e98","name":"US1","image":{"@type":"ImageObject","inLanguage":"en-US","@id":"https:\/\/veritasinfo.org\/#\/schema\/person\/image\/","url":"https:\/\/secure.gravatar.com\/avatar\/4e96a59bd256abf9956eb9963ac891a47461ffb364d47b0e9aab113328fdb75b?s=96&d=mm&r=g","contentUrl":"https:\/\/secure.gravatar.com\/avatar\/4e96a59bd256abf9956eb9963ac891a47461ffb364d47b0e9aab113328fdb75b?s=96&d=mm&r=g","caption":"US1"},"url":"https:\/\/veritasinfo.org\/?author=2"}]}},"featured_image_urls":{"full":["https:\/\/veritasinfo.org\/wp-content\/uploads\/2025\/09\/Nenad-Canak.jpg",539,305,false],"thumbnail":["https:\/\/veritasinfo.org\/wp-content\/uploads\/2025\/09\/Nenad-Canak-150x150.jpg",150,150,true],"medium":["https:\/\/veritasinfo.org\/wp-content\/uploads\/2025\/09\/Nenad-Canak-300x170.jpg",300,170,true],"medium_large":["https:\/\/veritasinfo.org\/wp-content\/uploads\/2025\/09\/Nenad-Canak.jpg",539,305,false],"large":["https:\/\/veritasinfo.org\/wp-content\/uploads\/2025\/09\/Nenad-Canak.jpg",539,305,false],"1536x1536":["https:\/\/veritasinfo.org\/wp-content\/uploads\/2025\/09\/Nenad-Canak.jpg",539,305,false],"2048x2048":["https:\/\/veritasinfo.org\/wp-content\/uploads\/2025\/09\/Nenad-Canak.jpg",539,305,false],"kreeti-slider-full":["https:\/\/veritasinfo.org\/wp-content\/uploads\/2025\/09\/Nenad-Canak.jpg",539,305,false],"kreeti-featured":["https:\/\/veritasinfo.org\/wp-content\/uploads\/2025\/09\/Nenad-Canak.jpg",539,305,false],"kreeti-medium":["https:\/\/veritasinfo.org\/wp-content\/uploads\/2025\/09\/Nenad-Canak.jpg",539,305,false],"kreeti-medium-square":["https:\/\/veritasinfo.org\/wp-content\/uploads\/2025\/09\/Nenad-Canak.jpg",350,198,false]},"author_info":{"info":["US1"]},"category_info":"<a href=\"https:\/\/veritasinfo.org\/?cat=58\" rel=\"category\">Politik\u00eb<\/a>","tag_info":"Politik\u00eb","comment_count":"0","_links":{"self":[{"href":"https:\/\/veritasinfo.org\/index.php?rest_route=\/wp\/v2\/posts\/10880","targetHints":{"allow":["GET"]}}],"collection":[{"href":"https:\/\/veritasinfo.org\/index.php?rest_route=\/wp\/v2\/posts"}],"about":[{"href":"https:\/\/veritasinfo.org\/index.php?rest_route=\/wp\/v2\/types\/post"}],"author":[{"embeddable":true,"href":"https:\/\/veritasinfo.org\/index.php?rest_route=\/wp\/v2\/users\/2"}],"replies":[{"embeddable":true,"href":"https:\/\/veritasinfo.org\/index.php?rest_route=%2Fwp%2Fv2%2Fcomments&post=10880"}],"version-history":[{"count":1,"href":"https:\/\/veritasinfo.org\/index.php?rest_route=\/wp\/v2\/posts\/10880\/revisions"}],"predecessor-version":[{"id":10882,"href":"https:\/\/veritasinfo.org\/index.php?rest_route=\/wp\/v2\/posts\/10880\/revisions\/10882"}],"wp:featuredmedia":[{"embeddable":true,"href":"https:\/\/veritasinfo.org\/index.php?rest_route=\/wp\/v2\/media\/10881"}],"wp:attachment":[{"href":"https:\/\/veritasinfo.org\/index.php?rest_route=%2Fwp%2Fv2%2Fmedia&parent=10880"}],"wp:term":[{"taxonomy":"category","embeddable":true,"href":"https:\/\/veritasinfo.org\/index.php?rest_route=%2Fwp%2Fv2%2Fcategories&post=10880"},{"taxonomy":"post_tag","embeddable":true,"href":"https:\/\/veritasinfo.org\/index.php?rest_route=%2Fwp%2Fv2%2Ftags&post=10880"}],"curies":[{"name":"wp","href":"https:\/\/api.w.org\/{rel}","templated":true}]}}