{"id":10875,"date":"2025-09-06T11:33:20","date_gmt":"2025-09-06T09:33:20","guid":{"rendered":"https:\/\/veritasinfo.org\/?p=10875"},"modified":"2025-09-06T11:33:20","modified_gmt":"2025-09-06T09:33:20","slug":"perplasje-gaz-lotsjelles-dhe-shtypje-e-pjesemarresve","status":"publish","type":"post","link":"https:\/\/veritasinfo.org\/?p=10875","title":{"rendered":"P\u00ebrplasje, gaz lotsjell\u00ebs dhe shtypje e pjes\u00ebmarr\u00ebsve"},"content":{"rendered":"<p>Novi Sad, 6 shtator 2025<\/p>\n<p>Fjalime, 16 minuta heshtje, ecje, dhe m\u00eb pas shtypje e pjes\u00ebmarr\u00ebsve t\u00eb protest\u00ebs nga kampusi universitar.<br \/>\nProtesta studentore \u201eSerbi, a po d\u00ebgjohemi?&#8221; n\u00eb Novi Sad u p\u00ebrfundua me nd\u00ebrhyrjen e xhandarm\u00ebris\u00eb.<br \/>\nStudent\u00ebt e Novi Sadit u b\u00ebn\u00eb thirrje qytetar\u00ebve t\u00eb Serbis\u00eb t\u00eb protestonin p\u00ebr shkak t\u00eb dhun\u00ebs policore t\u00eb dyshuar n\u00eb disa fakultete t\u00eb Novi Sadit gjat\u00eb dit\u00ebve t\u00eb fundit.<br \/>\nB\u00ebhet fjal\u00eb p\u00ebr Fakultetin e Sporteve dhe Edukimit Fizik dhe Fakultetin Filozofik, ku pas disa muajsh bllokimesh studentore, dekan\u00ebt hyn\u00eb me shoq\u00ebrimin e policis\u00eb.<br \/>\nGjat\u00eb tubimit, Ministria e Pun\u00ebve t\u00eb Brendshme i paralajm\u00ebroi pjes\u00ebmarr\u00ebsit q\u00eb t\u00eb respektonin ligjin dhe se, n\u00eb t\u00eb kund\u00ebrt, policia do t\u00eb ishte \u201ee detyruar t\u00eb reagonte&#8221;.<br \/>\nKujtojm\u00eb se, mbr\u00ebm\u00eb, policia n\u00eb kampusin e Novi Sadit kreu nj\u00eb aksion t\u00eb dhunsh\u00ebm ndaj qytetar\u00ebve dhe student\u00ebve, n\u00eb t\u00eb cilin u plagos\u00ebn dhjet\u00ebra persona. U p\u00ebrdor\u00ebn gaz lotsjell\u00ebs dhe mjete piroteknike, nd\u00ebrsa qytetar\u00ebt u shtyp\u00ebn me mjete blinduara dhe shkopinj gome. Pas shtypjes s\u00eb student\u00ebve, qytetar\u00ebve dhe an\u00ebtar\u00ebve t\u00eb ekipit mjek\u00ebsor nga kampusi, forcat e policis\u00eb hyn\u00eb n\u00eb nd\u00ebrtes\u00ebn e Rektoratit.<br \/>\nPolicia i shtypte qytetar\u00ebt drejt sh\u00ebtitores dhe Bulevardit t\u00eb carit Lazari. D\u00ebgjoheshin goditje topash dhe shp\u00ebrthime piroteknike.<br \/>\n\u201eKa pasur shum\u00eb t\u00eb plagosur. D\u00ebmtime n\u00eb kok\u00eb, duar dhe k\u00ebmb\u00eb nga shkopinjt\u00eb e gom\u00ebs dhe ikja n\u00eb panik. M\u00eb s\u00eb shumti kemi pasur pacient\u00eb q\u00eb ishin helmuar nga gazi lotsjell\u00ebs\u201c, tha profesoresha e Fakultetit t\u00eb Mjek\u00ebsis\u00eb n\u00eb Novi Sad, Ivana Bajkin.<br \/>\nNga ana tjet\u00ebr, Arkivi i Tubimeve Publike njoftoi se n\u00eb protest\u00ebn e Novi Sadit mbr\u00ebm\u00eb ishin 20,000 njer\u00ebz.<br \/>\n\u201eN\u00eb protest\u00ebn e djeshme &#8216;Serbi, a po na d\u00ebgjoni?&#8217; t\u00eb organizuar nga student\u00ebt n\u00eb bllokad\u00eb, para nd\u00ebrhyrjes s\u00eb dhunshme t\u00eb policis\u00eb, ishin rreth 20,000 pjes\u00ebmarr\u00ebs.&#8221;<br \/>\nPas protest\u00ebs, foli edhe Aleksandar Vu\u010di\u0107, pas kthimit nga Kina, duke p\u00ebrs\u00ebritur fjal\u00ebn me t\u00eb cil\u00ebn iu drejtua protestuesve me fjal\u00ebn \u201cplehra&#8221;<\/p>\n","protected":false},"excerpt":{"rendered":"<p>Novi Sad, 6 shtator 2025 Fjalime, 16 minuta heshtje, ecje, dhe m\u00eb pas shtypje e pjes\u00ebmarr\u00ebsve t\u00eb protest\u00ebs nga kampusi universitar. Protesta studentore \u201eSerbi, a<\/p>\n","protected":false},"author":1,"featured_media":10876,"comment_status":"open","ping_status":"open","sticky":false,"template":"","format":"standard","meta":{"footnotes":""},"categories":[58],"tags":[],"class_list":["post-10875","post","type-post","status-publish","format-standard","has-post-thumbnail","hentry","category-politike-sq"],"yoast_head":"<!-- This site is optimized with the Yoast SEO plugin v25.3.1 - https:\/\/yoast.com\/wordpress\/plugins\/seo\/ -->\n<title>P\u00ebrplasje, gaz lotsjell\u00ebs dhe shtypje e pjes\u00ebmarr\u00ebsve -<\/title>\n<meta name=\"robots\" content=\"index, follow, max-snippet:-1, max-image-preview:large, max-video-preview:-1\" \/>\n<link rel=\"canonical\" href=\"https:\/\/veritasinfo.org\/?p=10875\" \/>\n<meta property=\"og:locale\" content=\"en_US\" \/>\n<meta property=\"og:type\" content=\"article\" \/>\n<meta property=\"og:title\" content=\"P\u00ebrplasje, gaz lotsjell\u00ebs dhe shtypje e pjes\u00ebmarr\u00ebsve -\" \/>\n<meta property=\"og:description\" content=\"Novi Sad, 6 shtator 2025 Fjalime, 16 minuta heshtje, ecje, dhe m\u00eb pas shtypje e pjes\u00ebmarr\u00ebsve t\u00eb protest\u00ebs nga kampusi universitar. Protesta studentore \u201eSerbi, a\" \/>\n<meta property=\"og:url\" content=\"https:\/\/veritasinfo.org\/?p=10875\" \/>\n<meta property=\"article:published_time\" content=\"2025-09-06T09:33:20+00:00\" \/>\n<meta property=\"og:image\" content=\"https:\/\/veritasinfo.org\/wp-content\/uploads\/2025\/09\/1757105801-Novi-Sad-Protest-050925-Foto-Novars-5-1536x1022-1.jpg\" \/>\n\t<meta property=\"og:image:width\" content=\"1536\" \/>\n\t<meta property=\"og:image:height\" content=\"1022\" \/>\n\t<meta property=\"og:image:type\" content=\"image\/jpeg\" \/>\n<meta name=\"author\" content=\"admin\" \/>\n<meta name=\"twitter:card\" content=\"summary_large_image\" \/>\n<meta name=\"twitter:label1\" content=\"Written by\" \/>\n\t<meta name=\"twitter:data1\" content=\"admin\" \/>\n\t<meta name=\"twitter:label2\" content=\"Est. reading time\" \/>\n\t<meta name=\"twitter:data2\" content=\"2 minutes\" \/>\n<script type=\"application\/ld+json\" class=\"yoast-schema-graph\">{\"@context\":\"https:\/\/schema.org\",\"@graph\":[{\"@type\":\"WebPage\",\"@id\":\"https:\/\/veritasinfo.org\/?p=10875\",\"url\":\"https:\/\/veritasinfo.org\/?p=10875\",\"name\":\"P\u00ebrplasje, gaz lotsjell\u00ebs dhe shtypje e pjes\u00ebmarr\u00ebsve -\",\"isPartOf\":{\"@id\":\"https:\/\/veritasinfo.org\/#website\"},\"primaryImageOfPage\":{\"@id\":\"https:\/\/veritasinfo.org\/?p=10875#primaryimage\"},\"image\":{\"@id\":\"https:\/\/veritasinfo.org\/?p=10875#primaryimage\"},\"thumbnailUrl\":\"https:\/\/veritasinfo.org\/wp-content\/uploads\/2025\/09\/1757105801-Novi-Sad-Protest-050925-Foto-Novars-5-1536x1022-1.jpg\",\"datePublished\":\"2025-09-06T09:33:20+00:00\",\"author\":{\"@id\":\"https:\/\/veritasinfo.org\/#\/schema\/person\/7701f8c088bece422266b100a712374f\"},\"breadcrumb\":{\"@id\":\"https:\/\/veritasinfo.org\/?p=10875#breadcrumb\"},\"inLanguage\":\"en-US\",\"potentialAction\":[{\"@type\":\"ReadAction\",\"target\":[\"https:\/\/veritasinfo.org\/?p=10875\"]}]},{\"@type\":\"ImageObject\",\"inLanguage\":\"en-US\",\"@id\":\"https:\/\/veritasinfo.org\/?p=10875#primaryimage\",\"url\":\"https:\/\/veritasinfo.org\/wp-content\/uploads\/2025\/09\/1757105801-Novi-Sad-Protest-050925-Foto-Novars-5-1536x1022-1.jpg\",\"contentUrl\":\"https:\/\/veritasinfo.org\/wp-content\/uploads\/2025\/09\/1757105801-Novi-Sad-Protest-050925-Foto-Novars-5-1536x1022-1.jpg\",\"width\":1536,\"height\":1022,\"caption\":\"Novi Sad 05. septembar 2025. Protest \\\"Srbijo, da li se \u010dujemo?\\\" reakcija studenata u blokadi i gra\u0111ana na de\u0161avanja ispred Filozofskog fakulteta i DIF-a na uglu Stra\u017eilovske i Bulevara cara Lazara Foto:Nova.rs\"},{\"@type\":\"BreadcrumbList\",\"@id\":\"https:\/\/veritasinfo.org\/?p=10875#breadcrumb\",\"itemListElement\":[{\"@type\":\"ListItem\",\"position\":1,\"name\":\"Home\",\"item\":\"https:\/\/veritasinfo.org\/\"},{\"@type\":\"ListItem\",\"position\":2,\"name\":\"P\u00ebrplasje, gaz lotsjell\u00ebs dhe shtypje e pjes\u00ebmarr\u00ebsve\"}]},{\"@type\":\"WebSite\",\"@id\":\"https:\/\/veritasinfo.org\/#website\",\"url\":\"https:\/\/veritasinfo.org\/\",\"name\":\"\",\"description\":\"\",\"potentialAction\":[{\"@type\":\"SearchAction\",\"target\":{\"@type\":\"EntryPoint\",\"urlTemplate\":\"https:\/\/veritasinfo.org\/?s={search_term_string}\"},\"query-input\":{\"@type\":\"PropertyValueSpecification\",\"valueRequired\":true,\"valueName\":\"search_term_string\"}}],\"inLanguage\":\"en-US\"},{\"@type\":\"Person\",\"@id\":\"https:\/\/veritasinfo.org\/#\/schema\/person\/7701f8c088bece422266b100a712374f\",\"name\":\"admin\",\"image\":{\"@type\":\"ImageObject\",\"inLanguage\":\"en-US\",\"@id\":\"https:\/\/veritasinfo.org\/#\/schema\/person\/image\/\",\"url\":\"https:\/\/secure.gravatar.com\/avatar\/ea53aa3bf6c9a12d5fde8ce4deff43fef3885ae33cf60184161a50d6987cfd2f?s=96&d=mm&r=g\",\"contentUrl\":\"https:\/\/secure.gravatar.com\/avatar\/ea53aa3bf6c9a12d5fde8ce4deff43fef3885ae33cf60184161a50d6987cfd2f?s=96&d=mm&r=g\",\"caption\":\"admin\"},\"sameAs\":[\"https:\/\/veritasinfo.org\"],\"url\":\"https:\/\/veritasinfo.org\/?author=1\"}]}<\/script>\n<!-- \/ Yoast SEO plugin. -->","yoast_head_json":{"title":"P\u00ebrplasje, gaz lotsjell\u00ebs dhe shtypje e pjes\u00ebmarr\u00ebsve -","robots":{"index":"index","follow":"follow","max-snippet":"max-snippet:-1","max-image-preview":"max-image-preview:large","max-video-preview":"max-video-preview:-1"},"canonical":"https:\/\/veritasinfo.org\/?p=10875","og_locale":"en_US","og_type":"article","og_title":"P\u00ebrplasje, gaz lotsjell\u00ebs dhe shtypje e pjes\u00ebmarr\u00ebsve -","og_description":"Novi Sad, 6 shtator 2025 Fjalime, 16 minuta heshtje, ecje, dhe m\u00eb pas shtypje e pjes\u00ebmarr\u00ebsve t\u00eb protest\u00ebs nga kampusi universitar. Protesta studentore \u201eSerbi, a","og_url":"https:\/\/veritasinfo.org\/?p=10875","article_published_time":"2025-09-06T09:33:20+00:00","og_image":[{"width":1536,"height":1022,"url":"https:\/\/veritasinfo.org\/wp-content\/uploads\/2025\/09\/1757105801-Novi-Sad-Protest-050925-Foto-Novars-5-1536x1022-1.jpg","type":"image\/jpeg"}],"author":"admin","twitter_card":"summary_large_image","twitter_misc":{"Written by":"admin","Est. reading time":"2 minutes"},"schema":{"@context":"https:\/\/schema.org","@graph":[{"@type":"WebPage","@id":"https:\/\/veritasinfo.org\/?p=10875","url":"https:\/\/veritasinfo.org\/?p=10875","name":"P\u00ebrplasje, gaz lotsjell\u00ebs dhe shtypje e pjes\u00ebmarr\u00ebsve -","isPartOf":{"@id":"https:\/\/veritasinfo.org\/#website"},"primaryImageOfPage":{"@id":"https:\/\/veritasinfo.org\/?p=10875#primaryimage"},"image":{"@id":"https:\/\/veritasinfo.org\/?p=10875#primaryimage"},"thumbnailUrl":"https:\/\/veritasinfo.org\/wp-content\/uploads\/2025\/09\/1757105801-Novi-Sad-Protest-050925-Foto-Novars-5-1536x1022-1.jpg","datePublished":"2025-09-06T09:33:20+00:00","author":{"@id":"https:\/\/veritasinfo.org\/#\/schema\/person\/7701f8c088bece422266b100a712374f"},"breadcrumb":{"@id":"https:\/\/veritasinfo.org\/?p=10875#breadcrumb"},"inLanguage":"en-US","potentialAction":[{"@type":"ReadAction","target":["https:\/\/veritasinfo.org\/?p=10875"]}]},{"@type":"ImageObject","inLanguage":"en-US","@id":"https:\/\/veritasinfo.org\/?p=10875#primaryimage","url":"https:\/\/veritasinfo.org\/wp-content\/uploads\/2025\/09\/1757105801-Novi-Sad-Protest-050925-Foto-Novars-5-1536x1022-1.jpg","contentUrl":"https:\/\/veritasinfo.org\/wp-content\/uploads\/2025\/09\/1757105801-Novi-Sad-Protest-050925-Foto-Novars-5-1536x1022-1.jpg","width":1536,"height":1022,"caption":"Novi Sad 05. septembar 2025. Protest \"Srbijo, da li se \u010dujemo?\" reakcija studenata u blokadi i gra\u0111ana na de\u0161avanja ispred Filozofskog fakulteta i DIF-a na uglu Stra\u017eilovske i Bulevara cara Lazara Foto:Nova.rs"},{"@type":"BreadcrumbList","@id":"https:\/\/veritasinfo.org\/?p=10875#breadcrumb","itemListElement":[{"@type":"ListItem","position":1,"name":"Home","item":"https:\/\/veritasinfo.org\/"},{"@type":"ListItem","position":2,"name":"P\u00ebrplasje, gaz lotsjell\u00ebs dhe shtypje e pjes\u00ebmarr\u00ebsve"}]},{"@type":"WebSite","@id":"https:\/\/veritasinfo.org\/#website","url":"https:\/\/veritasinfo.org\/","name":"","description":"","potentialAction":[{"@type":"SearchAction","target":{"@type":"EntryPoint","urlTemplate":"https:\/\/veritasinfo.org\/?s={search_term_string}"},"query-input":{"@type":"PropertyValueSpecification","valueRequired":true,"valueName":"search_term_string"}}],"inLanguage":"en-US"},{"@type":"Person","@id":"https:\/\/veritasinfo.org\/#\/schema\/person\/7701f8c088bece422266b100a712374f","name":"admin","image":{"@type":"ImageObject","inLanguage":"en-US","@id":"https:\/\/veritasinfo.org\/#\/schema\/person\/image\/","url":"https:\/\/secure.gravatar.com\/avatar\/ea53aa3bf6c9a12d5fde8ce4deff43fef3885ae33cf60184161a50d6987cfd2f?s=96&d=mm&r=g","contentUrl":"https:\/\/secure.gravatar.com\/avatar\/ea53aa3bf6c9a12d5fde8ce4deff43fef3885ae33cf60184161a50d6987cfd2f?s=96&d=mm&r=g","caption":"admin"},"sameAs":["https:\/\/veritasinfo.org"],"url":"https:\/\/veritasinfo.org\/?author=1"}]}},"featured_image_urls":{"full":["https:\/\/veritasinfo.org\/wp-content\/uploads\/2025\/09\/1757105801-Novi-Sad-Protest-050925-Foto-Novars-5-1536x1022-1.jpg",1536,1022,false],"thumbnail":["https:\/\/veritasinfo.org\/wp-content\/uploads\/2025\/09\/1757105801-Novi-Sad-Protest-050925-Foto-Novars-5-1536x1022-1-150x150.jpg",150,150,true],"medium":["https:\/\/veritasinfo.org\/wp-content\/uploads\/2025\/09\/1757105801-Novi-Sad-Protest-050925-Foto-Novars-5-1536x1022-1-300x200.jpg",300,200,true],"medium_large":["https:\/\/veritasinfo.org\/wp-content\/uploads\/2025\/09\/1757105801-Novi-Sad-Protest-050925-Foto-Novars-5-1536x1022-1-768x511.jpg",640,426,true],"large":["https:\/\/veritasinfo.org\/wp-content\/uploads\/2025\/09\/1757105801-Novi-Sad-Protest-050925-Foto-Novars-5-1536x1022-1-1024x681.jpg",640,426,true],"1536x1536":["https:\/\/veritasinfo.org\/wp-content\/uploads\/2025\/09\/1757105801-Novi-Sad-Protest-050925-Foto-Novars-5-1536x1022-1.jpg",1536,1022,false],"2048x2048":["https:\/\/veritasinfo.org\/wp-content\/uploads\/2025\/09\/1757105801-Novi-Sad-Protest-050925-Foto-Novars-5-1536x1022-1.jpg",1536,1022,false],"kreeti-slider-full":["https:\/\/veritasinfo.org\/wp-content\/uploads\/2025\/09\/1757105801-Novi-Sad-Protest-050925-Foto-Novars-5-1536x1022-1.jpg",1082,720,false],"kreeti-featured":["https:\/\/veritasinfo.org\/wp-content\/uploads\/2025\/09\/1757105801-Novi-Sad-Protest-050925-Foto-Novars-5-1536x1022-1.jpg",1024,681,false],"kreeti-medium":["https:\/\/veritasinfo.org\/wp-content\/uploads\/2025\/09\/1757105801-Novi-Sad-Protest-050925-Foto-Novars-5-1536x1022-1.jpg",720,479,false],"kreeti-medium-square":["https:\/\/veritasinfo.org\/wp-content\/uploads\/2025\/09\/1757105801-Novi-Sad-Protest-050925-Foto-Novars-5-1536x1022-1.jpg",350,233,false]},"author_info":{"info":["admin"]},"category_info":"<a href=\"https:\/\/veritasinfo.org\/?cat=58\" rel=\"category\">Politik\u00eb<\/a>","tag_info":"Politik\u00eb","comment_count":"0","_links":{"self":[{"href":"https:\/\/veritasinfo.org\/index.php?rest_route=\/wp\/v2\/posts\/10875","targetHints":{"allow":["GET"]}}],"collection":[{"href":"https:\/\/veritasinfo.org\/index.php?rest_route=\/wp\/v2\/posts"}],"about":[{"href":"https:\/\/veritasinfo.org\/index.php?rest_route=\/wp\/v2\/types\/post"}],"author":[{"embeddable":true,"href":"https:\/\/veritasinfo.org\/index.php?rest_route=\/wp\/v2\/users\/1"}],"replies":[{"embeddable":true,"href":"https:\/\/veritasinfo.org\/index.php?rest_route=%2Fwp%2Fv2%2Fcomments&post=10875"}],"version-history":[{"count":1,"href":"https:\/\/veritasinfo.org\/index.php?rest_route=\/wp\/v2\/posts\/10875\/revisions"}],"predecessor-version":[{"id":10877,"href":"https:\/\/veritasinfo.org\/index.php?rest_route=\/wp\/v2\/posts\/10875\/revisions\/10877"}],"wp:featuredmedia":[{"embeddable":true,"href":"https:\/\/veritasinfo.org\/index.php?rest_route=\/wp\/v2\/media\/10876"}],"wp:attachment":[{"href":"https:\/\/veritasinfo.org\/index.php?rest_route=%2Fwp%2Fv2%2Fmedia&parent=10875"}],"wp:term":[{"taxonomy":"category","embeddable":true,"href":"https:\/\/veritasinfo.org\/index.php?rest_route=%2Fwp%2Fv2%2Fcategories&post=10875"},{"taxonomy":"post_tag","embeddable":true,"href":"https:\/\/veritasinfo.org\/index.php?rest_route=%2Fwp%2Fv2%2Ftags&post=10875"}],"curies":[{"name":"wp","href":"https:\/\/api.w.org\/{rel}","templated":true}]}}