{"id":10863,"date":"2025-09-06T08:25:34","date_gmt":"2025-09-06T06:25:34","guid":{"rendered":"https:\/\/veritasinfo.org\/?p=10863"},"modified":"2025-09-06T08:25:34","modified_gmt":"2025-09-06T06:25:34","slug":"srpski-nacionalizam-u-crnoj-gori-dize-glavu-pred-albanskim-filmom","status":"publish","type":"post","link":"https:\/\/veritasinfo.org\/?p=10863&lang=sr","title":{"rendered":"Srpski nacionalizam u Crnoj Gori di\u017ee glavu pred albanskim filmom"},"content":{"rendered":"<p><strong>Pri\u0161tina, 6. septembar 2025<\/strong><\/p>\n<p>\u010cinjenica da je grupa pojedinaca uspela da prekine projekciju filma \u201eRoda\u201c Ise C\u0301osjea samo zato \u0161to je na albanskom jeziku, govori mnogo o paradoksu izme\u0111u Ustava i svakodnevne prakse u Crnoj Gori. Brzo su izbile reakcije i optu\u017ebe. Reagovao je predsednik, ali za sada ne premijer Crne Gore, druge albanske stranke i tela, da, nevladine organizacije. Kao kontraodgovor na prekid, ali i na nacionalizaciju, u petak uve\u010de film je prikazan sa titlovima na crnogorskom jeziku na prvom kanalu Radio-televizije Crne Gore, ali za nekoga \u201eLejleku\u201c treba da se prika\u017ee tamo gde je prekinut kao dokaz da dr\u017eava nije podlo\u017ena nacionalizaciji.<\/p>\n<p>Film na albanskom jeziku bio je dovoljan da pokrene nacionalizam u Crnoj Gori. Prekid filma \u201eRoda\u201c reditelja Ise C\u0301osje u Podgorici ne ostaje \u201eizolovani kulturni incident\u201c. Za vec\u0301inu, to je dokaz da nacionalisti\u010dki motivi, istorijski negovani od strane Srbije, nastavljaju da se ukorenjuju u crnogorskom dru\u0161tvu. U zemlji u kojoj albanski jezik u\u017eiva status slu\u017ebenog jezika i gde su Albanci neodvojivi deo dru\u0161tvene strukture, \u010dinjenica da grupa pojedinaca uspeva da prekine javnu projekciju samo zato \u0161to je film na albanskom jeziku, govori mnogo o paradoksu izme\u0111u Ustava i svakodnevne prakse.<\/p>\n<p>Prekid filma dogodio se u sredu uve\u010de, na filmskom festivalu \u201eD\u017ead\u201c, brzo su izbile reakcije i optu\u017ebe. Reagovao je predsednik, ali za sada ne i premijer Crne Gore, druge albanske stranke i tela, da, nevladine organizacije.<\/p>\n<p>Kao kontraodgovor na prekid, ali i na nacionalizaciju, u petak uve\u010de film je prikazan sa titlovima na crnogorskom jeziku na prvom kanalu Radio-televizije Crne Gore, ali za nekoga \u201eRoda\u201c bi trebalo da se prika\u017ee tamo gde je prekinuta kao dokaz da dr\u017eava nije predmet nacionalizacije. Organizatori festivala su se obavezali da c\u0301e to u\u010diniti.<\/p>\n<p>Crnogorski koproducent filma, Ivan \u0110urovic\u0301, tako\u0111e je komentarisao zabranu. Naglasio je da su za ovo krivi dr\u017eava i dru\u0161tvo, jer su uvek bili hranjeni \u201ela\u017enim mitovima\u201c. Podsetio je da je \u201eRoda\u201c, pre svega, odli\u010dan film koji je divno prihvac\u0301en od strane publike i kritike u Crnoj Gori, delo koje govori o \u017eenama bez prava, migracijama i selima koja nestaju.<\/p>\n","protected":false},"excerpt":{"rendered":"<p>Pri\u0161tina, 6. septembar 2025 \u010cinjenica da je grupa pojedinaca uspela da prekine projekciju filma \u201eRoda\u201c Ise C\u0301osjea samo zato \u0161to je na albanskom jeziku, govori<\/p>\n","protected":false},"author":2,"featured_media":10861,"comment_status":"open","ping_status":"open","sticky":false,"template":"","format":"standard","meta":{"footnotes":""},"categories":[34],"tags":[],"class_list":["post-10863","post","type-post","status-publish","format-standard","has-post-thumbnail","hentry","category-kultura"],"yoast_head":"<!-- This site is optimized with the Yoast SEO plugin v25.3.1 - https:\/\/yoast.com\/wordpress\/plugins\/seo\/ -->\n<title>Srpski nacionalizam u Crnoj Gori di\u017ee glavu pred albanskim filmom -<\/title>\n<meta name=\"robots\" content=\"index, follow, max-snippet:-1, max-image-preview:large, max-video-preview:-1\" \/>\n<link rel=\"canonical\" href=\"https:\/\/veritasinfo.org\/?p=10863&lang=sr\" \/>\n<meta property=\"og:locale\" content=\"en_US\" \/>\n<meta property=\"og:type\" content=\"article\" \/>\n<meta property=\"og:title\" content=\"Srpski nacionalizam u Crnoj Gori di\u017ee glavu pred albanskim filmom -\" \/>\n<meta property=\"og:description\" content=\"Pri\u0161tina, 6. septembar 2025 \u010cinjenica da je grupa pojedinaca uspela da prekine projekciju filma \u201eRoda\u201c Ise C\u0301osjea samo zato \u0161to je na albanskom jeziku, govori\" \/>\n<meta property=\"og:url\" content=\"https:\/\/veritasinfo.org\/?p=10863&amp;lang=sr\" \/>\n<meta property=\"article:published_time\" content=\"2025-09-06T06:25:34+00:00\" \/>\n<meta property=\"og:image\" content=\"https:\/\/veritasinfo.org\/wp-content\/uploads\/2025\/09\/filmi.webp\" \/>\n\t<meta property=\"og:image:width\" content=\"1360\" \/>\n\t<meta property=\"og:image:height\" content=\"870\" \/>\n\t<meta property=\"og:image:type\" content=\"image\/webp\" \/>\n<meta name=\"author\" content=\"US1\" \/>\n<meta name=\"twitter:card\" content=\"summary_large_image\" \/>\n<meta name=\"twitter:label1\" content=\"Written by\" \/>\n\t<meta name=\"twitter:data1\" content=\"US1\" \/>\n\t<meta name=\"twitter:label2\" content=\"Est. reading time\" \/>\n\t<meta name=\"twitter:data2\" content=\"2 minutes\" \/>\n<script type=\"application\/ld+json\" class=\"yoast-schema-graph\">{\"@context\":\"https:\/\/schema.org\",\"@graph\":[{\"@type\":\"WebPage\",\"@id\":\"https:\/\/veritasinfo.org\/?p=10863&lang=sr\",\"url\":\"https:\/\/veritasinfo.org\/?p=10863&lang=sr\",\"name\":\"Srpski nacionalizam u Crnoj Gori di\u017ee glavu pred albanskim filmom -\",\"isPartOf\":{\"@id\":\"https:\/\/veritasinfo.org\/#website\"},\"primaryImageOfPage\":{\"@id\":\"https:\/\/veritasinfo.org\/?p=10863&lang=sr#primaryimage\"},\"image\":{\"@id\":\"https:\/\/veritasinfo.org\/?p=10863&lang=sr#primaryimage\"},\"thumbnailUrl\":\"https:\/\/veritasinfo.org\/wp-content\/uploads\/2025\/09\/filmi.webp\",\"datePublished\":\"2025-09-06T06:25:34+00:00\",\"author\":{\"@id\":\"https:\/\/veritasinfo.org\/#\/schema\/person\/c2b8be262ea994d0995addca692c5e98\"},\"breadcrumb\":{\"@id\":\"https:\/\/veritasinfo.org\/?p=10863&lang=sr#breadcrumb\"},\"inLanguage\":\"en-US\",\"potentialAction\":[{\"@type\":\"ReadAction\",\"target\":[\"https:\/\/veritasinfo.org\/?p=10863&lang=sr\"]}]},{\"@type\":\"ImageObject\",\"inLanguage\":\"en-US\",\"@id\":\"https:\/\/veritasinfo.org\/?p=10863&lang=sr#primaryimage\",\"url\":\"https:\/\/veritasinfo.org\/wp-content\/uploads\/2025\/09\/filmi.webp\",\"contentUrl\":\"https:\/\/veritasinfo.org\/wp-content\/uploads\/2025\/09\/filmi.webp\",\"width\":1360,\"height\":870},{\"@type\":\"BreadcrumbList\",\"@id\":\"https:\/\/veritasinfo.org\/?p=10863&lang=sr#breadcrumb\",\"itemListElement\":[{\"@type\":\"ListItem\",\"position\":1,\"name\":\"Home\",\"item\":\"https:\/\/veritasinfo.org\/\"},{\"@type\":\"ListItem\",\"position\":2,\"name\":\"Srpski nacionalizam u Crnoj Gori di\u017ee glavu pred albanskim filmom\"}]},{\"@type\":\"WebSite\",\"@id\":\"https:\/\/veritasinfo.org\/#website\",\"url\":\"https:\/\/veritasinfo.org\/\",\"name\":\"\",\"description\":\"\",\"potentialAction\":[{\"@type\":\"SearchAction\",\"target\":{\"@type\":\"EntryPoint\",\"urlTemplate\":\"https:\/\/veritasinfo.org\/?s={search_term_string}\"},\"query-input\":{\"@type\":\"PropertyValueSpecification\",\"valueRequired\":true,\"valueName\":\"search_term_string\"}}],\"inLanguage\":\"en-US\"},{\"@type\":\"Person\",\"@id\":\"https:\/\/veritasinfo.org\/#\/schema\/person\/c2b8be262ea994d0995addca692c5e98\",\"name\":\"US1\",\"image\":{\"@type\":\"ImageObject\",\"inLanguage\":\"en-US\",\"@id\":\"https:\/\/veritasinfo.org\/#\/schema\/person\/image\/\",\"url\":\"https:\/\/secure.gravatar.com\/avatar\/4e96a59bd256abf9956eb9963ac891a47461ffb364d47b0e9aab113328fdb75b?s=96&d=mm&r=g\",\"contentUrl\":\"https:\/\/secure.gravatar.com\/avatar\/4e96a59bd256abf9956eb9963ac891a47461ffb364d47b0e9aab113328fdb75b?s=96&d=mm&r=g\",\"caption\":\"US1\"},\"url\":\"https:\/\/veritasinfo.org\/?author=2\"}]}<\/script>\n<!-- \/ Yoast SEO plugin. -->","yoast_head_json":{"title":"Srpski nacionalizam u Crnoj Gori di\u017ee glavu pred albanskim filmom -","robots":{"index":"index","follow":"follow","max-snippet":"max-snippet:-1","max-image-preview":"max-image-preview:large","max-video-preview":"max-video-preview:-1"},"canonical":"https:\/\/veritasinfo.org\/?p=10863&lang=sr","og_locale":"en_US","og_type":"article","og_title":"Srpski nacionalizam u Crnoj Gori di\u017ee glavu pred albanskim filmom -","og_description":"Pri\u0161tina, 6. septembar 2025 \u010cinjenica da je grupa pojedinaca uspela da prekine projekciju filma \u201eRoda\u201c Ise C\u0301osjea samo zato \u0161to je na albanskom jeziku, govori","og_url":"https:\/\/veritasinfo.org\/?p=10863&lang=sr","article_published_time":"2025-09-06T06:25:34+00:00","og_image":[{"width":1360,"height":870,"url":"https:\/\/veritasinfo.org\/wp-content\/uploads\/2025\/09\/filmi.webp","type":"image\/webp"}],"author":"US1","twitter_card":"summary_large_image","twitter_misc":{"Written by":"US1","Est. reading time":"2 minutes"},"schema":{"@context":"https:\/\/schema.org","@graph":[{"@type":"WebPage","@id":"https:\/\/veritasinfo.org\/?p=10863&lang=sr","url":"https:\/\/veritasinfo.org\/?p=10863&lang=sr","name":"Srpski nacionalizam u Crnoj Gori di\u017ee glavu pred albanskim filmom -","isPartOf":{"@id":"https:\/\/veritasinfo.org\/#website"},"primaryImageOfPage":{"@id":"https:\/\/veritasinfo.org\/?p=10863&lang=sr#primaryimage"},"image":{"@id":"https:\/\/veritasinfo.org\/?p=10863&lang=sr#primaryimage"},"thumbnailUrl":"https:\/\/veritasinfo.org\/wp-content\/uploads\/2025\/09\/filmi.webp","datePublished":"2025-09-06T06:25:34+00:00","author":{"@id":"https:\/\/veritasinfo.org\/#\/schema\/person\/c2b8be262ea994d0995addca692c5e98"},"breadcrumb":{"@id":"https:\/\/veritasinfo.org\/?p=10863&lang=sr#breadcrumb"},"inLanguage":"en-US","potentialAction":[{"@type":"ReadAction","target":["https:\/\/veritasinfo.org\/?p=10863&lang=sr"]}]},{"@type":"ImageObject","inLanguage":"en-US","@id":"https:\/\/veritasinfo.org\/?p=10863&lang=sr#primaryimage","url":"https:\/\/veritasinfo.org\/wp-content\/uploads\/2025\/09\/filmi.webp","contentUrl":"https:\/\/veritasinfo.org\/wp-content\/uploads\/2025\/09\/filmi.webp","width":1360,"height":870},{"@type":"BreadcrumbList","@id":"https:\/\/veritasinfo.org\/?p=10863&lang=sr#breadcrumb","itemListElement":[{"@type":"ListItem","position":1,"name":"Home","item":"https:\/\/veritasinfo.org\/"},{"@type":"ListItem","position":2,"name":"Srpski nacionalizam u Crnoj Gori di\u017ee glavu pred albanskim filmom"}]},{"@type":"WebSite","@id":"https:\/\/veritasinfo.org\/#website","url":"https:\/\/veritasinfo.org\/","name":"","description":"","potentialAction":[{"@type":"SearchAction","target":{"@type":"EntryPoint","urlTemplate":"https:\/\/veritasinfo.org\/?s={search_term_string}"},"query-input":{"@type":"PropertyValueSpecification","valueRequired":true,"valueName":"search_term_string"}}],"inLanguage":"en-US"},{"@type":"Person","@id":"https:\/\/veritasinfo.org\/#\/schema\/person\/c2b8be262ea994d0995addca692c5e98","name":"US1","image":{"@type":"ImageObject","inLanguage":"en-US","@id":"https:\/\/veritasinfo.org\/#\/schema\/person\/image\/","url":"https:\/\/secure.gravatar.com\/avatar\/4e96a59bd256abf9956eb9963ac891a47461ffb364d47b0e9aab113328fdb75b?s=96&d=mm&r=g","contentUrl":"https:\/\/secure.gravatar.com\/avatar\/4e96a59bd256abf9956eb9963ac891a47461ffb364d47b0e9aab113328fdb75b?s=96&d=mm&r=g","caption":"US1"},"url":"https:\/\/veritasinfo.org\/?author=2"}]}},"featured_image_urls":{"full":["https:\/\/veritasinfo.org\/wp-content\/uploads\/2025\/09\/filmi.webp",1360,870,false],"thumbnail":["https:\/\/veritasinfo.org\/wp-content\/uploads\/2025\/09\/filmi-150x150.webp",150,150,true],"medium":["https:\/\/veritasinfo.org\/wp-content\/uploads\/2025\/09\/filmi-300x192.webp",300,192,true],"medium_large":["https:\/\/veritasinfo.org\/wp-content\/uploads\/2025\/09\/filmi-768x491.webp",640,409,true],"large":["https:\/\/veritasinfo.org\/wp-content\/uploads\/2025\/09\/filmi-1024x655.webp",640,409,true],"1536x1536":["https:\/\/veritasinfo.org\/wp-content\/uploads\/2025\/09\/filmi.webp",1360,870,false],"2048x2048":["https:\/\/veritasinfo.org\/wp-content\/uploads\/2025\/09\/filmi.webp",1360,870,false],"kreeti-slider-full":["https:\/\/veritasinfo.org\/wp-content\/uploads\/2025\/09\/filmi.webp",1126,720,false],"kreeti-featured":["https:\/\/veritasinfo.org\/wp-content\/uploads\/2025\/09\/filmi.webp",1024,655,false],"kreeti-medium":["https:\/\/veritasinfo.org\/wp-content\/uploads\/2025\/09\/filmi.webp",720,461,false],"kreeti-medium-square":["https:\/\/veritasinfo.org\/wp-content\/uploads\/2025\/09\/filmi.webp",350,224,false]},"author_info":{"info":["US1"]},"category_info":"<a href=\"https:\/\/veritasinfo.org\/?cat=34&#038;lang=sr\" rel=\"category\">Kultura<\/a>","tag_info":"Kultura","comment_count":"0","_links":{"self":[{"href":"https:\/\/veritasinfo.org\/index.php?rest_route=\/wp\/v2\/posts\/10863","targetHints":{"allow":["GET"]}}],"collection":[{"href":"https:\/\/veritasinfo.org\/index.php?rest_route=\/wp\/v2\/posts"}],"about":[{"href":"https:\/\/veritasinfo.org\/index.php?rest_route=\/wp\/v2\/types\/post"}],"author":[{"embeddable":true,"href":"https:\/\/veritasinfo.org\/index.php?rest_route=\/wp\/v2\/users\/2"}],"replies":[{"embeddable":true,"href":"https:\/\/veritasinfo.org\/index.php?rest_route=%2Fwp%2Fv2%2Fcomments&post=10863"}],"version-history":[{"count":1,"href":"https:\/\/veritasinfo.org\/index.php?rest_route=\/wp\/v2\/posts\/10863\/revisions"}],"predecessor-version":[{"id":10864,"href":"https:\/\/veritasinfo.org\/index.php?rest_route=\/wp\/v2\/posts\/10863\/revisions\/10864"}],"wp:featuredmedia":[{"embeddable":true,"href":"https:\/\/veritasinfo.org\/index.php?rest_route=\/wp\/v2\/media\/10861"}],"wp:attachment":[{"href":"https:\/\/veritasinfo.org\/index.php?rest_route=%2Fwp%2Fv2%2Fmedia&parent=10863"}],"wp:term":[{"taxonomy":"category","embeddable":true,"href":"https:\/\/veritasinfo.org\/index.php?rest_route=%2Fwp%2Fv2%2Fcategories&post=10863"},{"taxonomy":"post_tag","embeddable":true,"href":"https:\/\/veritasinfo.org\/index.php?rest_route=%2Fwp%2Fv2%2Ftags&post=10863"}],"curies":[{"name":"wp","href":"https:\/\/api.w.org\/{rel}","templated":true}]}}