{"id":10860,"date":"2025-09-06T08:24:49","date_gmt":"2025-09-06T06:24:49","guid":{"rendered":"https:\/\/veritasinfo.org\/?p=10860"},"modified":"2025-09-06T08:24:49","modified_gmt":"2025-09-06T06:24:49","slug":"nacionalizimi-serb-ne-mal-te-zi-con-krye-perballe-filmit-shqip","status":"publish","type":"post","link":"https:\/\/veritasinfo.org\/?p=10860","title":{"rendered":"Nacionalizimi serb n\u00eb Mal t\u00eb Zi \u00e7on krye p\u00ebrball\u00eb filmit shqip"},"content":{"rendered":"<p><strong>Prishtin\u00eb, 06 shtator 2025<\/strong><\/p>\n<p>Fakti q\u00eb nj\u00eb grup individ\u00ebsh arriti ta nd\u00ebrpres\u00eb shfaqjen e filmit \u201cLejleku\u201d t\u00eb Isa Qosjes vet\u00ebm pse \u00ebsht\u00eb n\u00eb shqip, kall\u00ebzon shum\u00eb p\u00ebr paradoksin midis Kushtetut\u00ebs dhe praktik\u00ebs s\u00eb p\u00ebrditshme n\u00eb Mal t\u00eb Zi. Shpejt shp\u00ebrthyen reagimet e akuzat. Reagoi presidenti, por deri m\u00eb tash jo edhe kryeministri i Malit t\u00eb Zi, partit\u00eb e organe t\u00eb tjera shqiptare po se po, organizatat joqeveritare. Si kund\u00ebrp\u00ebrgjigje ndaj nd\u00ebrprerjes sikurse edhe ndaj nacionalizimit, t\u00eb premten mbr\u00ebma filmi u shfaq me titra n\u00eb gjuh\u00ebn malazeze n\u00eb kanalin e par\u00eb t\u00eb Radio Televizionit t\u00eb Malit t\u00eb Zi, por p\u00ebr dik\u00eb \u201cLejleku\u201d duhet t\u00eb shfaqet aty ku u nd\u00ebrpre si d\u00ebshmi se shteti nuk i n\u00ebnshtrohet nacionalizimit.<\/p>\n<p>Ka mjaftuar nj\u00eb film n\u00eb gjuh\u00ebn shqipe q\u00eb n\u00eb Mal t\u00eb Zi t\u00eb \u00e7oj\u00eb krye nacionalizimi. Nd\u00ebrprerja e filmit \u201cLejleku\u201d t\u00eb regjisorit Isa Qosja n\u00eb Podgoric\u00eb nuk mbetet nj\u00eb \u201cincident i izoluar kulturor\u201d. P\u00ebr shumic\u00ebn \u00ebsht\u00eb d\u00ebshmi se motivet nacionaliste, t\u00eb ushqyera historikisht nga Serbia, vazhdojn\u00eb t\u00eb z\u00ebn\u00eb vend n\u00eb shoq\u00ebrin\u00eb malazeze.<\/p>\n<p>N\u00eb nj\u00eb vend ku gjuha shqipe g\u00ebzon statusin e gjuh\u00ebs zyrtare dhe ku shqiptar\u00ebt jan\u00eb pjes\u00eb e pandashme e struktur\u00ebs shoq\u00ebrore, fakti q\u00eb nj\u00eb grup individ\u00ebsh arrin ta nd\u00ebrpres\u00eb nj\u00eb shfaqje publike vet\u00ebm pse filmi \u00ebsht\u00eb n\u00eb shqip, kall\u00ebzon shum\u00eb p\u00ebr paradoksin midis Kushtetut\u00ebs dhe praktik\u00ebs s\u00eb p\u00ebrditshme.<\/p>\n<p>Nd\u00ebrprerja e filmit ngjau t\u00eb m\u00ebrkur\u00ebn mbr\u00ebma, n\u00eb festivalin e filmit \u201cXhad\u201d, shpejt shp\u00ebrthyen reagimet e akuzat. Reagoi presidenti, por deri m\u00eb tash jo edhe kryeministri i Malit t\u00eb Zi, partit\u00eb e organe t\u00eb tjera shqiptare po se po, organizatat joqeveritare.<\/p>\n<p>Si kund\u00ebrp\u00ebrgjigje ndaj nd\u00ebrprerjes sikurse edhe ndaj nacionalizimit, t\u00eb premten mbr\u00ebma filmi u shfaq me titra n\u00eb gjuh\u00ebn malazeze n\u00eb kanalin e par\u00eb t\u00eb Radio Televizionit t\u00eb Malit t\u00eb Zi, por p\u00ebr dik\u00eb \u201cLejleku\u201d duhet t\u00eb shfaqet aty ku u nd\u00ebrpre si d\u00ebshmi se shteti nuk i n\u00ebnshtrohet nacionalizimit.\u00a0 Organizator\u00ebt e festivalit jan\u00eb zotuar se do ta b\u00ebjn\u00eb k\u00ebt\u00eb.<\/p>\n<p>N\u00eb lidhje me ndalimin e filmit, ka dh\u00ebn\u00eb koment edhe bashk\u00ebproducenti malazias i filmit, Ivan Gjuroviq. Ai ka theksuar se fajin p\u00ebr k\u00ebt\u00eb e kan\u00eb shteti dhe shoq\u00ebria, meq\u00eb gjithnj\u00eb jan\u00eb ushqyer me \u201cmite t\u00eb rreme\u201d. Ka kujtuar se \u201cLejleku\u201d para s\u00eb gjithash \u00ebsht\u00eb nj\u00eb film i shk\u00eblqyesh\u00ebm i cili edhe n\u00eb Mal t\u00eb Zi \u00ebsht\u00eb pritur mahnitsh\u00ebm nga publiku e kritika, nj\u00eb vep\u00ebr q\u00eb flet p\u00ebr grat\u00eb pa t\u00eb drejta, migrimet e p\u00ebr fshatrat q\u00eb shuhen.<\/p>\n","protected":false},"excerpt":{"rendered":"<p>Prishtin\u00eb, 06 shtator 2025 Fakti q\u00eb nj\u00eb grup individ\u00ebsh arriti ta nd\u00ebrpres\u00eb shfaqjen e filmit \u201cLejleku\u201d t\u00eb Isa Qosjes vet\u00ebm pse \u00ebsht\u00eb n\u00eb shqip, kall\u00ebzon<\/p>\n","protected":false},"author":2,"featured_media":10861,"comment_status":"open","ping_status":"open","sticky":false,"template":"","format":"standard","meta":{"footnotes":""},"categories":[54],"tags":[],"class_list":["post-10860","post","type-post","status-publish","format-standard","has-post-thumbnail","hentry","category-kulture-sq"],"yoast_head":"<!-- This site is optimized with the Yoast SEO plugin v25.3.1 - https:\/\/yoast.com\/wordpress\/plugins\/seo\/ -->\n<title>Nacionalizimi serb n\u00eb Mal t\u00eb Zi \u00e7on krye p\u00ebrball\u00eb filmit shqip -<\/title>\n<meta name=\"robots\" content=\"index, follow, max-snippet:-1, max-image-preview:large, max-video-preview:-1\" \/>\n<link rel=\"canonical\" href=\"https:\/\/veritasinfo.org\/?p=10860\" \/>\n<meta property=\"og:locale\" content=\"en_US\" \/>\n<meta property=\"og:type\" content=\"article\" \/>\n<meta property=\"og:title\" content=\"Nacionalizimi serb n\u00eb Mal t\u00eb Zi \u00e7on krye p\u00ebrball\u00eb filmit shqip -\" \/>\n<meta property=\"og:description\" content=\"Prishtin\u00eb, 06 shtator 2025 Fakti q\u00eb nj\u00eb grup individ\u00ebsh arriti ta nd\u00ebrpres\u00eb shfaqjen e filmit \u201cLejleku\u201d t\u00eb Isa Qosjes vet\u00ebm pse \u00ebsht\u00eb n\u00eb shqip, kall\u00ebzon\" \/>\n<meta property=\"og:url\" content=\"https:\/\/veritasinfo.org\/?p=10860\" \/>\n<meta property=\"article:published_time\" content=\"2025-09-06T06:24:49+00:00\" \/>\n<meta property=\"og:image\" content=\"https:\/\/veritasinfo.org\/wp-content\/uploads\/2025\/09\/filmi.webp\" \/>\n\t<meta property=\"og:image:width\" content=\"1360\" \/>\n\t<meta property=\"og:image:height\" content=\"870\" \/>\n\t<meta property=\"og:image:type\" content=\"image\/webp\" \/>\n<meta name=\"author\" content=\"US1\" \/>\n<meta name=\"twitter:card\" content=\"summary_large_image\" \/>\n<meta name=\"twitter:label1\" content=\"Written by\" \/>\n\t<meta name=\"twitter:data1\" content=\"US1\" \/>\n\t<meta name=\"twitter:label2\" content=\"Est. reading time\" \/>\n\t<meta name=\"twitter:data2\" content=\"2 minutes\" \/>\n<script type=\"application\/ld+json\" class=\"yoast-schema-graph\">{\"@context\":\"https:\/\/schema.org\",\"@graph\":[{\"@type\":\"WebPage\",\"@id\":\"https:\/\/veritasinfo.org\/?p=10860\",\"url\":\"https:\/\/veritasinfo.org\/?p=10860\",\"name\":\"Nacionalizimi serb n\u00eb Mal t\u00eb Zi \u00e7on krye p\u00ebrball\u00eb filmit shqip -\",\"isPartOf\":{\"@id\":\"https:\/\/veritasinfo.org\/#website\"},\"primaryImageOfPage\":{\"@id\":\"https:\/\/veritasinfo.org\/?p=10860#primaryimage\"},\"image\":{\"@id\":\"https:\/\/veritasinfo.org\/?p=10860#primaryimage\"},\"thumbnailUrl\":\"https:\/\/veritasinfo.org\/wp-content\/uploads\/2025\/09\/filmi.webp\",\"datePublished\":\"2025-09-06T06:24:49+00:00\",\"author\":{\"@id\":\"https:\/\/veritasinfo.org\/#\/schema\/person\/c2b8be262ea994d0995addca692c5e98\"},\"breadcrumb\":{\"@id\":\"https:\/\/veritasinfo.org\/?p=10860#breadcrumb\"},\"inLanguage\":\"en-US\",\"potentialAction\":[{\"@type\":\"ReadAction\",\"target\":[\"https:\/\/veritasinfo.org\/?p=10860\"]}]},{\"@type\":\"ImageObject\",\"inLanguage\":\"en-US\",\"@id\":\"https:\/\/veritasinfo.org\/?p=10860#primaryimage\",\"url\":\"https:\/\/veritasinfo.org\/wp-content\/uploads\/2025\/09\/filmi.webp\",\"contentUrl\":\"https:\/\/veritasinfo.org\/wp-content\/uploads\/2025\/09\/filmi.webp\",\"width\":1360,\"height\":870},{\"@type\":\"BreadcrumbList\",\"@id\":\"https:\/\/veritasinfo.org\/?p=10860#breadcrumb\",\"itemListElement\":[{\"@type\":\"ListItem\",\"position\":1,\"name\":\"Home\",\"item\":\"https:\/\/veritasinfo.org\/\"},{\"@type\":\"ListItem\",\"position\":2,\"name\":\"Nacionalizimi serb n\u00eb Mal t\u00eb Zi \u00e7on krye p\u00ebrball\u00eb filmit shqip\"}]},{\"@type\":\"WebSite\",\"@id\":\"https:\/\/veritasinfo.org\/#website\",\"url\":\"https:\/\/veritasinfo.org\/\",\"name\":\"\",\"description\":\"\",\"potentialAction\":[{\"@type\":\"SearchAction\",\"target\":{\"@type\":\"EntryPoint\",\"urlTemplate\":\"https:\/\/veritasinfo.org\/?s={search_term_string}\"},\"query-input\":{\"@type\":\"PropertyValueSpecification\",\"valueRequired\":true,\"valueName\":\"search_term_string\"}}],\"inLanguage\":\"en-US\"},{\"@type\":\"Person\",\"@id\":\"https:\/\/veritasinfo.org\/#\/schema\/person\/c2b8be262ea994d0995addca692c5e98\",\"name\":\"US1\",\"image\":{\"@type\":\"ImageObject\",\"inLanguage\":\"en-US\",\"@id\":\"https:\/\/veritasinfo.org\/#\/schema\/person\/image\/\",\"url\":\"https:\/\/secure.gravatar.com\/avatar\/4e96a59bd256abf9956eb9963ac891a47461ffb364d47b0e9aab113328fdb75b?s=96&d=mm&r=g\",\"contentUrl\":\"https:\/\/secure.gravatar.com\/avatar\/4e96a59bd256abf9956eb9963ac891a47461ffb364d47b0e9aab113328fdb75b?s=96&d=mm&r=g\",\"caption\":\"US1\"},\"url\":\"https:\/\/veritasinfo.org\/?author=2\"}]}<\/script>\n<!-- \/ Yoast SEO plugin. -->","yoast_head_json":{"title":"Nacionalizimi serb n\u00eb Mal t\u00eb Zi \u00e7on krye p\u00ebrball\u00eb filmit shqip -","robots":{"index":"index","follow":"follow","max-snippet":"max-snippet:-1","max-image-preview":"max-image-preview:large","max-video-preview":"max-video-preview:-1"},"canonical":"https:\/\/veritasinfo.org\/?p=10860","og_locale":"en_US","og_type":"article","og_title":"Nacionalizimi serb n\u00eb Mal t\u00eb Zi \u00e7on krye p\u00ebrball\u00eb filmit shqip -","og_description":"Prishtin\u00eb, 06 shtator 2025 Fakti q\u00eb nj\u00eb grup individ\u00ebsh arriti ta nd\u00ebrpres\u00eb shfaqjen e filmit \u201cLejleku\u201d t\u00eb Isa Qosjes vet\u00ebm pse \u00ebsht\u00eb n\u00eb shqip, kall\u00ebzon","og_url":"https:\/\/veritasinfo.org\/?p=10860","article_published_time":"2025-09-06T06:24:49+00:00","og_image":[{"width":1360,"height":870,"url":"https:\/\/veritasinfo.org\/wp-content\/uploads\/2025\/09\/filmi.webp","type":"image\/webp"}],"author":"US1","twitter_card":"summary_large_image","twitter_misc":{"Written by":"US1","Est. reading time":"2 minutes"},"schema":{"@context":"https:\/\/schema.org","@graph":[{"@type":"WebPage","@id":"https:\/\/veritasinfo.org\/?p=10860","url":"https:\/\/veritasinfo.org\/?p=10860","name":"Nacionalizimi serb n\u00eb Mal t\u00eb Zi \u00e7on krye p\u00ebrball\u00eb filmit shqip -","isPartOf":{"@id":"https:\/\/veritasinfo.org\/#website"},"primaryImageOfPage":{"@id":"https:\/\/veritasinfo.org\/?p=10860#primaryimage"},"image":{"@id":"https:\/\/veritasinfo.org\/?p=10860#primaryimage"},"thumbnailUrl":"https:\/\/veritasinfo.org\/wp-content\/uploads\/2025\/09\/filmi.webp","datePublished":"2025-09-06T06:24:49+00:00","author":{"@id":"https:\/\/veritasinfo.org\/#\/schema\/person\/c2b8be262ea994d0995addca692c5e98"},"breadcrumb":{"@id":"https:\/\/veritasinfo.org\/?p=10860#breadcrumb"},"inLanguage":"en-US","potentialAction":[{"@type":"ReadAction","target":["https:\/\/veritasinfo.org\/?p=10860"]}]},{"@type":"ImageObject","inLanguage":"en-US","@id":"https:\/\/veritasinfo.org\/?p=10860#primaryimage","url":"https:\/\/veritasinfo.org\/wp-content\/uploads\/2025\/09\/filmi.webp","contentUrl":"https:\/\/veritasinfo.org\/wp-content\/uploads\/2025\/09\/filmi.webp","width":1360,"height":870},{"@type":"BreadcrumbList","@id":"https:\/\/veritasinfo.org\/?p=10860#breadcrumb","itemListElement":[{"@type":"ListItem","position":1,"name":"Home","item":"https:\/\/veritasinfo.org\/"},{"@type":"ListItem","position":2,"name":"Nacionalizimi serb n\u00eb Mal t\u00eb Zi \u00e7on krye p\u00ebrball\u00eb filmit shqip"}]},{"@type":"WebSite","@id":"https:\/\/veritasinfo.org\/#website","url":"https:\/\/veritasinfo.org\/","name":"","description":"","potentialAction":[{"@type":"SearchAction","target":{"@type":"EntryPoint","urlTemplate":"https:\/\/veritasinfo.org\/?s={search_term_string}"},"query-input":{"@type":"PropertyValueSpecification","valueRequired":true,"valueName":"search_term_string"}}],"inLanguage":"en-US"},{"@type":"Person","@id":"https:\/\/veritasinfo.org\/#\/schema\/person\/c2b8be262ea994d0995addca692c5e98","name":"US1","image":{"@type":"ImageObject","inLanguage":"en-US","@id":"https:\/\/veritasinfo.org\/#\/schema\/person\/image\/","url":"https:\/\/secure.gravatar.com\/avatar\/4e96a59bd256abf9956eb9963ac891a47461ffb364d47b0e9aab113328fdb75b?s=96&d=mm&r=g","contentUrl":"https:\/\/secure.gravatar.com\/avatar\/4e96a59bd256abf9956eb9963ac891a47461ffb364d47b0e9aab113328fdb75b?s=96&d=mm&r=g","caption":"US1"},"url":"https:\/\/veritasinfo.org\/?author=2"}]}},"featured_image_urls":{"full":["https:\/\/veritasinfo.org\/wp-content\/uploads\/2025\/09\/filmi.webp",1360,870,false],"thumbnail":["https:\/\/veritasinfo.org\/wp-content\/uploads\/2025\/09\/filmi-150x150.webp",150,150,true],"medium":["https:\/\/veritasinfo.org\/wp-content\/uploads\/2025\/09\/filmi-300x192.webp",300,192,true],"medium_large":["https:\/\/veritasinfo.org\/wp-content\/uploads\/2025\/09\/filmi-768x491.webp",640,409,true],"large":["https:\/\/veritasinfo.org\/wp-content\/uploads\/2025\/09\/filmi-1024x655.webp",640,409,true],"1536x1536":["https:\/\/veritasinfo.org\/wp-content\/uploads\/2025\/09\/filmi.webp",1360,870,false],"2048x2048":["https:\/\/veritasinfo.org\/wp-content\/uploads\/2025\/09\/filmi.webp",1360,870,false],"kreeti-slider-full":["https:\/\/veritasinfo.org\/wp-content\/uploads\/2025\/09\/filmi.webp",1126,720,false],"kreeti-featured":["https:\/\/veritasinfo.org\/wp-content\/uploads\/2025\/09\/filmi.webp",1024,655,false],"kreeti-medium":["https:\/\/veritasinfo.org\/wp-content\/uploads\/2025\/09\/filmi.webp",720,461,false],"kreeti-medium-square":["https:\/\/veritasinfo.org\/wp-content\/uploads\/2025\/09\/filmi.webp",350,224,false]},"author_info":{"info":["US1"]},"category_info":"<a href=\"https:\/\/veritasinfo.org\/?cat=54\" rel=\"category\">Kultur\u00eb<\/a>","tag_info":"Kultur\u00eb","comment_count":"0","_links":{"self":[{"href":"https:\/\/veritasinfo.org\/index.php?rest_route=\/wp\/v2\/posts\/10860","targetHints":{"allow":["GET"]}}],"collection":[{"href":"https:\/\/veritasinfo.org\/index.php?rest_route=\/wp\/v2\/posts"}],"about":[{"href":"https:\/\/veritasinfo.org\/index.php?rest_route=\/wp\/v2\/types\/post"}],"author":[{"embeddable":true,"href":"https:\/\/veritasinfo.org\/index.php?rest_route=\/wp\/v2\/users\/2"}],"replies":[{"embeddable":true,"href":"https:\/\/veritasinfo.org\/index.php?rest_route=%2Fwp%2Fv2%2Fcomments&post=10860"}],"version-history":[{"count":1,"href":"https:\/\/veritasinfo.org\/index.php?rest_route=\/wp\/v2\/posts\/10860\/revisions"}],"predecessor-version":[{"id":10862,"href":"https:\/\/veritasinfo.org\/index.php?rest_route=\/wp\/v2\/posts\/10860\/revisions\/10862"}],"wp:featuredmedia":[{"embeddable":true,"href":"https:\/\/veritasinfo.org\/index.php?rest_route=\/wp\/v2\/media\/10861"}],"wp:attachment":[{"href":"https:\/\/veritasinfo.org\/index.php?rest_route=%2Fwp%2Fv2%2Fmedia&parent=10860"}],"wp:term":[{"taxonomy":"category","embeddable":true,"href":"https:\/\/veritasinfo.org\/index.php?rest_route=%2Fwp%2Fv2%2Fcategories&post=10860"},{"taxonomy":"post_tag","embeddable":true,"href":"https:\/\/veritasinfo.org\/index.php?rest_route=%2Fwp%2Fv2%2Ftags&post=10860"}],"curies":[{"name":"wp","href":"https:\/\/api.w.org\/{rel}","templated":true}]}}